{"id":55107,"date":"2021-04-08T19:09:17","date_gmt":"2021-04-08T22:09:17","guid":{"rendered":"http:\/\/www.noticiasradioreflejos.com.ar\/noticias\/?p=55107"},"modified":"2021-04-08T19:09:17","modified_gmt":"2021-04-08T22:09:17","slug":"argentina-integra-una-iniciativa-mundial-para-acabar-con-la-basura-marina","status":"publish","type":"post","link":"https:\/\/www.noticiasradioreflejos.com.ar\/2021\/argentina-integra-una-iniciativa-mundial-para-acabar-con-la-basura-marina\/","title":{"rendered":"Argentina integra una iniciativa mundial para acabar con la basura marina"},"content":{"rendered":"<p>Trabajar\u00e1 para la implementaci\u00f3n de mejores pr\u00e1cticas que incluyen la prevenci\u00f3n y reducci\u00f3n de basura pl\u00e1stica en salvaguarda de los recursos marinos costeros y globales.<!--more--><\/p>\n<p>El proyecto<strong>\u00a0GloLitter, liderado por la Organizaci\u00f3n de las Naciones Unidas para la Agricultura (FAO) y la Organizaci\u00f3n Mar\u00edtima Internacional, impulsa la disminuci\u00f3n del uso de pl\u00e1sticos e identificar oportunidades para reciclarlos<\/strong>\u00a0para proteger \u00abel fr\u00e1gil entorno marino, las vidas humanas y los medios de subsistencia\u00bb, afirm\u00f3 hoy un comunicado de Naciones Unidas, que agreg\u00f3 que Argentina est\u00e1 incluida entre los treinta pa\u00edses asociados a esta iniciativa.<\/p>\n<p>\u00abLa basura pl\u00e1stica tiene un impacto devastador en la vida marina y la salud humana. Esta iniciativa es un paso importante para abordar el problema y ayudar\u00e1 a proteger el ecosistema oce\u00e1nico, as\u00ed como los medios de vida de quienes dependen de \u00e9l\u00bb, dijo Manuel Barange, director de Pesca y Acuicultura de la FAO.<\/p>\n<div class=\"auth\">Concientizar a los sectores del transporte y la pesca<\/div>\n<p>La iniciativa ayudar\u00e1 al sector a aplicar las mejores pr\u00e1cticas para la prevenci\u00f3n y reducci\u00f3n de la basura pl\u00e1stica marina, incluidos los aparejos de pesca perdidos o desechados, en un intento por salvaguardar los recursos marinos costeros y globales.<\/p>\n<p>Tambi\u00e9n\u00a0<strong>examinar\u00e1 la disponibilidad y situaci\u00f3n de las instalaciones portuarias<\/strong>; busca la sensibilizaci\u00f3n de los sectores del transporte mar\u00edtimo y la pesca, incluidos los marinos y pescadores.<\/p>\n<div class=\"auth\">Meta de la Agenda 2030 de las Naciones Unidas<\/div>\n<p>\u00abLa basura marina es un flagelo en los oc\u00e9anos y en el planeta. Estoy encantado de que tengamos m\u00e1s de 30 pa\u00edses comprometidos con esta iniciativa y trabajando con la Organizaci\u00f3n Mar\u00edtima Internacional y la Organizaci\u00f3n para la Alimentaci\u00f3n y la Agricultura para abordar este problema\u00bb, expres\u00f3 Jos\u00e9 Matheickal, jefe del Departamento de Asociaciones y Proyectos de la primera agencia.<\/p>\n<p>Tambi\u00e9n recordaron que el\u00a0<strong>Objetivo de Desarrollo Sostenible n\u00famero 14 se compromete a prevenir y reducir la contaminaci\u00f3n marina\u00a0<\/strong>y conservar y utilizar los oc\u00e9anos de forma sostenible. El proyecto busca apoyar esta meta de la Agenda 2030 de las Naciones Unidas.<\/p>\n<p>En los pr\u00f3ximos meses, los expertos de la FAO y la OMI trabajar\u00e1n con los 30 pa\u00edses asociados para brindar asistencia t\u00e9cnica y la capacitaci\u00f3n apropiada para ayudar a hacer cumplir las regulaciones existentes.<\/p>\n<div class=\"auth\">30 pa\u00edses asociados en el proyecto<\/div>\n<p>GloLitter tambi\u00e9n incluye iniciativas piloto con organizaciones lideradas por mujeres activas en la pesca para reducir el uso del pl\u00e1stico en la actividad, el procesamiento y comercializaci\u00f3n de pescado, y para el reciclaje de residuos.<\/p>\n<p>El proyecto -que se llevar\u00e1 a cabo en\u00a0<strong>Asia, \u00c1frica, el Caribe, Am\u00e9rica Latina y el Pac\u00edfico- tiene 30 pa\u00edses asociados<\/strong>\u00a0para defender \u00ablas acciones nacionales que apoyan el Plan de Acci\u00f3n de la OMI para abordar la basura pl\u00e1stica marina de los barcos y las Directrices voluntarias de la FAO para el marcado de artes de pesca\u00bb.<\/p>\n<p>Adem\u00e1s de la Argentina, est\u00e1n incluidos Brasil, Costa Rica, Costa de Marfil, India, Indonesia, Jamaica, Kenia, Madagascar, Nigeria, Vanuatu, Cabo Verde, Colombia, Ecuador, Gambia, Mozambique, Nicaragua, Panam\u00e1, Per\u00fa, Filipinas, Senegal, Sri Lanka, Islas Salom\u00f3n, Sud\u00e1n, Rep\u00fablica Unida de Tanzania, Tailandia, Timor-Leste, Togo, Tonga y Vietnam.<\/p>\n<div class=\"auth\">Mecanismos para la cooperaci\u00f3n regional<\/div>\n<p>El\u00a0<strong>Programa GloLitter ayuda a los pa\u00edses en desarrollo a prevenir y reducir la basura pl\u00e1stica marina\u00a0<\/strong>procedente de los sectores del transporte mar\u00edtimo y la pesca, e identifica oportunidades para la reducci\u00f3n del uso de pl\u00e1sticos en dichos sectores.<\/p>\n<p>Tambi\u00e9n desarrolla mecanismos para la sostenibilidad y mejora la cooperaci\u00f3n regional para apoyar la transici\u00f3n de los sectores del transporte mar\u00edtimo y la pesca hacia un futuro de niveles bajos de basura pl\u00e1stica marina.<\/p>\n<p>La primera fase de este programa, seg\u00fan la FAO, consiste en un plazo de tres a\u00f1os y medio (2020\u20112023) financiado por el Organismo Noruego de Cooperaci\u00f3n para el Desarrollo (Norad, por sus siglas en ingl\u00e9s), y abordar\u00e1 las preocupaciones relativas a los aparejos abandonados, perdidos o descartados que constituyen un elemento significativo de la basura marina y afectan gravemente a los h\u00e1bitats, las poblaciones de peces y otras especies marinas.<\/p><\/div>\n<\/div>\n<\/div>\n<\/div>\n<\/div>\n","protected":false},"excerpt":{"rendered":"<p>Trabajar\u00e1 para la implementaci\u00f3n de mejores pr\u00e1cticas que incluyen la prevenci\u00f3n y reducci\u00f3n de basura pl\u00e1stica en salvaguarda de los recursos marinos costeros y globales.<\/p>\n","protected":false},"author":3,"featured_media":0,"comment_status":"closed","ping_status":"open","sticky":false,"template":"","format":"standard","meta":{"footnotes":""},"categories":[46,34,26],"tags":[],"class_list":["post-55107","post","type-post","status-publish","format-standard","hentry","category-ciencia-y-tecnologia","category-educacion","category-sociedad"],"yoast_head":"<!-- This site is optimized with the Yoast SEO plugin v25.9 - https:\/\/yoast.com\/wordpress\/plugins\/seo\/ -->\n<title>Argentina integra una iniciativa mundial para acabar con la basura marina - Noticias Radio Reflejos<\/title>\n<meta name=\"robots\" content=\"index, follow, max-snippet:-1, max-image-preview:large, max-video-preview:-1\" \/>\n<link rel=\"canonical\" href=\"https:\/\/www.noticiasradioreflejos.com.ar\/2021\/argentina-integra-una-iniciativa-mundial-para-acabar-con-la-basura-marina\/\" \/>\n<meta property=\"og:locale\" content=\"es_ES\" \/>\n<meta property=\"og:type\" content=\"article\" \/>\n<meta property=\"og:title\" content=\"Argentina integra una iniciativa mundial para acabar con la basura marina - Noticias Radio Reflejos\" \/>\n<meta property=\"og:description\" content=\"Trabajar\u00e1 para la implementaci\u00f3n de mejores pr\u00e1cticas que incluyen la prevenci\u00f3n y reducci\u00f3n de basura pl\u00e1stica en salvaguarda de los recursos marinos costeros y globales.\" \/>\n<meta property=\"og:url\" content=\"https:\/\/www.noticiasradioreflejos.com.ar\/2021\/argentina-integra-una-iniciativa-mundial-para-acabar-con-la-basura-marina\/\" \/>\n<meta property=\"og:site_name\" content=\"Noticias Radio Reflejos\" \/>\n<meta property=\"article:published_time\" content=\"2021-04-08T22:09:17+00:00\" \/>\n<meta property=\"og:image\" content=\"https:\/\/www.noticiasradioreflejos.com.ar\/2021\/wp-content\/uploads\/2021\/07\/logosol300x200.png\" \/>\n\t<meta property=\"og:image:width\" content=\"300\" \/>\n\t<meta property=\"og:image:height\" content=\"200\" \/>\n\t<meta property=\"og:image:type\" content=\"image\/png\" \/>\n<meta name=\"author\" content=\"Arnaldo Botto\" \/>\n<meta name=\"twitter:card\" content=\"summary_large_image\" \/>\n<script type=\"application\/ld+json\" class=\"yoast-schema-graph\">{\"@context\":\"https:\/\/schema.org\",\"@graph\":[{\"@type\":\"WebPage\",\"@id\":\"https:\/\/www.noticiasradioreflejos.com.ar\/2021\/argentina-integra-una-iniciativa-mundial-para-acabar-con-la-basura-marina\/\",\"url\":\"https:\/\/www.noticiasradioreflejos.com.ar\/2021\/argentina-integra-una-iniciativa-mundial-para-acabar-con-la-basura-marina\/\",\"name\":\"Argentina integra una iniciativa mundial para acabar con la basura marina - Noticias Radio Reflejos\",\"isPartOf\":{\"@id\":\"https:\/\/www.noticiasradioreflejos.com.ar\/2021\/#website\"},\"datePublished\":\"2021-04-08T22:09:17+00:00\",\"author\":{\"@id\":\"https:\/\/www.noticiasradioreflejos.com.ar\/2021\/#\/schema\/person\/ad82545263dcc5ec0996818884fd5fb1\"},\"breadcrumb\":{\"@id\":\"https:\/\/www.noticiasradioreflejos.com.ar\/2021\/argentina-integra-una-iniciativa-mundial-para-acabar-con-la-basura-marina\/#breadcrumb\"},\"inLanguage\":\"es\",\"potentialAction\":[{\"@type\":\"ReadAction\",\"target\":[\"https:\/\/www.noticiasradioreflejos.com.ar\/2021\/argentina-integra-una-iniciativa-mundial-para-acabar-con-la-basura-marina\/\"]}]},{\"@type\":\"BreadcrumbList\",\"@id\":\"https:\/\/www.noticiasradioreflejos.com.ar\/2021\/argentina-integra-una-iniciativa-mundial-para-acabar-con-la-basura-marina\/#breadcrumb\",\"itemListElement\":[{\"@type\":\"ListItem\",\"position\":1,\"name\":\"Portada\",\"item\":\"https:\/\/www.noticiasradioreflejos.com.ar\/2021\/\"},{\"@type\":\"ListItem\",\"position\":2,\"name\":\"Argentina integra una iniciativa mundial para acabar con la basura marina\"}]},{\"@type\":\"WebSite\",\"@id\":\"https:\/\/www.noticiasradioreflejos.com.ar\/2021\/#website\",\"url\":\"https:\/\/www.noticiasradioreflejos.com.ar\/2021\/\",\"name\":\"Noticias Radio Reflejos\",\"description\":\"Las noticias de mi comarca\",\"potentialAction\":[{\"@type\":\"SearchAction\",\"target\":{\"@type\":\"EntryPoint\",\"urlTemplate\":\"https:\/\/www.noticiasradioreflejos.com.ar\/2021\/?s={search_term_string}\"},\"query-input\":{\"@type\":\"PropertyValueSpecification\",\"valueRequired\":true,\"valueName\":\"search_term_string\"}}],\"inLanguage\":\"es\"},{\"@type\":\"Person\",\"@id\":\"https:\/\/www.noticiasradioreflejos.com.ar\/2021\/#\/schema\/person\/ad82545263dcc5ec0996818884fd5fb1\",\"name\":\"Arnaldo Botto\",\"image\":{\"@type\":\"ImageObject\",\"inLanguage\":\"es\",\"@id\":\"https:\/\/www.noticiasradioreflejos.com.ar\/2021\/#\/schema\/person\/image\/\",\"url\":\"https:\/\/secure.gravatar.com\/avatar\/55cb5e37c1efa326397366e6974cb338056df65cb50e7d64d1cf314e87504837?s=96&d=mm&r=g\",\"contentUrl\":\"https:\/\/secure.gravatar.com\/avatar\/55cb5e37c1efa326397366e6974cb338056df65cb50e7d64d1cf314e87504837?s=96&d=mm&r=g\",\"caption\":\"Arnaldo Botto\"},\"url\":\"https:\/\/www.noticiasradioreflejos.com.ar\/2021\/author\/arnaldo\/\"}]}<\/script>\n<!-- \/ Yoast SEO plugin. -->","yoast_head_json":{"title":"Argentina integra una iniciativa mundial para acabar con la basura marina - Noticias Radio Reflejos","robots":{"index":"index","follow":"follow","max-snippet":"max-snippet:-1","max-image-preview":"max-image-preview:large","max-video-preview":"max-video-preview:-1"},"canonical":"https:\/\/www.noticiasradioreflejos.com.ar\/2021\/argentina-integra-una-iniciativa-mundial-para-acabar-con-la-basura-marina\/","og_locale":"es_ES","og_type":"article","og_title":"Argentina integra una iniciativa mundial para acabar con la basura marina - Noticias Radio Reflejos","og_description":"Trabajar\u00e1 para la implementaci\u00f3n de mejores pr\u00e1cticas que incluyen la prevenci\u00f3n y reducci\u00f3n de basura pl\u00e1stica en salvaguarda de los recursos marinos costeros y globales.","og_url":"https:\/\/www.noticiasradioreflejos.com.ar\/2021\/argentina-integra-una-iniciativa-mundial-para-acabar-con-la-basura-marina\/","og_site_name":"Noticias Radio Reflejos","article_published_time":"2021-04-08T22:09:17+00:00","og_image":[{"width":300,"height":200,"url":"https:\/\/www.noticiasradioreflejos.com.ar\/2021\/wp-content\/uploads\/2021\/07\/logosol300x200.png","type":"image\/png"}],"author":"Arnaldo Botto","twitter_card":"summary_large_image","schema":{"@context":"https:\/\/schema.org","@graph":[{"@type":"WebPage","@id":"https:\/\/www.noticiasradioreflejos.com.ar\/2021\/argentina-integra-una-iniciativa-mundial-para-acabar-con-la-basura-marina\/","url":"https:\/\/www.noticiasradioreflejos.com.ar\/2021\/argentina-integra-una-iniciativa-mundial-para-acabar-con-la-basura-marina\/","name":"Argentina integra una iniciativa mundial para acabar con la basura marina - Noticias Radio Reflejos","isPartOf":{"@id":"https:\/\/www.noticiasradioreflejos.com.ar\/2021\/#website"},"datePublished":"2021-04-08T22:09:17+00:00","author":{"@id":"https:\/\/www.noticiasradioreflejos.com.ar\/2021\/#\/schema\/person\/ad82545263dcc5ec0996818884fd5fb1"},"breadcrumb":{"@id":"https:\/\/www.noticiasradioreflejos.com.ar\/2021\/argentina-integra-una-iniciativa-mundial-para-acabar-con-la-basura-marina\/#breadcrumb"},"inLanguage":"es","potentialAction":[{"@type":"ReadAction","target":["https:\/\/www.noticiasradioreflejos.com.ar\/2021\/argentina-integra-una-iniciativa-mundial-para-acabar-con-la-basura-marina\/"]}]},{"@type":"BreadcrumbList","@id":"https:\/\/www.noticiasradioreflejos.com.ar\/2021\/argentina-integra-una-iniciativa-mundial-para-acabar-con-la-basura-marina\/#breadcrumb","itemListElement":[{"@type":"ListItem","position":1,"name":"Portada","item":"https:\/\/www.noticiasradioreflejos.com.ar\/2021\/"},{"@type":"ListItem","position":2,"name":"Argentina integra una iniciativa mundial para acabar con la basura marina"}]},{"@type":"WebSite","@id":"https:\/\/www.noticiasradioreflejos.com.ar\/2021\/#website","url":"https:\/\/www.noticiasradioreflejos.com.ar\/2021\/","name":"Noticias Radio Reflejos","description":"Las noticias de mi comarca","potentialAction":[{"@type":"SearchAction","target":{"@type":"EntryPoint","urlTemplate":"https:\/\/www.noticiasradioreflejos.com.ar\/2021\/?s={search_term_string}"},"query-input":{"@type":"PropertyValueSpecification","valueRequired":true,"valueName":"search_term_string"}}],"inLanguage":"es"},{"@type":"Person","@id":"https:\/\/www.noticiasradioreflejos.com.ar\/2021\/#\/schema\/person\/ad82545263dcc5ec0996818884fd5fb1","name":"Arnaldo Botto","image":{"@type":"ImageObject","inLanguage":"es","@id":"https:\/\/www.noticiasradioreflejos.com.ar\/2021\/#\/schema\/person\/image\/","url":"https:\/\/secure.gravatar.com\/avatar\/55cb5e37c1efa326397366e6974cb338056df65cb50e7d64d1cf314e87504837?s=96&d=mm&r=g","contentUrl":"https:\/\/secure.gravatar.com\/avatar\/55cb5e37c1efa326397366e6974cb338056df65cb50e7d64d1cf314e87504837?s=96&d=mm&r=g","caption":"Arnaldo Botto"},"url":"https:\/\/www.noticiasradioreflejos.com.ar\/2021\/author\/arnaldo\/"}]}},"_links":{"self":[{"href":"https:\/\/www.noticiasradioreflejos.com.ar\/2021\/wp-json\/wp\/v2\/posts\/55107","targetHints":{"allow":["GET"]}}],"collection":[{"href":"https:\/\/www.noticiasradioreflejos.com.ar\/2021\/wp-json\/wp\/v2\/posts"}],"about":[{"href":"https:\/\/www.noticiasradioreflejos.com.ar\/2021\/wp-json\/wp\/v2\/types\/post"}],"author":[{"embeddable":true,"href":"https:\/\/www.noticiasradioreflejos.com.ar\/2021\/wp-json\/wp\/v2\/users\/3"}],"replies":[{"embeddable":true,"href":"https:\/\/www.noticiasradioreflejos.com.ar\/2021\/wp-json\/wp\/v2\/comments?post=55107"}],"version-history":[{"count":0,"href":"https:\/\/www.noticiasradioreflejos.com.ar\/2021\/wp-json\/wp\/v2\/posts\/55107\/revisions"}],"wp:attachment":[{"href":"https:\/\/www.noticiasradioreflejos.com.ar\/2021\/wp-json\/wp\/v2\/media?parent=55107"}],"wp:term":[{"taxonomy":"category","embeddable":true,"href":"https:\/\/www.noticiasradioreflejos.com.ar\/2021\/wp-json\/wp\/v2\/categories?post=55107"},{"taxonomy":"post_tag","embeddable":true,"href":"https:\/\/www.noticiasradioreflejos.com.ar\/2021\/wp-json\/wp\/v2\/tags?post=55107"}],"curies":[{"name":"wp","href":"https:\/\/api.w.org\/{rel}","templated":true}]}}