{"id":55103,"date":"2021-04-08T19:00:00","date_gmt":"2021-04-08T22:00:00","guid":{"rendered":"http:\/\/www.noticiasradioreflejos.com.ar\/noticias\/?p=55103"},"modified":"2021-04-08T19:00:00","modified_gmt":"2021-04-08T22:00:00","slug":"record-de-casos-de-coronavirus-en-la-argentina-23-683-en-las-ultimas-24-horas","status":"publish","type":"post","link":"https:\/\/www.noticiasradioreflejos.com.ar\/2021\/record-de-casos-de-coronavirus-en-la-argentina-23-683-en-las-ultimas-24-horas\/","title":{"rendered":"R\u00e9cord de casos de coronavirus en la Argentina: 23.683 en las \u00faltimas 24 horas"},"content":{"rendered":"<p>Otras 290 personas murieron. El Ministerio de Salud inform\u00f3 que con el \u00faltimo reporte Argentina suma un total de 57.122 fallecidos y 2.473.751 contagiados desde el inicio de la pandemia.<!--more--><br \/>\nLa cartera sanitaria indic\u00f3 que son 3.742 los internados en unidades de terapia intensiva, con un porcentaje de ocupaci\u00f3n de camas de adultos de 58,8% en el pa\u00eds y del 66,1% en el \u00c1rea Metropolitana Buenos Aires.<\/p>\n<p>De los 2.473.751 contagiados,\u00a0<strong>2.188.983 recibi\u00f3 el alta y 227.646 son casos confirmados activos.<\/strong><\/p>\n<div class=\"auth\">Los fallecidos<\/div>\n<p>El reporte consign\u00f3 que murieron 169 hombres y 117 mujeres, mientras que 3 personas de la provincia de Buenos Aires Fueron registradas sin dato de sexo.<\/p>\n<p>El parte precis\u00f3 que murieron 105 hombres en la provincia de Buenos Aires; 15 en la Ciudad de Buenos Aires; 4 en Chaco; 3 en C\u00f3rdoba; 5 en Entre R\u00edos; 6 en Formosa; 1 en Mendoza; 1 en Misiones; 1 en Neuqu\u00e9n; 1 en R\u00edo Negro; 2 en Salta; 1 en Santa Cruz; 9 en Santa Fe y 14 en Tucum\u00e1n.<\/p>\n<p>Tambi\u00e9n fallecieron 80 mujeres en Buenos Aires; 8 en Ciudad de Buenos Aires; 3 en Chaco; 1 en Corrientes; 4 en C\u00f3rdoba; 1 en Entre R\u00edos; 1 en Formosa; 1 en La Pampa; 2 en Mendoza; 3 en R\u00edo Negro; 2 en Salta; 1 en San Juan; 2 en Santa Cruz; 5 en Santa Fe y 3 en Tucum\u00e1n.<\/p>\n<div class=\"auth\">Los nuevos casos<\/div>\n<p>Este jueves se registraron en la provincia de Buenos Aires 12.026 casos; en la Ciudad de Buenos Aires, 2.364; en Catamarca, 171; en Chaco, 260; en Chubut, 177; en Corrientes, 509; en C\u00f3rdoba, 2.189; en Entre R\u00edos, 437; en Formosa, 12; en Jujuy, 68; en La Pampa, 178; en La Rioja, 109; en Mendoza, 1.046; en Misiones, 153; en Neuqu\u00e9n, 131; en R\u00edo Negro, 163; en Salta, 224; en San Juan, 331; en San Luis, 523; en Santa Cruz, 180; en Santa Fe, 1.365; en Santiago del Estero, 169; Tierra del Fuego, 69 y en Tucum\u00e1n 829.<\/p>\n<p>El Ministerio indic\u00f3, adem\u00e1s, que\u00a0<strong>se realizaron en las \u00faltimas 24 horas 94.991 testeos y desde el inicio del brote ascienden a 9.361.097 pruebas diagn\u00f3sticas para esta enfermedad.<\/strong><\/p>\n<p>El total de acumulados por distrito indica que la provincia de Buenos Aires suma 1.049.980 casos; la Ciudad de Buenos Aires, 277.993; Catamarca, 11.287; Chaco, 39.784; Chubut, 51.013; Corrientes, 32.341; C\u00f3rdoba 191.053; Entre R\u00edos, 51.970; Formosa, 2.541; Jujuy, 22.890; La Pampa, 22.256; La Rioja, 11.714; Mendoza, 77.790; Misiones, 12.868; Neuqu\u00e9n, 66.173; R\u00edo Negro, 56.386; Salta, 30.487; San Juan, 18.461; San Luis, 25.159; Santa Cruz, 40.505; Santa Fe, 238.598; Santiago del Estero, 26.207; Tierra del Fuego, 24.554 y Tucum\u00e1n, 91.741.<\/p>\n<p>Se incluyen 17 casos existentes en las Islas Malvinas seg\u00fan informaci\u00f3n de prensa (debido a la ocupaci\u00f3n ilegal del Reino Unido, Gran Breta\u00f1a e Irlanda del Norte no es posible contar con informaci\u00f3n propia sobre el impacto de la Covid-19 en esa parte del territorio argentino).<\/p>\n<div id=\"image\" class=\"image\"><img decoding=\"async\" title=\"\" src=\"https:\/\/www.telam.com.ar\/advf\/imagenes\/2021\/04\/606f782be6f72.04.2021_1004x1872.jpg\" alt=\"\" \/><\/div>\n<div class=\"btn_externos\"><\/div>\n","protected":false},"excerpt":{"rendered":"<p>Otras 290 personas murieron. El Ministerio de Salud inform\u00f3 que con el \u00faltimo reporte Argentina suma un total de 57.122 fallecidos y 2.473.751 contagiados desde el inicio de la pandemia.<\/p>\n","protected":false},"author":3,"featured_media":0,"comment_status":"closed","ping_status":"open","sticky":false,"template":"","format":"standard","meta":{"footnotes":""},"categories":[30],"tags":[],"class_list":["post-55103","post","type-post","status-publish","format-standard","hentry","category-salud"],"yoast_head":"<!-- This site is optimized with the Yoast SEO plugin v25.9 - https:\/\/yoast.com\/wordpress\/plugins\/seo\/ -->\n<title>R\u00e9cord de casos de coronavirus en la Argentina: 23.683 en las \u00faltimas 24 horas - Noticias Radio Reflejos<\/title>\n<meta name=\"robots\" content=\"index, follow, max-snippet:-1, max-image-preview:large, max-video-preview:-1\" \/>\n<link rel=\"canonical\" href=\"https:\/\/www.noticiasradioreflejos.com.ar\/2021\/record-de-casos-de-coronavirus-en-la-argentina-23-683-en-las-ultimas-24-horas\/\" \/>\n<meta property=\"og:locale\" content=\"es_ES\" \/>\n<meta property=\"og:type\" content=\"article\" \/>\n<meta property=\"og:title\" content=\"R\u00e9cord de casos de coronavirus en la Argentina: 23.683 en las \u00faltimas 24 horas - Noticias Radio Reflejos\" \/>\n<meta property=\"og:description\" content=\"Otras 290 personas murieron. El Ministerio de Salud inform\u00f3 que con el \u00faltimo reporte Argentina suma un total de 57.122 fallecidos y 2.473.751 contagiados desde el inicio de la pandemia.\" \/>\n<meta property=\"og:url\" content=\"https:\/\/www.noticiasradioreflejos.com.ar\/2021\/record-de-casos-de-coronavirus-en-la-argentina-23-683-en-las-ultimas-24-horas\/\" \/>\n<meta property=\"og:site_name\" content=\"Noticias Radio Reflejos\" \/>\n<meta property=\"article:published_time\" content=\"2021-04-08T22:00:00+00:00\" \/>\n<meta property=\"og:image\" content=\"https:\/\/www.telam.com.ar\/advf\/imagenes\/2021\/04\/606f782be6f72.04.2021_1004x1872.jpg\" \/>\n<meta name=\"author\" content=\"Arnaldo Botto\" \/>\n<meta name=\"twitter:card\" content=\"summary_large_image\" \/>\n<script type=\"application\/ld+json\" class=\"yoast-schema-graph\">{\"@context\":\"https:\/\/schema.org\",\"@graph\":[{\"@type\":\"WebPage\",\"@id\":\"https:\/\/www.noticiasradioreflejos.com.ar\/2021\/record-de-casos-de-coronavirus-en-la-argentina-23-683-en-las-ultimas-24-horas\/\",\"url\":\"https:\/\/www.noticiasradioreflejos.com.ar\/2021\/record-de-casos-de-coronavirus-en-la-argentina-23-683-en-las-ultimas-24-horas\/\",\"name\":\"R\u00e9cord de casos de coronavirus en la Argentina: 23.683 en las \u00faltimas 24 horas - Noticias Radio Reflejos\",\"isPartOf\":{\"@id\":\"https:\/\/www.noticiasradioreflejos.com.ar\/2021\/#website\"},\"primaryImageOfPage\":{\"@id\":\"https:\/\/www.noticiasradioreflejos.com.ar\/2021\/record-de-casos-de-coronavirus-en-la-argentina-23-683-en-las-ultimas-24-horas\/#primaryimage\"},\"image\":{\"@id\":\"https:\/\/www.noticiasradioreflejos.com.ar\/2021\/record-de-casos-de-coronavirus-en-la-argentina-23-683-en-las-ultimas-24-horas\/#primaryimage\"},\"thumbnailUrl\":\"https:\/\/www.telam.com.ar\/advf\/imagenes\/2021\/04\/606f782be6f72.04.2021_1004x1872.jpg\",\"datePublished\":\"2021-04-08T22:00:00+00:00\",\"author\":{\"@id\":\"https:\/\/www.noticiasradioreflejos.com.ar\/2021\/#\/schema\/person\/ad82545263dcc5ec0996818884fd5fb1\"},\"breadcrumb\":{\"@id\":\"https:\/\/www.noticiasradioreflejos.com.ar\/2021\/record-de-casos-de-coronavirus-en-la-argentina-23-683-en-las-ultimas-24-horas\/#breadcrumb\"},\"inLanguage\":\"es\",\"potentialAction\":[{\"@type\":\"ReadAction\",\"target\":[\"https:\/\/www.noticiasradioreflejos.com.ar\/2021\/record-de-casos-de-coronavirus-en-la-argentina-23-683-en-las-ultimas-24-horas\/\"]}]},{\"@type\":\"ImageObject\",\"inLanguage\":\"es\",\"@id\":\"https:\/\/www.noticiasradioreflejos.com.ar\/2021\/record-de-casos-de-coronavirus-en-la-argentina-23-683-en-las-ultimas-24-horas\/#primaryimage\",\"url\":\"https:\/\/www.telam.com.ar\/advf\/imagenes\/2021\/04\/606f782be6f72.04.2021_1004x1872.jpg\",\"contentUrl\":\"https:\/\/www.telam.com.ar\/advf\/imagenes\/2021\/04\/606f782be6f72.04.2021_1004x1872.jpg\"},{\"@type\":\"BreadcrumbList\",\"@id\":\"https:\/\/www.noticiasradioreflejos.com.ar\/2021\/record-de-casos-de-coronavirus-en-la-argentina-23-683-en-las-ultimas-24-horas\/#breadcrumb\",\"itemListElement\":[{\"@type\":\"ListItem\",\"position\":1,\"name\":\"Portada\",\"item\":\"https:\/\/www.noticiasradioreflejos.com.ar\/2021\/\"},{\"@type\":\"ListItem\",\"position\":2,\"name\":\"R\u00e9cord de casos de coronavirus en la Argentina: 23.683 en las \u00faltimas 24 horas\"}]},{\"@type\":\"WebSite\",\"@id\":\"https:\/\/www.noticiasradioreflejos.com.ar\/2021\/#website\",\"url\":\"https:\/\/www.noticiasradioreflejos.com.ar\/2021\/\",\"name\":\"Noticias Radio Reflejos\",\"description\":\"Las noticias de mi comarca\",\"potentialAction\":[{\"@type\":\"SearchAction\",\"target\":{\"@type\":\"EntryPoint\",\"urlTemplate\":\"https:\/\/www.noticiasradioreflejos.com.ar\/2021\/?s={search_term_string}\"},\"query-input\":{\"@type\":\"PropertyValueSpecification\",\"valueRequired\":true,\"valueName\":\"search_term_string\"}}],\"inLanguage\":\"es\"},{\"@type\":\"Person\",\"@id\":\"https:\/\/www.noticiasradioreflejos.com.ar\/2021\/#\/schema\/person\/ad82545263dcc5ec0996818884fd5fb1\",\"name\":\"Arnaldo Botto\",\"image\":{\"@type\":\"ImageObject\",\"inLanguage\":\"es\",\"@id\":\"https:\/\/www.noticiasradioreflejos.com.ar\/2021\/#\/schema\/person\/image\/\",\"url\":\"https:\/\/secure.gravatar.com\/avatar\/55cb5e37c1efa326397366e6974cb338056df65cb50e7d64d1cf314e87504837?s=96&d=mm&r=g\",\"contentUrl\":\"https:\/\/secure.gravatar.com\/avatar\/55cb5e37c1efa326397366e6974cb338056df65cb50e7d64d1cf314e87504837?s=96&d=mm&r=g\",\"caption\":\"Arnaldo Botto\"},\"url\":\"https:\/\/www.noticiasradioreflejos.com.ar\/2021\/author\/arnaldo\/\"}]}<\/script>\n<!-- \/ Yoast SEO plugin. -->","yoast_head_json":{"title":"R\u00e9cord de casos de coronavirus en la Argentina: 23.683 en las \u00faltimas 24 horas - Noticias Radio Reflejos","robots":{"index":"index","follow":"follow","max-snippet":"max-snippet:-1","max-image-preview":"max-image-preview:large","max-video-preview":"max-video-preview:-1"},"canonical":"https:\/\/www.noticiasradioreflejos.com.ar\/2021\/record-de-casos-de-coronavirus-en-la-argentina-23-683-en-las-ultimas-24-horas\/","og_locale":"es_ES","og_type":"article","og_title":"R\u00e9cord de casos de coronavirus en la Argentina: 23.683 en las \u00faltimas 24 horas - Noticias Radio Reflejos","og_description":"Otras 290 personas murieron. El Ministerio de Salud inform\u00f3 que con el \u00faltimo reporte Argentina suma un total de 57.122 fallecidos y 2.473.751 contagiados desde el inicio de la pandemia.","og_url":"https:\/\/www.noticiasradioreflejos.com.ar\/2021\/record-de-casos-de-coronavirus-en-la-argentina-23-683-en-las-ultimas-24-horas\/","og_site_name":"Noticias Radio Reflejos","article_published_time":"2021-04-08T22:00:00+00:00","og_image":[{"url":"https:\/\/www.telam.com.ar\/advf\/imagenes\/2021\/04\/606f782be6f72.04.2021_1004x1872.jpg","type":"","width":"","height":""}],"author":"Arnaldo Botto","twitter_card":"summary_large_image","schema":{"@context":"https:\/\/schema.org","@graph":[{"@type":"WebPage","@id":"https:\/\/www.noticiasradioreflejos.com.ar\/2021\/record-de-casos-de-coronavirus-en-la-argentina-23-683-en-las-ultimas-24-horas\/","url":"https:\/\/www.noticiasradioreflejos.com.ar\/2021\/record-de-casos-de-coronavirus-en-la-argentina-23-683-en-las-ultimas-24-horas\/","name":"R\u00e9cord de casos de coronavirus en la Argentina: 23.683 en las \u00faltimas 24 horas - Noticias Radio Reflejos","isPartOf":{"@id":"https:\/\/www.noticiasradioreflejos.com.ar\/2021\/#website"},"primaryImageOfPage":{"@id":"https:\/\/www.noticiasradioreflejos.com.ar\/2021\/record-de-casos-de-coronavirus-en-la-argentina-23-683-en-las-ultimas-24-horas\/#primaryimage"},"image":{"@id":"https:\/\/www.noticiasradioreflejos.com.ar\/2021\/record-de-casos-de-coronavirus-en-la-argentina-23-683-en-las-ultimas-24-horas\/#primaryimage"},"thumbnailUrl":"https:\/\/www.telam.com.ar\/advf\/imagenes\/2021\/04\/606f782be6f72.04.2021_1004x1872.jpg","datePublished":"2021-04-08T22:00:00+00:00","author":{"@id":"https:\/\/www.noticiasradioreflejos.com.ar\/2021\/#\/schema\/person\/ad82545263dcc5ec0996818884fd5fb1"},"breadcrumb":{"@id":"https:\/\/www.noticiasradioreflejos.com.ar\/2021\/record-de-casos-de-coronavirus-en-la-argentina-23-683-en-las-ultimas-24-horas\/#breadcrumb"},"inLanguage":"es","potentialAction":[{"@type":"ReadAction","target":["https:\/\/www.noticiasradioreflejos.com.ar\/2021\/record-de-casos-de-coronavirus-en-la-argentina-23-683-en-las-ultimas-24-horas\/"]}]},{"@type":"ImageObject","inLanguage":"es","@id":"https:\/\/www.noticiasradioreflejos.com.ar\/2021\/record-de-casos-de-coronavirus-en-la-argentina-23-683-en-las-ultimas-24-horas\/#primaryimage","url":"https:\/\/www.telam.com.ar\/advf\/imagenes\/2021\/04\/606f782be6f72.04.2021_1004x1872.jpg","contentUrl":"https:\/\/www.telam.com.ar\/advf\/imagenes\/2021\/04\/606f782be6f72.04.2021_1004x1872.jpg"},{"@type":"BreadcrumbList","@id":"https:\/\/www.noticiasradioreflejos.com.ar\/2021\/record-de-casos-de-coronavirus-en-la-argentina-23-683-en-las-ultimas-24-horas\/#breadcrumb","itemListElement":[{"@type":"ListItem","position":1,"name":"Portada","item":"https:\/\/www.noticiasradioreflejos.com.ar\/2021\/"},{"@type":"ListItem","position":2,"name":"R\u00e9cord de casos de coronavirus en la Argentina: 23.683 en las \u00faltimas 24 horas"}]},{"@type":"WebSite","@id":"https:\/\/www.noticiasradioreflejos.com.ar\/2021\/#website","url":"https:\/\/www.noticiasradioreflejos.com.ar\/2021\/","name":"Noticias Radio Reflejos","description":"Las noticias de mi comarca","potentialAction":[{"@type":"SearchAction","target":{"@type":"EntryPoint","urlTemplate":"https:\/\/www.noticiasradioreflejos.com.ar\/2021\/?s={search_term_string}"},"query-input":{"@type":"PropertyValueSpecification","valueRequired":true,"valueName":"search_term_string"}}],"inLanguage":"es"},{"@type":"Person","@id":"https:\/\/www.noticiasradioreflejos.com.ar\/2021\/#\/schema\/person\/ad82545263dcc5ec0996818884fd5fb1","name":"Arnaldo Botto","image":{"@type":"ImageObject","inLanguage":"es","@id":"https:\/\/www.noticiasradioreflejos.com.ar\/2021\/#\/schema\/person\/image\/","url":"https:\/\/secure.gravatar.com\/avatar\/55cb5e37c1efa326397366e6974cb338056df65cb50e7d64d1cf314e87504837?s=96&d=mm&r=g","contentUrl":"https:\/\/secure.gravatar.com\/avatar\/55cb5e37c1efa326397366e6974cb338056df65cb50e7d64d1cf314e87504837?s=96&d=mm&r=g","caption":"Arnaldo Botto"},"url":"https:\/\/www.noticiasradioreflejos.com.ar\/2021\/author\/arnaldo\/"}]}},"_links":{"self":[{"href":"https:\/\/www.noticiasradioreflejos.com.ar\/2021\/wp-json\/wp\/v2\/posts\/55103","targetHints":{"allow":["GET"]}}],"collection":[{"href":"https:\/\/www.noticiasradioreflejos.com.ar\/2021\/wp-json\/wp\/v2\/posts"}],"about":[{"href":"https:\/\/www.noticiasradioreflejos.com.ar\/2021\/wp-json\/wp\/v2\/types\/post"}],"author":[{"embeddable":true,"href":"https:\/\/www.noticiasradioreflejos.com.ar\/2021\/wp-json\/wp\/v2\/users\/3"}],"replies":[{"embeddable":true,"href":"https:\/\/www.noticiasradioreflejos.com.ar\/2021\/wp-json\/wp\/v2\/comments?post=55103"}],"version-history":[{"count":0,"href":"https:\/\/www.noticiasradioreflejos.com.ar\/2021\/wp-json\/wp\/v2\/posts\/55103\/revisions"}],"wp:attachment":[{"href":"https:\/\/www.noticiasradioreflejos.com.ar\/2021\/wp-json\/wp\/v2\/media?parent=55103"}],"wp:term":[{"taxonomy":"category","embeddable":true,"href":"https:\/\/www.noticiasradioreflejos.com.ar\/2021\/wp-json\/wp\/v2\/categories?post=55103"},{"taxonomy":"post_tag","embeddable":true,"href":"https:\/\/www.noticiasradioreflejos.com.ar\/2021\/wp-json\/wp\/v2\/tags?post=55103"}],"curies":[{"name":"wp","href":"https:\/\/api.w.org\/{rel}","templated":true}]}}