{"id":55097,"date":"2021-04-08T18:25:12","date_gmt":"2021-04-08T21:25:12","guid":{"rendered":"http:\/\/www.noticiasradioreflejos.com.ar\/noticias\/?p=55097"},"modified":"2021-04-08T18:25:12","modified_gmt":"2021-04-08T21:25:12","slug":"infocoa-piojito-gris","status":"publish","type":"post","link":"https:\/\/www.noticiasradioreflejos.com.ar\/2021\/infocoa-piojito-gris\/","title":{"rendered":"INFOCOA &#8211; Piojito Gris"},"content":{"rendered":"<p>Nuevamente estamos del <span style=\"color: #000080;\"><strong>COA Gaucho Serrano de Villa Ventana<\/strong><\/span> en el aire y en la web de la<span style=\"color: #008000;\"><strong> FM 103.7, Radio Reflejos<\/strong><\/span> de Sierra de la Ventana, junto a la comunidad para brindarles en esta ocasi\u00f3n informaci\u00f3n sobre una de nuestras aves.<!--more--><\/p>\n<p>En un recodo de uno de nuestros arroyos, el agua transcurre lentamente, la orilla emerge verde del lecho de piedra con su vegetaci\u00f3n flotante.\u00a0 Juncos, pillahuinc\u00f3s y sobre ellos un rayo de sol nos presenta al invitado de hoy, el <strong>Piojito Gris<\/strong>, simp\u00e1tico, confiado y curioso pajarito. Si nos acercamos a su h\u00e1bitat, seguro lo encontraremos y disfrutaremos observ\u00e1ndolo.<\/p>\n<p><a title=\"WhatsApp Image 2021-04-08 at 12.56.00\" href=\"http:\/\/live.staticflickr.com\/65535\/51104560930_f261939ae7_s.jpg\" rel=\"\"><img loading=\"lazy\" decoding=\"async\" class=\"aligncenter\" title=\"WhatsApp Image 2021-04-08 at 12.56.00\" src=\"http:\/\/live.staticflickr.com\/65535\/51104560930_f261939ae7_c.jpg\" alt=\"WhatsApp Image 2021-04-08 at 12.56.00\" width=\"800\" height=\"600\" \/><\/a><\/p>\n<p>Se trata de un <strong><em>Passeriforme<\/em><\/strong>, es decir un verdadero p\u00e1jaro, perteneciente a la <strong><em>familia Tyrannidae<\/em><\/strong>.<\/p>\n<p><a title=\"WhatsApp Image 2021-04-08 at 12.56.10\" href=\"http:\/\/live.staticflickr.com\/65535\/51103694438_f64918ce98_s.jpg\" rel=\"\"><img loading=\"lazy\" decoding=\"async\" class=\"aligncenter\" title=\"WhatsApp Image 2021-04-08 at 12.56.10\" src=\"http:\/\/live.staticflickr.com\/65535\/51103694438_f64918ce98_z.jpg\" alt=\"WhatsApp Image 2021-04-08 at 12.56.10\" width=\"640\" height=\"246\" \/><\/a><\/p>\n<p>Su nombre cient\u00edfico lo describe <strong><em>Serpophaga nigricans<\/em><\/strong> que podr\u00edamos traducir como \u201cnegruzco glot\u00f3n que come mosquitos\u201d.<\/p>\n<p><a title=\"WhatsApp Image 2021-04-08 at 12.56.10 (1)\" href=\"http:\/\/live.staticflickr.com\/65535\/51103457316_3dda19d266_s.jpg\" rel=\"\"><img loading=\"lazy\" decoding=\"async\" class=\"aligncenter\" title=\"WhatsApp Image 2021-04-08 at 12.56.10 (1)\" src=\"http:\/\/live.staticflickr.com\/65535\/51103457316_3dda19d266_z.jpg\" alt=\"WhatsApp Image 2021-04-08 at 12.56.10 (1)\" width=\"640\" height=\"480\" \/><\/a><\/p>\n<p>Mide aproximadamente 11 cm\u00a0 y los sexos no presentan diferencias. Su coloraci\u00f3n general es gris, en la parte superior es gris parduzco. Tiene\u00a0 una corona un poco m\u00e1s oscura con una l\u00ednea blanca que s\u00f3lo muestra cuando est\u00e1 alterado. Sus alas son pardo oscuro con barras m\u00e1s claras, su zona ventral es gris claro y su garganta blancuzca. Su cola es negra al igual que sus patas y corto pico. El iris es marr\u00f3n oscuro.<\/p>\n<p><a title=\"WhatsApp Image 2021-04-08 at 12.56.11\" href=\"http:\/\/live.staticflickr.com\/65535\/51103556557_6b848216c2_s.jpg\" rel=\"\"><img loading=\"lazy\" decoding=\"async\" class=\"alignleft\" style=\"float: left;\" title=\"WhatsApp Image 2021-04-08 at 12.56.11\" src=\"http:\/\/live.staticflickr.com\/65535\/51103556557_6b848216c2_w.jpg\" alt=\"WhatsApp Image 2021-04-08 at 12.56.11\" width=\"400\" height=\"300\" \/><\/a> <a title=\"WhatsApp Image 2021-04-08 at 12.56.11 (1)\" href=\"http:\/\/live.staticflickr.com\/65535\/51103532849_d9bb57b83e_s.jpg\" rel=\"\"><img loading=\"lazy\" decoding=\"async\" class=\"alignright\" style=\"float: right;\" title=\"WhatsApp Image 2021-04-08 at 12.56.11 (1)\" src=\"http:\/\/live.staticflickr.com\/65535\/51103532849_d9bb57b83e_w.jpg\" alt=\"WhatsApp Image 2021-04-08 at 12.56.11 (1)\" width=\"400\" height=\"300\" \/><\/a><\/p>\n<p>&nbsp;<\/p>\n<p>&nbsp;<\/p>\n<p>&nbsp;<\/p>\n<p>&nbsp;<\/p>\n<p>&nbsp;<\/p>\n<p>&nbsp;<\/p>\n<p>&nbsp;<\/p>\n<p>&nbsp;<\/p>\n<p>&nbsp;<\/p>\n<p>Es palustre, es decir que su vida est\u00e1 relacionada con el agua, habita arroyos, r\u00edos, estanques y humedales. Por este motivo al Piojito Gris tambi\u00e9n se lo conoce como Piojito de los Ba\u00f1ados o Piojito de las Riveras.<\/p>\n<p><a title=\"WhatsApp Image 2021-04-08 at 12.56.12\" href=\"http:\/\/live.staticflickr.com\/65535\/51103532909_d4ba7c1760_s.jpg\" rel=\"\"><img loading=\"lazy\" decoding=\"async\" class=\"alignleft\" style=\"float: left;\" title=\"WhatsApp Image 2021-04-08 at 12.56.12\" src=\"http:\/\/live.staticflickr.com\/65535\/51103532909_d4ba7c1760.jpg\" alt=\"WhatsApp Image 2021-04-08 at 12.56.12\" width=\"500\" height=\"375\" \/><\/a><\/p>\n<p>&nbsp;<\/p>\n<p>&nbsp;<\/p>\n<p><a title=\"WhatsApp Image 2021-04-08 at 12.56.12 (1)\" href=\"http:\/\/live.staticflickr.com\/65535\/51103457421_a89fa92206_s.jpg\" rel=\"\"><img loading=\"lazy\" decoding=\"async\" class=\"alignright\" style=\"float: right;\" title=\"WhatsApp Image 2021-04-08 at 12.56.12 (1)\" src=\"http:\/\/live.staticflickr.com\/65535\/51103457421_a89fa92206_w.jpg\" alt=\"WhatsApp Image 2021-04-08 at 12.56.12 (1)\" width=\"400\" height=\"300\" \/><\/a><\/p>\n<p>&nbsp;<\/p>\n<p>&nbsp;<\/p>\n<p>&nbsp;<\/p>\n<p>&nbsp;<\/p>\n<p>&nbsp;<\/p>\n<p>&nbsp;<\/p>\n<p>&nbsp;<\/p>\n<p>&nbsp;<\/p>\n<p>&nbsp;<\/p>\n<p>Inquieto y s\u00f3lo o en pareja recorre la vegetaci\u00f3n, de rama en rama y de roca en roca, con vuelos cortos y el\u00e1sticos buscando larvas e insectos. Se muestra en sitios visibles moviendo su cola hacia arriba y hacia abajo, \u00a0o abri\u00e9ndola como un abanico mientras se le puede o\u00edr un chistido de alarma o un canto suave.<br \/>\n<iframe loading=\"lazy\" src=\"https:\/\/w.soundcloud.com\/player\/?url=https%3A\/\/api.soundcloud.com\/tracks\/1025359726&amp;color=%23ff5500&amp;auto_play=false&amp;hide_related=false&amp;show_comments=true&amp;show_user=true&amp;show_reposts=false&amp;show_teaser=true\" width=\"100%\" height=\"166\" frameborder=\"no\" scrolling=\"no\"><\/iframe><\/p>\n<div style=\"font-size: 10px; color: #cccccc; line-break: anywhere; word-break: normal; overflow: hidden; white-space: nowrap; text-overflow: ellipsis; font-family: Interstate,Lucida Grande,Lucida Sans Unicode,Lucida Sans,Garuda,Verdana,Tahoma,sans-serif; font-weight: 100;\"><a style=\"color: #cccccc; text-decoration: none;\" title=\"fmreflejos 103.7\" href=\"https:\/\/soundcloud.com\/fmreflejos-103-7\" target=\"_blank\" rel=\"noopener\">fmreflejos 103.7<\/a> \u00b7 <a style=\"color: #cccccc; text-decoration: none;\" title=\"8 Audio Del PIOJITO GRIS\" href=\"https:\/\/soundcloud.com\/fmreflejos-103-7\/8-audio-del-piojito-gris\" target=\"_blank\" rel=\"noopener\">8 Audio Del PIOJITO GRIS<\/a><\/div>\n<div style=\"font-size: 10px; color: #cccccc; line-break: anywhere; word-break: normal; overflow: hidden; white-space: nowrap; text-overflow: ellipsis; font-family: Interstate,Lucida Grande,Lucida Sans Unicode,Lucida Sans,Garuda,Verdana,Tahoma,sans-serif; font-weight: 100;\"><\/div>\n<div style=\"font-size: 10px; color: #cccccc; line-break: anywhere; word-break: normal; overflow: hidden; white-space: nowrap; text-overflow: ellipsis; font-family: Interstate,Lucida Grande,Lucida Sans Unicode,Lucida Sans,Garuda,Verdana,Tahoma,sans-serif; font-weight: 100;\"><a title=\"WhatsApp Image 2021-04-08 at 12.56.13\" href=\"http:\/\/live.staticflickr.com\/65535\/51103457471_c615d3a488_s.jpg\" rel=\"\"><img loading=\"lazy\" decoding=\"async\" class=\"alignleft\" style=\"float: left;\" title=\"WhatsApp Image 2021-04-08 at 12.56.13\" src=\"http:\/\/live.staticflickr.com\/65535\/51103457471_c615d3a488_w.jpg\" alt=\"WhatsApp Image 2021-04-08 at 12.56.13\" width=\"400\" height=\"300\" \/><\/a><a title=\"WhatsApp Image 2021-04-08 at 12.56.13 (1)\" href=\"http:\/\/live.staticflickr.com\/65535\/51104561225_b290583940_s.jpg\" rel=\"\"><img loading=\"lazy\" decoding=\"async\" class=\"alignright\" style=\"float: right;\" title=\"WhatsApp Image 2021-04-08 at 12.56.13 (1)\" src=\"http:\/\/live.staticflickr.com\/65535\/51104561225_b290583940_w.jpg\" alt=\"WhatsApp Image 2021-04-08 at 12.56.13 (1)\" width=\"400\" height=\"300\" \/><\/a><\/div>\n<p>Se reproduce de octubre a enero. Construye en pareja un prolijo nido en forma de tacita con fibras vegetales y revestido interiormente con plumas u otros materiales suaves, que ata a ramas cercanas\u00a0 al agua. Pone tres blancos huevos y luego de 15 d\u00edas los pichones ser\u00e1n cuidados por ambos integrantes de la pareja.<\/p>\n<p><a title=\"WhatsApp Image 2021-04-08 at 12.56.13 (2)\" href=\"http:\/\/live.staticflickr.com\/65535\/51103694638_95ac093961_s.jpg\" rel=\"\"><img loading=\"lazy\" decoding=\"async\" class=\"aligncenter\" title=\"WhatsApp Image 2021-04-08 at 12.56.13 (2)\" src=\"http:\/\/live.staticflickr.com\/65535\/51103694638_95ac093961_z.jpg\" alt=\"WhatsApp Image 2021-04-08 at 12.56.13 (2)\" width=\"640\" height=\"480\" \/><\/a><\/p>\n<p>Su distribuci\u00f3n abarca desde R\u00edo Negro hasta nuestros pa\u00edses lim\u00edtrofes del Norte y est\u00e1 entre nosotros, en nuestra comarca serrana. Acompa\u00f1anos para ir a verlo y sumate a nuestra bandada.<\/p>\n<p>Pod\u00e9s comunicarte con nosotros a trav\u00e9s de estas v\u00edas:<\/p>\n<p><a title=\"WhatsApp Image 2021-04-08 at 12.56.14\" href=\"http:\/\/live.staticflickr.com\/65535\/51103694668_ef8ba909c0_s.jpg\" rel=\"\"><img loading=\"lazy\" decoding=\"async\" class=\"aligncenter\" title=\"WhatsApp Image 2021-04-08 at 12.56.14\" src=\"http:\/\/live.staticflickr.com\/65535\/51103694668_ef8ba909c0_w.jpg\" alt=\"WhatsApp Image 2021-04-08 at 12.56.14\" width=\"400\" height=\"353\" \/><\/a><\/p>\n<p><a title=\"Datos COA\" href=\"http:\/\/live.staticflickr.com\/65535\/51071853497_f0071a5330_s.jpg\" rel=\"\"><img loading=\"lazy\" decoding=\"async\" class=\"aligncenter\" title=\"Datos COA\" src=\"http:\/\/live.staticflickr.com\/65535\/51071853497_f0071a5330_n.jpg\" alt=\"Datos COA\" width=\"320\" height=\"240\" \/><\/a><\/p>\n<p>Asimismo, compartimos un grupo de whatsapp con Participantes del COA para estrecho contacto; comunicate y te sumamos.<\/p>\n<p><iframe loading=\"lazy\" title=\"YouTube video player\" src=\"https:\/\/www.youtube.com\/embed\/dHA4mQCfaHo\" width=\"560\" height=\"315\" frameborder=\"0\" allowfullscreen=\"allowfullscreen\"><\/iframe><\/p>\n<p>El texto narrativo es de Gaby y Pedro. Y las bell\u00edsimas fotos del Piojito Gris son de Pedro Daniel Cabrera, que lo muestran hasta en su m\u00e1s fino detalle, lo cual nos ayuda para identificarlo en su entorno natural, en libertad.<\/p>\n<p>&nbsp;<\/p>\n","protected":false},"excerpt":{"rendered":"<p>Nuevamente estamos del COA Gaucho Serrano de Villa Ventana en el aire y en la web de la FM 103.7, Radio Reflejos de Sierra de la Ventana, junto a la comunidad para brindarles en esta ocasi\u00f3n informaci\u00f3n sobre una de nuestras aves.<\/p>\n","protected":false},"author":3,"featured_media":0,"comment_status":"closed","ping_status":"open","sticky":false,"template":"","format":"standard","meta":{"footnotes":""},"categories":[46,34],"tags":[],"class_list":["post-55097","post","type-post","status-publish","format-standard","hentry","category-ciencia-y-tecnologia","category-educacion"],"yoast_head":"<!-- This site is optimized with the Yoast SEO plugin v25.9 - https:\/\/yoast.com\/wordpress\/plugins\/seo\/ -->\n<title>INFOCOA - Piojito Gris - Noticias Radio Reflejos<\/title>\n<meta name=\"robots\" content=\"index, follow, max-snippet:-1, max-image-preview:large, max-video-preview:-1\" \/>\n<link rel=\"canonical\" href=\"https:\/\/www.noticiasradioreflejos.com.ar\/2021\/infocoa-piojito-gris\/\" \/>\n<meta property=\"og:locale\" content=\"es_ES\" \/>\n<meta property=\"og:type\" content=\"article\" \/>\n<meta property=\"og:title\" content=\"INFOCOA - Piojito Gris - Noticias Radio Reflejos\" \/>\n<meta property=\"og:description\" content=\"Nuevamente estamos del COA Gaucho Serrano de Villa Ventana en el aire y en la web de la FM 103.7, Radio Reflejos de Sierra de la Ventana, junto a la comunidad para brindarles en esta ocasi\u00f3n informaci\u00f3n sobre una de nuestras aves.\" \/>\n<meta property=\"og:url\" content=\"https:\/\/www.noticiasradioreflejos.com.ar\/2021\/infocoa-piojito-gris\/\" \/>\n<meta property=\"og:site_name\" content=\"Noticias Radio Reflejos\" \/>\n<meta property=\"article:published_time\" content=\"2021-04-08T21:25:12+00:00\" \/>\n<meta property=\"og:image\" content=\"http:\/\/live.staticflickr.com\/65535\/51104560930_f261939ae7_c.jpg\" \/>\n<meta name=\"author\" content=\"Arnaldo Botto\" \/>\n<meta name=\"twitter:card\" content=\"summary_large_image\" \/>\n<script type=\"application\/ld+json\" class=\"yoast-schema-graph\">{\"@context\":\"https:\/\/schema.org\",\"@graph\":[{\"@type\":\"WebPage\",\"@id\":\"https:\/\/www.noticiasradioreflejos.com.ar\/2021\/infocoa-piojito-gris\/\",\"url\":\"https:\/\/www.noticiasradioreflejos.com.ar\/2021\/infocoa-piojito-gris\/\",\"name\":\"INFOCOA - Piojito Gris - Noticias Radio Reflejos\",\"isPartOf\":{\"@id\":\"https:\/\/www.noticiasradioreflejos.com.ar\/2021\/#website\"},\"primaryImageOfPage\":{\"@id\":\"https:\/\/www.noticiasradioreflejos.com.ar\/2021\/infocoa-piojito-gris\/#primaryimage\"},\"image\":{\"@id\":\"https:\/\/www.noticiasradioreflejos.com.ar\/2021\/infocoa-piojito-gris\/#primaryimage\"},\"thumbnailUrl\":\"http:\/\/live.staticflickr.com\/65535\/51104560930_f261939ae7_c.jpg\",\"datePublished\":\"2021-04-08T21:25:12+00:00\",\"author\":{\"@id\":\"https:\/\/www.noticiasradioreflejos.com.ar\/2021\/#\/schema\/person\/ad82545263dcc5ec0996818884fd5fb1\"},\"breadcrumb\":{\"@id\":\"https:\/\/www.noticiasradioreflejos.com.ar\/2021\/infocoa-piojito-gris\/#breadcrumb\"},\"inLanguage\":\"es\",\"potentialAction\":[{\"@type\":\"ReadAction\",\"target\":[\"https:\/\/www.noticiasradioreflejos.com.ar\/2021\/infocoa-piojito-gris\/\"]}]},{\"@type\":\"ImageObject\",\"inLanguage\":\"es\",\"@id\":\"https:\/\/www.noticiasradioreflejos.com.ar\/2021\/infocoa-piojito-gris\/#primaryimage\",\"url\":\"http:\/\/live.staticflickr.com\/65535\/51104560930_f261939ae7_c.jpg\",\"contentUrl\":\"http:\/\/live.staticflickr.com\/65535\/51104560930_f261939ae7_c.jpg\"},{\"@type\":\"BreadcrumbList\",\"@id\":\"https:\/\/www.noticiasradioreflejos.com.ar\/2021\/infocoa-piojito-gris\/#breadcrumb\",\"itemListElement\":[{\"@type\":\"ListItem\",\"position\":1,\"name\":\"Portada\",\"item\":\"https:\/\/www.noticiasradioreflejos.com.ar\/2021\/\"},{\"@type\":\"ListItem\",\"position\":2,\"name\":\"INFOCOA &#8211; Piojito Gris\"}]},{\"@type\":\"WebSite\",\"@id\":\"https:\/\/www.noticiasradioreflejos.com.ar\/2021\/#website\",\"url\":\"https:\/\/www.noticiasradioreflejos.com.ar\/2021\/\",\"name\":\"Noticias Radio Reflejos\",\"description\":\"Las noticias de mi comarca\",\"potentialAction\":[{\"@type\":\"SearchAction\",\"target\":{\"@type\":\"EntryPoint\",\"urlTemplate\":\"https:\/\/www.noticiasradioreflejos.com.ar\/2021\/?s={search_term_string}\"},\"query-input\":{\"@type\":\"PropertyValueSpecification\",\"valueRequired\":true,\"valueName\":\"search_term_string\"}}],\"inLanguage\":\"es\"},{\"@type\":\"Person\",\"@id\":\"https:\/\/www.noticiasradioreflejos.com.ar\/2021\/#\/schema\/person\/ad82545263dcc5ec0996818884fd5fb1\",\"name\":\"Arnaldo Botto\",\"image\":{\"@type\":\"ImageObject\",\"inLanguage\":\"es\",\"@id\":\"https:\/\/www.noticiasradioreflejos.com.ar\/2021\/#\/schema\/person\/image\/\",\"url\":\"https:\/\/secure.gravatar.com\/avatar\/55cb5e37c1efa326397366e6974cb338056df65cb50e7d64d1cf314e87504837?s=96&d=mm&r=g\",\"contentUrl\":\"https:\/\/secure.gravatar.com\/avatar\/55cb5e37c1efa326397366e6974cb338056df65cb50e7d64d1cf314e87504837?s=96&d=mm&r=g\",\"caption\":\"Arnaldo Botto\"},\"url\":\"https:\/\/www.noticiasradioreflejos.com.ar\/2021\/author\/arnaldo\/\"}]}<\/script>\n<!-- \/ Yoast SEO plugin. -->","yoast_head_json":{"title":"INFOCOA - Piojito Gris - Noticias Radio Reflejos","robots":{"index":"index","follow":"follow","max-snippet":"max-snippet:-1","max-image-preview":"max-image-preview:large","max-video-preview":"max-video-preview:-1"},"canonical":"https:\/\/www.noticiasradioreflejos.com.ar\/2021\/infocoa-piojito-gris\/","og_locale":"es_ES","og_type":"article","og_title":"INFOCOA - Piojito Gris - Noticias Radio Reflejos","og_description":"Nuevamente estamos del COA Gaucho Serrano de Villa Ventana en el aire y en la web de la FM 103.7, Radio Reflejos de Sierra de la Ventana, junto a la comunidad para brindarles en esta ocasi\u00f3n informaci\u00f3n sobre una de nuestras aves.","og_url":"https:\/\/www.noticiasradioreflejos.com.ar\/2021\/infocoa-piojito-gris\/","og_site_name":"Noticias Radio Reflejos","article_published_time":"2021-04-08T21:25:12+00:00","og_image":[{"url":"http:\/\/live.staticflickr.com\/65535\/51104560930_f261939ae7_c.jpg","type":"","width":"","height":""}],"author":"Arnaldo Botto","twitter_card":"summary_large_image","schema":{"@context":"https:\/\/schema.org","@graph":[{"@type":"WebPage","@id":"https:\/\/www.noticiasradioreflejos.com.ar\/2021\/infocoa-piojito-gris\/","url":"https:\/\/www.noticiasradioreflejos.com.ar\/2021\/infocoa-piojito-gris\/","name":"INFOCOA - Piojito Gris - Noticias Radio Reflejos","isPartOf":{"@id":"https:\/\/www.noticiasradioreflejos.com.ar\/2021\/#website"},"primaryImageOfPage":{"@id":"https:\/\/www.noticiasradioreflejos.com.ar\/2021\/infocoa-piojito-gris\/#primaryimage"},"image":{"@id":"https:\/\/www.noticiasradioreflejos.com.ar\/2021\/infocoa-piojito-gris\/#primaryimage"},"thumbnailUrl":"http:\/\/live.staticflickr.com\/65535\/51104560930_f261939ae7_c.jpg","datePublished":"2021-04-08T21:25:12+00:00","author":{"@id":"https:\/\/www.noticiasradioreflejos.com.ar\/2021\/#\/schema\/person\/ad82545263dcc5ec0996818884fd5fb1"},"breadcrumb":{"@id":"https:\/\/www.noticiasradioreflejos.com.ar\/2021\/infocoa-piojito-gris\/#breadcrumb"},"inLanguage":"es","potentialAction":[{"@type":"ReadAction","target":["https:\/\/www.noticiasradioreflejos.com.ar\/2021\/infocoa-piojito-gris\/"]}]},{"@type":"ImageObject","inLanguage":"es","@id":"https:\/\/www.noticiasradioreflejos.com.ar\/2021\/infocoa-piojito-gris\/#primaryimage","url":"http:\/\/live.staticflickr.com\/65535\/51104560930_f261939ae7_c.jpg","contentUrl":"http:\/\/live.staticflickr.com\/65535\/51104560930_f261939ae7_c.jpg"},{"@type":"BreadcrumbList","@id":"https:\/\/www.noticiasradioreflejos.com.ar\/2021\/infocoa-piojito-gris\/#breadcrumb","itemListElement":[{"@type":"ListItem","position":1,"name":"Portada","item":"https:\/\/www.noticiasradioreflejos.com.ar\/2021\/"},{"@type":"ListItem","position":2,"name":"INFOCOA &#8211; Piojito Gris"}]},{"@type":"WebSite","@id":"https:\/\/www.noticiasradioreflejos.com.ar\/2021\/#website","url":"https:\/\/www.noticiasradioreflejos.com.ar\/2021\/","name":"Noticias Radio Reflejos","description":"Las noticias de mi comarca","potentialAction":[{"@type":"SearchAction","target":{"@type":"EntryPoint","urlTemplate":"https:\/\/www.noticiasradioreflejos.com.ar\/2021\/?s={search_term_string}"},"query-input":{"@type":"PropertyValueSpecification","valueRequired":true,"valueName":"search_term_string"}}],"inLanguage":"es"},{"@type":"Person","@id":"https:\/\/www.noticiasradioreflejos.com.ar\/2021\/#\/schema\/person\/ad82545263dcc5ec0996818884fd5fb1","name":"Arnaldo Botto","image":{"@type":"ImageObject","inLanguage":"es","@id":"https:\/\/www.noticiasradioreflejos.com.ar\/2021\/#\/schema\/person\/image\/","url":"https:\/\/secure.gravatar.com\/avatar\/55cb5e37c1efa326397366e6974cb338056df65cb50e7d64d1cf314e87504837?s=96&d=mm&r=g","contentUrl":"https:\/\/secure.gravatar.com\/avatar\/55cb5e37c1efa326397366e6974cb338056df65cb50e7d64d1cf314e87504837?s=96&d=mm&r=g","caption":"Arnaldo Botto"},"url":"https:\/\/www.noticiasradioreflejos.com.ar\/2021\/author\/arnaldo\/"}]}},"_links":{"self":[{"href":"https:\/\/www.noticiasradioreflejos.com.ar\/2021\/wp-json\/wp\/v2\/posts\/55097","targetHints":{"allow":["GET"]}}],"collection":[{"href":"https:\/\/www.noticiasradioreflejos.com.ar\/2021\/wp-json\/wp\/v2\/posts"}],"about":[{"href":"https:\/\/www.noticiasradioreflejos.com.ar\/2021\/wp-json\/wp\/v2\/types\/post"}],"author":[{"embeddable":true,"href":"https:\/\/www.noticiasradioreflejos.com.ar\/2021\/wp-json\/wp\/v2\/users\/3"}],"replies":[{"embeddable":true,"href":"https:\/\/www.noticiasradioreflejos.com.ar\/2021\/wp-json\/wp\/v2\/comments?post=55097"}],"version-history":[{"count":0,"href":"https:\/\/www.noticiasradioreflejos.com.ar\/2021\/wp-json\/wp\/v2\/posts\/55097\/revisions"}],"wp:attachment":[{"href":"https:\/\/www.noticiasradioreflejos.com.ar\/2021\/wp-json\/wp\/v2\/media?parent=55097"}],"wp:term":[{"taxonomy":"category","embeddable":true,"href":"https:\/\/www.noticiasradioreflejos.com.ar\/2021\/wp-json\/wp\/v2\/categories?post=55097"},{"taxonomy":"post_tag","embeddable":true,"href":"https:\/\/www.noticiasradioreflejos.com.ar\/2021\/wp-json\/wp\/v2\/tags?post=55097"}],"curies":[{"name":"wp","href":"https:\/\/api.w.org\/{rel}","templated":true}]}}