{"id":55083,"date":"2021-04-08T14:59:56","date_gmt":"2021-04-08T17:59:56","guid":{"rendered":"http:\/\/www.noticiasradioreflejos.com.ar\/noticias\/?p=55083"},"modified":"2021-04-08T14:59:56","modified_gmt":"2021-04-08T17:59:56","slug":"quienes-deben-tramitar-el-permiso-para-usar-el-transporte-publico-y-como-hacerlo","status":"publish","type":"post","link":"https:\/\/www.noticiasradioreflejos.com.ar\/2021\/quienes-deben-tramitar-el-permiso-para-usar-el-transporte-publico-y-como-hacerlo\/","title":{"rendered":"Qui\u00e9nes deben tramitar el permiso para usar el transporte p\u00fablico y c\u00f3mo hacerlo"},"content":{"rendered":"<p>En el AMBA s\u00f3lo podr\u00e1n viajar quienes sean trabajadores esenciales, la comunidad educativa y aquellos que ya fueron autorizados con anterioridad. Se renovar\u00e1n los controles para que se respete la distancia social en colectivos, trenes y subtes, en los que circula una gran cantidad de pasajeros.<!--more--><\/p>\n<div id=\"image\" class=\"image\">\n<p><img decoding=\"async\" title=\"El permiso de puede tramitar en la web o a trav\u00e9s de la aplicaci\u00f3n Cuidar.\" src=\"https:\/\/www.telam.com.ar\/advf\/imagenes\/2021\/02\/602d10a7725e7_1004x565.jpg\" alt=\"El permiso de puede tramitar en la web o a trav\u00e9s de la aplicaci\u00f3n Cuidar.\" \/><\/p>\n<div class=\"epigrafe\">El permiso de puede tramitar en la web o a trav\u00e9s de la aplicaci\u00f3n Cuidar.<\/div>\n<\/div>\n<p>Los trabajadores esenciales, la comunidad educativa y las personas expresamente habilitadas\u00a0<strong>deber\u00e1n tener actualizado el permiso de circulaci\u00f3n para poder trasladarse en el horario restringido<\/strong>, de 0 a 6, o para utilizar el transporte p\u00fablico en el marco de la nueva fase que se inicia este viernes para frenar los contagios de coronavirus.<\/p>\n<p>As\u00ed lo confirm\u00f3 a T\u00e9lam la Secretaria de Innovaci\u00f3n P\u00fablica, Micaela S\u00e1nchez Malcolm, quien adem\u00e1s aclar\u00f3 que aquellas personas que deban movilizarse o utilizar el transporte p\u00fablico para aplicarse la vacuna contra la Covid-19\u00a0<strong>deber\u00e1n tramitar el permiso especial de 24 horas para asistir a turnos m\u00e9dicos.<\/strong><\/p>\n<p>De esta manera, a los trabajadores y personas que se movilicen se les exigir\u00e1 el CUHC (Certificado \u00danicos Habilitantes de Circulaci\u00f3n), ya sea impreso o a trav\u00e9s de la aplicaci\u00f3n para celulares CuidAr.<\/p>\n<p>No obstante, se aclar\u00f3 que no todos los que tengan el permiso para movilizarse van a poder utilizar el transporte p\u00fablico, y el detalle de las actividades se podr\u00e1 consultar en la p\u00e1gina web\u00a0<strong><a href=\"https:\/\/www.argentina.gob.ar\/circular\/actividades-permitidas\" target=\"_blank\" rel=\"noopener\">https:\/\/www.argentina.gob.ar\/circular\/actividades-permitidas<\/a><\/strong>.<\/p>\n<p>\u00abEn principio nadie va a tener inconvenientes con el sistema porque la mayor\u00eda ya utiliz\u00f3 la aplicaci\u00f3n o descarg\u00f3 los permisos, por lo que solo tendr\u00e1n que tenerlo actualizado. El objetivo fue no complejizar el tr\u00e1mite, que nunca se discontinu\u00f3 y que fue muy \u00e1gil como el CuidAr Verano\u00bb, explic\u00f3 a T\u00e9lam S\u00e1nchez Malcolm.<\/p>\n<div id=\"image\" class=\"image\">\n<p><img decoding=\"async\" title=\"Es necesario contar con Certificado \u00danico Habilitante de Circulaci\u00f3n.\" src=\"https:\/\/www.telam.com.ar\/advf\/imagenes\/2021\/02\/602d10a75d12b_1004x565.jpg\" alt=\"Es necesario contar con Certificado \u00danico Habilitante de Circulaci\u00f3n.\" \/><\/p>\n<div class=\"epigrafe\">Es necesario contar con Certificado \u00danico Habilitante de Circulaci\u00f3n.<\/div>\n<\/div>\n<div class=\"auth\">C\u00f3mo obtener el certificado<\/div>\n<p>M\u00e1s all\u00e1 de que puedan utilizar el transporte p\u00fablico o lo hagan en un veh\u00edculo particular, el tr\u00e1mite debe solicitarse o renovarse\u00a0<strong>a trav\u00e9s de la app CuidAR<\/strong>, disponible para dispositivos con sistema Android o en\u00a0<strong><a href=\"http:\/\/www.argentina.gob.ar\/circular\" target=\"_blank\" rel=\"noopener\">www.argentina.gob.ar\/circular<\/a><\/strong>, donde deber\u00e1n seguir con los pasos de acuerdo a la zona geogr\u00e1fica del pa\u00eds.<\/p>\n<p>Una vez seleccionado el lugar de residencia, el sistema pedir\u00e1 elegir el motivo por el que se tramita el permiso, que consta de tres opciones:<br \/>\n1. viajar a tu trabajo (excepto establecimientos educativos)<br \/>\n2. ir a un establecimiento educativo a trabajar o estudiar<br \/>\n3. permiso especial (hacer tr\u00e1mites o tratamientos m\u00e9dicos; trasladar hijos o hijas; asistir a familiar; viajar en micro, tren o avi\u00f3n; manejar por ruta; ir a un evento; practicar deporte).<\/p>\n<p>Las personas que deber\u00e1n seleccionar el \u00edtem 1 son los trabajadores de la salud o del Estado, servicios considerados esenciales o en un medio de comunicaci\u00f3n, el personal de comercio, bancario, de servicios financieros, de mutuales o cooperativas de cr\u00e9dito, profesional liberal (contador, abogado), psic\u00f3logo, trabajador industrial, de deportes autorizados o de casas particulares, mantenimiento de infraestructura, transporte de personas y mercader\u00edas, telecomunicaciones, obras p\u00fablicas, privadas o energ\u00e9ticas y la asistencia a personas menores, mayores o con discapacidad.<\/p>\n<p>En el caso de ser docente se deber\u00e1 seleccionar el \u00edtem 2 y deber\u00e1n aclarar luego si trabajan como personal directivo, docente o no docente en un establecimiento educativo autorizado a reanudar actividades, si es el adulto responsable que debe llevar a un menor de edad a la escuela (incluye el certificado de ese menor), o si se trata de un estudiante de nivel primario, secundario o superior.<\/p>\n<p>En tanto, el \u00edtem 3 es para aquellas personas que deban movilizarse por emergencias, situaciones imprevistas o urgencias; para asistir a turnos m\u00e9dicos, hacer tr\u00e1mites impostergables o mudarse (24 horas); para asistir a familiares, a persona mayor o a personas con discapacidad; para padres\/madres separados que deben trasladar hijos o hijas; para tratamiento m\u00e9dico prolongado; o para pr\u00e1ctica de un deporte individual autorizado, entrenamiento de deportista de representaci\u00f3n nacional de una federaci\u00f3n autorizada o asistencia a un evento autorizado.<\/p>\n<p>En esta \u00faltima \u00faltima opci\u00f3n est\u00e1 relacionada con quienes lo necesiten para viajar por el pa\u00eds en avi\u00f3n, micro o tren; ir y volver del aeropuerto o terminal; manejar por ruta nacional, provincial o autov\u00eda hacia una vivienda propia o con transporte de carga.<\/p>\n<p><strong>En todos los casos habr\u00e1 que completar el formulario con los datos del destino y adjuntar documentaci\u00f3n que justifique el permiso y permita comprobar que la persona realiza ese trabajo, como ser un recibo de sueldo, monotributo o una carta del empleador.<\/strong><\/p>\n<p>El archivo puede ser subido en .doc, .docx, .pdf, .jpg y .png, y no debe sobrepasar los 10 mb de peso.<\/p>\n","protected":false},"excerpt":{"rendered":"<p>En el AMBA s\u00f3lo podr\u00e1n viajar quienes sean trabajadores esenciales, la comunidad educativa y aquellos que ya fueron autorizados con anterioridad. Se renovar\u00e1n los controles para que se respete la distancia social en colectivos, trenes y subtes, en los que circula una gran cantidad de pasajeros.<\/p>\n","protected":false},"author":3,"featured_media":0,"comment_status":"closed","ping_status":"open","sticky":false,"template":"","format":"standard","meta":{"footnotes":""},"categories":[24,30],"tags":[],"class_list":["post-55083","post","type-post","status-publish","format-standard","hentry","category-politica","category-salud"],"yoast_head":"<!-- This site is optimized with the Yoast SEO plugin v25.9 - https:\/\/yoast.com\/wordpress\/plugins\/seo\/ -->\n<title>Qui\u00e9nes deben tramitar el permiso para usar el transporte p\u00fablico y c\u00f3mo hacerlo - Noticias Radio Reflejos<\/title>\n<meta name=\"robots\" content=\"index, follow, max-snippet:-1, max-image-preview:large, max-video-preview:-1\" \/>\n<link rel=\"canonical\" href=\"https:\/\/www.noticiasradioreflejos.com.ar\/2021\/quienes-deben-tramitar-el-permiso-para-usar-el-transporte-publico-y-como-hacerlo\/\" \/>\n<meta property=\"og:locale\" content=\"es_ES\" \/>\n<meta property=\"og:type\" content=\"article\" \/>\n<meta property=\"og:title\" content=\"Qui\u00e9nes deben tramitar el permiso para usar el transporte p\u00fablico y c\u00f3mo hacerlo - Noticias Radio Reflejos\" \/>\n<meta property=\"og:description\" content=\"En el AMBA s\u00f3lo podr\u00e1n viajar quienes sean trabajadores esenciales, la comunidad educativa y aquellos que ya fueron autorizados con anterioridad. Se renovar\u00e1n los controles para que se respete la distancia social en colectivos, trenes y subtes, en los que circula una gran cantidad de pasajeros.\" \/>\n<meta property=\"og:url\" content=\"https:\/\/www.noticiasradioreflejos.com.ar\/2021\/quienes-deben-tramitar-el-permiso-para-usar-el-transporte-publico-y-como-hacerlo\/\" \/>\n<meta property=\"og:site_name\" content=\"Noticias Radio Reflejos\" \/>\n<meta property=\"article:published_time\" content=\"2021-04-08T17:59:56+00:00\" \/>\n<meta property=\"og:image\" content=\"https:\/\/www.telam.com.ar\/advf\/imagenes\/2021\/02\/602d10a7725e7_1004x565.jpg\" \/>\n<meta name=\"author\" content=\"Arnaldo Botto\" \/>\n<meta name=\"twitter:card\" content=\"summary_large_image\" \/>\n<script type=\"application\/ld+json\" class=\"yoast-schema-graph\">{\"@context\":\"https:\/\/schema.org\",\"@graph\":[{\"@type\":\"WebPage\",\"@id\":\"https:\/\/www.noticiasradioreflejos.com.ar\/2021\/quienes-deben-tramitar-el-permiso-para-usar-el-transporte-publico-y-como-hacerlo\/\",\"url\":\"https:\/\/www.noticiasradioreflejos.com.ar\/2021\/quienes-deben-tramitar-el-permiso-para-usar-el-transporte-publico-y-como-hacerlo\/\",\"name\":\"Qui\u00e9nes deben tramitar el permiso para usar el transporte p\u00fablico y c\u00f3mo hacerlo - Noticias Radio Reflejos\",\"isPartOf\":{\"@id\":\"https:\/\/www.noticiasradioreflejos.com.ar\/2021\/#website\"},\"primaryImageOfPage\":{\"@id\":\"https:\/\/www.noticiasradioreflejos.com.ar\/2021\/quienes-deben-tramitar-el-permiso-para-usar-el-transporte-publico-y-como-hacerlo\/#primaryimage\"},\"image\":{\"@id\":\"https:\/\/www.noticiasradioreflejos.com.ar\/2021\/quienes-deben-tramitar-el-permiso-para-usar-el-transporte-publico-y-como-hacerlo\/#primaryimage\"},\"thumbnailUrl\":\"https:\/\/www.telam.com.ar\/advf\/imagenes\/2021\/02\/602d10a7725e7_1004x565.jpg\",\"datePublished\":\"2021-04-08T17:59:56+00:00\",\"author\":{\"@id\":\"https:\/\/www.noticiasradioreflejos.com.ar\/2021\/#\/schema\/person\/ad82545263dcc5ec0996818884fd5fb1\"},\"breadcrumb\":{\"@id\":\"https:\/\/www.noticiasradioreflejos.com.ar\/2021\/quienes-deben-tramitar-el-permiso-para-usar-el-transporte-publico-y-como-hacerlo\/#breadcrumb\"},\"inLanguage\":\"es\",\"potentialAction\":[{\"@type\":\"ReadAction\",\"target\":[\"https:\/\/www.noticiasradioreflejos.com.ar\/2021\/quienes-deben-tramitar-el-permiso-para-usar-el-transporte-publico-y-como-hacerlo\/\"]}]},{\"@type\":\"ImageObject\",\"inLanguage\":\"es\",\"@id\":\"https:\/\/www.noticiasradioreflejos.com.ar\/2021\/quienes-deben-tramitar-el-permiso-para-usar-el-transporte-publico-y-como-hacerlo\/#primaryimage\",\"url\":\"https:\/\/www.telam.com.ar\/advf\/imagenes\/2021\/02\/602d10a7725e7_1004x565.jpg\",\"contentUrl\":\"https:\/\/www.telam.com.ar\/advf\/imagenes\/2021\/02\/602d10a7725e7_1004x565.jpg\"},{\"@type\":\"BreadcrumbList\",\"@id\":\"https:\/\/www.noticiasradioreflejos.com.ar\/2021\/quienes-deben-tramitar-el-permiso-para-usar-el-transporte-publico-y-como-hacerlo\/#breadcrumb\",\"itemListElement\":[{\"@type\":\"ListItem\",\"position\":1,\"name\":\"Portada\",\"item\":\"https:\/\/www.noticiasradioreflejos.com.ar\/2021\/\"},{\"@type\":\"ListItem\",\"position\":2,\"name\":\"Qui\u00e9nes deben tramitar el permiso para usar el transporte p\u00fablico y c\u00f3mo hacerlo\"}]},{\"@type\":\"WebSite\",\"@id\":\"https:\/\/www.noticiasradioreflejos.com.ar\/2021\/#website\",\"url\":\"https:\/\/www.noticiasradioreflejos.com.ar\/2021\/\",\"name\":\"Noticias Radio Reflejos\",\"description\":\"Las noticias de mi comarca\",\"potentialAction\":[{\"@type\":\"SearchAction\",\"target\":{\"@type\":\"EntryPoint\",\"urlTemplate\":\"https:\/\/www.noticiasradioreflejos.com.ar\/2021\/?s={search_term_string}\"},\"query-input\":{\"@type\":\"PropertyValueSpecification\",\"valueRequired\":true,\"valueName\":\"search_term_string\"}}],\"inLanguage\":\"es\"},{\"@type\":\"Person\",\"@id\":\"https:\/\/www.noticiasradioreflejos.com.ar\/2021\/#\/schema\/person\/ad82545263dcc5ec0996818884fd5fb1\",\"name\":\"Arnaldo Botto\",\"image\":{\"@type\":\"ImageObject\",\"inLanguage\":\"es\",\"@id\":\"https:\/\/www.noticiasradioreflejos.com.ar\/2021\/#\/schema\/person\/image\/\",\"url\":\"https:\/\/secure.gravatar.com\/avatar\/55cb5e37c1efa326397366e6974cb338056df65cb50e7d64d1cf314e87504837?s=96&d=mm&r=g\",\"contentUrl\":\"https:\/\/secure.gravatar.com\/avatar\/55cb5e37c1efa326397366e6974cb338056df65cb50e7d64d1cf314e87504837?s=96&d=mm&r=g\",\"caption\":\"Arnaldo Botto\"},\"url\":\"https:\/\/www.noticiasradioreflejos.com.ar\/2021\/author\/arnaldo\/\"}]}<\/script>\n<!-- \/ Yoast SEO plugin. -->","yoast_head_json":{"title":"Qui\u00e9nes deben tramitar el permiso para usar el transporte p\u00fablico y c\u00f3mo hacerlo - Noticias Radio Reflejos","robots":{"index":"index","follow":"follow","max-snippet":"max-snippet:-1","max-image-preview":"max-image-preview:large","max-video-preview":"max-video-preview:-1"},"canonical":"https:\/\/www.noticiasradioreflejos.com.ar\/2021\/quienes-deben-tramitar-el-permiso-para-usar-el-transporte-publico-y-como-hacerlo\/","og_locale":"es_ES","og_type":"article","og_title":"Qui\u00e9nes deben tramitar el permiso para usar el transporte p\u00fablico y c\u00f3mo hacerlo - Noticias Radio Reflejos","og_description":"En el AMBA s\u00f3lo podr\u00e1n viajar quienes sean trabajadores esenciales, la comunidad educativa y aquellos que ya fueron autorizados con anterioridad. Se renovar\u00e1n los controles para que se respete la distancia social en colectivos, trenes y subtes, en los que circula una gran cantidad de pasajeros.","og_url":"https:\/\/www.noticiasradioreflejos.com.ar\/2021\/quienes-deben-tramitar-el-permiso-para-usar-el-transporte-publico-y-como-hacerlo\/","og_site_name":"Noticias Radio Reflejos","article_published_time":"2021-04-08T17:59:56+00:00","og_image":[{"url":"https:\/\/www.telam.com.ar\/advf\/imagenes\/2021\/02\/602d10a7725e7_1004x565.jpg","type":"","width":"","height":""}],"author":"Arnaldo Botto","twitter_card":"summary_large_image","schema":{"@context":"https:\/\/schema.org","@graph":[{"@type":"WebPage","@id":"https:\/\/www.noticiasradioreflejos.com.ar\/2021\/quienes-deben-tramitar-el-permiso-para-usar-el-transporte-publico-y-como-hacerlo\/","url":"https:\/\/www.noticiasradioreflejos.com.ar\/2021\/quienes-deben-tramitar-el-permiso-para-usar-el-transporte-publico-y-como-hacerlo\/","name":"Qui\u00e9nes deben tramitar el permiso para usar el transporte p\u00fablico y c\u00f3mo hacerlo - Noticias Radio Reflejos","isPartOf":{"@id":"https:\/\/www.noticiasradioreflejos.com.ar\/2021\/#website"},"primaryImageOfPage":{"@id":"https:\/\/www.noticiasradioreflejos.com.ar\/2021\/quienes-deben-tramitar-el-permiso-para-usar-el-transporte-publico-y-como-hacerlo\/#primaryimage"},"image":{"@id":"https:\/\/www.noticiasradioreflejos.com.ar\/2021\/quienes-deben-tramitar-el-permiso-para-usar-el-transporte-publico-y-como-hacerlo\/#primaryimage"},"thumbnailUrl":"https:\/\/www.telam.com.ar\/advf\/imagenes\/2021\/02\/602d10a7725e7_1004x565.jpg","datePublished":"2021-04-08T17:59:56+00:00","author":{"@id":"https:\/\/www.noticiasradioreflejos.com.ar\/2021\/#\/schema\/person\/ad82545263dcc5ec0996818884fd5fb1"},"breadcrumb":{"@id":"https:\/\/www.noticiasradioreflejos.com.ar\/2021\/quienes-deben-tramitar-el-permiso-para-usar-el-transporte-publico-y-como-hacerlo\/#breadcrumb"},"inLanguage":"es","potentialAction":[{"@type":"ReadAction","target":["https:\/\/www.noticiasradioreflejos.com.ar\/2021\/quienes-deben-tramitar-el-permiso-para-usar-el-transporte-publico-y-como-hacerlo\/"]}]},{"@type":"ImageObject","inLanguage":"es","@id":"https:\/\/www.noticiasradioreflejos.com.ar\/2021\/quienes-deben-tramitar-el-permiso-para-usar-el-transporte-publico-y-como-hacerlo\/#primaryimage","url":"https:\/\/www.telam.com.ar\/advf\/imagenes\/2021\/02\/602d10a7725e7_1004x565.jpg","contentUrl":"https:\/\/www.telam.com.ar\/advf\/imagenes\/2021\/02\/602d10a7725e7_1004x565.jpg"},{"@type":"BreadcrumbList","@id":"https:\/\/www.noticiasradioreflejos.com.ar\/2021\/quienes-deben-tramitar-el-permiso-para-usar-el-transporte-publico-y-como-hacerlo\/#breadcrumb","itemListElement":[{"@type":"ListItem","position":1,"name":"Portada","item":"https:\/\/www.noticiasradioreflejos.com.ar\/2021\/"},{"@type":"ListItem","position":2,"name":"Qui\u00e9nes deben tramitar el permiso para usar el transporte p\u00fablico y c\u00f3mo hacerlo"}]},{"@type":"WebSite","@id":"https:\/\/www.noticiasradioreflejos.com.ar\/2021\/#website","url":"https:\/\/www.noticiasradioreflejos.com.ar\/2021\/","name":"Noticias Radio Reflejos","description":"Las noticias de mi comarca","potentialAction":[{"@type":"SearchAction","target":{"@type":"EntryPoint","urlTemplate":"https:\/\/www.noticiasradioreflejos.com.ar\/2021\/?s={search_term_string}"},"query-input":{"@type":"PropertyValueSpecification","valueRequired":true,"valueName":"search_term_string"}}],"inLanguage":"es"},{"@type":"Person","@id":"https:\/\/www.noticiasradioreflejos.com.ar\/2021\/#\/schema\/person\/ad82545263dcc5ec0996818884fd5fb1","name":"Arnaldo Botto","image":{"@type":"ImageObject","inLanguage":"es","@id":"https:\/\/www.noticiasradioreflejos.com.ar\/2021\/#\/schema\/person\/image\/","url":"https:\/\/secure.gravatar.com\/avatar\/55cb5e37c1efa326397366e6974cb338056df65cb50e7d64d1cf314e87504837?s=96&d=mm&r=g","contentUrl":"https:\/\/secure.gravatar.com\/avatar\/55cb5e37c1efa326397366e6974cb338056df65cb50e7d64d1cf314e87504837?s=96&d=mm&r=g","caption":"Arnaldo Botto"},"url":"https:\/\/www.noticiasradioreflejos.com.ar\/2021\/author\/arnaldo\/"}]}},"_links":{"self":[{"href":"https:\/\/www.noticiasradioreflejos.com.ar\/2021\/wp-json\/wp\/v2\/posts\/55083","targetHints":{"allow":["GET"]}}],"collection":[{"href":"https:\/\/www.noticiasradioreflejos.com.ar\/2021\/wp-json\/wp\/v2\/posts"}],"about":[{"href":"https:\/\/www.noticiasradioreflejos.com.ar\/2021\/wp-json\/wp\/v2\/types\/post"}],"author":[{"embeddable":true,"href":"https:\/\/www.noticiasradioreflejos.com.ar\/2021\/wp-json\/wp\/v2\/users\/3"}],"replies":[{"embeddable":true,"href":"https:\/\/www.noticiasradioreflejos.com.ar\/2021\/wp-json\/wp\/v2\/comments?post=55083"}],"version-history":[{"count":0,"href":"https:\/\/www.noticiasradioreflejos.com.ar\/2021\/wp-json\/wp\/v2\/posts\/55083\/revisions"}],"wp:attachment":[{"href":"https:\/\/www.noticiasradioreflejos.com.ar\/2021\/wp-json\/wp\/v2\/media?parent=55083"}],"wp:term":[{"taxonomy":"category","embeddable":true,"href":"https:\/\/www.noticiasradioreflejos.com.ar\/2021\/wp-json\/wp\/v2\/categories?post=55083"},{"taxonomy":"post_tag","embeddable":true,"href":"https:\/\/www.noticiasradioreflejos.com.ar\/2021\/wp-json\/wp\/v2\/tags?post=55083"}],"curies":[{"name":"wp","href":"https:\/\/api.w.org\/{rel}","templated":true}]}}