{"id":55078,"date":"2021-04-08T13:13:52","date_gmt":"2021-04-08T16:13:52","guid":{"rendered":"http:\/\/www.noticiasradioreflejos.com.ar\/noticias\/?p=55078"},"modified":"2021-04-08T13:13:52","modified_gmt":"2021-04-08T16:13:52","slug":"kicillof-anuncio-nuevas-medidas-para-buenos-aires-no-es-una-ola-es-un-tsunami","status":"publish","type":"post","link":"https:\/\/www.noticiasradioreflejos.com.ar\/2021\/kicillof-anuncio-nuevas-medidas-para-buenos-aires-no-es-una-ola-es-un-tsunami\/","title":{"rendered":"Kicillof anunci\u00f3 nuevas medidas para Buenos Aires: \u00abNo es una ola, es un tsunami\u00bb"},"content":{"rendered":"<p>El gobernador bonaerense advirti\u00f3 que\u00a0\u00abse necesita un esfuerzo para evitar la saturaci\u00f3n del sistema sanitario\u00bb y anticip\u00f3 refuerzos en las pol\u00edticas sociales y \u00abseveras multas\u00bb para quienes no respeten las nuevas restricciones. Los\u00a0comercios en general cerrar\u00e1n desde las 20 a las 6 de la ma\u00f1ana.<!--more--><br \/>\nEl gobernador bonaerense Axel Kicillof afirm\u00f3 que en la provincia de Buenos Aires \u00abse va a acatar al pie de la letra\u00bb\u00a0<strong><a href=\"https:\/\/www.telam.com.ar\/notas\/202104\/550008-coronavirus-nuevas-medidas-gobierno-nacional.html\" target=\"_blank\" rel=\"noopener\">las medidas anunciadas este mi\u00e9rcoles por el presidente Alberto Fern\u00e1ndez para combatir la segunda ola de coronavirus<\/a><\/strong>, y agreg\u00f3 la medida de cierre de comercios en general desde las 20 a las 6 de la ma\u00f1ana.<\/p>\n<\/div>\n<p>\u00abNo es una ola, es un tsunami\u00bb, dijo el mandatario bonaerense al referirse a la situaci\u00f3n sanitaria en territorio provincial y advirti\u00f3 sobre la \u00abimpresionante velocidad de crecimiento\u00bb de casos de coronavirus en los \u00faltimos d\u00edas.<\/p>\n<p>\u00abEn las \u00faltimas tres semanas pasamos de 2.500 casos a un promedio de 6.000. No es s\u00f3lo lo s\u00fabito o la velocidad, sino la magnitud\u00bb, asegur\u00f3 Kicillof al encabezar una conferencia de prensa en la sede de la Casa de Gobierno, en La Plata, junto al jefe de Gabinete, Carlos Bianco, y al viceministro de Salud, Nicol\u00e1s Kreplak.<\/p>\n<blockquote><p>\u00abEn las \u00faltimas tres semanas pasamos de 2.500 casos a un promedio de 6.000. No es s\u00f3lo lo s\u00fabito o la velocidad, sino la magnitud\u00bb<\/p>\n<div class=\"sign\">AXEL KICILLOF<\/div>\n<\/blockquote>\n<p>\u00abEs una segunda ola feroz. Si no se toman medidas, si no se cambia nada, hay que suponer que todo sigue igual y los casos crecen\u00bb, a\u00f1adi\u00f3 y valor\u00f3 que el Jefe de Estado \u00abtome las medidas priorizando la salud de los argentinos\u00bb.<\/p>\n<p>Kicillof estim\u00f3 que la velocidad con que est\u00e1n creciendo los contagios es \u00abimpresionante\u00bb, lo que genera \u00abque se vayan completando las terapias intensivas\u00bb.<\/p>\n<div id=\"image\" class=\"image\">\n<p><img decoding=\"async\" title=\"El mandatario bonaerense se\u00f1al\u00f3 que se aplicar\u00e1n &quot;severas multas por incumplimientos&quot; .\" src=\"https:\/\/www.telam.com.ar\/advf\/imagenes\/2020\/08\/5f404a9105abf.%20avellaneda%20565%202_1004x565.jpg\" alt=\"El mandatario bonaerense se\u00f1al\u00f3 que se aplicar\u00e1n &quot;severas multas por incumplimientos&quot; .\" \/><\/p>\n<div class=\"epigrafe\">El mandatario bonaerense se\u00f1al\u00f3 que se aplicar\u00e1n \u00abseveras multas por incumplimientos\u00bb .<\/div>\n<\/div>\n<div class=\"auth\">Las medidas<\/div>\n<p>Tras advertir que se \u00abcorre el peligro de que se sature el sistema sanitario\u00bb, el Gobernador afirm\u00f3 que unos 40 distritos que se encuentran en Fase 3 -aquellos en donde se registran mayor cantidad de contagios- \u00ab<strong>habr\u00e1 cierre de locales de gastronom\u00eda de 23 a 6; prohibici\u00f3n de circular desde las 0 a las 6; y un cierre de comercios en general desde las 20 a las 6 de la ma\u00f1ana\u00bb.<\/strong><\/p>\n<p>Expuso que los 16 municipios que se hallan en Fase 5 tendr\u00e1n una restricci\u00f3n horaria entre las 2 y las 6; mientras que en los 79 distritos bonaerenses que se encuentran en Fase 4 esa limitaci\u00f3n ser\u00e1 entre 0 y 6.<\/p>\n<p>\u00abEl resto de las restricciones van a respetar todo lo que plante\u00f3 Alberto Fern\u00e1ndez y vamos a invitar a los municipios adem\u00e1s a que liberen los estacionamientos\u00bb, expuso.<\/p>\n<p>As\u00ed, indic\u00f3 que<strong>\u00a0\u00abla primera apuesta es a la conciencia y responsabilidad en el cumplimiento de los cuidados personales y protocolos\u00bb.<\/strong><\/p>\n<p>En ese contexto, Kicillof se\u00f1al\u00f3 que\u00a0<strong>se aplicar\u00e1n \u00abseveras multas por incumplimientos\u00bb<\/strong>, dijo que ese sistema sancionatorio requerir\u00e1 de adhesi\u00f3n municipal y pese a que plante\u00f3 que \u00abhabr\u00e1 seguimiento, control y sanciones\u00bb, remarc\u00f3 que \u00abno puede haber un polic\u00eda al lado de cada persona\u00bb, por lo que pidi\u00f3 \u00abcolaboraci\u00f3n y conciencia\u00bb a los ciudadanos.<\/p>\n<p>\u00abHay que parar los contagios, porque m\u00e1s contagios, son m\u00e1s internaciones y m\u00e1s muertos. Corremos el peligro de que se sature el sistema sanitario. Si no se hace nada, no hay sistema que aguante, ni siquiera en el primer mundo\u00bb, manifest\u00f3.<\/p>\n<div id=\"image\" class=\"image\">\n<p><img decoding=\"async\" title=\"El gobernador bonaerense dijo que lo que registra actualmente la provincia de Buenos Aires &quot;no es una ola, es un tsunami&quot;.\" src=\"https:\/\/www.telam.com.ar\/advf\/imagenes\/2021\/02\/60268d612cc4b_1004x565.jpg\" alt=\"El gobernador bonaerense dijo que lo que registra actualmente la provincia de Buenos Aires &quot;no es una ola, es un tsunami&quot;.\" \/><\/p>\n<div class=\"epigrafe\">El gobernador bonaerense dijo que lo que registra actualmente la provincia de Buenos Aires \u00abno es una ola, es un tsunami\u00bb.<\/div>\n<\/div>\n<p>Tras enumerar las medidas que adoptaron otros pa\u00edses tanto europeos como latinoamericanos, que van desde toque de queda, suspensi\u00f3n de clases presenciales y concurrencia a oficinas, hasta prohibiciones de mantener reuniones, Kicillof expres\u00f3: \u00abNada nuevo bajo el sol: llega la segunda ola y hay que tomar medidas duras\u00bb.<\/p>\n<p>Admiti\u00f3 que ello \u00abno es agradable y no lo quiere nadie\u00bb, pero apunt\u00f3 que<strong>\u00a0\u00abes la \u00fanica forma de evitar contagios masivos y que desborde el sistema de salud\u00bb.<\/strong><\/p>\n<p>En tanto, sostuvo que la prioridad es \u00abcuidar la actividad econ\u00f3mica y seguir con la presencialidad (en las escuelas), pero cuando est\u00e1 en riesgo el desborde del sistema sanitario, hay que poner encima de todo la salud y la vida de la gente\u00bb.<\/p>\n<p>\u00abCuando empieza a acelerarse tanto (los casos), hay que evitar el desborde. Si no, despu\u00e9s es un cierre tard\u00edo. Vamos a tomar todas las medidas que tengamos que tomar\u00bb, plante\u00f3.<\/p>\n<div id=\"image\" class=\"image\">\n<p><img decoding=\"async\" title=\"&quot;No puede ser que mientras unos luchan una guerra otros hagan de cuenta que no pasa nada&quot;.\" src=\"https:\/\/www.telam.com.ar\/advf\/imagenes\/2021\/04\/606f1dabbec2e_1004x565.jpg\" alt=\"&quot;No puede ser que mientras unos luchan una guerra otros hagan de cuenta que no pasa nada&quot;.\" \/><\/p>\n<div class=\"epigrafe\">\u00abNo puede ser que mientras unos luchan una guerra otros hagan de cuenta que no pasa nada\u00bb.<\/div>\n<\/div>\n<div class=\"auth\">Medidas de \u00absost\u00e9n econ\u00f3mico<\/div>\n<p>Luego, destac\u00f3 que su administraci\u00f3n instrumentar\u00e1 \u00abuna serie de medidas de sost\u00e9n econ\u00f3mico\u00bb, como el programa Repro y Preservar Trabajo \u00abpara los sectores afectados, plante\u00f3 que contin\u00faan vigentes los cr\u00e9ditos del Banco Provincia y de los ministerios de Producci\u00f3n y Desarrollo Agrario y record\u00f3 que envi\u00f3 a la Legislatura un proyecto que contempla \u00abuna muy extensa moratoria de ARBA para los sectores que m\u00e1s sufrieron\u00bb.<\/p>\n<p>En ese marco, asever\u00f3 que tambi\u00e9n habr\u00e1 un refuerzo de las partidas para pol\u00edticas sociales, dijo que se invertir\u00e1n 32 mil millones de pesos en los comedores escolares donde hay 1.722.000 beneficiarios.<\/p>\n<p>\u00abNo est\u00e1 en juego una abstracta libertar individual de hacer lo que queremos cuando queremos, sino una grave crisis ocasionada por la pandemia. \u00bfQui\u00e9n tiene derecho a no cuidarse y contagiar a otro? \u00bfNo tiene sentido com\u00fan siquiera? Hay una epidemia, la m\u00e1s grande de los \u00faltimos 100 a\u00f1os\u00bb, expuso el mandatario provincial.<\/p>\n<blockquote><p>\u00abNo est\u00e1 en juego una abstracta libertar individual de hacer lo que queremos cuando queremos, sino una grave crisis ocasionada por la pandemia\u00bb<\/p>\n<div class=\"sign\">AXEL KICILLOF<\/div>\n<\/blockquote>\n<div id=\"image\" class=\"image\">\n<p><img decoding=\"async\" title=\"El mandatario bonaerense rememor\u00f3 que la provincia &quot;afront\u00f3 una de las m\u00e1s graves crisis de la historia con un enorme esfuerzo y esp\u00edritu colectivo&quot;.\" src=\"https:\/\/www.telam.com.ar\/advf\/imagenes\/2021\/04\/606f1dabb7928_1004x565.jpg\" alt=\"El mandatario bonaerense rememor\u00f3 que la provincia &quot;afront\u00f3 una de las m\u00e1s graves crisis de la historia con un enorme esfuerzo y esp\u00edritu colectivo&quot;.\" \/><\/p>\n<div class=\"epigrafe\">El mandatario bonaerense rememor\u00f3 que la provincia \u00abafront\u00f3 una de las m\u00e1s graves crisis de la historia con un enorme esfuerzo y esp\u00edritu colectivo\u00bb.<\/div>\n<\/div>\n<div class=\"auth\">Respuesta a las cr\u00edticas<\/div>\n<p>Posteriormente, critic\u00f3 a quienes \u00abllaman a no cuidarse o a incumplir medidas\u00bb, analiz\u00f3 que se trata de sectores que \u00abatacaron todo lo que se hizo\u00bb pero resalt\u00f3 que en la provincia se aplicar\u00e1 \u00abel criterio de siempre: crecen casos y se toman medidas de restricci\u00f3n\u00bb.<\/p>\n<p>\u00abLos mismos que critican ahora son los que despu\u00e9s, si se desborda el sistema, van a cuestionar. Hay que tensar de nuevo los cuidados para evitar que esto termine en cat\u00e1strofe\u00bb, propuso Kicillof.<\/p>\n<p>Sostuvo que \u00abno es un rato m\u00e1s o menos de diversi\u00f3n sino que se lucha una guerra contra la Covid-19 de pacientes que est\u00e1n entre la vida y la muerte, y de trabajadores que dejan todo con antiparras y doble barbijos para salvar esas vidas\u00bb.<\/p>\n<blockquote><p>\u00abLos mismos que critican ahora son los que despu\u00e9s, si se desborda el sistema, van a cuestionar\u00bb<\/p>\n<div class=\"sign\">AXEL KICILLOF<\/div>\n<\/blockquote>\n<p>\u00abNo puede ser que mientras unos luchan una guerra otros hagan de cuenta que no pasa nada. Esas actitudes ego\u00edstas no dan derecho a contagiar a los dem\u00e1s o a ignorar lo que ocurre\u00bb, asever\u00f3.<\/p>\n<p>Subray\u00f3 que ante el \u00abmomento sumamente delicado\u00bb que se atraviesa no se puede \u00abmentir o ir con cifras enga\u00f1osas porque este Gobierno no est\u00e1 en campa\u00f1a electoral, est\u00e1 en campa\u00f1a de vacunaci\u00f3n\u00bb.<\/p>\n<p>\u00abNos dedicamos a cuidar, proteger, vacunar, vacunar y vacunar. Le agradezco a los trabajadores de la salud y de la seguridad, a los maestros, y a todo el pueblo de la provincia por el tremendo esfuerzo que hacen. En un tiempo, recordaremos esta etapa por la solidaridad del pueblo y no por las mezquindades de algunos\u00bb, acot\u00f3.<\/p>\n<p>El mandatario bonaerense rememor\u00f3 que la provincia \u00abafront\u00f3 una de las m\u00e1s graves crisis de la historia con un enorme esfuerzo y esp\u00edritu colectivo\u00bb, remarc\u00f3 que \u00abtodo 2020 construimos y ampliamos las terapias intensivas, hospitales, centros de testeos y vacunatorios\u00bb y destac\u00f3: \u00abPrefiero construir y ampliar hospitales antes que cementerios\u00bb.<\/p>\n<\/div>\n<\/div>\n<\/div>\n<\/div>\n<\/div>\n","protected":false},"excerpt":{"rendered":"<p>El gobernador bonaerense advirti\u00f3 que\u00a0\u00abse necesita un esfuerzo para evitar la saturaci\u00f3n del sistema sanitario\u00bb y anticip\u00f3 refuerzos en las pol\u00edticas sociales y \u00abseveras multas\u00bb para quienes no respeten las nuevas restricciones. Los\u00a0comercios en general cerrar\u00e1n desde las 20 a las 6 de la ma\u00f1ana.<\/p>\n","protected":false},"author":3,"featured_media":0,"comment_status":"closed","ping_status":"open","sticky":false,"template":"","format":"standard","meta":{"footnotes":""},"categories":[24,30],"tags":[],"class_list":["post-55078","post","type-post","status-publish","format-standard","hentry","category-politica","category-salud"],"yoast_head":"<!-- This site is optimized with the Yoast SEO plugin v25.9 - https:\/\/yoast.com\/wordpress\/plugins\/seo\/ -->\n<title>Kicillof anunci\u00f3 nuevas medidas para Buenos Aires: &quot;No es una ola, es un tsunami&quot; - Noticias Radio Reflejos<\/title>\n<meta name=\"robots\" content=\"index, follow, max-snippet:-1, max-image-preview:large, max-video-preview:-1\" \/>\n<link rel=\"canonical\" href=\"https:\/\/www.noticiasradioreflejos.com.ar\/2021\/kicillof-anuncio-nuevas-medidas-para-buenos-aires-no-es-una-ola-es-un-tsunami\/\" \/>\n<meta property=\"og:locale\" content=\"es_ES\" \/>\n<meta property=\"og:type\" content=\"article\" \/>\n<meta property=\"og:title\" content=\"Kicillof anunci\u00f3 nuevas medidas para Buenos Aires: &quot;No es una ola, es un tsunami&quot; - Noticias Radio Reflejos\" \/>\n<meta property=\"og:description\" content=\"El gobernador bonaerense advirti\u00f3 que\u00a0\u00abse necesita un esfuerzo para evitar la saturaci\u00f3n del sistema sanitario\u00bb y anticip\u00f3 refuerzos en las pol\u00edticas sociales y \u00abseveras multas\u00bb para quienes no respeten las nuevas restricciones. Los\u00a0comercios en general cerrar\u00e1n desde las 20 a las 6 de la ma\u00f1ana.\" \/>\n<meta property=\"og:url\" content=\"https:\/\/www.noticiasradioreflejos.com.ar\/2021\/kicillof-anuncio-nuevas-medidas-para-buenos-aires-no-es-una-ola-es-un-tsunami\/\" \/>\n<meta property=\"og:site_name\" content=\"Noticias Radio Reflejos\" \/>\n<meta property=\"article:published_time\" content=\"2021-04-08T16:13:52+00:00\" \/>\n<meta property=\"og:image\" content=\"https:\/\/www.telam.com.ar\/advf\/imagenes\/2020\/08\/5f404a9105abf.%20avellaneda%20565%202_1004x565.jpg\" \/>\n<meta name=\"author\" content=\"Arnaldo Botto\" \/>\n<meta name=\"twitter:card\" content=\"summary_large_image\" \/>\n<script type=\"application\/ld+json\" class=\"yoast-schema-graph\">{\"@context\":\"https:\/\/schema.org\",\"@graph\":[{\"@type\":\"WebPage\",\"@id\":\"https:\/\/www.noticiasradioreflejos.com.ar\/2021\/kicillof-anuncio-nuevas-medidas-para-buenos-aires-no-es-una-ola-es-un-tsunami\/\",\"url\":\"https:\/\/www.noticiasradioreflejos.com.ar\/2021\/kicillof-anuncio-nuevas-medidas-para-buenos-aires-no-es-una-ola-es-un-tsunami\/\",\"name\":\"Kicillof anunci\u00f3 nuevas medidas para Buenos Aires: \\\"No es una ola, es un tsunami\\\" - Noticias Radio Reflejos\",\"isPartOf\":{\"@id\":\"https:\/\/www.noticiasradioreflejos.com.ar\/2021\/#website\"},\"primaryImageOfPage\":{\"@id\":\"https:\/\/www.noticiasradioreflejos.com.ar\/2021\/kicillof-anuncio-nuevas-medidas-para-buenos-aires-no-es-una-ola-es-un-tsunami\/#primaryimage\"},\"image\":{\"@id\":\"https:\/\/www.noticiasradioreflejos.com.ar\/2021\/kicillof-anuncio-nuevas-medidas-para-buenos-aires-no-es-una-ola-es-un-tsunami\/#primaryimage\"},\"thumbnailUrl\":\"https:\/\/www.telam.com.ar\/advf\/imagenes\/2020\/08\/5f404a9105abf.%20avellaneda%20565%202_1004x565.jpg\",\"datePublished\":\"2021-04-08T16:13:52+00:00\",\"author\":{\"@id\":\"https:\/\/www.noticiasradioreflejos.com.ar\/2021\/#\/schema\/person\/ad82545263dcc5ec0996818884fd5fb1\"},\"breadcrumb\":{\"@id\":\"https:\/\/www.noticiasradioreflejos.com.ar\/2021\/kicillof-anuncio-nuevas-medidas-para-buenos-aires-no-es-una-ola-es-un-tsunami\/#breadcrumb\"},\"inLanguage\":\"es\",\"potentialAction\":[{\"@type\":\"ReadAction\",\"target\":[\"https:\/\/www.noticiasradioreflejos.com.ar\/2021\/kicillof-anuncio-nuevas-medidas-para-buenos-aires-no-es-una-ola-es-un-tsunami\/\"]}]},{\"@type\":\"ImageObject\",\"inLanguage\":\"es\",\"@id\":\"https:\/\/www.noticiasradioreflejos.com.ar\/2021\/kicillof-anuncio-nuevas-medidas-para-buenos-aires-no-es-una-ola-es-un-tsunami\/#primaryimage\",\"url\":\"https:\/\/www.telam.com.ar\/advf\/imagenes\/2020\/08\/5f404a9105abf.%20avellaneda%20565%202_1004x565.jpg\",\"contentUrl\":\"https:\/\/www.telam.com.ar\/advf\/imagenes\/2020\/08\/5f404a9105abf.%20avellaneda%20565%202_1004x565.jpg\"},{\"@type\":\"BreadcrumbList\",\"@id\":\"https:\/\/www.noticiasradioreflejos.com.ar\/2021\/kicillof-anuncio-nuevas-medidas-para-buenos-aires-no-es-una-ola-es-un-tsunami\/#breadcrumb\",\"itemListElement\":[{\"@type\":\"ListItem\",\"position\":1,\"name\":\"Portada\",\"item\":\"https:\/\/www.noticiasradioreflejos.com.ar\/2021\/\"},{\"@type\":\"ListItem\",\"position\":2,\"name\":\"Kicillof anunci\u00f3 nuevas medidas para Buenos Aires: \u00abNo es una ola, es un tsunami\u00bb\"}]},{\"@type\":\"WebSite\",\"@id\":\"https:\/\/www.noticiasradioreflejos.com.ar\/2021\/#website\",\"url\":\"https:\/\/www.noticiasradioreflejos.com.ar\/2021\/\",\"name\":\"Noticias Radio Reflejos\",\"description\":\"Las noticias de mi comarca\",\"potentialAction\":[{\"@type\":\"SearchAction\",\"target\":{\"@type\":\"EntryPoint\",\"urlTemplate\":\"https:\/\/www.noticiasradioreflejos.com.ar\/2021\/?s={search_term_string}\"},\"query-input\":{\"@type\":\"PropertyValueSpecification\",\"valueRequired\":true,\"valueName\":\"search_term_string\"}}],\"inLanguage\":\"es\"},{\"@type\":\"Person\",\"@id\":\"https:\/\/www.noticiasradioreflejos.com.ar\/2021\/#\/schema\/person\/ad82545263dcc5ec0996818884fd5fb1\",\"name\":\"Arnaldo Botto\",\"image\":{\"@type\":\"ImageObject\",\"inLanguage\":\"es\",\"@id\":\"https:\/\/www.noticiasradioreflejos.com.ar\/2021\/#\/schema\/person\/image\/\",\"url\":\"https:\/\/secure.gravatar.com\/avatar\/55cb5e37c1efa326397366e6974cb338056df65cb50e7d64d1cf314e87504837?s=96&d=mm&r=g\",\"contentUrl\":\"https:\/\/secure.gravatar.com\/avatar\/55cb5e37c1efa326397366e6974cb338056df65cb50e7d64d1cf314e87504837?s=96&d=mm&r=g\",\"caption\":\"Arnaldo Botto\"},\"url\":\"https:\/\/www.noticiasradioreflejos.com.ar\/2021\/author\/arnaldo\/\"}]}<\/script>\n<!-- \/ Yoast SEO plugin. -->","yoast_head_json":{"title":"Kicillof anunci\u00f3 nuevas medidas para Buenos Aires: \"No es una ola, es un tsunami\" - Noticias Radio Reflejos","robots":{"index":"index","follow":"follow","max-snippet":"max-snippet:-1","max-image-preview":"max-image-preview:large","max-video-preview":"max-video-preview:-1"},"canonical":"https:\/\/www.noticiasradioreflejos.com.ar\/2021\/kicillof-anuncio-nuevas-medidas-para-buenos-aires-no-es-una-ola-es-un-tsunami\/","og_locale":"es_ES","og_type":"article","og_title":"Kicillof anunci\u00f3 nuevas medidas para Buenos Aires: \"No es una ola, es un tsunami\" - Noticias Radio Reflejos","og_description":"El gobernador bonaerense advirti\u00f3 que\u00a0\u00abse necesita un esfuerzo para evitar la saturaci\u00f3n del sistema sanitario\u00bb y anticip\u00f3 refuerzos en las pol\u00edticas sociales y \u00abseveras multas\u00bb para quienes no respeten las nuevas restricciones. Los\u00a0comercios en general cerrar\u00e1n desde las 20 a las 6 de la ma\u00f1ana.","og_url":"https:\/\/www.noticiasradioreflejos.com.ar\/2021\/kicillof-anuncio-nuevas-medidas-para-buenos-aires-no-es-una-ola-es-un-tsunami\/","og_site_name":"Noticias Radio Reflejos","article_published_time":"2021-04-08T16:13:52+00:00","og_image":[{"url":"https:\/\/www.telam.com.ar\/advf\/imagenes\/2020\/08\/5f404a9105abf.%20avellaneda%20565%202_1004x565.jpg","type":"","width":"","height":""}],"author":"Arnaldo Botto","twitter_card":"summary_large_image","schema":{"@context":"https:\/\/schema.org","@graph":[{"@type":"WebPage","@id":"https:\/\/www.noticiasradioreflejos.com.ar\/2021\/kicillof-anuncio-nuevas-medidas-para-buenos-aires-no-es-una-ola-es-un-tsunami\/","url":"https:\/\/www.noticiasradioreflejos.com.ar\/2021\/kicillof-anuncio-nuevas-medidas-para-buenos-aires-no-es-una-ola-es-un-tsunami\/","name":"Kicillof anunci\u00f3 nuevas medidas para Buenos Aires: \"No es una ola, es un tsunami\" - Noticias Radio Reflejos","isPartOf":{"@id":"https:\/\/www.noticiasradioreflejos.com.ar\/2021\/#website"},"primaryImageOfPage":{"@id":"https:\/\/www.noticiasradioreflejos.com.ar\/2021\/kicillof-anuncio-nuevas-medidas-para-buenos-aires-no-es-una-ola-es-un-tsunami\/#primaryimage"},"image":{"@id":"https:\/\/www.noticiasradioreflejos.com.ar\/2021\/kicillof-anuncio-nuevas-medidas-para-buenos-aires-no-es-una-ola-es-un-tsunami\/#primaryimage"},"thumbnailUrl":"https:\/\/www.telam.com.ar\/advf\/imagenes\/2020\/08\/5f404a9105abf.%20avellaneda%20565%202_1004x565.jpg","datePublished":"2021-04-08T16:13:52+00:00","author":{"@id":"https:\/\/www.noticiasradioreflejos.com.ar\/2021\/#\/schema\/person\/ad82545263dcc5ec0996818884fd5fb1"},"breadcrumb":{"@id":"https:\/\/www.noticiasradioreflejos.com.ar\/2021\/kicillof-anuncio-nuevas-medidas-para-buenos-aires-no-es-una-ola-es-un-tsunami\/#breadcrumb"},"inLanguage":"es","potentialAction":[{"@type":"ReadAction","target":["https:\/\/www.noticiasradioreflejos.com.ar\/2021\/kicillof-anuncio-nuevas-medidas-para-buenos-aires-no-es-una-ola-es-un-tsunami\/"]}]},{"@type":"ImageObject","inLanguage":"es","@id":"https:\/\/www.noticiasradioreflejos.com.ar\/2021\/kicillof-anuncio-nuevas-medidas-para-buenos-aires-no-es-una-ola-es-un-tsunami\/#primaryimage","url":"https:\/\/www.telam.com.ar\/advf\/imagenes\/2020\/08\/5f404a9105abf.%20avellaneda%20565%202_1004x565.jpg","contentUrl":"https:\/\/www.telam.com.ar\/advf\/imagenes\/2020\/08\/5f404a9105abf.%20avellaneda%20565%202_1004x565.jpg"},{"@type":"BreadcrumbList","@id":"https:\/\/www.noticiasradioreflejos.com.ar\/2021\/kicillof-anuncio-nuevas-medidas-para-buenos-aires-no-es-una-ola-es-un-tsunami\/#breadcrumb","itemListElement":[{"@type":"ListItem","position":1,"name":"Portada","item":"https:\/\/www.noticiasradioreflejos.com.ar\/2021\/"},{"@type":"ListItem","position":2,"name":"Kicillof anunci\u00f3 nuevas medidas para Buenos Aires: \u00abNo es una ola, es un tsunami\u00bb"}]},{"@type":"WebSite","@id":"https:\/\/www.noticiasradioreflejos.com.ar\/2021\/#website","url":"https:\/\/www.noticiasradioreflejos.com.ar\/2021\/","name":"Noticias Radio Reflejos","description":"Las noticias de mi comarca","potentialAction":[{"@type":"SearchAction","target":{"@type":"EntryPoint","urlTemplate":"https:\/\/www.noticiasradioreflejos.com.ar\/2021\/?s={search_term_string}"},"query-input":{"@type":"PropertyValueSpecification","valueRequired":true,"valueName":"search_term_string"}}],"inLanguage":"es"},{"@type":"Person","@id":"https:\/\/www.noticiasradioreflejos.com.ar\/2021\/#\/schema\/person\/ad82545263dcc5ec0996818884fd5fb1","name":"Arnaldo Botto","image":{"@type":"ImageObject","inLanguage":"es","@id":"https:\/\/www.noticiasradioreflejos.com.ar\/2021\/#\/schema\/person\/image\/","url":"https:\/\/secure.gravatar.com\/avatar\/55cb5e37c1efa326397366e6974cb338056df65cb50e7d64d1cf314e87504837?s=96&d=mm&r=g","contentUrl":"https:\/\/secure.gravatar.com\/avatar\/55cb5e37c1efa326397366e6974cb338056df65cb50e7d64d1cf314e87504837?s=96&d=mm&r=g","caption":"Arnaldo Botto"},"url":"https:\/\/www.noticiasradioreflejos.com.ar\/2021\/author\/arnaldo\/"}]}},"_links":{"self":[{"href":"https:\/\/www.noticiasradioreflejos.com.ar\/2021\/wp-json\/wp\/v2\/posts\/55078","targetHints":{"allow":["GET"]}}],"collection":[{"href":"https:\/\/www.noticiasradioreflejos.com.ar\/2021\/wp-json\/wp\/v2\/posts"}],"about":[{"href":"https:\/\/www.noticiasradioreflejos.com.ar\/2021\/wp-json\/wp\/v2\/types\/post"}],"author":[{"embeddable":true,"href":"https:\/\/www.noticiasradioreflejos.com.ar\/2021\/wp-json\/wp\/v2\/users\/3"}],"replies":[{"embeddable":true,"href":"https:\/\/www.noticiasradioreflejos.com.ar\/2021\/wp-json\/wp\/v2\/comments?post=55078"}],"version-history":[{"count":0,"href":"https:\/\/www.noticiasradioreflejos.com.ar\/2021\/wp-json\/wp\/v2\/posts\/55078\/revisions"}],"wp:attachment":[{"href":"https:\/\/www.noticiasradioreflejos.com.ar\/2021\/wp-json\/wp\/v2\/media?parent=55078"}],"wp:term":[{"taxonomy":"category","embeddable":true,"href":"https:\/\/www.noticiasradioreflejos.com.ar\/2021\/wp-json\/wp\/v2\/categories?post=55078"},{"taxonomy":"post_tag","embeddable":true,"href":"https:\/\/www.noticiasradioreflejos.com.ar\/2021\/wp-json\/wp\/v2\/tags?post=55078"}],"curies":[{"name":"wp","href":"https:\/\/api.w.org\/{rel}","templated":true}]}}