{"id":55076,"date":"2021-04-08T13:10:03","date_gmt":"2021-04-08T16:10:03","guid":{"rendered":"http:\/\/www.noticiasradioreflejos.com.ar\/noticias\/?p=55076"},"modified":"2021-04-08T13:10:03","modified_gmt":"2021-04-08T16:10:03","slug":"informe-sesion-ordinaria-del-dia-06-04-21","status":"publish","type":"post","link":"https:\/\/www.noticiasradioreflejos.com.ar\/2021\/informe-sesion-ordinaria-del-dia-06-04-21\/","title":{"rendered":"Informe sesi\u00f3n ordinaria del d\u00eda 06-04-21"},"content":{"rendered":"<p>&nbsp;<\/p>\n<p><strong><u>Comunicaciones Oficiales y Dict\u00e1menes de las Comisiones:<\/u><\/strong><!--more--><\/p>\n<p><strong><u>#Expte. N\u00ba 178\/17<\/u><\/strong><u>:<\/u> &#8211; D.E. &#8211; Llamado a licitaci\u00f3n p\u00fablica para la explotaci\u00f3n del \u201cServicio de restaurante, bar, cafeter\u00eda, sal\u00f3n de t\u00e9 y kiosco &#8211; Parador Tornquist\u201d-<\/p>\n<p>Se solicita se incorpore al Orden del d\u00eda y tratamiento sobre tablas de dicho Expte.<\/p>\n<p>Se aprueba por unanimidad la Ordenanza\u00a0 N\u00ba 3310\/21 por la cual se convalida\u00a0 la firma del Contrato de Permiso de Uso celebrado entre los se\u00f1ores Marcelo Ariel LENCINA y Jessica Haydee RATTERO, con el Sr. Intendente Municipal Sergio Fabi\u00e1n Bordoni en representaci\u00f3n de la Municipalidad de Tornquist, por el espacio f\u00edsico denominado Unidad Fiscal terminal de \u00d3mnibus de la Localidad de Tornquist.<\/p>\n<p>&nbsp;<\/p>\n<p><strong><u>#Expte. N\u00ba 061\/21:<\/u><\/strong> &#8211; N.P. &#8211; Pte. Bloque Frente de Todos y F.J.C.: Solicitan el env\u00edo del Proyecto de Erradicaci\u00f3n de Basurales a nivel Interdistrital e informe del funcionamiento de los Basuriles de Tornquist y Saldungaray.<\/p>\n<p>Expte. que pas\u00f3 a las comisiones de Asuntos Municipales y Ecolog\u00eda y Medio Ambiente.<\/p>\n<p>&nbsp;<\/p>\n<p><strong><u>#Expte. N\u00ba 067\/21:<\/u><\/strong> &#8211; D.E. &#8211; Eximici\u00f3n a Instituciones Religiosas del Distrito para el Ejercicio 2021.<\/p>\n<p>Se solicita tratamiento sobre tablas de dicho Expte.<\/p>\n<p>Se aprueba por unanimidad la Ordenanza N\u00ba\u00a0 3311\/21 por la cual se exime \u00a0para el Ejercicio 2021 del pago de las siguientes Tasas Municipales, previstas en el C\u00f3digo Municipal Tributario vigente: Tasa por Servicios P\u00fablicos Urbanos, Tasa de Salud, Servicios Sanitarios y Tasa por Conservaci\u00f3n, Reparaci\u00f3n y Mejorado de la Red Vial. Las Instituciones Religiosas se detallan en la mencionada Ordenanza.<\/p>\n<p>&nbsp;<\/p>\n<p><strong><u>#Expte. N\u00ba 068\/21<\/u><\/strong><u>:<\/u> &#8211; D.E. &#8211; Eximici\u00f3n Instituciones del Distrito para el Ejercicio 2021.<\/p>\n<p>Se solicita tratamiento sobre tablas de dicho Expte.<\/p>\n<p>Se aprueba por unanimidad la Ordenanza N\u00ba 3312\/21 por la cual se exime para el Ejercicio 2021 del pago de las siguientes Tasas Municipales, previstas en el C\u00f3digo Municipal Tributario: Tasa por Servicio P\u00fablico Urbano, Tasa de Salud, Servicios Sanitarios, Tasa Red Vial, y Tasa por Inspecci\u00f3n Seguridad e Higiene. Las instituciones se detallan en la mencionada Ordenanza.<\/p>\n<p>&nbsp;<\/p>\n<p><strong><u>#Expte. N\u00ba 069\/21<\/u><\/strong><u>:<\/u> &#8211; D.E. &#8211; Eximici\u00f3n a Instituciones Educativas Ejercicio 2021.<\/p>\n<p>Se solicita tratamiento sobre tablas de dicho Expte.<\/p>\n<p>Se aprueba por unanimidad la Ordenanza N\u00ba 3313\/21 por la cual se exime para el Ejercicio 2021 del pago de las Tasas y Contribuci\u00f3n por Mejora, correspondientes a las partidas de la Direcci\u00f3n General de Cultura y Educaci\u00f3n de la Provincia de Buenos Aires. Las Instituciones Educativas se detallan en la mencionada Ordenanza.<\/p>\n<p><strong>\u00a0<\/strong><\/p>\n<p><strong><u>#Expte. N\u00ba 072\/21:<\/u><\/strong> &#8211; D.E. &#8211; Convalida la firma del Convenio especifico p\/ la ejecuci\u00f3n de la obra \u201cAmpliaci\u00f3n de Red de Desag\u00fces Cloacales\u201d Municipalidad de Tornquist, Plan Argentina Hace, celebrado e\/ el ENOHSA y el Municipio.<\/p>\n<p>Se solicita tratamiento sobre tablas de dicho Expte.<\/p>\n<p>Se aprueba por unanimidad la Ordenanza N\u00ba 3314\/21 por la cual se convalida la firma del Convenio Espec\u00edfico para la Ejecuci\u00f3n de la obra \u201cAmpliaci\u00f3n de Red de Desag\u00fces Cloacales\u201d Municipalidad de Tornquist, Plan \u201cArgentina Hace\u201d, celebrado entre el Ente Nacional de Obras H\u00eddricas de Saneamiento \u201cEL ENOHSA\u201d representado por el Se\u00f1or Subadministrador N\u00e9stor Fabi\u00e1n \u00c1LVAREZ y la Municipalidad de Tornquist representada por su Intendente Municipal Sr. Sergio Fabi\u00e1n Bordoni. El presupuesto de la Asistencia es de Pesos: TREINTA Y CUATRO MILLONES SETECIENTOS CUARENTA Y CINCO MIL TRESCIENTOS TREINTA Y TRES CON DOS CENTAVOS \u00a0\u00a0\u00a0\u00a0\u00a0\u00a0\u00a0\u00a0\u00a0\u00a0($ 34.745.333,02).<\/p>\n<p>&nbsp;<\/p>\n<p><u>#<strong>Expte. N\u00ba 073\/21:<\/strong><\/u> &#8211; D.E. &#8211; Autoriza la firma del Convenio especifico p\/la ejecuci\u00f3n del Proyecto \u201cAmpliaci\u00f3n de Red de Gas Natural\u201d Municipalidad de Tornquist, Provincia de Buenos Aires- Plan Argentina Hace II &#8211; celebrado e\/la Secretar\u00eda de Obras P\u00fablicas de la Pcia. de Bs. As. y el Municipio de Tornquist.<\/p>\n<p>Se solicita tratamiento sobre tablas de dicho Expte.<\/p>\n<p>Se aprueba por unanimidad la Ordenanza N\u00ba 3315\/21 por la cual se convalida la\u00a0 firma del Convenio Espec\u00edfico para la Ejecuci\u00f3n del Proyecto \u201cAmpliaci\u00f3n de Red de Gas Natural\u201d Municipalidad de Tornquist, Provincia de Buenos Aires. Plan \u201cArgentina Hace &#8211; II\u201d, celebrado entre la Secretaria de Obras Publicas representada por el Se\u00f1or Secretario Dr. Martin Rodrigo GILL y la Municipalidad de Tornquist representada por su Intendente Municipal Sr. Sergio Fabi\u00e1n Bordoni. El monto del Proyecto asciende a la suma de Pesos: UN MILLON SEISCIENTOS OCHENTA Y DOS MIL TRESCIENTOS TRECE CON DIEZ CENTAVOS ($ 1.682.313,10).<\/p>\n<p>&nbsp;<\/p>\n<p><strong><u>#Expte. N\u00ba 078\/21:<\/u><\/strong> &#8211; D.E. &#8211; Cierre Ejercicio 2020.<\/p>\n<p>Expte. que pas\u00f3 a las comisiones de Presupuesto y Hacienda y Asuntos Municipales.<\/p>\n<p>&nbsp;<\/p>\n<p><strong><u>#<\/u><\/strong><strong><u>Expte. N\u00ba 6828\/16:<\/u><\/strong> &#8211; Bloque F.P.V. \u2013 Proyecto de Ordenanza: Creaci\u00f3n en el Distrito de Tornquist de la Comisi\u00f3n Municipal de Box.<\/p>\n<p>Expte. que pas\u00f3 a las Comisiones de Asuntos Municipales, Salud P\u00fablica, Interpretaci\u00f3n y Reglamento y Presupuesto y Hacienda.<\/p>\n<p>&nbsp;<\/p>\n<p><strong><u>#Expte. N\u00ba 6938\/17:<\/u><\/strong> &#8211; Bloque F.P.V. &#8211; Pedido de Informe: Ref. vuelco de residuos cloacales en un campo cercano a la localidad de Saldungaray.<\/p>\n<p>Expte. que pas\u00f3 a las Comisiones de Asuntos Municipales y Ecolog\u00eda y Medio Ambiente.<\/p>\n<p>&nbsp;<\/p>\n<p><strong><u>#Expte. N\u00ba 7263\/21:<\/u><\/strong> &#8211; Bloques Cambiemos y Juntos por el Cambio &#8211; Proyecto de Ordenanza: Creaci\u00f3n Registro Municipal de Vacunados Covid-19.<\/p>\n<p>Expte. que pasa a las Comisiones de Salud P\u00fablica e Interpretaci\u00f3n y Reglamento<\/p>\n<p>&nbsp;<\/p>\n<p><strong><u>#Expte. N\u00ba 7264\/21:<\/u><\/strong> &#8211; N.P. &#8211; Asociaci\u00f3n Fomento de Villa Ventana: Solicita relevamiento y declaraci\u00f3n de Inter\u00e9s Tur\u00edstico y Cultural de las Lambertianas existentes en Villa Ventana.<\/p>\n<p>Expte. que pas\u00f3 a las Comisiones de Interpretaci\u00f3n y Reglamento y Turismo y Desarrollo.<\/p>\n<p><strong>\u00a0<\/strong><\/p>\n<p><strong><u>#Expte. N\u00ba 7202\/20:<\/u><\/strong> &#8211; Bloques Frente de Todos y Frente Justicialista Cumplir &#8211; Pedido de Informe: Rendici\u00f3n detallada Recursos Percibidos (Covid 19)<\/p>\n<p>Se aprueba por unanimidad el dictamen de las Comisiones de Asuntos Municipales y Presupuesto y Hacienda que aconseja enviar el mismo al archivo.<\/p>\n<p>&nbsp;<\/p>\n<p><strong><u>#Expte. N\u00ba 7258\/20:<\/u><\/strong> &#8211; Bloques Cambiemos y Juntos por el Cambio &#8211; Proyecto de Resoluci\u00f3n: En ref. reforma de la Constituci\u00f3n Provincial.<\/p>\n<p>ESTE EXPTE. TIENE DOS DICT\u00c1MENES:<\/p>\n<p>&nbsp;<\/p>\n<p><strong>1\u00ba dictamen:<\/strong> Tornquist, 24 de marzo de 2021. Las Comisiones de INTERPRETACI\u00d3N Y REGLAMENTO (en mayor\u00eda), Y ASUNTOS MUNICIPALES (en minor\u00eda), habiendo analizado el Expte. N\u00ba 7258\/20, aconsejan aprobar el Proyecto de Resoluci\u00f3n obrante de fs. 1 a 3.-<\/p>\n<p><strong>\u00a0<\/strong><\/p>\n<p><strong>2\u00ba Dictamen:<\/strong> Tornquist, 24 de marzo de 2021. Las Comisiones de INTERPRETACI\u00d3N Y REGLAMENTO (en minor\u00eda), Y ASUNTOS MUNICIPALES (en mayor\u00eda), habiendo analizado el Expte. N\u00ba 7258\/20, aconsejan no aprobar el Proyecto de Resoluci\u00f3n obrante de fs. 1 a 3, dado que la reforma es un tema que requiere un amplio estudio y tratamiento pormenorizado.-<\/p>\n<p>Se aprueba por mayor\u00eda el 1\u00ba dictamen, por lo que se aprueba por mayor\u00eda la Resoluci\u00f3n N\u00b0 04\/21, en la que se solicita a la Honorable C\u00e1mara de Diputados de la Provincia de Buenos Aires d\u00e9 prioridad al tratamiento del Proyecto de Ley que tramita bajo el Expediente Nro. D-4132\/20-21 que tiene por objeto la Reforma Parcial de la Constituci\u00f3n Provincial procurando la consagraci\u00f3n de la Autonom\u00eda a los Municipios de la Provincia de Buenos Aires, impulsado por los Diputados Provinciales Melisa Greco y Maximiliano Abad.<\/p>\n<p><strong><u>\u00a0<\/u><\/strong><\/p>\n<p><strong><u>#Expte. N\u00ba 7261\/21:<\/u><\/strong> &#8211; Bloques Cambiemos Bs. As. y Juntos por el Cambio- Proyecto de Decreto: Crear la Comisi\u00f3n de Cultura, Educaci\u00f3n, Ciencia y Tecnolog\u00eda.<\/p>\n<p>Se aprueba por unanimidad el dictamen de las Comisiones de Asuntos Municipales e Interpretaci\u00f3n y Reglamento que aconsejan enviar el mismo al archivo.<\/p>\n<p><strong>\u00a0<\/strong><\/p>\n<p><strong><u>#Expte. N\u00ba 7266\/21:<\/u><\/strong> &#8211; N.P. &#8211; Hermanos Balbiano: Presentan Proyecto de Ordenanza en ref. a acompa\u00f1amiento de pacientes con Covid-19.<\/p>\n<p>Se aprueba por unanimidad el dictamen de las Comisiones de Salud P\u00fablica e Interpretaci\u00f3n y Reglamento que aconseja aprobar el Proyecto de Ordenanza, dando origen a la Ordenanza N\u00b0 3309\/21, en la cual se hace referencia a la necesidad de asistencia especial que requieren los pacientes internados con la enfermedad COVID-19, con incapacidad para auto valerse.<\/p>\n<p>&nbsp;<\/p>\n<p><strong><u>Proyectos presentados: <\/u><\/strong><\/p>\n<p><strong><u>\u00a0<\/u><\/strong><\/p>\n<p><strong><u>Bloques Cambiemos Bs. As. y Juntos por el Cambio:<\/u><\/strong> &#8211; Minuta de Comunicaci\u00f3n &#8211; \u00a0En referencia al mal estado en el que se encuentra la obra de tendido de Internet de la Empresa Fast Net, de Black Net S.R.L.<\/p>\n<p>Se solicita formaci\u00f3n de Expte. y su tratamiento sobre tablas.<\/p>\n<p>Queda aprobada por unanimidad la Minuta de Comunicaci\u00f3n que solicita al Departamento Ejecutivo que de manera urgente inspeccione dicha obra e intime a la empresa Fast Net, de Black Net S.R.L. a mejorar la infraestructura de la red de internet.<\/p>\n<p>&nbsp;<\/p>\n<p><strong><u>Bloques Cambiemos Bs. As. y Juntos por el Cambio:<\/u><\/strong> &#8211; Pedido de Informe &#8211; \u00a0En referencia a la inquietud manifestada por los vecinos e instituciones de la localidad de Villa Ventana, en reuni\u00f3n efectuada el d\u00eda 25 de marzo pasado respecto al Parque Tem\u00e1tico \u201cExperimento Ventania\u201d.<\/p>\n<p>Se solicita formaci\u00f3n de Expte. y tratamiento sobre tablas de dicho Proyecto.<\/p>\n<p>Queda aprobado por unanimidad el Pedido de Informe que solicita a la Secretar\u00eda de Turismo Municipal los siguientes detalles:<\/p>\n<p>&#8211; Destino del monto de $1.500.000, correspondiente al subsidio mencionado en los Considerandos.<\/p>\n<p>&#8211; Avance de las obras del Experimento Ventania, hasta la actualidad.<\/p>\n<p>&#8211; Proyecci\u00f3n de las mismas, en pos de su concreci\u00f3n final.<\/p>\n<p>&nbsp;<\/p>\n<p>&nbsp;<\/p>\n<p><strong><u>Asuntos Particulares: <\/u><\/strong><\/p>\n<p><strong><u>\u00a0<\/u><\/strong><\/p>\n<p><strong><u>Dora Ana Gabriela Nori:<\/u><\/strong> Solicita uso de Banca de Concejal N\u00ba 13.<\/p>\n<p>La misma tiene como fin exponer p\u00fablicamente las situaciones vividas en el Nosocomio Municipal.<\/p>\n<p>Se solicita formaci\u00f3n de Expte. y pase a Comisi\u00f3n de dicha nota.<\/p>\n<p>&nbsp;<\/p>\n<p><strong><u>C\u00e1mara de Comercio y Turismo de Villa Ventana:<\/u><\/strong> Reclamo por el estado de las calles.<\/p>\n<p>Se solicita formaci\u00f3n de Expte. y pase a Comisi\u00f3n de dicha nota.<\/p>\n<p>Tambi\u00e9n se aprueba por unanimidad moci\u00f3n de la Concejal Roc\u00edo V\u00e1zquez, que propone sumar a la C\u00e1mara de Comercio y Turismo de Villa a Ventana a una reuni\u00f3n que se efectuar\u00e1 a mediados del mes de junio en la localidad de Villa Ventana, en la que participaran integrantes de la Asociaci\u00f3n de Fomento y de la Asociaci\u00f3n de Prestadores Tur\u00edsticos y Comerciantes de Villa Ventana.<\/p>\n<p>&nbsp;<\/p>\n<p><strong><u>Subcomit\u00e9 UCR Sierra de la Ventana:<\/u><\/strong> Solicitud registro de oposici\u00f3n en la Delegaci\u00f3n de dicha localidad para los vecinos frentistas afectados\u00a0 por la obra de pavimentaci\u00f3n que se llevar\u00e1 a cabo sobre la calle Ernesto Tornquist de Sierra de la Ventana. Dicha solicitud para evitar el traslado de los vecinos a la localidad cabecera del Distrito.<\/p>\n<p>Por Presidencia se le dar\u00e1 respuesta a la brevedad.<\/p>\n<p>&nbsp;<\/p>\n<p>&nbsp;<\/p>\n<p>Alocuciones de los Concejales:<\/p>\n<p><u>\u00a0<\/u><\/p>\n<p><strong><u>Concejal Laura Rosatelli: <\/u><\/strong><\/p>\n<p>\u201cEn primer lugar quiero hacer referencia al Expediente del Proyecto de Ordenanza del acompa\u00f1amiento para pacientes de Covid que presentaron los hermanos Balbiano, Jessica, Noral\u00ed y Mariano. La verdad que es sumamente importante a la hora de tener que contener, que acompa\u00f1ar a un familiar infectado que no puede valerse por s\u00ed mismo, o aquella personas con condiciones especiales, realmente me parece muy buena la idea, vuelvo a reiterarlo, los felicito, y ojal\u00e1 otros municipios, otros distritos, otros Concejos Deliberantes adhieran, y copien a esta iniciativa que han tenido Jesica, Noral\u00ed y Mariano. En segundo lugar, me quiero referir al pasado 2 de abril, que fue el d\u00eda Mundial de la Concientizaci\u00f3n sobre el Autismo, fue un d\u00eda para todos para tomar conciencia y hablar de autismo, para que cada d\u00eda se pueda conocer un poquito m\u00e1s sobre esta condici\u00f3n, y de esa manera podamos ser m\u00e1s emp\u00e1ticos y aceptar las diferencias que nos enriquecen y nos hacen crecer como personas. No es necesario tener un diagn\u00f3stico, todos somos distintos, y la diversidad es lo que nos ayuda a crecer como personas. Aprender a convivir, esa palabra convivir, tan importante, sin la necesidad de incluir a nadie, porque todos somos parte de este mundo. A m\u00ed que en esta situaci\u00f3n me toca estar cerca de alguien que ama esto que hace como a todo este grupo \u00bfcierto? Que contagian con esa energ\u00eda, con ese compromiso, pero sobre todo con tanto amor, que hacen y dedican tanto tiempo para avanzar en este tema tan importante que nos involucra a todos. Vuelvo a felicitarlas, y bueno, y siempre decimos que les brindamos todo nuestro apoyo. Nada m\u00e1s se\u00f1or \u00a0Presidente\u201d.<\/p>\n<p>&nbsp;<\/p>\n<p><strong><u>Concejal Elisabet Nori:<\/u><\/strong><\/p>\n<p>\u201cBueno en primer lugar voy adherir a las palabras de la Concejal Rosatelli respecto del proyecto de los hermanos Balbiano, que considero sumamente positivo y valorable y contribuye realmente a mejorar la calidad de la salud de la poblaci\u00f3n. Y tambi\u00e9n adhiero a las palabras que ha mencionado acerca el D\u00eda Mundial del Autismo que tambi\u00e9n considero que es algo que todav\u00eda nos falta mucho a todos los ciudadanos tomar conciencia, falta un camino que recorrer, pero hay gente que gracias a Dios dig\u00e1moslo, lo tiene como bandera y eso es muy bueno. Yo me voy a referir al tema de la vacunaci\u00f3n, tema que vengo, digamos, en forma recurrente, casi en todas la Sesiones refiri\u00e9ndome. En principio mencionar que luego de que se aprobara la Ordenanza respecto al Registro Municipal de Vacunaci\u00f3n, y esta Ordenanza fuera promulgada por el Ejecutivo, recibimos una respuesta por parte de la Direcci\u00f3n Provincial de Asuntos Legales, en la persona del se\u00f1or Ariel Gaggero Puig, que es el titular de esta cartera, aludiendo a inconvenientes con el tema de la Ley de Protecci\u00f3n de Datos Personales. Yo ya en una Sesi\u00f3n, no lo voy a volver a hacer, hace un par de Sesiones atr\u00e1s di los fundamentos legales por los cuales, digamos, la informaci\u00f3n resultar\u00eda p\u00fablica, pero bueno, no voy a seguir ahondando sobre este tema porque ya, dig\u00e1moslo, est\u00e1 en manos de algunos legisladores de nuestro espacio, de Juntos por el Cambio, quienes van a seguir tanto en C\u00e1mara Alta como en C\u00e1mara Baja, Senadores y Diputados, con este proyecto, digamos, para transformarlo en Ley. Respecto del sistema de vacunaci\u00f3n, en el plano distrital hemos visto en las \u00faltimas semanas como a trav\u00e9s de las redes sociales, a trav\u00e9s de los medios de comunicaci\u00f3n se han incrementado las demandas de los ciudadanos acerca de las vacunas \u00bfno? en su mayor\u00eda sobre la primera dosis y muchos de ellos sobre la segunda dosis. En virtud de esto hace unos d\u00edas atr\u00e1s tom\u00e9 la iniciativa por propia voluntad, de hacer una suerte de sondeo de este tema, el sondeo fue realizado desde el d\u00eda, desde la tarde del jueves 25 de marzo a la tarde del viernes 26 de marzo, fue un sondeo que hice en 24 horas. Para participar de este sondeo yo le solicit\u00e9 a la gente su nombre, su apellido, la localidad, obviamente la franja hect\u00e1rea, si ten\u00eda o no factores de riesgo y si ten\u00eda alg\u00fan tipo de orden de prioridad que figura en el formulario de inscripci\u00f3n que fuera por ejemplo: agentes de seguridad, agentes de salud u otro tipo de oficio que est\u00e1 indicado como prioritario. Hice una tabulaci\u00f3n de 135 personas, pero le digo se\u00f1or Presidente y a todos los que est\u00e1n presentes, que fueron much\u00edsimos m\u00e1s las personas que se dirigieron a m\u00ed, es m\u00e1s, es el d\u00eda de hoy que sigo recibiendo llamados telef\u00f3nicos, mensajes de whatsapp, mensajes de messenger, todo por privado; de personas que me dicen que est\u00e1n anotadas hace mucho m\u00e1s de un mes y nos han sido convocados para la vacunaci\u00f3n. Para tabular los datos requer\u00ed todos los datos que anteriormente mencion\u00e9, y la condici\u00f3n era que residieran en el Distrito de Tornquist y que estuvieran anotados un m\u00ednimo de 30 d\u00edas. Bueno, de los 135 relevados obtuve, que el 35% eran varones, el 65 mujeres. El 12% de Sierra de la Ventana, el 10% de Saldungaray, el 1% de Villa Ventana, el 18 % de Chasic\u00f3 y el 59% restante de la ciudad cabecera. El 41% mayores de 60 a\u00f1os, el 59% menores. El 22% con enfermedades preexistentes; y otro 22% eran trabajadores de la educaci\u00f3n, entre docentes y auxiliares, y un 7% trabajadores de seguridad, entre polic\u00edas y bomberos. La verdad que todos estos datos han llamado poderosamente mi atenci\u00f3n dado que en tan solo 24 horas he recabado un par de centenar de casos, y a\u00fan esto fue el d\u00eda 25 y 26 de marzo, es el d\u00eda de hoy que ya est\u00e1 estamos a 6 de abril que sigo recibiendo informaci\u00f3n al respecto, y por decir as\u00ed, no se si reclamos, pero si pedidos, pedidos como de auxilio por el tema de la vacunaci\u00f3n. A todo esto, yo entonces me tom\u00e9 el atrevimiento de que en el informe que present\u00e9 ac\u00e1 en el Concejo, este informe lo present\u00e9 en el Concejo Deliberante y en el Poder Ejecutivo. Me tom\u00e9 el atrevimiento de hacer algunas sugerencias \u00bfno? porque, a ver, a veces no solamente es establecer una cr\u00edtica, una observaci\u00f3n, sino es tambi\u00e9n hacer una sugerencia. Entonces la idea que yo present\u00e9 en informe fue el de intensificar las campa\u00f1as en favor de la vacunaci\u00f3n, y la otra idea, que lo convers\u00e9 d\u00edas pasados con el Doctor Barca y hoy tambi\u00e9n lo convers\u00e9 con la encargada de vacunaci\u00f3n del distrito, es solicitar la posibilidad de tener vistas del sistema del total de inscriptos a la fecha en el Distrito de Tornquist tengan o no turnos asignados. De esta manera si se presentaran las circunstancias de quedar un remanente de dosis, sepamos qui\u00e9nes est\u00e1n inscriptos y en condiciones de recibirla, m\u00e1s all\u00e1 de que est\u00e9n o no en el turnero de esa fecha. Esto ser\u00eda, seg\u00fan me comentaba tanto Dr. Barca como la encargada de vacunaci\u00f3n, es muy dif\u00edcil de ejecutar esto. Pero bueno, yo quiero aclarar que he tenido varios di\u00e1logos con el Dr. Barca y con la se\u00f1orita Juliana Sgammini, que es la encargada de vacunaci\u00f3n, quien se ha presentado permanentemente abierta a dar las explicaciones del caso; por lo cual me lleva a pensar que esto es un tema quiz\u00e1s de una, no s\u00e9 si una falla en la coordinaci\u00f3n desde provincia hacia los distrito, sino quiz\u00e1s haya cuestiones que se puedan mejorar y quiz\u00e1s entre todos podamos ayudar a esto. Me dec\u00edan que esto se toma, para enviar las vacunas, se toma un proporcional de la gente inscripta seg\u00fan la poblaci\u00f3n del Distrito, no cierto, o sea la intenci\u00f3n de vacunaci\u00f3n. Entonces cuando, si hay una intenci\u00f3n de vacunaci\u00f3n mayor en determinados distritos ah\u00ed van las vacunas, bien. Ahora yo me pregunto, tanto sea que haya dos personas en un distrito que deseen vacunarse como haya doscientas o haya dos mil, esas dos personas son igual de ciudadanos que los doscientos y los dos mil, o sea para mi ese no ser\u00eda, es un criterio personal, un par\u00e1metro a tener en cuenta \u00bfno? para enviar vacunas, todos los ciudadanos tenemos los mismos derechos y tendr\u00edamos que tener la misma posibilidad de recibir la vacuna. Entonces si en un distrito hay diez anotados y en otro distrito hay mil quinientos anotados, para mi igual habr\u00eda que mandarle la vacuna a los diez anotados del distrito que est\u00e1n inscriptos. Y en cuanto a que hay distritos m\u00e1s grandes, con mayor densidad poblacional y otros con menos densidad poblacional, digamos que este mismo par\u00e1metro corre para todos, no hay distritos grandes ni distritos chicos, no hay distritos m\u00e1s importantes ni menos importantes, todos somos ciudadanos argentinos, todos somos ciudadanos bonaerenses y todos tenemos el mismo derecho a recibir la vacuna. Nada m\u00e1s se\u00f1or Presidente\u201d.<\/p>\n<p>&nbsp;<\/p>\n<p><strong><u>Concejal Roc\u00edo V\u00e1zquez:<\/u><\/strong><\/p>\n<p>\u201cEn realidad quer\u00eda hacer referencia a tres situaciones, en primer lugar mencionar el PREIMBA, que es un programa de emergencia de infraestructura municipal que viene desde Naci\u00f3n, se va a hacer la entrega de cinco mil millones distribuidos en todos los distritos, esa distribuci\u00f3n va a ser seg\u00fan, un 50% seg\u00fan el CUD y el otro 50% seg\u00fan el \u00edndice de ingresos municipales. As\u00ed que bueno, celebramos que pueda seguir ingresando dinero desde Naci\u00f3n a todos los distritos sin importar, volvemos a aclarar, la bandera pol\u00edtica de cada uno de ellos sino una distribuci\u00f3n equitativa de acuerdo al CUD y a los ingresos municipales de los 135 distritos de la Provincia de Buenos Aires. Despu\u00e9s tambi\u00e9n mencionar, estuvimos presentes en la entrega de viviendas en Chasic\u00f3, la verdad que fue un hecho para resaltar la emoci\u00f3n de esas 17 familias que pudieron concretar su sue\u00f1o. Agradecer nuevamente la compa\u00f1\u00eda del Ministro de Infraestructura, Agust\u00edn Simone; al Administrador de Instituto de la Vivienda, Miguel Oroz; que la verdad que fueron muy cordiales. Nos dieron una grata noticia que va a ser la firma del Convenio de las 27 viviendas de Saldungaray que son sumamente esperadas. Hay mucha ansiedad por parte de la poblaci\u00f3n, tambi\u00e9n quer\u00eda aclarar que esto lleva todo un proceso y que la inscripci\u00f3n cuando se hagan, van a ser notificados a trav\u00e9s de la Municipalidad, porque ya hay mucha gente preguntando acerca de la inscripci\u00f3n para esas 27 viviendas. Y despu\u00e9s, el d\u00eda 2 de abril se celebr\u00f3 en la localidad de Saldungaray el acto por los ca\u00eddos en guerra y veteranos de Malvinas. La verdad fue un acto sumamente emotivo, agradezco a todas las personas que hicieron posible ese espacio. A todos los veteranos que se acercaron el 2 de abril, que se les hizo un reconocimiento, y como dijeron ah\u00ed, es un espacio para recordar, para que haya memoria, para que luchemos por lo que nos pertenece de otra forma, que es la forma diplom\u00e1tica, no queremos m\u00e1s sangre, no queremos m\u00e1s vidas perdidas, y el eterno agradecimiento a todos esos h\u00e9roes que dieron, y que yo digo, hombres y mujeres que lucharon por la soberan\u00eda de nuestras Islas, el mayor de los reconocimientos. Nada m\u00e1s se\u00f1or Presidente\u201d.<\/p>\n<p>&nbsp;<\/p>\n<p><strong><u>Concejal Jos\u00e9 Fonfr\u00eda:<\/u><\/strong><\/p>\n<p>\u201cBueno, quiero referirme a la situaci\u00f3n que est\u00e1 viviendo Luis Castro, que cuando le toc\u00f3 asumir como Concejal hizo alguna manifestaci\u00f3n desde la Banca que evidentemente molest\u00f3 a gente del Ejecutivo. En realidad, a lo mejor del mismo tenor lo que hab\u00eda expuesto en ese momento la Concejal V\u00e1zquez, que hablaban de la responsabilidad que ten\u00eda cada uno de los integrantes de esa \u00e1rea, del \u00e1rea al cual se estaban refiriendo. Al Concejal Castro al tener que volver a su puesto de trabajo lo trasladaron en forma arbitraria, sin ning\u00fan tipo de motivo que se pueda explicar. Eso para mi forma de ver es una forma de callar a la gente que nos dice algo que nos molesta. As\u00ed que solidarizarme con \u00e9l y pedir por favor que ese tipo de persecuciones en el Distrito de Tornquist no pasen. As\u00ed que, bueno, solidarizarme otra vez con vos Luis, y aparte agradecerle que va a estar como Secretario de Bloque nuestro, de Cambiemos. Nada m\u00e1s se\u00f1or Presidente\u201d.<\/p>\n<p>&nbsp;<\/p>\n<p><strong><u>Concejal Juan Ibarra:<\/u><\/strong><\/p>\n<p>\u201cBien, tambi\u00e9n quiero hacer alusi\u00f3n a la entrega de casas efectuada hace poco menos de una semana en Chasic\u00f3. Muy linda, coincido con la Concejal V\u00e1zquez que tambi\u00e9n estuvo presente. La verdad que fue un d\u00eda casi hist\u00f3rico dir\u00eda, para el pueblo porque pasaron m\u00e1s de 26,27 a\u00f1os hasta que en el pueblo, en Chasic\u00f3, se vuelve a entregar un barrio, se vuelve a hacer un barrio, en este caso 17 viviendas con la falta que hace obviamente. Lamentablemente en lo personal yo lo not\u00e9, lo not\u00e9 ese d\u00eda y despu\u00e9s durante el trascurso del d\u00eda y al otro d\u00eda, d\u00eda siguiente, me lleg\u00f3 alg\u00fan que otro comentario o mensaje diciendo que qued\u00f3 un sabor amargo sobre todo en el discurso que dio el Intendente. Por lo tanto supuse que tan equivocado no estaba, si fueron varias personas que tuvieron la misma sensaci\u00f3n, una l\u00e1stima porque un d\u00eda lindo, realmente festivo que era para Chasic\u00f3 termina politiz\u00e1ndolo, generando m\u00e1s grieta de la que hay, justamente la persona encargada, y que tiene una responsabilidad de cerrar esta grieta, de hecho lo dijo en el sill\u00f3n que usted ocupa cuando dio inicio a las Sesiones Ordinarias de esta temporada, que hab\u00eda que cerrar la grieta, pero lo que dice no tiene mucho que ver con lo que hace. Me molest\u00f3 mucho llegar al lugar y no ver al ex Delegado, Ariel Menna, una persona que realmente hizo much\u00edsimo por el pueblo cuando le toc\u00f3 cumplir funci\u00f3n como Delegado, hizo much\u00edsimo por las casas, por las viviendas, estuvo presente en cada problemita que se gener\u00f3. Entonces creo que nobleza obligaba un llamadito, un mensaje, invit\u00e1ndolo y haci\u00e9ndole part\u00edcipe de la entrega de las viviendas. Pero bueno, parece que no todos tenemos la misma visi\u00f3n, el mismo sentimiento. Yo creo que era un lindo gesto para demostrar que se puede empezar a cerrar esa grieta, pero bueno, el Intendente decidi\u00f3 no hacerlo. Lamentablemente en la foto no apareci\u00f3 nadie de la gesti\u00f3n anterior, que son los grandes responsables de que hoy Chasic\u00f3 tenga 17 viviendas m\u00e1s. Es cierto que no se terminaron en los cuatro a\u00f1os de Cambiemos, pero creo que a eso tenemos que apuntar, a que las obras se empiecen en un per\u00edodo, en una gesti\u00f3n, y sin importar el color pol\u00edtico terminen en otra, o sea, no ver\u00eda cu\u00e1l es el problema y no criticar a la gesti\u00f3n anterior porque no le dio el 10% o el 15% que faltaba para terminar las casas. Lamentablemente se ve la parte vac\u00eda del vaso y no la parte llena, que fue raro porque el funcionario provincial presente en ning\u00fan momento de su discurso habl\u00f3 mal de la gesti\u00f3n anterior, por eso me llama la atenci\u00f3n que s\u00ed el Intendente critique tanto a Cambiemos, Juntos por el Cambio, que es el espacio pol\u00edtico que le dio la oportunidad de estar dos veces como Intendente, la verdad que me llama la atenci\u00f3n, pero bueno, nos tendremos que acostumbrar a esto. Nada m\u00e1s se\u00f1or Presidente\u201d.<\/p>\n<p>&nbsp;<\/p>\n<p>HONORABLE CONCEJO DELIBERANTE DE TORNQUIST.<\/p>\n<p>&nbsp;<\/p>\n<p>&nbsp;<\/p>\n","protected":false},"excerpt":{"rendered":"<p>&nbsp; Comunicaciones Oficiales y Dict\u00e1menes de las Comisiones:<\/p>\n","protected":false},"author":3,"featured_media":149,"comment_status":"closed","ping_status":"open","sticky":false,"template":"","format":"standard","meta":{"footnotes":""},"categories":[28],"tags":[],"class_list":["post-55076","post","type-post","status-publish","format-standard","has-post-thumbnail","hentry","category-municipales"],"yoast_head":"<!-- This site is optimized with the Yoast SEO plugin v25.9 - https:\/\/yoast.com\/wordpress\/plugins\/seo\/ -->\n<title>Informe sesi\u00f3n ordinaria del d\u00eda 06-04-21 - Noticias Radio Reflejos<\/title>\n<meta name=\"robots\" content=\"index, follow, max-snippet:-1, max-image-preview:large, max-video-preview:-1\" \/>\n<link rel=\"canonical\" href=\"https:\/\/www.noticiasradioreflejos.com.ar\/2021\/informe-sesion-ordinaria-del-dia-06-04-21\/\" \/>\n<meta property=\"og:locale\" content=\"es_ES\" \/>\n<meta property=\"og:type\" content=\"article\" \/>\n<meta property=\"og:title\" content=\"Informe sesi\u00f3n ordinaria del d\u00eda 06-04-21 - Noticias Radio Reflejos\" \/>\n<meta property=\"og:description\" content=\"&nbsp; Comunicaciones Oficiales y Dict\u00e1menes de las Comisiones:\" \/>\n<meta property=\"og:url\" content=\"https:\/\/www.noticiasradioreflejos.com.ar\/2021\/informe-sesion-ordinaria-del-dia-06-04-21\/\" \/>\n<meta property=\"og:site_name\" content=\"Noticias Radio Reflejos\" \/>\n<meta property=\"article:published_time\" content=\"2021-04-08T16:10:03+00:00\" \/>\n<meta property=\"og:image\" content=\"https:\/\/www.noticiasradioreflejos.com.ar\/2021\/wp-content\/uploads\/2016\/08\/5605913c893bb.jpg\" \/>\n\t<meta property=\"og:image:width\" content=\"932\" \/>\n\t<meta property=\"og:image:height\" content=\"699\" \/>\n\t<meta property=\"og:image:type\" content=\"image\/jpeg\" \/>\n<meta name=\"author\" content=\"Arnaldo Botto\" \/>\n<meta name=\"twitter:card\" content=\"summary_large_image\" \/>\n<script type=\"application\/ld+json\" class=\"yoast-schema-graph\">{\"@context\":\"https:\/\/schema.org\",\"@graph\":[{\"@type\":\"WebPage\",\"@id\":\"https:\/\/www.noticiasradioreflejos.com.ar\/2021\/informe-sesion-ordinaria-del-dia-06-04-21\/\",\"url\":\"https:\/\/www.noticiasradioreflejos.com.ar\/2021\/informe-sesion-ordinaria-del-dia-06-04-21\/\",\"name\":\"Informe sesi\u00f3n ordinaria del d\u00eda 06-04-21 - Noticias Radio Reflejos\",\"isPartOf\":{\"@id\":\"https:\/\/www.noticiasradioreflejos.com.ar\/2021\/#website\"},\"primaryImageOfPage\":{\"@id\":\"https:\/\/www.noticiasradioreflejos.com.ar\/2021\/informe-sesion-ordinaria-del-dia-06-04-21\/#primaryimage\"},\"image\":{\"@id\":\"https:\/\/www.noticiasradioreflejos.com.ar\/2021\/informe-sesion-ordinaria-del-dia-06-04-21\/#primaryimage\"},\"thumbnailUrl\":\"https:\/\/www.noticiasradioreflejos.com.ar\/2021\/wp-content\/uploads\/2016\/08\/5605913c893bb.jpg\",\"datePublished\":\"2021-04-08T16:10:03+00:00\",\"author\":{\"@id\":\"https:\/\/www.noticiasradioreflejos.com.ar\/2021\/#\/schema\/person\/ad82545263dcc5ec0996818884fd5fb1\"},\"breadcrumb\":{\"@id\":\"https:\/\/www.noticiasradioreflejos.com.ar\/2021\/informe-sesion-ordinaria-del-dia-06-04-21\/#breadcrumb\"},\"inLanguage\":\"es\",\"potentialAction\":[{\"@type\":\"ReadAction\",\"target\":[\"https:\/\/www.noticiasradioreflejos.com.ar\/2021\/informe-sesion-ordinaria-del-dia-06-04-21\/\"]}]},{\"@type\":\"ImageObject\",\"inLanguage\":\"es\",\"@id\":\"https:\/\/www.noticiasradioreflejos.com.ar\/2021\/informe-sesion-ordinaria-del-dia-06-04-21\/#primaryimage\",\"url\":\"https:\/\/www.noticiasradioreflejos.com.ar\/2021\/wp-content\/uploads\/2016\/08\/5605913c893bb.jpg\",\"contentUrl\":\"https:\/\/www.noticiasradioreflejos.com.ar\/2021\/wp-content\/uploads\/2016\/08\/5605913c893bb.jpg\",\"width\":932,\"height\":699},{\"@type\":\"BreadcrumbList\",\"@id\":\"https:\/\/www.noticiasradioreflejos.com.ar\/2021\/informe-sesion-ordinaria-del-dia-06-04-21\/#breadcrumb\",\"itemListElement\":[{\"@type\":\"ListItem\",\"position\":1,\"name\":\"Portada\",\"item\":\"https:\/\/www.noticiasradioreflejos.com.ar\/2021\/\"},{\"@type\":\"ListItem\",\"position\":2,\"name\":\"Informe sesi\u00f3n ordinaria del d\u00eda 06-04-21\"}]},{\"@type\":\"WebSite\",\"@id\":\"https:\/\/www.noticiasradioreflejos.com.ar\/2021\/#website\",\"url\":\"https:\/\/www.noticiasradioreflejos.com.ar\/2021\/\",\"name\":\"Noticias Radio Reflejos\",\"description\":\"Las noticias de mi comarca\",\"potentialAction\":[{\"@type\":\"SearchAction\",\"target\":{\"@type\":\"EntryPoint\",\"urlTemplate\":\"https:\/\/www.noticiasradioreflejos.com.ar\/2021\/?s={search_term_string}\"},\"query-input\":{\"@type\":\"PropertyValueSpecification\",\"valueRequired\":true,\"valueName\":\"search_term_string\"}}],\"inLanguage\":\"es\"},{\"@type\":\"Person\",\"@id\":\"https:\/\/www.noticiasradioreflejos.com.ar\/2021\/#\/schema\/person\/ad82545263dcc5ec0996818884fd5fb1\",\"name\":\"Arnaldo Botto\",\"image\":{\"@type\":\"ImageObject\",\"inLanguage\":\"es\",\"@id\":\"https:\/\/www.noticiasradioreflejos.com.ar\/2021\/#\/schema\/person\/image\/\",\"url\":\"https:\/\/secure.gravatar.com\/avatar\/55cb5e37c1efa326397366e6974cb338056df65cb50e7d64d1cf314e87504837?s=96&d=mm&r=g\",\"contentUrl\":\"https:\/\/secure.gravatar.com\/avatar\/55cb5e37c1efa326397366e6974cb338056df65cb50e7d64d1cf314e87504837?s=96&d=mm&r=g\",\"caption\":\"Arnaldo Botto\"},\"url\":\"https:\/\/www.noticiasradioreflejos.com.ar\/2021\/author\/arnaldo\/\"}]}<\/script>\n<!-- \/ Yoast SEO plugin. -->","yoast_head_json":{"title":"Informe sesi\u00f3n ordinaria del d\u00eda 06-04-21 - Noticias Radio Reflejos","robots":{"index":"index","follow":"follow","max-snippet":"max-snippet:-1","max-image-preview":"max-image-preview:large","max-video-preview":"max-video-preview:-1"},"canonical":"https:\/\/www.noticiasradioreflejos.com.ar\/2021\/informe-sesion-ordinaria-del-dia-06-04-21\/","og_locale":"es_ES","og_type":"article","og_title":"Informe sesi\u00f3n ordinaria del d\u00eda 06-04-21 - Noticias Radio Reflejos","og_description":"&nbsp; Comunicaciones Oficiales y Dict\u00e1menes de las Comisiones:","og_url":"https:\/\/www.noticiasradioreflejos.com.ar\/2021\/informe-sesion-ordinaria-del-dia-06-04-21\/","og_site_name":"Noticias Radio Reflejos","article_published_time":"2021-04-08T16:10:03+00:00","og_image":[{"width":932,"height":699,"url":"https:\/\/www.noticiasradioreflejos.com.ar\/2021\/wp-content\/uploads\/2016\/08\/5605913c893bb.jpg","type":"image\/jpeg"}],"author":"Arnaldo Botto","twitter_card":"summary_large_image","schema":{"@context":"https:\/\/schema.org","@graph":[{"@type":"WebPage","@id":"https:\/\/www.noticiasradioreflejos.com.ar\/2021\/informe-sesion-ordinaria-del-dia-06-04-21\/","url":"https:\/\/www.noticiasradioreflejos.com.ar\/2021\/informe-sesion-ordinaria-del-dia-06-04-21\/","name":"Informe sesi\u00f3n ordinaria del d\u00eda 06-04-21 - Noticias Radio Reflejos","isPartOf":{"@id":"https:\/\/www.noticiasradioreflejos.com.ar\/2021\/#website"},"primaryImageOfPage":{"@id":"https:\/\/www.noticiasradioreflejos.com.ar\/2021\/informe-sesion-ordinaria-del-dia-06-04-21\/#primaryimage"},"image":{"@id":"https:\/\/www.noticiasradioreflejos.com.ar\/2021\/informe-sesion-ordinaria-del-dia-06-04-21\/#primaryimage"},"thumbnailUrl":"https:\/\/www.noticiasradioreflejos.com.ar\/2021\/wp-content\/uploads\/2016\/08\/5605913c893bb.jpg","datePublished":"2021-04-08T16:10:03+00:00","author":{"@id":"https:\/\/www.noticiasradioreflejos.com.ar\/2021\/#\/schema\/person\/ad82545263dcc5ec0996818884fd5fb1"},"breadcrumb":{"@id":"https:\/\/www.noticiasradioreflejos.com.ar\/2021\/informe-sesion-ordinaria-del-dia-06-04-21\/#breadcrumb"},"inLanguage":"es","potentialAction":[{"@type":"ReadAction","target":["https:\/\/www.noticiasradioreflejos.com.ar\/2021\/informe-sesion-ordinaria-del-dia-06-04-21\/"]}]},{"@type":"ImageObject","inLanguage":"es","@id":"https:\/\/www.noticiasradioreflejos.com.ar\/2021\/informe-sesion-ordinaria-del-dia-06-04-21\/#primaryimage","url":"https:\/\/www.noticiasradioreflejos.com.ar\/2021\/wp-content\/uploads\/2016\/08\/5605913c893bb.jpg","contentUrl":"https:\/\/www.noticiasradioreflejos.com.ar\/2021\/wp-content\/uploads\/2016\/08\/5605913c893bb.jpg","width":932,"height":699},{"@type":"BreadcrumbList","@id":"https:\/\/www.noticiasradioreflejos.com.ar\/2021\/informe-sesion-ordinaria-del-dia-06-04-21\/#breadcrumb","itemListElement":[{"@type":"ListItem","position":1,"name":"Portada","item":"https:\/\/www.noticiasradioreflejos.com.ar\/2021\/"},{"@type":"ListItem","position":2,"name":"Informe sesi\u00f3n ordinaria del d\u00eda 06-04-21"}]},{"@type":"WebSite","@id":"https:\/\/www.noticiasradioreflejos.com.ar\/2021\/#website","url":"https:\/\/www.noticiasradioreflejos.com.ar\/2021\/","name":"Noticias Radio Reflejos","description":"Las noticias de mi comarca","potentialAction":[{"@type":"SearchAction","target":{"@type":"EntryPoint","urlTemplate":"https:\/\/www.noticiasradioreflejos.com.ar\/2021\/?s={search_term_string}"},"query-input":{"@type":"PropertyValueSpecification","valueRequired":true,"valueName":"search_term_string"}}],"inLanguage":"es"},{"@type":"Person","@id":"https:\/\/www.noticiasradioreflejos.com.ar\/2021\/#\/schema\/person\/ad82545263dcc5ec0996818884fd5fb1","name":"Arnaldo Botto","image":{"@type":"ImageObject","inLanguage":"es","@id":"https:\/\/www.noticiasradioreflejos.com.ar\/2021\/#\/schema\/person\/image\/","url":"https:\/\/secure.gravatar.com\/avatar\/55cb5e37c1efa326397366e6974cb338056df65cb50e7d64d1cf314e87504837?s=96&d=mm&r=g","contentUrl":"https:\/\/secure.gravatar.com\/avatar\/55cb5e37c1efa326397366e6974cb338056df65cb50e7d64d1cf314e87504837?s=96&d=mm&r=g","caption":"Arnaldo Botto"},"url":"https:\/\/www.noticiasradioreflejos.com.ar\/2021\/author\/arnaldo\/"}]}},"_links":{"self":[{"href":"https:\/\/www.noticiasradioreflejos.com.ar\/2021\/wp-json\/wp\/v2\/posts\/55076","targetHints":{"allow":["GET"]}}],"collection":[{"href":"https:\/\/www.noticiasradioreflejos.com.ar\/2021\/wp-json\/wp\/v2\/posts"}],"about":[{"href":"https:\/\/www.noticiasradioreflejos.com.ar\/2021\/wp-json\/wp\/v2\/types\/post"}],"author":[{"embeddable":true,"href":"https:\/\/www.noticiasradioreflejos.com.ar\/2021\/wp-json\/wp\/v2\/users\/3"}],"replies":[{"embeddable":true,"href":"https:\/\/www.noticiasradioreflejos.com.ar\/2021\/wp-json\/wp\/v2\/comments?post=55076"}],"version-history":[{"count":0,"href":"https:\/\/www.noticiasradioreflejos.com.ar\/2021\/wp-json\/wp\/v2\/posts\/55076\/revisions"}],"wp:featuredmedia":[{"embeddable":true,"href":"https:\/\/www.noticiasradioreflejos.com.ar\/2021\/wp-json\/wp\/v2\/media\/149"}],"wp:attachment":[{"href":"https:\/\/www.noticiasradioreflejos.com.ar\/2021\/wp-json\/wp\/v2\/media?parent=55076"}],"wp:term":[{"taxonomy":"category","embeddable":true,"href":"https:\/\/www.noticiasradioreflejos.com.ar\/2021\/wp-json\/wp\/v2\/categories?post=55076"},{"taxonomy":"post_tag","embeddable":true,"href":"https:\/\/www.noticiasradioreflejos.com.ar\/2021\/wp-json\/wp\/v2\/tags?post=55076"}],"curies":[{"name":"wp","href":"https:\/\/api.w.org\/{rel}","templated":true}]}}