{"id":55072,"date":"2021-04-08T12:54:17","date_gmt":"2021-04-08T15:54:17","guid":{"rendered":"http:\/\/www.noticiasradioreflejos.com.ar\/noticias\/?p=55072"},"modified":"2021-04-08T12:54:17","modified_gmt":"2021-04-08T15:54:17","slug":"comunicado-de-la-asociacion-de-prestadores-y-comerciantes-de-villa-ventana-2","status":"publish","type":"post","link":"https:\/\/www.noticiasradioreflejos.com.ar\/2021\/comunicado-de-la-asociacion-de-prestadores-y-comerciantes-de-villa-ventana-2\/","title":{"rendered":"Comunicado de la Asociaci\u00f3n de Prestadores y Comerciantes de Villa Ventana"},"content":{"rendered":"<div class=\"gmail_default\">Ponemos en conocimiento a nuestros asociados y vecinos que nuestra instituci\u00f3n colabor\u00f3 en el per\u00edodo comprendido entre los meses de octubre &#8211; diciembre de 2020 con la donaci\u00f3n a la Delegaci\u00f3n Municipal de Villa Ventana <!--more--> al equivalente por 22 bolsas de cemento de las 106 que se encuentran en acopio en el Corralon\u00a0Alemar de Alexis Bruschi\u00a0 que en su momento iban a ser destinadas a la construcci\u00f3n de la frustrada obra del balneario p\u00fablico en la zona comprendida entre Belisario y Benteveo.<\/div>\n<div class=\"gmail_default\">Las tareas que se realizaron con los materiales comprometidos fueron las siguientes :<\/div>\n<div class=\"gmail_default\">&#8211; Reparaci\u00f3n y trabajos de mantenimiento de la Fuente y\u00a0 Escultura de Las\u00a0Golondrinas\u00a0y trabajos generales en Plaza Salerno (ba\u00f1os, juegos,etc)<\/div>\n<div class=\"gmail_default\">Por lo tanto quedan en acopio 84 bolsas, ante cualquier novedad de su destino iremos informando<\/div>\n<div class=\"gmail_default\">Cordiales saludos<\/div>\n","protected":false},"excerpt":{"rendered":"<p>Ponemos en conocimiento a nuestros asociados y vecinos que nuestra instituci\u00f3n colabor\u00f3 en el per\u00edodo comprendido entre los meses de octubre &#8211; diciembre de 2020 con la donaci\u00f3n a la Delegaci\u00f3n Municipal de Villa Ventana<\/p>\n","protected":false},"author":3,"featured_media":6465,"comment_status":"closed","ping_status":"open","sticky":false,"template":"","format":"standard","meta":{"footnotes":""},"categories":[26],"tags":[],"class_list":["post-55072","post","type-post","status-publish","format-standard","has-post-thumbnail","hentry","category-sociedad"],"yoast_head":"<!-- This site is optimized with the Yoast SEO plugin v25.9 - https:\/\/yoast.com\/wordpress\/plugins\/seo\/ -->\n<title>Comunicado de la Asociaci\u00f3n de Prestadores y Comerciantes de Villa Ventana - Noticias Radio Reflejos<\/title>\n<meta name=\"robots\" content=\"index, follow, max-snippet:-1, max-image-preview:large, max-video-preview:-1\" \/>\n<link rel=\"canonical\" href=\"https:\/\/www.noticiasradioreflejos.com.ar\/2021\/comunicado-de-la-asociacion-de-prestadores-y-comerciantes-de-villa-ventana-2\/\" \/>\n<meta property=\"og:locale\" content=\"es_ES\" \/>\n<meta property=\"og:type\" content=\"article\" \/>\n<meta property=\"og:title\" content=\"Comunicado de la Asociaci\u00f3n de Prestadores y Comerciantes de Villa Ventana - Noticias Radio Reflejos\" \/>\n<meta property=\"og:description\" content=\"Ponemos en conocimiento a nuestros asociados y vecinos que nuestra instituci\u00f3n colabor\u00f3 en el per\u00edodo comprendido entre los meses de octubre &#8211; diciembre de 2020 con la donaci\u00f3n a la Delegaci\u00f3n Municipal de Villa Ventana\" \/>\n<meta property=\"og:url\" content=\"https:\/\/www.noticiasradioreflejos.com.ar\/2021\/comunicado-de-la-asociacion-de-prestadores-y-comerciantes-de-villa-ventana-2\/\" \/>\n<meta property=\"og:site_name\" content=\"Noticias Radio Reflejos\" \/>\n<meta property=\"article:published_time\" content=\"2021-04-08T15:54:17+00:00\" \/>\n<meta property=\"og:image\" content=\"https:\/\/www.noticiasradioreflejos.com.ar\/2021\/wp-content\/uploads\/2017\/01\/2a-Cablagata-Esc.-Agraria-Villa-Ventana-2.jpg\" \/>\n\t<meta property=\"og:image:width\" content=\"2304\" \/>\n\t<meta property=\"og:image:height\" content=\"1296\" \/>\n\t<meta property=\"og:image:type\" content=\"image\/jpeg\" \/>\n<meta name=\"author\" content=\"Arnaldo Botto\" \/>\n<meta name=\"twitter:card\" content=\"summary_large_image\" \/>\n<script type=\"application\/ld+json\" class=\"yoast-schema-graph\">{\"@context\":\"https:\/\/schema.org\",\"@graph\":[{\"@type\":\"WebPage\",\"@id\":\"https:\/\/www.noticiasradioreflejos.com.ar\/2021\/comunicado-de-la-asociacion-de-prestadores-y-comerciantes-de-villa-ventana-2\/\",\"url\":\"https:\/\/www.noticiasradioreflejos.com.ar\/2021\/comunicado-de-la-asociacion-de-prestadores-y-comerciantes-de-villa-ventana-2\/\",\"name\":\"Comunicado de la Asociaci\u00f3n de Prestadores y Comerciantes de Villa Ventana - Noticias Radio Reflejos\",\"isPartOf\":{\"@id\":\"https:\/\/www.noticiasradioreflejos.com.ar\/2021\/#website\"},\"primaryImageOfPage\":{\"@id\":\"https:\/\/www.noticiasradioreflejos.com.ar\/2021\/comunicado-de-la-asociacion-de-prestadores-y-comerciantes-de-villa-ventana-2\/#primaryimage\"},\"image\":{\"@id\":\"https:\/\/www.noticiasradioreflejos.com.ar\/2021\/comunicado-de-la-asociacion-de-prestadores-y-comerciantes-de-villa-ventana-2\/#primaryimage\"},\"thumbnailUrl\":\"https:\/\/www.noticiasradioreflejos.com.ar\/2021\/wp-content\/uploads\/2017\/01\/2a-Cablagata-Esc.-Agraria-Villa-Ventana-2.jpg\",\"datePublished\":\"2021-04-08T15:54:17+00:00\",\"author\":{\"@id\":\"https:\/\/www.noticiasradioreflejos.com.ar\/2021\/#\/schema\/person\/ad82545263dcc5ec0996818884fd5fb1\"},\"breadcrumb\":{\"@id\":\"https:\/\/www.noticiasradioreflejos.com.ar\/2021\/comunicado-de-la-asociacion-de-prestadores-y-comerciantes-de-villa-ventana-2\/#breadcrumb\"},\"inLanguage\":\"es\",\"potentialAction\":[{\"@type\":\"ReadAction\",\"target\":[\"https:\/\/www.noticiasradioreflejos.com.ar\/2021\/comunicado-de-la-asociacion-de-prestadores-y-comerciantes-de-villa-ventana-2\/\"]}]},{\"@type\":\"ImageObject\",\"inLanguage\":\"es\",\"@id\":\"https:\/\/www.noticiasradioreflejos.com.ar\/2021\/comunicado-de-la-asociacion-de-prestadores-y-comerciantes-de-villa-ventana-2\/#primaryimage\",\"url\":\"https:\/\/www.noticiasradioreflejos.com.ar\/2021\/wp-content\/uploads\/2017\/01\/2a-Cablagata-Esc.-Agraria-Villa-Ventana-2.jpg\",\"contentUrl\":\"https:\/\/www.noticiasradioreflejos.com.ar\/2021\/wp-content\/uploads\/2017\/01\/2a-Cablagata-Esc.-Agraria-Villa-Ventana-2.jpg\",\"width\":2304,\"height\":1296},{\"@type\":\"BreadcrumbList\",\"@id\":\"https:\/\/www.noticiasradioreflejos.com.ar\/2021\/comunicado-de-la-asociacion-de-prestadores-y-comerciantes-de-villa-ventana-2\/#breadcrumb\",\"itemListElement\":[{\"@type\":\"ListItem\",\"position\":1,\"name\":\"Portada\",\"item\":\"https:\/\/www.noticiasradioreflejos.com.ar\/2021\/\"},{\"@type\":\"ListItem\",\"position\":2,\"name\":\"Comunicado de la Asociaci\u00f3n de Prestadores y Comerciantes de Villa Ventana\"}]},{\"@type\":\"WebSite\",\"@id\":\"https:\/\/www.noticiasradioreflejos.com.ar\/2021\/#website\",\"url\":\"https:\/\/www.noticiasradioreflejos.com.ar\/2021\/\",\"name\":\"Noticias Radio Reflejos\",\"description\":\"Las noticias de mi comarca\",\"potentialAction\":[{\"@type\":\"SearchAction\",\"target\":{\"@type\":\"EntryPoint\",\"urlTemplate\":\"https:\/\/www.noticiasradioreflejos.com.ar\/2021\/?s={search_term_string}\"},\"query-input\":{\"@type\":\"PropertyValueSpecification\",\"valueRequired\":true,\"valueName\":\"search_term_string\"}}],\"inLanguage\":\"es\"},{\"@type\":\"Person\",\"@id\":\"https:\/\/www.noticiasradioreflejos.com.ar\/2021\/#\/schema\/person\/ad82545263dcc5ec0996818884fd5fb1\",\"name\":\"Arnaldo Botto\",\"image\":{\"@type\":\"ImageObject\",\"inLanguage\":\"es\",\"@id\":\"https:\/\/www.noticiasradioreflejos.com.ar\/2021\/#\/schema\/person\/image\/\",\"url\":\"https:\/\/secure.gravatar.com\/avatar\/55cb5e37c1efa326397366e6974cb338056df65cb50e7d64d1cf314e87504837?s=96&d=mm&r=g\",\"contentUrl\":\"https:\/\/secure.gravatar.com\/avatar\/55cb5e37c1efa326397366e6974cb338056df65cb50e7d64d1cf314e87504837?s=96&d=mm&r=g\",\"caption\":\"Arnaldo Botto\"},\"url\":\"https:\/\/www.noticiasradioreflejos.com.ar\/2021\/author\/arnaldo\/\"}]}<\/script>\n<!-- \/ Yoast SEO plugin. -->","yoast_head_json":{"title":"Comunicado de la Asociaci\u00f3n de Prestadores y Comerciantes de Villa Ventana - Noticias Radio Reflejos","robots":{"index":"index","follow":"follow","max-snippet":"max-snippet:-1","max-image-preview":"max-image-preview:large","max-video-preview":"max-video-preview:-1"},"canonical":"https:\/\/www.noticiasradioreflejos.com.ar\/2021\/comunicado-de-la-asociacion-de-prestadores-y-comerciantes-de-villa-ventana-2\/","og_locale":"es_ES","og_type":"article","og_title":"Comunicado de la Asociaci\u00f3n de Prestadores y Comerciantes de Villa Ventana - Noticias Radio Reflejos","og_description":"Ponemos en conocimiento a nuestros asociados y vecinos que nuestra instituci\u00f3n colabor\u00f3 en el per\u00edodo comprendido entre los meses de octubre &#8211; diciembre de 2020 con la donaci\u00f3n a la Delegaci\u00f3n Municipal de Villa Ventana","og_url":"https:\/\/www.noticiasradioreflejos.com.ar\/2021\/comunicado-de-la-asociacion-de-prestadores-y-comerciantes-de-villa-ventana-2\/","og_site_name":"Noticias Radio Reflejos","article_published_time":"2021-04-08T15:54:17+00:00","og_image":[{"width":2304,"height":1296,"url":"https:\/\/www.noticiasradioreflejos.com.ar\/2021\/wp-content\/uploads\/2017\/01\/2a-Cablagata-Esc.-Agraria-Villa-Ventana-2.jpg","type":"image\/jpeg"}],"author":"Arnaldo Botto","twitter_card":"summary_large_image","schema":{"@context":"https:\/\/schema.org","@graph":[{"@type":"WebPage","@id":"https:\/\/www.noticiasradioreflejos.com.ar\/2021\/comunicado-de-la-asociacion-de-prestadores-y-comerciantes-de-villa-ventana-2\/","url":"https:\/\/www.noticiasradioreflejos.com.ar\/2021\/comunicado-de-la-asociacion-de-prestadores-y-comerciantes-de-villa-ventana-2\/","name":"Comunicado de la Asociaci\u00f3n de Prestadores y Comerciantes de Villa Ventana - Noticias Radio Reflejos","isPartOf":{"@id":"https:\/\/www.noticiasradioreflejos.com.ar\/2021\/#website"},"primaryImageOfPage":{"@id":"https:\/\/www.noticiasradioreflejos.com.ar\/2021\/comunicado-de-la-asociacion-de-prestadores-y-comerciantes-de-villa-ventana-2\/#primaryimage"},"image":{"@id":"https:\/\/www.noticiasradioreflejos.com.ar\/2021\/comunicado-de-la-asociacion-de-prestadores-y-comerciantes-de-villa-ventana-2\/#primaryimage"},"thumbnailUrl":"https:\/\/www.noticiasradioreflejos.com.ar\/2021\/wp-content\/uploads\/2017\/01\/2a-Cablagata-Esc.-Agraria-Villa-Ventana-2.jpg","datePublished":"2021-04-08T15:54:17+00:00","author":{"@id":"https:\/\/www.noticiasradioreflejos.com.ar\/2021\/#\/schema\/person\/ad82545263dcc5ec0996818884fd5fb1"},"breadcrumb":{"@id":"https:\/\/www.noticiasradioreflejos.com.ar\/2021\/comunicado-de-la-asociacion-de-prestadores-y-comerciantes-de-villa-ventana-2\/#breadcrumb"},"inLanguage":"es","potentialAction":[{"@type":"ReadAction","target":["https:\/\/www.noticiasradioreflejos.com.ar\/2021\/comunicado-de-la-asociacion-de-prestadores-y-comerciantes-de-villa-ventana-2\/"]}]},{"@type":"ImageObject","inLanguage":"es","@id":"https:\/\/www.noticiasradioreflejos.com.ar\/2021\/comunicado-de-la-asociacion-de-prestadores-y-comerciantes-de-villa-ventana-2\/#primaryimage","url":"https:\/\/www.noticiasradioreflejos.com.ar\/2021\/wp-content\/uploads\/2017\/01\/2a-Cablagata-Esc.-Agraria-Villa-Ventana-2.jpg","contentUrl":"https:\/\/www.noticiasradioreflejos.com.ar\/2021\/wp-content\/uploads\/2017\/01\/2a-Cablagata-Esc.-Agraria-Villa-Ventana-2.jpg","width":2304,"height":1296},{"@type":"BreadcrumbList","@id":"https:\/\/www.noticiasradioreflejos.com.ar\/2021\/comunicado-de-la-asociacion-de-prestadores-y-comerciantes-de-villa-ventana-2\/#breadcrumb","itemListElement":[{"@type":"ListItem","position":1,"name":"Portada","item":"https:\/\/www.noticiasradioreflejos.com.ar\/2021\/"},{"@type":"ListItem","position":2,"name":"Comunicado de la Asociaci\u00f3n de Prestadores y Comerciantes de Villa Ventana"}]},{"@type":"WebSite","@id":"https:\/\/www.noticiasradioreflejos.com.ar\/2021\/#website","url":"https:\/\/www.noticiasradioreflejos.com.ar\/2021\/","name":"Noticias Radio Reflejos","description":"Las noticias de mi comarca","potentialAction":[{"@type":"SearchAction","target":{"@type":"EntryPoint","urlTemplate":"https:\/\/www.noticiasradioreflejos.com.ar\/2021\/?s={search_term_string}"},"query-input":{"@type":"PropertyValueSpecification","valueRequired":true,"valueName":"search_term_string"}}],"inLanguage":"es"},{"@type":"Person","@id":"https:\/\/www.noticiasradioreflejos.com.ar\/2021\/#\/schema\/person\/ad82545263dcc5ec0996818884fd5fb1","name":"Arnaldo Botto","image":{"@type":"ImageObject","inLanguage":"es","@id":"https:\/\/www.noticiasradioreflejos.com.ar\/2021\/#\/schema\/person\/image\/","url":"https:\/\/secure.gravatar.com\/avatar\/55cb5e37c1efa326397366e6974cb338056df65cb50e7d64d1cf314e87504837?s=96&d=mm&r=g","contentUrl":"https:\/\/secure.gravatar.com\/avatar\/55cb5e37c1efa326397366e6974cb338056df65cb50e7d64d1cf314e87504837?s=96&d=mm&r=g","caption":"Arnaldo Botto"},"url":"https:\/\/www.noticiasradioreflejos.com.ar\/2021\/author\/arnaldo\/"}]}},"_links":{"self":[{"href":"https:\/\/www.noticiasradioreflejos.com.ar\/2021\/wp-json\/wp\/v2\/posts\/55072","targetHints":{"allow":["GET"]}}],"collection":[{"href":"https:\/\/www.noticiasradioreflejos.com.ar\/2021\/wp-json\/wp\/v2\/posts"}],"about":[{"href":"https:\/\/www.noticiasradioreflejos.com.ar\/2021\/wp-json\/wp\/v2\/types\/post"}],"author":[{"embeddable":true,"href":"https:\/\/www.noticiasradioreflejos.com.ar\/2021\/wp-json\/wp\/v2\/users\/3"}],"replies":[{"embeddable":true,"href":"https:\/\/www.noticiasradioreflejos.com.ar\/2021\/wp-json\/wp\/v2\/comments?post=55072"}],"version-history":[{"count":0,"href":"https:\/\/www.noticiasradioreflejos.com.ar\/2021\/wp-json\/wp\/v2\/posts\/55072\/revisions"}],"wp:featuredmedia":[{"embeddable":true,"href":"https:\/\/www.noticiasradioreflejos.com.ar\/2021\/wp-json\/wp\/v2\/media\/6465"}],"wp:attachment":[{"href":"https:\/\/www.noticiasradioreflejos.com.ar\/2021\/wp-json\/wp\/v2\/media?parent=55072"}],"wp:term":[{"taxonomy":"category","embeddable":true,"href":"https:\/\/www.noticiasradioreflejos.com.ar\/2021\/wp-json\/wp\/v2\/categories?post=55072"},{"taxonomy":"post_tag","embeddable":true,"href":"https:\/\/www.noticiasradioreflejos.com.ar\/2021\/wp-json\/wp\/v2\/tags?post=55072"}],"curies":[{"name":"wp","href":"https:\/\/api.w.org\/{rel}","templated":true}]}}