{"id":55069,"date":"2021-04-08T12:50:01","date_gmt":"2021-04-08T15:50:01","guid":{"rendered":"http:\/\/www.noticiasradioreflejos.com.ar\/noticias\/?p=55069"},"modified":"2021-04-08T12:50:01","modified_gmt":"2021-04-08T15:50:01","slug":"festival-musica-en-la-ventana-12o-edicion","status":"publish","type":"post","link":"https:\/\/www.noticiasradioreflejos.com.ar\/2021\/festival-musica-en-la-ventana-12o-edicion\/","title":{"rendered":"Festival M\u00fasica en la Ventana &#8211; 12\u00ba edici\u00f3n"},"content":{"rendered":"<p>Declarado de inter\u00e9s cultural por el municipio de Tornquist.<br \/>\nEl Festival M\u00fasica en la Ventana anuncia la realizaci\u00f3n de la duod\u00e9cima edici\u00f3n a desarrollarse el d\u00eda s\u00e1bado 10 de abril a las 20 horas por streaming a trav\u00e9s del Face, You Tube, Instagram. <!--more--><strong><br \/>\nContaremos con la presencia de:<\/strong><br \/>\nMaximiliano Molina (Sierra de la Ventana)- Guitarra.<br \/>\nAlberto D\u00b4Alessandro (Bah\u00eda Blanca)-Guitarra.<br \/>\nLucas Carrillo (Cnel. Pringles-La Plata)-Bater\u00eda.<br \/>\nLuj\u00e1n Hern\u00e1ndez (Tornquist)-Cantautora.<br \/>\nRodrigo Terr\u00f3n (Coronel Dorrego)- Compositor.<br \/>\nSim\u00f3n Palacio (Guamin\u00ed)- Guitarra y voz en composiciones propias.<br \/>\nMarta Lerra (Posadas- Misiones)- Guitarra.<br \/>\nD\u00fao De Color Nuestro (Sierra de la Ventana)- Laura Zylbersztejn-Jorge Canolik- Canci\u00f3n latinoamericana.<br \/>\nFrancisco Alonso (Bah\u00eda Blanca- La Plata)- guitarra-Giselle Albamonte- Micaela Justel (CABA). Danza contempor\u00e1nea.<br \/>\nColaboraci\u00f3n a la gorra. en los link indicados en la transmisi\u00f3n.<br \/>\nDirecci\u00f3n art\u00edstica: A. D\u00b4Alessandro. Organizaci\u00f3n: Maximiliano Molina.<\/p>\n<p><a href=\"http:\/\/www.noticiasradioreflejos.com.ar\/noticias\/wp-content\/uploads\/2021\/04\/51071898027_6bc153098d_c.jpg\"><img loading=\"lazy\" decoding=\"async\" class=\"aligncenter size-full wp-image-55070\" src=\"http:\/\/www.noticiasradioreflejos.com.ar\/noticias\/wp-content\/uploads\/2021\/04\/51071898027_6bc153098d_c.jpg\" alt=\"51071898027_6bc153098d_c\" width=\"621\" height=\"800\" \/><\/a><\/p>\n","protected":false},"excerpt":{"rendered":"<p>Declarado de inter\u00e9s cultural por el municipio de Tornquist. El Festival M\u00fasica en la Ventana anuncia la realizaci\u00f3n de la duod\u00e9cima edici\u00f3n a desarrollarse el d\u00eda s\u00e1bado 10 de abril a las 20 horas por streaming a trav\u00e9s del Face, You Tube, Instagram.<\/p>\n","protected":false},"author":3,"featured_media":0,"comment_status":"closed","ping_status":"open","sticky":false,"template":"","format":"standard","meta":{"footnotes":""},"categories":[35],"tags":[],"class_list":["post-55069","post","type-post","status-publish","format-standard","hentry","category-cultura"],"yoast_head":"<!-- This site is optimized with the Yoast SEO plugin v25.9 - https:\/\/yoast.com\/wordpress\/plugins\/seo\/ -->\n<title>Festival M\u00fasica en la Ventana - 12\u00ba edici\u00f3n - Noticias Radio Reflejos<\/title>\n<meta name=\"robots\" content=\"index, follow, max-snippet:-1, max-image-preview:large, max-video-preview:-1\" \/>\n<link rel=\"canonical\" href=\"https:\/\/www.noticiasradioreflejos.com.ar\/2021\/festival-musica-en-la-ventana-12o-edicion\/\" \/>\n<meta property=\"og:locale\" content=\"es_ES\" \/>\n<meta property=\"og:type\" content=\"article\" \/>\n<meta property=\"og:title\" content=\"Festival M\u00fasica en la Ventana - 12\u00ba edici\u00f3n - Noticias Radio Reflejos\" \/>\n<meta property=\"og:description\" content=\"Declarado de inter\u00e9s cultural por el municipio de Tornquist. El Festival M\u00fasica en la Ventana anuncia la realizaci\u00f3n de la duod\u00e9cima edici\u00f3n a desarrollarse el d\u00eda s\u00e1bado 10 de abril a las 20 horas por streaming a trav\u00e9s del Face, You Tube, Instagram.\" \/>\n<meta property=\"og:url\" content=\"https:\/\/www.noticiasradioreflejos.com.ar\/2021\/festival-musica-en-la-ventana-12o-edicion\/\" \/>\n<meta property=\"og:site_name\" content=\"Noticias Radio Reflejos\" \/>\n<meta property=\"article:published_time\" content=\"2021-04-08T15:50:01+00:00\" \/>\n<meta property=\"og:image\" content=\"http:\/\/www.noticiasradioreflejos.com.ar\/noticias\/wp-content\/uploads\/2021\/04\/51071898027_6bc153098d_c.jpg\" \/>\n<meta name=\"author\" content=\"Arnaldo Botto\" \/>\n<meta name=\"twitter:card\" content=\"summary_large_image\" \/>\n<script type=\"application\/ld+json\" class=\"yoast-schema-graph\">{\"@context\":\"https:\/\/schema.org\",\"@graph\":[{\"@type\":\"WebPage\",\"@id\":\"https:\/\/www.noticiasradioreflejos.com.ar\/2021\/festival-musica-en-la-ventana-12o-edicion\/\",\"url\":\"https:\/\/www.noticiasradioreflejos.com.ar\/2021\/festival-musica-en-la-ventana-12o-edicion\/\",\"name\":\"Festival M\u00fasica en la Ventana - 12\u00ba edici\u00f3n - Noticias Radio Reflejos\",\"isPartOf\":{\"@id\":\"https:\/\/www.noticiasradioreflejos.com.ar\/2021\/#website\"},\"primaryImageOfPage\":{\"@id\":\"https:\/\/www.noticiasradioreflejos.com.ar\/2021\/festival-musica-en-la-ventana-12o-edicion\/#primaryimage\"},\"image\":{\"@id\":\"https:\/\/www.noticiasradioreflejos.com.ar\/2021\/festival-musica-en-la-ventana-12o-edicion\/#primaryimage\"},\"thumbnailUrl\":\"http:\/\/www.noticiasradioreflejos.com.ar\/noticias\/wp-content\/uploads\/2021\/04\/51071898027_6bc153098d_c.jpg\",\"datePublished\":\"2021-04-08T15:50:01+00:00\",\"author\":{\"@id\":\"https:\/\/www.noticiasradioreflejos.com.ar\/2021\/#\/schema\/person\/ad82545263dcc5ec0996818884fd5fb1\"},\"breadcrumb\":{\"@id\":\"https:\/\/www.noticiasradioreflejos.com.ar\/2021\/festival-musica-en-la-ventana-12o-edicion\/#breadcrumb\"},\"inLanguage\":\"es\",\"potentialAction\":[{\"@type\":\"ReadAction\",\"target\":[\"https:\/\/www.noticiasradioreflejos.com.ar\/2021\/festival-musica-en-la-ventana-12o-edicion\/\"]}]},{\"@type\":\"ImageObject\",\"inLanguage\":\"es\",\"@id\":\"https:\/\/www.noticiasradioreflejos.com.ar\/2021\/festival-musica-en-la-ventana-12o-edicion\/#primaryimage\",\"url\":\"http:\/\/www.noticiasradioreflejos.com.ar\/noticias\/wp-content\/uploads\/2021\/04\/51071898027_6bc153098d_c.jpg\",\"contentUrl\":\"http:\/\/www.noticiasradioreflejos.com.ar\/noticias\/wp-content\/uploads\/2021\/04\/51071898027_6bc153098d_c.jpg\"},{\"@type\":\"BreadcrumbList\",\"@id\":\"https:\/\/www.noticiasradioreflejos.com.ar\/2021\/festival-musica-en-la-ventana-12o-edicion\/#breadcrumb\",\"itemListElement\":[{\"@type\":\"ListItem\",\"position\":1,\"name\":\"Portada\",\"item\":\"https:\/\/www.noticiasradioreflejos.com.ar\/2021\/\"},{\"@type\":\"ListItem\",\"position\":2,\"name\":\"Festival M\u00fasica en la Ventana &#8211; 12\u00ba edici\u00f3n\"}]},{\"@type\":\"WebSite\",\"@id\":\"https:\/\/www.noticiasradioreflejos.com.ar\/2021\/#website\",\"url\":\"https:\/\/www.noticiasradioreflejos.com.ar\/2021\/\",\"name\":\"Noticias Radio Reflejos\",\"description\":\"Las noticias de mi comarca\",\"potentialAction\":[{\"@type\":\"SearchAction\",\"target\":{\"@type\":\"EntryPoint\",\"urlTemplate\":\"https:\/\/www.noticiasradioreflejos.com.ar\/2021\/?s={search_term_string}\"},\"query-input\":{\"@type\":\"PropertyValueSpecification\",\"valueRequired\":true,\"valueName\":\"search_term_string\"}}],\"inLanguage\":\"es\"},{\"@type\":\"Person\",\"@id\":\"https:\/\/www.noticiasradioreflejos.com.ar\/2021\/#\/schema\/person\/ad82545263dcc5ec0996818884fd5fb1\",\"name\":\"Arnaldo Botto\",\"image\":{\"@type\":\"ImageObject\",\"inLanguage\":\"es\",\"@id\":\"https:\/\/www.noticiasradioreflejos.com.ar\/2021\/#\/schema\/person\/image\/\",\"url\":\"https:\/\/secure.gravatar.com\/avatar\/55cb5e37c1efa326397366e6974cb338056df65cb50e7d64d1cf314e87504837?s=96&d=mm&r=g\",\"contentUrl\":\"https:\/\/secure.gravatar.com\/avatar\/55cb5e37c1efa326397366e6974cb338056df65cb50e7d64d1cf314e87504837?s=96&d=mm&r=g\",\"caption\":\"Arnaldo Botto\"},\"url\":\"https:\/\/www.noticiasradioreflejos.com.ar\/2021\/author\/arnaldo\/\"}]}<\/script>\n<!-- \/ Yoast SEO plugin. -->","yoast_head_json":{"title":"Festival M\u00fasica en la Ventana - 12\u00ba edici\u00f3n - Noticias Radio Reflejos","robots":{"index":"index","follow":"follow","max-snippet":"max-snippet:-1","max-image-preview":"max-image-preview:large","max-video-preview":"max-video-preview:-1"},"canonical":"https:\/\/www.noticiasradioreflejos.com.ar\/2021\/festival-musica-en-la-ventana-12o-edicion\/","og_locale":"es_ES","og_type":"article","og_title":"Festival M\u00fasica en la Ventana - 12\u00ba edici\u00f3n - Noticias Radio Reflejos","og_description":"Declarado de inter\u00e9s cultural por el municipio de Tornquist. El Festival M\u00fasica en la Ventana anuncia la realizaci\u00f3n de la duod\u00e9cima edici\u00f3n a desarrollarse el d\u00eda s\u00e1bado 10 de abril a las 20 horas por streaming a trav\u00e9s del Face, You Tube, Instagram.","og_url":"https:\/\/www.noticiasradioreflejos.com.ar\/2021\/festival-musica-en-la-ventana-12o-edicion\/","og_site_name":"Noticias Radio Reflejos","article_published_time":"2021-04-08T15:50:01+00:00","og_image":[{"url":"http:\/\/www.noticiasradioreflejos.com.ar\/noticias\/wp-content\/uploads\/2021\/04\/51071898027_6bc153098d_c.jpg","type":"","width":"","height":""}],"author":"Arnaldo Botto","twitter_card":"summary_large_image","schema":{"@context":"https:\/\/schema.org","@graph":[{"@type":"WebPage","@id":"https:\/\/www.noticiasradioreflejos.com.ar\/2021\/festival-musica-en-la-ventana-12o-edicion\/","url":"https:\/\/www.noticiasradioreflejos.com.ar\/2021\/festival-musica-en-la-ventana-12o-edicion\/","name":"Festival M\u00fasica en la Ventana - 12\u00ba edici\u00f3n - Noticias Radio Reflejos","isPartOf":{"@id":"https:\/\/www.noticiasradioreflejos.com.ar\/2021\/#website"},"primaryImageOfPage":{"@id":"https:\/\/www.noticiasradioreflejos.com.ar\/2021\/festival-musica-en-la-ventana-12o-edicion\/#primaryimage"},"image":{"@id":"https:\/\/www.noticiasradioreflejos.com.ar\/2021\/festival-musica-en-la-ventana-12o-edicion\/#primaryimage"},"thumbnailUrl":"http:\/\/www.noticiasradioreflejos.com.ar\/noticias\/wp-content\/uploads\/2021\/04\/51071898027_6bc153098d_c.jpg","datePublished":"2021-04-08T15:50:01+00:00","author":{"@id":"https:\/\/www.noticiasradioreflejos.com.ar\/2021\/#\/schema\/person\/ad82545263dcc5ec0996818884fd5fb1"},"breadcrumb":{"@id":"https:\/\/www.noticiasradioreflejos.com.ar\/2021\/festival-musica-en-la-ventana-12o-edicion\/#breadcrumb"},"inLanguage":"es","potentialAction":[{"@type":"ReadAction","target":["https:\/\/www.noticiasradioreflejos.com.ar\/2021\/festival-musica-en-la-ventana-12o-edicion\/"]}]},{"@type":"ImageObject","inLanguage":"es","@id":"https:\/\/www.noticiasradioreflejos.com.ar\/2021\/festival-musica-en-la-ventana-12o-edicion\/#primaryimage","url":"http:\/\/www.noticiasradioreflejos.com.ar\/noticias\/wp-content\/uploads\/2021\/04\/51071898027_6bc153098d_c.jpg","contentUrl":"http:\/\/www.noticiasradioreflejos.com.ar\/noticias\/wp-content\/uploads\/2021\/04\/51071898027_6bc153098d_c.jpg"},{"@type":"BreadcrumbList","@id":"https:\/\/www.noticiasradioreflejos.com.ar\/2021\/festival-musica-en-la-ventana-12o-edicion\/#breadcrumb","itemListElement":[{"@type":"ListItem","position":1,"name":"Portada","item":"https:\/\/www.noticiasradioreflejos.com.ar\/2021\/"},{"@type":"ListItem","position":2,"name":"Festival M\u00fasica en la Ventana &#8211; 12\u00ba edici\u00f3n"}]},{"@type":"WebSite","@id":"https:\/\/www.noticiasradioreflejos.com.ar\/2021\/#website","url":"https:\/\/www.noticiasradioreflejos.com.ar\/2021\/","name":"Noticias Radio Reflejos","description":"Las noticias de mi comarca","potentialAction":[{"@type":"SearchAction","target":{"@type":"EntryPoint","urlTemplate":"https:\/\/www.noticiasradioreflejos.com.ar\/2021\/?s={search_term_string}"},"query-input":{"@type":"PropertyValueSpecification","valueRequired":true,"valueName":"search_term_string"}}],"inLanguage":"es"},{"@type":"Person","@id":"https:\/\/www.noticiasradioreflejos.com.ar\/2021\/#\/schema\/person\/ad82545263dcc5ec0996818884fd5fb1","name":"Arnaldo Botto","image":{"@type":"ImageObject","inLanguage":"es","@id":"https:\/\/www.noticiasradioreflejos.com.ar\/2021\/#\/schema\/person\/image\/","url":"https:\/\/secure.gravatar.com\/avatar\/55cb5e37c1efa326397366e6974cb338056df65cb50e7d64d1cf314e87504837?s=96&d=mm&r=g","contentUrl":"https:\/\/secure.gravatar.com\/avatar\/55cb5e37c1efa326397366e6974cb338056df65cb50e7d64d1cf314e87504837?s=96&d=mm&r=g","caption":"Arnaldo Botto"},"url":"https:\/\/www.noticiasradioreflejos.com.ar\/2021\/author\/arnaldo\/"}]}},"_links":{"self":[{"href":"https:\/\/www.noticiasradioreflejos.com.ar\/2021\/wp-json\/wp\/v2\/posts\/55069","targetHints":{"allow":["GET"]}}],"collection":[{"href":"https:\/\/www.noticiasradioreflejos.com.ar\/2021\/wp-json\/wp\/v2\/posts"}],"about":[{"href":"https:\/\/www.noticiasradioreflejos.com.ar\/2021\/wp-json\/wp\/v2\/types\/post"}],"author":[{"embeddable":true,"href":"https:\/\/www.noticiasradioreflejos.com.ar\/2021\/wp-json\/wp\/v2\/users\/3"}],"replies":[{"embeddable":true,"href":"https:\/\/www.noticiasradioreflejos.com.ar\/2021\/wp-json\/wp\/v2\/comments?post=55069"}],"version-history":[{"count":0,"href":"https:\/\/www.noticiasradioreflejos.com.ar\/2021\/wp-json\/wp\/v2\/posts\/55069\/revisions"}],"wp:attachment":[{"href":"https:\/\/www.noticiasradioreflejos.com.ar\/2021\/wp-json\/wp\/v2\/media?parent=55069"}],"wp:term":[{"taxonomy":"category","embeddable":true,"href":"https:\/\/www.noticiasradioreflejos.com.ar\/2021\/wp-json\/wp\/v2\/categories?post=55069"},{"taxonomy":"post_tag","embeddable":true,"href":"https:\/\/www.noticiasradioreflejos.com.ar\/2021\/wp-json\/wp\/v2\/tags?post=55069"}],"curies":[{"name":"wp","href":"https:\/\/api.w.org\/{rel}","templated":true}]}}