{"id":55063,"date":"2021-04-08T09:35:44","date_gmt":"2021-04-08T12:35:44","guid":{"rendered":"http:\/\/www.noticiasradioreflejos.com.ar\/noticias\/?p=55063"},"modified":"2021-04-08T09:35:44","modified_gmt":"2021-04-08T12:35:44","slug":"cortes-de-energia-en-sierra-de-la-ventana-informe-de-coopersive-ltda","status":"publish","type":"post","link":"https:\/\/www.noticiasradioreflejos.com.ar\/2021\/cortes-de-energia-en-sierra-de-la-ventana-informe-de-coopersive-ltda\/","title":{"rendered":"Sierra de la Ventana &#8211; Hubo cortes de energ\u00eda y anticipan otro para la ma\u00f1ana de hoy."},"content":{"rendered":"<p><strong> Informe de Coopersive Ltda<\/strong>.<!--more--><\/p>\n<p>El corte de energ\u00eda que se produjo en la madrugada de hoy tuvo su causa en la rotura de un descargador atmosf\u00e9rico en un transformador de Villa Arcadia. Por efecto del funcionamiento de las protecciones de nuestras celdas, la zona Centro y Barrio Golf estuvieron sin servicio desde 00:50 a 01:30 horas, mientras que en Villa Arcadia el corte continu\u00f3 hasta las 02:20 horas, cuando el servicio fue repuesto.<br \/>\nHoy por la ma\u00f1ana, a las 06:30 horas, se produjo la rotura de un descargador atmosf\u00e9rico en la Sub Estaci\u00f3n Transformadora de Saldungaray, propiedad de EDES. Los operarios de la Cooperativa de Saldungaray, conjuntamente con nuestro personal de Redes, realizaron una reparaci\u00f3n transitoria que nos permite contar con servicio desde las 08:10 horas. Aproximadamente entre 10:30 y 11:00 horas se deber\u00e1 cortar nuevamente el servicio para posibilitar al personal de EDES la reparaci\u00f3n definitiva de la falla. Por el momento, no tenemos informaci\u00f3n de cu\u00e1l ser\u00e1 la duraci\u00f3n de dicho corte. Apenas contemos con la misma, ser\u00e1 debidamente informado.<br \/>\nSepan disculpar nuestros asociados las molestias ocasionadas por estos cortes.<\/p>\n<p>Consejo de Administraci\u00f3n<br \/>\n08-abr-2021<\/p>\n","protected":false},"excerpt":{"rendered":"<p>Informe de Coopersive Ltda.<\/p>\n","protected":false},"author":3,"featured_media":3991,"comment_status":"closed","ping_status":"open","sticky":false,"template":"","format":"standard","meta":{"footnotes":""},"categories":[26],"tags":[],"class_list":["post-55063","post","type-post","status-publish","format-standard","has-post-thumbnail","hentry","category-sociedad"],"yoast_head":"<!-- This site is optimized with the Yoast SEO plugin v25.9 - https:\/\/yoast.com\/wordpress\/plugins\/seo\/ -->\n<title>Sierra de la Ventana - Hubo cortes de energ\u00eda y anticipan otro para la ma\u00f1ana de hoy. - Noticias Radio Reflejos<\/title>\n<meta name=\"robots\" content=\"index, follow, max-snippet:-1, max-image-preview:large, max-video-preview:-1\" \/>\n<link rel=\"canonical\" href=\"https:\/\/www.noticiasradioreflejos.com.ar\/2021\/cortes-de-energia-en-sierra-de-la-ventana-informe-de-coopersive-ltda\/\" \/>\n<meta property=\"og:locale\" content=\"es_ES\" \/>\n<meta property=\"og:type\" content=\"article\" \/>\n<meta property=\"og:title\" content=\"Sierra de la Ventana - Hubo cortes de energ\u00eda y anticipan otro para la ma\u00f1ana de hoy. - Noticias Radio Reflejos\" \/>\n<meta property=\"og:description\" content=\"Informe de Coopersive Ltda.\" \/>\n<meta property=\"og:url\" content=\"https:\/\/www.noticiasradioreflejos.com.ar\/2021\/cortes-de-energia-en-sierra-de-la-ventana-informe-de-coopersive-ltda\/\" \/>\n<meta property=\"og:site_name\" content=\"Noticias Radio Reflejos\" \/>\n<meta property=\"article:published_time\" content=\"2021-04-08T12:35:44+00:00\" \/>\n<meta property=\"og:image\" content=\"https:\/\/www.noticiasradioreflejos.com.ar\/2021\/wp-content\/uploads\/2016\/11\/Corte_de_luz.jpg\" \/>\n\t<meta property=\"og:image:width\" content=\"600\" \/>\n\t<meta property=\"og:image:height\" content=\"400\" \/>\n\t<meta property=\"og:image:type\" content=\"image\/jpeg\" \/>\n<meta name=\"author\" content=\"Arnaldo Botto\" \/>\n<meta name=\"twitter:card\" content=\"summary_large_image\" \/>\n<script type=\"application\/ld+json\" class=\"yoast-schema-graph\">{\"@context\":\"https:\/\/schema.org\",\"@graph\":[{\"@type\":\"WebPage\",\"@id\":\"https:\/\/www.noticiasradioreflejos.com.ar\/2021\/cortes-de-energia-en-sierra-de-la-ventana-informe-de-coopersive-ltda\/\",\"url\":\"https:\/\/www.noticiasradioreflejos.com.ar\/2021\/cortes-de-energia-en-sierra-de-la-ventana-informe-de-coopersive-ltda\/\",\"name\":\"Sierra de la Ventana - Hubo cortes de energ\u00eda y anticipan otro para la ma\u00f1ana de hoy. - Noticias Radio Reflejos\",\"isPartOf\":{\"@id\":\"https:\/\/www.noticiasradioreflejos.com.ar\/2021\/#website\"},\"primaryImageOfPage\":{\"@id\":\"https:\/\/www.noticiasradioreflejos.com.ar\/2021\/cortes-de-energia-en-sierra-de-la-ventana-informe-de-coopersive-ltda\/#primaryimage\"},\"image\":{\"@id\":\"https:\/\/www.noticiasradioreflejos.com.ar\/2021\/cortes-de-energia-en-sierra-de-la-ventana-informe-de-coopersive-ltda\/#primaryimage\"},\"thumbnailUrl\":\"https:\/\/www.noticiasradioreflejos.com.ar\/2021\/wp-content\/uploads\/2016\/11\/Corte_de_luz.jpg\",\"datePublished\":\"2021-04-08T12:35:44+00:00\",\"author\":{\"@id\":\"https:\/\/www.noticiasradioreflejos.com.ar\/2021\/#\/schema\/person\/ad82545263dcc5ec0996818884fd5fb1\"},\"breadcrumb\":{\"@id\":\"https:\/\/www.noticiasradioreflejos.com.ar\/2021\/cortes-de-energia-en-sierra-de-la-ventana-informe-de-coopersive-ltda\/#breadcrumb\"},\"inLanguage\":\"es\",\"potentialAction\":[{\"@type\":\"ReadAction\",\"target\":[\"https:\/\/www.noticiasradioreflejos.com.ar\/2021\/cortes-de-energia-en-sierra-de-la-ventana-informe-de-coopersive-ltda\/\"]}]},{\"@type\":\"ImageObject\",\"inLanguage\":\"es\",\"@id\":\"https:\/\/www.noticiasradioreflejos.com.ar\/2021\/cortes-de-energia-en-sierra-de-la-ventana-informe-de-coopersive-ltda\/#primaryimage\",\"url\":\"https:\/\/www.noticiasradioreflejos.com.ar\/2021\/wp-content\/uploads\/2016\/11\/Corte_de_luz.jpg\",\"contentUrl\":\"https:\/\/www.noticiasradioreflejos.com.ar\/2021\/wp-content\/uploads\/2016\/11\/Corte_de_luz.jpg\",\"width\":600,\"height\":400},{\"@type\":\"BreadcrumbList\",\"@id\":\"https:\/\/www.noticiasradioreflejos.com.ar\/2021\/cortes-de-energia-en-sierra-de-la-ventana-informe-de-coopersive-ltda\/#breadcrumb\",\"itemListElement\":[{\"@type\":\"ListItem\",\"position\":1,\"name\":\"Portada\",\"item\":\"https:\/\/www.noticiasradioreflejos.com.ar\/2021\/\"},{\"@type\":\"ListItem\",\"position\":2,\"name\":\"Sierra de la Ventana &#8211; Hubo cortes de energ\u00eda y anticipan otro para la ma\u00f1ana de hoy.\"}]},{\"@type\":\"WebSite\",\"@id\":\"https:\/\/www.noticiasradioreflejos.com.ar\/2021\/#website\",\"url\":\"https:\/\/www.noticiasradioreflejos.com.ar\/2021\/\",\"name\":\"Noticias Radio Reflejos\",\"description\":\"Las noticias de mi comarca\",\"potentialAction\":[{\"@type\":\"SearchAction\",\"target\":{\"@type\":\"EntryPoint\",\"urlTemplate\":\"https:\/\/www.noticiasradioreflejos.com.ar\/2021\/?s={search_term_string}\"},\"query-input\":{\"@type\":\"PropertyValueSpecification\",\"valueRequired\":true,\"valueName\":\"search_term_string\"}}],\"inLanguage\":\"es\"},{\"@type\":\"Person\",\"@id\":\"https:\/\/www.noticiasradioreflejos.com.ar\/2021\/#\/schema\/person\/ad82545263dcc5ec0996818884fd5fb1\",\"name\":\"Arnaldo Botto\",\"image\":{\"@type\":\"ImageObject\",\"inLanguage\":\"es\",\"@id\":\"https:\/\/www.noticiasradioreflejos.com.ar\/2021\/#\/schema\/person\/image\/\",\"url\":\"https:\/\/secure.gravatar.com\/avatar\/55cb5e37c1efa326397366e6974cb338056df65cb50e7d64d1cf314e87504837?s=96&d=mm&r=g\",\"contentUrl\":\"https:\/\/secure.gravatar.com\/avatar\/55cb5e37c1efa326397366e6974cb338056df65cb50e7d64d1cf314e87504837?s=96&d=mm&r=g\",\"caption\":\"Arnaldo Botto\"},\"url\":\"https:\/\/www.noticiasradioreflejos.com.ar\/2021\/author\/arnaldo\/\"}]}<\/script>\n<!-- \/ Yoast SEO plugin. -->","yoast_head_json":{"title":"Sierra de la Ventana - Hubo cortes de energ\u00eda y anticipan otro para la ma\u00f1ana de hoy. - Noticias Radio Reflejos","robots":{"index":"index","follow":"follow","max-snippet":"max-snippet:-1","max-image-preview":"max-image-preview:large","max-video-preview":"max-video-preview:-1"},"canonical":"https:\/\/www.noticiasradioreflejos.com.ar\/2021\/cortes-de-energia-en-sierra-de-la-ventana-informe-de-coopersive-ltda\/","og_locale":"es_ES","og_type":"article","og_title":"Sierra de la Ventana - Hubo cortes de energ\u00eda y anticipan otro para la ma\u00f1ana de hoy. - Noticias Radio Reflejos","og_description":"Informe de Coopersive Ltda.","og_url":"https:\/\/www.noticiasradioreflejos.com.ar\/2021\/cortes-de-energia-en-sierra-de-la-ventana-informe-de-coopersive-ltda\/","og_site_name":"Noticias Radio Reflejos","article_published_time":"2021-04-08T12:35:44+00:00","og_image":[{"width":600,"height":400,"url":"https:\/\/www.noticiasradioreflejos.com.ar\/2021\/wp-content\/uploads\/2016\/11\/Corte_de_luz.jpg","type":"image\/jpeg"}],"author":"Arnaldo Botto","twitter_card":"summary_large_image","schema":{"@context":"https:\/\/schema.org","@graph":[{"@type":"WebPage","@id":"https:\/\/www.noticiasradioreflejos.com.ar\/2021\/cortes-de-energia-en-sierra-de-la-ventana-informe-de-coopersive-ltda\/","url":"https:\/\/www.noticiasradioreflejos.com.ar\/2021\/cortes-de-energia-en-sierra-de-la-ventana-informe-de-coopersive-ltda\/","name":"Sierra de la Ventana - Hubo cortes de energ\u00eda y anticipan otro para la ma\u00f1ana de hoy. - Noticias Radio Reflejos","isPartOf":{"@id":"https:\/\/www.noticiasradioreflejos.com.ar\/2021\/#website"},"primaryImageOfPage":{"@id":"https:\/\/www.noticiasradioreflejos.com.ar\/2021\/cortes-de-energia-en-sierra-de-la-ventana-informe-de-coopersive-ltda\/#primaryimage"},"image":{"@id":"https:\/\/www.noticiasradioreflejos.com.ar\/2021\/cortes-de-energia-en-sierra-de-la-ventana-informe-de-coopersive-ltda\/#primaryimage"},"thumbnailUrl":"https:\/\/www.noticiasradioreflejos.com.ar\/2021\/wp-content\/uploads\/2016\/11\/Corte_de_luz.jpg","datePublished":"2021-04-08T12:35:44+00:00","author":{"@id":"https:\/\/www.noticiasradioreflejos.com.ar\/2021\/#\/schema\/person\/ad82545263dcc5ec0996818884fd5fb1"},"breadcrumb":{"@id":"https:\/\/www.noticiasradioreflejos.com.ar\/2021\/cortes-de-energia-en-sierra-de-la-ventana-informe-de-coopersive-ltda\/#breadcrumb"},"inLanguage":"es","potentialAction":[{"@type":"ReadAction","target":["https:\/\/www.noticiasradioreflejos.com.ar\/2021\/cortes-de-energia-en-sierra-de-la-ventana-informe-de-coopersive-ltda\/"]}]},{"@type":"ImageObject","inLanguage":"es","@id":"https:\/\/www.noticiasradioreflejos.com.ar\/2021\/cortes-de-energia-en-sierra-de-la-ventana-informe-de-coopersive-ltda\/#primaryimage","url":"https:\/\/www.noticiasradioreflejos.com.ar\/2021\/wp-content\/uploads\/2016\/11\/Corte_de_luz.jpg","contentUrl":"https:\/\/www.noticiasradioreflejos.com.ar\/2021\/wp-content\/uploads\/2016\/11\/Corte_de_luz.jpg","width":600,"height":400},{"@type":"BreadcrumbList","@id":"https:\/\/www.noticiasradioreflejos.com.ar\/2021\/cortes-de-energia-en-sierra-de-la-ventana-informe-de-coopersive-ltda\/#breadcrumb","itemListElement":[{"@type":"ListItem","position":1,"name":"Portada","item":"https:\/\/www.noticiasradioreflejos.com.ar\/2021\/"},{"@type":"ListItem","position":2,"name":"Sierra de la Ventana &#8211; Hubo cortes de energ\u00eda y anticipan otro para la ma\u00f1ana de hoy."}]},{"@type":"WebSite","@id":"https:\/\/www.noticiasradioreflejos.com.ar\/2021\/#website","url":"https:\/\/www.noticiasradioreflejos.com.ar\/2021\/","name":"Noticias Radio Reflejos","description":"Las noticias de mi comarca","potentialAction":[{"@type":"SearchAction","target":{"@type":"EntryPoint","urlTemplate":"https:\/\/www.noticiasradioreflejos.com.ar\/2021\/?s={search_term_string}"},"query-input":{"@type":"PropertyValueSpecification","valueRequired":true,"valueName":"search_term_string"}}],"inLanguage":"es"},{"@type":"Person","@id":"https:\/\/www.noticiasradioreflejos.com.ar\/2021\/#\/schema\/person\/ad82545263dcc5ec0996818884fd5fb1","name":"Arnaldo Botto","image":{"@type":"ImageObject","inLanguage":"es","@id":"https:\/\/www.noticiasradioreflejos.com.ar\/2021\/#\/schema\/person\/image\/","url":"https:\/\/secure.gravatar.com\/avatar\/55cb5e37c1efa326397366e6974cb338056df65cb50e7d64d1cf314e87504837?s=96&d=mm&r=g","contentUrl":"https:\/\/secure.gravatar.com\/avatar\/55cb5e37c1efa326397366e6974cb338056df65cb50e7d64d1cf314e87504837?s=96&d=mm&r=g","caption":"Arnaldo Botto"},"url":"https:\/\/www.noticiasradioreflejos.com.ar\/2021\/author\/arnaldo\/"}]}},"_links":{"self":[{"href":"https:\/\/www.noticiasradioreflejos.com.ar\/2021\/wp-json\/wp\/v2\/posts\/55063","targetHints":{"allow":["GET"]}}],"collection":[{"href":"https:\/\/www.noticiasradioreflejos.com.ar\/2021\/wp-json\/wp\/v2\/posts"}],"about":[{"href":"https:\/\/www.noticiasradioreflejos.com.ar\/2021\/wp-json\/wp\/v2\/types\/post"}],"author":[{"embeddable":true,"href":"https:\/\/www.noticiasradioreflejos.com.ar\/2021\/wp-json\/wp\/v2\/users\/3"}],"replies":[{"embeddable":true,"href":"https:\/\/www.noticiasradioreflejos.com.ar\/2021\/wp-json\/wp\/v2\/comments?post=55063"}],"version-history":[{"count":0,"href":"https:\/\/www.noticiasradioreflejos.com.ar\/2021\/wp-json\/wp\/v2\/posts\/55063\/revisions"}],"wp:featuredmedia":[{"embeddable":true,"href":"https:\/\/www.noticiasradioreflejos.com.ar\/2021\/wp-json\/wp\/v2\/media\/3991"}],"wp:attachment":[{"href":"https:\/\/www.noticiasradioreflejos.com.ar\/2021\/wp-json\/wp\/v2\/media?parent=55063"}],"wp:term":[{"taxonomy":"category","embeddable":true,"href":"https:\/\/www.noticiasradioreflejos.com.ar\/2021\/wp-json\/wp\/v2\/categories?post=55063"},{"taxonomy":"post_tag","embeddable":true,"href":"https:\/\/www.noticiasradioreflejos.com.ar\/2021\/wp-json\/wp\/v2\/tags?post=55063"}],"curies":[{"name":"wp","href":"https:\/\/api.w.org\/{rel}","templated":true}]}}