{"id":5506,"date":"2017-01-04T23:30:58","date_gmt":"2017-01-05T02:30:58","guid":{"rendered":"http:\/\/noticiasradioreflejos.com.ar\/noticias\/?p=5506"},"modified":"2017-01-04T23:30:58","modified_gmt":"2017-01-05T02:30:58","slug":"pudieron-controlar-el-incendio-de-garcia-del-rio","status":"publish","type":"post","link":"https:\/\/www.noticiasradioreflejos.com.ar\/2021\/pudieron-controlar-el-incendio-de-garcia-del-rio\/","title":{"rendered":"Pudieron controlar el incendio de Garc\u00eda del R\u00edo"},"content":{"rendered":"<p>Pudieron controlar el incendio que se hab\u00eda desatado el martes a la altura del kilometro 37 e la ruta 33 y que quem\u00f3 campos ubicados entre Napost\u00e1 y Garc\u00eda del R\u00edo.<!--more--><br \/>\nEste mi\u00e9rcoles a la ma\u00f1ana informaron desde el cuartel local de bomberos que hab\u00edan controlado el fuego que fue muy importante. Las dotaciones regresaron a Tornquist pasada las seis de la ma\u00f1ana de hoy y en el lugar qued\u00f3 una guardia de ceniza.<br \/>\nRecordemos que en la tarde de este martes se hab\u00eda complicado\u00a0la situaci\u00f3n de los incendios que se extienden no solo en La Pampa y R\u00edo negro sino tambi\u00e9n en el sur y sudoeste de la provincia.<br \/>\nCerca de la medianoche de este martes bomberos de General Cerri, Tornquist con 4 m\u00f3viles , Sierra de la Ventana y apoyo de Villa Ventana que se requer\u00eda trabajaban para tratar de contener un incendio que se desat\u00f3 a la altura del kil\u00f3metro 37 de la ruta 33 en sector de lomas de Tornquist a Bah\u00eda a mano izquierda y que se encontraba entre Napost\u00e1 y llegando a Garc\u00eda del R\u00edo con un frente de unos 5 kil\u00f3metrros.<br \/>\nDesde el cuartel de bomberos nos comunicaban que la situaci\u00f3n estaba complicada ya que comenz\u00f3 en jurisdicci\u00f3n de Bah\u00eda Blanca pero ingreso al Partido de Tornquist y contin\u00faa quemando.<br \/>\nSe hab\u00eda pedido apoyo a Sierra de la Ventana que envi\u00f3 el m\u00f3vil de incendios forestales 4003 para que se sume como as\u00ed tambi\u00e9n se convocaba a Villa Ventana. Los bomberos no tienen tregua desde muchos frentes y la situaci\u00f3n empeora por la gran sequ\u00eda y el tama\u00f1o de pastizales.<\/p>\n","protected":false},"excerpt":{"rendered":"<p>Pudieron controlar el incendio que se hab\u00eda desatado el martes a la altura del kilometro 37 e la ruta 33 y que quem\u00f3 campos ubicados entre Napost\u00e1 y Garc\u00eda del R\u00edo.<\/p>\n","protected":false},"author":3,"featured_media":0,"comment_status":"closed","ping_status":"open","sticky":false,"template":"","format":"standard","meta":{"footnotes":""},"categories":[26],"tags":[],"class_list":["post-5506","post","type-post","status-publish","format-standard","hentry","category-sociedad"],"yoast_head":"<!-- This site is optimized with the Yoast SEO plugin v25.9 - https:\/\/yoast.com\/wordpress\/plugins\/seo\/ -->\n<title>Pudieron controlar el incendio de Garc\u00eda del R\u00edo - Noticias Radio Reflejos<\/title>\n<meta name=\"robots\" content=\"index, follow, max-snippet:-1, max-image-preview:large, max-video-preview:-1\" \/>\n<link rel=\"canonical\" href=\"https:\/\/www.noticiasradioreflejos.com.ar\/2021\/pudieron-controlar-el-incendio-de-garcia-del-rio\/\" \/>\n<meta property=\"og:locale\" content=\"es_ES\" \/>\n<meta property=\"og:type\" content=\"article\" \/>\n<meta property=\"og:title\" content=\"Pudieron controlar el incendio de Garc\u00eda del R\u00edo - Noticias Radio Reflejos\" \/>\n<meta property=\"og:description\" content=\"Pudieron controlar el incendio que se hab\u00eda desatado el martes a la altura del kilometro 37 e la ruta 33 y que quem\u00f3 campos ubicados entre Napost\u00e1 y Garc\u00eda del R\u00edo.\" \/>\n<meta property=\"og:url\" content=\"https:\/\/www.noticiasradioreflejos.com.ar\/2021\/pudieron-controlar-el-incendio-de-garcia-del-rio\/\" \/>\n<meta property=\"og:site_name\" content=\"Noticias Radio Reflejos\" \/>\n<meta property=\"article:published_time\" content=\"2017-01-05T02:30:58+00:00\" \/>\n<meta property=\"og:image\" content=\"https:\/\/www.noticiasradioreflejos.com.ar\/2021\/wp-content\/uploads\/2021\/07\/logosol300x200.png\" \/>\n\t<meta property=\"og:image:width\" content=\"300\" \/>\n\t<meta property=\"og:image:height\" content=\"200\" \/>\n\t<meta property=\"og:image:type\" content=\"image\/png\" \/>\n<meta name=\"author\" content=\"Arnaldo Botto\" \/>\n<meta name=\"twitter:card\" content=\"summary_large_image\" \/>\n<script type=\"application\/ld+json\" class=\"yoast-schema-graph\">{\"@context\":\"https:\/\/schema.org\",\"@graph\":[{\"@type\":\"WebPage\",\"@id\":\"https:\/\/www.noticiasradioreflejos.com.ar\/2021\/pudieron-controlar-el-incendio-de-garcia-del-rio\/\",\"url\":\"https:\/\/www.noticiasradioreflejos.com.ar\/2021\/pudieron-controlar-el-incendio-de-garcia-del-rio\/\",\"name\":\"Pudieron controlar el incendio de Garc\u00eda del R\u00edo - Noticias Radio Reflejos\",\"isPartOf\":{\"@id\":\"https:\/\/www.noticiasradioreflejos.com.ar\/2021\/#website\"},\"datePublished\":\"2017-01-05T02:30:58+00:00\",\"author\":{\"@id\":\"https:\/\/www.noticiasradioreflejos.com.ar\/2021\/#\/schema\/person\/ad82545263dcc5ec0996818884fd5fb1\"},\"breadcrumb\":{\"@id\":\"https:\/\/www.noticiasradioreflejos.com.ar\/2021\/pudieron-controlar-el-incendio-de-garcia-del-rio\/#breadcrumb\"},\"inLanguage\":\"es\",\"potentialAction\":[{\"@type\":\"ReadAction\",\"target\":[\"https:\/\/www.noticiasradioreflejos.com.ar\/2021\/pudieron-controlar-el-incendio-de-garcia-del-rio\/\"]}]},{\"@type\":\"BreadcrumbList\",\"@id\":\"https:\/\/www.noticiasradioreflejos.com.ar\/2021\/pudieron-controlar-el-incendio-de-garcia-del-rio\/#breadcrumb\",\"itemListElement\":[{\"@type\":\"ListItem\",\"position\":1,\"name\":\"Portada\",\"item\":\"https:\/\/www.noticiasradioreflejos.com.ar\/2021\/\"},{\"@type\":\"ListItem\",\"position\":2,\"name\":\"Pudieron controlar el incendio de Garc\u00eda del R\u00edo\"}]},{\"@type\":\"WebSite\",\"@id\":\"https:\/\/www.noticiasradioreflejos.com.ar\/2021\/#website\",\"url\":\"https:\/\/www.noticiasradioreflejos.com.ar\/2021\/\",\"name\":\"Noticias Radio Reflejos\",\"description\":\"Las noticias de mi comarca\",\"potentialAction\":[{\"@type\":\"SearchAction\",\"target\":{\"@type\":\"EntryPoint\",\"urlTemplate\":\"https:\/\/www.noticiasradioreflejos.com.ar\/2021\/?s={search_term_string}\"},\"query-input\":{\"@type\":\"PropertyValueSpecification\",\"valueRequired\":true,\"valueName\":\"search_term_string\"}}],\"inLanguage\":\"es\"},{\"@type\":\"Person\",\"@id\":\"https:\/\/www.noticiasradioreflejos.com.ar\/2021\/#\/schema\/person\/ad82545263dcc5ec0996818884fd5fb1\",\"name\":\"Arnaldo Botto\",\"image\":{\"@type\":\"ImageObject\",\"inLanguage\":\"es\",\"@id\":\"https:\/\/www.noticiasradioreflejos.com.ar\/2021\/#\/schema\/person\/image\/\",\"url\":\"https:\/\/secure.gravatar.com\/avatar\/55cb5e37c1efa326397366e6974cb338056df65cb50e7d64d1cf314e87504837?s=96&d=mm&r=g\",\"contentUrl\":\"https:\/\/secure.gravatar.com\/avatar\/55cb5e37c1efa326397366e6974cb338056df65cb50e7d64d1cf314e87504837?s=96&d=mm&r=g\",\"caption\":\"Arnaldo Botto\"},\"url\":\"https:\/\/www.noticiasradioreflejos.com.ar\/2021\/author\/arnaldo\/\"}]}<\/script>\n<!-- \/ Yoast SEO plugin. -->","yoast_head_json":{"title":"Pudieron controlar el incendio de Garc\u00eda del R\u00edo - Noticias Radio Reflejos","robots":{"index":"index","follow":"follow","max-snippet":"max-snippet:-1","max-image-preview":"max-image-preview:large","max-video-preview":"max-video-preview:-1"},"canonical":"https:\/\/www.noticiasradioreflejos.com.ar\/2021\/pudieron-controlar-el-incendio-de-garcia-del-rio\/","og_locale":"es_ES","og_type":"article","og_title":"Pudieron controlar el incendio de Garc\u00eda del R\u00edo - Noticias Radio Reflejos","og_description":"Pudieron controlar el incendio que se hab\u00eda desatado el martes a la altura del kilometro 37 e la ruta 33 y que quem\u00f3 campos ubicados entre Napost\u00e1 y Garc\u00eda del R\u00edo.","og_url":"https:\/\/www.noticiasradioreflejos.com.ar\/2021\/pudieron-controlar-el-incendio-de-garcia-del-rio\/","og_site_name":"Noticias Radio Reflejos","article_published_time":"2017-01-05T02:30:58+00:00","og_image":[{"width":300,"height":200,"url":"https:\/\/www.noticiasradioreflejos.com.ar\/2021\/wp-content\/uploads\/2021\/07\/logosol300x200.png","type":"image\/png"}],"author":"Arnaldo Botto","twitter_card":"summary_large_image","schema":{"@context":"https:\/\/schema.org","@graph":[{"@type":"WebPage","@id":"https:\/\/www.noticiasradioreflejos.com.ar\/2021\/pudieron-controlar-el-incendio-de-garcia-del-rio\/","url":"https:\/\/www.noticiasradioreflejos.com.ar\/2021\/pudieron-controlar-el-incendio-de-garcia-del-rio\/","name":"Pudieron controlar el incendio de Garc\u00eda del R\u00edo - Noticias Radio Reflejos","isPartOf":{"@id":"https:\/\/www.noticiasradioreflejos.com.ar\/2021\/#website"},"datePublished":"2017-01-05T02:30:58+00:00","author":{"@id":"https:\/\/www.noticiasradioreflejos.com.ar\/2021\/#\/schema\/person\/ad82545263dcc5ec0996818884fd5fb1"},"breadcrumb":{"@id":"https:\/\/www.noticiasradioreflejos.com.ar\/2021\/pudieron-controlar-el-incendio-de-garcia-del-rio\/#breadcrumb"},"inLanguage":"es","potentialAction":[{"@type":"ReadAction","target":["https:\/\/www.noticiasradioreflejos.com.ar\/2021\/pudieron-controlar-el-incendio-de-garcia-del-rio\/"]}]},{"@type":"BreadcrumbList","@id":"https:\/\/www.noticiasradioreflejos.com.ar\/2021\/pudieron-controlar-el-incendio-de-garcia-del-rio\/#breadcrumb","itemListElement":[{"@type":"ListItem","position":1,"name":"Portada","item":"https:\/\/www.noticiasradioreflejos.com.ar\/2021\/"},{"@type":"ListItem","position":2,"name":"Pudieron controlar el incendio de Garc\u00eda del R\u00edo"}]},{"@type":"WebSite","@id":"https:\/\/www.noticiasradioreflejos.com.ar\/2021\/#website","url":"https:\/\/www.noticiasradioreflejos.com.ar\/2021\/","name":"Noticias Radio Reflejos","description":"Las noticias de mi comarca","potentialAction":[{"@type":"SearchAction","target":{"@type":"EntryPoint","urlTemplate":"https:\/\/www.noticiasradioreflejos.com.ar\/2021\/?s={search_term_string}"},"query-input":{"@type":"PropertyValueSpecification","valueRequired":true,"valueName":"search_term_string"}}],"inLanguage":"es"},{"@type":"Person","@id":"https:\/\/www.noticiasradioreflejos.com.ar\/2021\/#\/schema\/person\/ad82545263dcc5ec0996818884fd5fb1","name":"Arnaldo Botto","image":{"@type":"ImageObject","inLanguage":"es","@id":"https:\/\/www.noticiasradioreflejos.com.ar\/2021\/#\/schema\/person\/image\/","url":"https:\/\/secure.gravatar.com\/avatar\/55cb5e37c1efa326397366e6974cb338056df65cb50e7d64d1cf314e87504837?s=96&d=mm&r=g","contentUrl":"https:\/\/secure.gravatar.com\/avatar\/55cb5e37c1efa326397366e6974cb338056df65cb50e7d64d1cf314e87504837?s=96&d=mm&r=g","caption":"Arnaldo Botto"},"url":"https:\/\/www.noticiasradioreflejos.com.ar\/2021\/author\/arnaldo\/"}]}},"_links":{"self":[{"href":"https:\/\/www.noticiasradioreflejos.com.ar\/2021\/wp-json\/wp\/v2\/posts\/5506","targetHints":{"allow":["GET"]}}],"collection":[{"href":"https:\/\/www.noticiasradioreflejos.com.ar\/2021\/wp-json\/wp\/v2\/posts"}],"about":[{"href":"https:\/\/www.noticiasradioreflejos.com.ar\/2021\/wp-json\/wp\/v2\/types\/post"}],"author":[{"embeddable":true,"href":"https:\/\/www.noticiasradioreflejos.com.ar\/2021\/wp-json\/wp\/v2\/users\/3"}],"replies":[{"embeddable":true,"href":"https:\/\/www.noticiasradioreflejos.com.ar\/2021\/wp-json\/wp\/v2\/comments?post=5506"}],"version-history":[{"count":0,"href":"https:\/\/www.noticiasradioreflejos.com.ar\/2021\/wp-json\/wp\/v2\/posts\/5506\/revisions"}],"wp:attachment":[{"href":"https:\/\/www.noticiasradioreflejos.com.ar\/2021\/wp-json\/wp\/v2\/media?parent=5506"}],"wp:term":[{"taxonomy":"category","embeddable":true,"href":"https:\/\/www.noticiasradioreflejos.com.ar\/2021\/wp-json\/wp\/v2\/categories?post=5506"},{"taxonomy":"post_tag","embeddable":true,"href":"https:\/\/www.noticiasradioreflejos.com.ar\/2021\/wp-json\/wp\/v2\/tags?post=5506"}],"curies":[{"name":"wp","href":"https:\/\/api.w.org\/{rel}","templated":true}]}}