{"id":55051,"date":"2021-04-07T19:10:20","date_gmt":"2021-04-07T22:10:20","guid":{"rendered":"http:\/\/www.noticiasradioreflejos.com.ar\/noticias\/?p=55051"},"modified":"2021-04-07T19:10:20","modified_gmt":"2021-04-07T22:10:20","slug":"alberto-fernandez-anuncio-las-nuevas-medidas-para-combatir-la-segunda-ola-de-coronavirus","status":"publish","type":"post","link":"https:\/\/www.noticiasradioreflejos.com.ar\/2021\/alberto-fernandez-anuncio-las-nuevas-medidas-para-combatir-la-segunda-ola-de-coronavirus\/","title":{"rendered":"Alberto Fern\u00e1ndez anunci\u00f3 las nuevas medidas para combatir la segunda ola de coronavirus"},"content":{"rendered":"<p>Entre las nuevas medidas est\u00e1n los \u00abviajes grupales\u00bb y en las zonas de mayor riesgo se restringir\u00e1 la circulaci\u00f3n nocturna desde las 0 hasta las 6.<!--more--><\/p>\n<div id=\"image\" class=\"image\">\n<p><img decoding=\"async\" title=\"Anuncios de Alberto Fern\u00e1ndez desde Olivos.\" src=\"https:\/\/www.telam.com.ar\/advf\/imagenes\/2021\/04\/606e2796edbc7.04.2021%20565_1004x565.jpg\" alt=\"Anuncios de Alberto Fern\u00e1ndez desde Olivos.\" \/><\/p>\n<div class=\"epigrafe\">Anuncios de Alberto Fern\u00e1ndez desde Olivos.<\/div>\n<\/div>\n<p>El presidente Alberto Fern\u00e1ndez anunci\u00f3 que quedan suspendidos los \u00abviajes grupales\u00bb a causa de la segunda ola de coronavirus y que en las zonas de mayor riesgo se restringir\u00e1 la circulaci\u00f3n nocturna desde las 0 hasta las 6.<\/p>\n<p>En un mensaje televisado, tambi\u00e9n se\u00f1al\u00f3 que se vedar\u00e1n las reuniones al aire libre para m\u00e1s de 20 personas, los bingos y discotecas permanecer\u00e1n cerrados y los bares y restaurantes deber\u00e1n cesar su actividad a las 23.<\/p>\n<p><strong>\u00a0MEDIDAS<\/strong><\/p>\n<p>&#8211; Se suspenden para todo el pa\u00eds los viajes grupales de Egresados y Egresadas, de Estudio y de Grupos Tur\u00edsticos.<\/p>\n<p>&#8211; En las zonas del pa\u00eds consideradas de mediano riesgo epidemiol\u00f3gico y sanitario es facultad y responsabilidad de gobernadores y gobernadoras adoptar en forma temprana medidas que disminuyan la circulaci\u00f3n para prevenir los contagios. Ello es as\u00ed, pues es del resorte exclusivo de las provincias el monitorear y hacer cumplir cualquier medida restrictiva de la circulaci\u00f3n.<\/p>\n<p>&#8211; En las zonas del pa\u00eds donde hay mayor riesgo epidemiol\u00f3gico y sanitario, se tomar\u00e1n adem\u00e1s las siguientes medidas.<\/p>\n<p>a. Se suspenden actividades sociales en domicilios particulares.<\/p>\n<p>b. Se suspenden reuniones sociales en espacios p\u00fablicos al aire libre de m\u00e1s de 20 personas.<\/p>\n<p>c. Se suspenden actividades de Casino, Bingo, Discotecas o cualquier sal\u00f3n de fiestas.<\/p>\n<p>d. Se suspende la pr\u00e1ctica recreativa de cualquier deporte en lugares cerrados donde participen m\u00e1s de 10 personas.<\/p>\n<p>e. Se establece el cierre de los bares y restaurantes a partir de las 23hs.<\/p>\n<p>f. Se proh\u00edbe la circulaci\u00f3n entre las 00.00 y las 06.00 de la ma\u00f1ana de cada d\u00eda. Seg\u00fan las jurisdicciones, las autoridades podr\u00e1n solo ampliar estos horarios en funci\u00f3n de las especificidades de cada lugar.<\/p>\n<p>&#8211; Espec\u00edficamente, en el AMBA s\u00f3lo podr\u00e1n usar el transporte p\u00fablico de pasajeros trabajadores considerados esenciales, toda la comunidad educativa y aquellos que ya fueron expresamente autorizados.<\/p>\n<p>&#8211; Estas medidas de cuidado estar\u00e1n vigentes desde las 0 horas de este viernes 9 de abril hasta el 30 de abril. El Gobierno Nacional evaluar\u00e1 cuidadosamente la correcta implementaci\u00f3n de las medidas.<\/p>\n<p>TEXTUALES DEL PRESIDENTE<\/p>\n<p>\u201cNo me gusta que se haga pol\u00edtica con la pandemia\u201d<\/p>\n<p>\u201cS\u00f3lo en los \u00faltimos 7 d\u00edas los casos aumentaron un 36% en todo el pa\u00eds y un 53% en el AMBA\u201d.<\/p>\n<p>\u201cLa Argentina ha entrado en la segunda ola\u201d.<\/p>\n<p>\u201cEn estos meses queremos cuidar la salud, cuidar la recuperaci\u00f3n econ\u00f3mica y cuidar todo lo que sea posible la presencialidad en las escuelas\u201d.<\/p>\n<p>\u201cHemos adoptado diversas medidas que regir\u00e1n para todo el pa\u00eds y otras m\u00e1s espec\u00edficas que alcanzaran a zonas con mediano y alto riesgo epidemiol\u00f3gico y sanitario\u201d.<\/p>\n<p>\u201cComo Presidente de la Naci\u00f3n tengo la responsabilidad pol\u00edtica de tomar las riendas y seguir conduciendo al pa\u00eds. Pero en estas circunstancias prima mi condici\u00f3n humana que me obliga a cuidar la vida y la salud antes que nada\u201d.<\/p>\n<p>\u201cComo ya saben, me ha tocado atravesar personalmente una experiencia que muestra cu\u00e1n importante es la vacuna\u201d<\/p>\n<p>\u201cUnidos y unidas, redoblaremos los cuidados y la vacunaci\u00f3n en los pr\u00f3ximos meses\u201d.<\/p>\n","protected":false},"excerpt":{"rendered":"<p>Entre las nuevas medidas est\u00e1n los \u00abviajes grupales\u00bb y en las zonas de mayor riesgo se restringir\u00e1 la circulaci\u00f3n nocturna desde las 0 hasta las 6.<\/p>\n","protected":false},"author":3,"featured_media":0,"comment_status":"closed","ping_status":"open","sticky":false,"template":"","format":"standard","meta":{"footnotes":""},"categories":[24,30],"tags":[],"class_list":["post-55051","post","type-post","status-publish","format-standard","hentry","category-politica","category-salud"],"yoast_head":"<!-- This site is optimized with the Yoast SEO plugin v25.9 - https:\/\/yoast.com\/wordpress\/plugins\/seo\/ -->\n<title>Alberto Fern\u00e1ndez anunci\u00f3 las nuevas medidas para combatir la segunda ola de coronavirus - Noticias Radio Reflejos<\/title>\n<meta name=\"robots\" content=\"index, follow, max-snippet:-1, max-image-preview:large, max-video-preview:-1\" \/>\n<link rel=\"canonical\" href=\"https:\/\/www.noticiasradioreflejos.com.ar\/2021\/alberto-fernandez-anuncio-las-nuevas-medidas-para-combatir-la-segunda-ola-de-coronavirus\/\" \/>\n<meta property=\"og:locale\" content=\"es_ES\" \/>\n<meta property=\"og:type\" content=\"article\" \/>\n<meta property=\"og:title\" content=\"Alberto Fern\u00e1ndez anunci\u00f3 las nuevas medidas para combatir la segunda ola de coronavirus - Noticias Radio Reflejos\" \/>\n<meta property=\"og:description\" content=\"Entre las nuevas medidas est\u00e1n los \u00abviajes grupales\u00bb y en las zonas de mayor riesgo se restringir\u00e1 la circulaci\u00f3n nocturna desde las 0 hasta las 6.\" \/>\n<meta property=\"og:url\" content=\"https:\/\/www.noticiasradioreflejos.com.ar\/2021\/alberto-fernandez-anuncio-las-nuevas-medidas-para-combatir-la-segunda-ola-de-coronavirus\/\" \/>\n<meta property=\"og:site_name\" content=\"Noticias Radio Reflejos\" \/>\n<meta property=\"article:published_time\" content=\"2021-04-07T22:10:20+00:00\" \/>\n<meta property=\"og:image\" content=\"https:\/\/www.telam.com.ar\/advf\/imagenes\/2021\/04\/606e2796edbc7.04.2021%20565_1004x565.jpg\" \/>\n<meta name=\"author\" content=\"Arnaldo Botto\" \/>\n<meta name=\"twitter:card\" content=\"summary_large_image\" \/>\n<script type=\"application\/ld+json\" class=\"yoast-schema-graph\">{\"@context\":\"https:\/\/schema.org\",\"@graph\":[{\"@type\":\"WebPage\",\"@id\":\"https:\/\/www.noticiasradioreflejos.com.ar\/2021\/alberto-fernandez-anuncio-las-nuevas-medidas-para-combatir-la-segunda-ola-de-coronavirus\/\",\"url\":\"https:\/\/www.noticiasradioreflejos.com.ar\/2021\/alberto-fernandez-anuncio-las-nuevas-medidas-para-combatir-la-segunda-ola-de-coronavirus\/\",\"name\":\"Alberto Fern\u00e1ndez anunci\u00f3 las nuevas medidas para combatir la segunda ola de coronavirus - Noticias Radio Reflejos\",\"isPartOf\":{\"@id\":\"https:\/\/www.noticiasradioreflejos.com.ar\/2021\/#website\"},\"primaryImageOfPage\":{\"@id\":\"https:\/\/www.noticiasradioreflejos.com.ar\/2021\/alberto-fernandez-anuncio-las-nuevas-medidas-para-combatir-la-segunda-ola-de-coronavirus\/#primaryimage\"},\"image\":{\"@id\":\"https:\/\/www.noticiasradioreflejos.com.ar\/2021\/alberto-fernandez-anuncio-las-nuevas-medidas-para-combatir-la-segunda-ola-de-coronavirus\/#primaryimage\"},\"thumbnailUrl\":\"https:\/\/www.telam.com.ar\/advf\/imagenes\/2021\/04\/606e2796edbc7.04.2021%20565_1004x565.jpg\",\"datePublished\":\"2021-04-07T22:10:20+00:00\",\"author\":{\"@id\":\"https:\/\/www.noticiasradioreflejos.com.ar\/2021\/#\/schema\/person\/ad82545263dcc5ec0996818884fd5fb1\"},\"breadcrumb\":{\"@id\":\"https:\/\/www.noticiasradioreflejos.com.ar\/2021\/alberto-fernandez-anuncio-las-nuevas-medidas-para-combatir-la-segunda-ola-de-coronavirus\/#breadcrumb\"},\"inLanguage\":\"es\",\"potentialAction\":[{\"@type\":\"ReadAction\",\"target\":[\"https:\/\/www.noticiasradioreflejos.com.ar\/2021\/alberto-fernandez-anuncio-las-nuevas-medidas-para-combatir-la-segunda-ola-de-coronavirus\/\"]}]},{\"@type\":\"ImageObject\",\"inLanguage\":\"es\",\"@id\":\"https:\/\/www.noticiasradioreflejos.com.ar\/2021\/alberto-fernandez-anuncio-las-nuevas-medidas-para-combatir-la-segunda-ola-de-coronavirus\/#primaryimage\",\"url\":\"https:\/\/www.telam.com.ar\/advf\/imagenes\/2021\/04\/606e2796edbc7.04.2021%20565_1004x565.jpg\",\"contentUrl\":\"https:\/\/www.telam.com.ar\/advf\/imagenes\/2021\/04\/606e2796edbc7.04.2021%20565_1004x565.jpg\"},{\"@type\":\"BreadcrumbList\",\"@id\":\"https:\/\/www.noticiasradioreflejos.com.ar\/2021\/alberto-fernandez-anuncio-las-nuevas-medidas-para-combatir-la-segunda-ola-de-coronavirus\/#breadcrumb\",\"itemListElement\":[{\"@type\":\"ListItem\",\"position\":1,\"name\":\"Portada\",\"item\":\"https:\/\/www.noticiasradioreflejos.com.ar\/2021\/\"},{\"@type\":\"ListItem\",\"position\":2,\"name\":\"Alberto Fern\u00e1ndez anunci\u00f3 las nuevas medidas para combatir la segunda ola de coronavirus\"}]},{\"@type\":\"WebSite\",\"@id\":\"https:\/\/www.noticiasradioreflejos.com.ar\/2021\/#website\",\"url\":\"https:\/\/www.noticiasradioreflejos.com.ar\/2021\/\",\"name\":\"Noticias Radio Reflejos\",\"description\":\"Las noticias de mi comarca\",\"potentialAction\":[{\"@type\":\"SearchAction\",\"target\":{\"@type\":\"EntryPoint\",\"urlTemplate\":\"https:\/\/www.noticiasradioreflejos.com.ar\/2021\/?s={search_term_string}\"},\"query-input\":{\"@type\":\"PropertyValueSpecification\",\"valueRequired\":true,\"valueName\":\"search_term_string\"}}],\"inLanguage\":\"es\"},{\"@type\":\"Person\",\"@id\":\"https:\/\/www.noticiasradioreflejos.com.ar\/2021\/#\/schema\/person\/ad82545263dcc5ec0996818884fd5fb1\",\"name\":\"Arnaldo Botto\",\"image\":{\"@type\":\"ImageObject\",\"inLanguage\":\"es\",\"@id\":\"https:\/\/www.noticiasradioreflejos.com.ar\/2021\/#\/schema\/person\/image\/\",\"url\":\"https:\/\/secure.gravatar.com\/avatar\/55cb5e37c1efa326397366e6974cb338056df65cb50e7d64d1cf314e87504837?s=96&d=mm&r=g\",\"contentUrl\":\"https:\/\/secure.gravatar.com\/avatar\/55cb5e37c1efa326397366e6974cb338056df65cb50e7d64d1cf314e87504837?s=96&d=mm&r=g\",\"caption\":\"Arnaldo Botto\"},\"url\":\"https:\/\/www.noticiasradioreflejos.com.ar\/2021\/author\/arnaldo\/\"}]}<\/script>\n<!-- \/ Yoast SEO plugin. -->","yoast_head_json":{"title":"Alberto Fern\u00e1ndez anunci\u00f3 las nuevas medidas para combatir la segunda ola de coronavirus - Noticias Radio Reflejos","robots":{"index":"index","follow":"follow","max-snippet":"max-snippet:-1","max-image-preview":"max-image-preview:large","max-video-preview":"max-video-preview:-1"},"canonical":"https:\/\/www.noticiasradioreflejos.com.ar\/2021\/alberto-fernandez-anuncio-las-nuevas-medidas-para-combatir-la-segunda-ola-de-coronavirus\/","og_locale":"es_ES","og_type":"article","og_title":"Alberto Fern\u00e1ndez anunci\u00f3 las nuevas medidas para combatir la segunda ola de coronavirus - Noticias Radio Reflejos","og_description":"Entre las nuevas medidas est\u00e1n los \u00abviajes grupales\u00bb y en las zonas de mayor riesgo se restringir\u00e1 la circulaci\u00f3n nocturna desde las 0 hasta las 6.","og_url":"https:\/\/www.noticiasradioreflejos.com.ar\/2021\/alberto-fernandez-anuncio-las-nuevas-medidas-para-combatir-la-segunda-ola-de-coronavirus\/","og_site_name":"Noticias Radio Reflejos","article_published_time":"2021-04-07T22:10:20+00:00","og_image":[{"url":"https:\/\/www.telam.com.ar\/advf\/imagenes\/2021\/04\/606e2796edbc7.04.2021%20565_1004x565.jpg","type":"","width":"","height":""}],"author":"Arnaldo Botto","twitter_card":"summary_large_image","schema":{"@context":"https:\/\/schema.org","@graph":[{"@type":"WebPage","@id":"https:\/\/www.noticiasradioreflejos.com.ar\/2021\/alberto-fernandez-anuncio-las-nuevas-medidas-para-combatir-la-segunda-ola-de-coronavirus\/","url":"https:\/\/www.noticiasradioreflejos.com.ar\/2021\/alberto-fernandez-anuncio-las-nuevas-medidas-para-combatir-la-segunda-ola-de-coronavirus\/","name":"Alberto Fern\u00e1ndez anunci\u00f3 las nuevas medidas para combatir la segunda ola de coronavirus - Noticias Radio Reflejos","isPartOf":{"@id":"https:\/\/www.noticiasradioreflejos.com.ar\/2021\/#website"},"primaryImageOfPage":{"@id":"https:\/\/www.noticiasradioreflejos.com.ar\/2021\/alberto-fernandez-anuncio-las-nuevas-medidas-para-combatir-la-segunda-ola-de-coronavirus\/#primaryimage"},"image":{"@id":"https:\/\/www.noticiasradioreflejos.com.ar\/2021\/alberto-fernandez-anuncio-las-nuevas-medidas-para-combatir-la-segunda-ola-de-coronavirus\/#primaryimage"},"thumbnailUrl":"https:\/\/www.telam.com.ar\/advf\/imagenes\/2021\/04\/606e2796edbc7.04.2021%20565_1004x565.jpg","datePublished":"2021-04-07T22:10:20+00:00","author":{"@id":"https:\/\/www.noticiasradioreflejos.com.ar\/2021\/#\/schema\/person\/ad82545263dcc5ec0996818884fd5fb1"},"breadcrumb":{"@id":"https:\/\/www.noticiasradioreflejos.com.ar\/2021\/alberto-fernandez-anuncio-las-nuevas-medidas-para-combatir-la-segunda-ola-de-coronavirus\/#breadcrumb"},"inLanguage":"es","potentialAction":[{"@type":"ReadAction","target":["https:\/\/www.noticiasradioreflejos.com.ar\/2021\/alberto-fernandez-anuncio-las-nuevas-medidas-para-combatir-la-segunda-ola-de-coronavirus\/"]}]},{"@type":"ImageObject","inLanguage":"es","@id":"https:\/\/www.noticiasradioreflejos.com.ar\/2021\/alberto-fernandez-anuncio-las-nuevas-medidas-para-combatir-la-segunda-ola-de-coronavirus\/#primaryimage","url":"https:\/\/www.telam.com.ar\/advf\/imagenes\/2021\/04\/606e2796edbc7.04.2021%20565_1004x565.jpg","contentUrl":"https:\/\/www.telam.com.ar\/advf\/imagenes\/2021\/04\/606e2796edbc7.04.2021%20565_1004x565.jpg"},{"@type":"BreadcrumbList","@id":"https:\/\/www.noticiasradioreflejos.com.ar\/2021\/alberto-fernandez-anuncio-las-nuevas-medidas-para-combatir-la-segunda-ola-de-coronavirus\/#breadcrumb","itemListElement":[{"@type":"ListItem","position":1,"name":"Portada","item":"https:\/\/www.noticiasradioreflejos.com.ar\/2021\/"},{"@type":"ListItem","position":2,"name":"Alberto Fern\u00e1ndez anunci\u00f3 las nuevas medidas para combatir la segunda ola de coronavirus"}]},{"@type":"WebSite","@id":"https:\/\/www.noticiasradioreflejos.com.ar\/2021\/#website","url":"https:\/\/www.noticiasradioreflejos.com.ar\/2021\/","name":"Noticias Radio Reflejos","description":"Las noticias de mi comarca","potentialAction":[{"@type":"SearchAction","target":{"@type":"EntryPoint","urlTemplate":"https:\/\/www.noticiasradioreflejos.com.ar\/2021\/?s={search_term_string}"},"query-input":{"@type":"PropertyValueSpecification","valueRequired":true,"valueName":"search_term_string"}}],"inLanguage":"es"},{"@type":"Person","@id":"https:\/\/www.noticiasradioreflejos.com.ar\/2021\/#\/schema\/person\/ad82545263dcc5ec0996818884fd5fb1","name":"Arnaldo Botto","image":{"@type":"ImageObject","inLanguage":"es","@id":"https:\/\/www.noticiasradioreflejos.com.ar\/2021\/#\/schema\/person\/image\/","url":"https:\/\/secure.gravatar.com\/avatar\/55cb5e37c1efa326397366e6974cb338056df65cb50e7d64d1cf314e87504837?s=96&d=mm&r=g","contentUrl":"https:\/\/secure.gravatar.com\/avatar\/55cb5e37c1efa326397366e6974cb338056df65cb50e7d64d1cf314e87504837?s=96&d=mm&r=g","caption":"Arnaldo Botto"},"url":"https:\/\/www.noticiasradioreflejos.com.ar\/2021\/author\/arnaldo\/"}]}},"_links":{"self":[{"href":"https:\/\/www.noticiasradioreflejos.com.ar\/2021\/wp-json\/wp\/v2\/posts\/55051","targetHints":{"allow":["GET"]}}],"collection":[{"href":"https:\/\/www.noticiasradioreflejos.com.ar\/2021\/wp-json\/wp\/v2\/posts"}],"about":[{"href":"https:\/\/www.noticiasradioreflejos.com.ar\/2021\/wp-json\/wp\/v2\/types\/post"}],"author":[{"embeddable":true,"href":"https:\/\/www.noticiasradioreflejos.com.ar\/2021\/wp-json\/wp\/v2\/users\/3"}],"replies":[{"embeddable":true,"href":"https:\/\/www.noticiasradioreflejos.com.ar\/2021\/wp-json\/wp\/v2\/comments?post=55051"}],"version-history":[{"count":0,"href":"https:\/\/www.noticiasradioreflejos.com.ar\/2021\/wp-json\/wp\/v2\/posts\/55051\/revisions"}],"wp:attachment":[{"href":"https:\/\/www.noticiasradioreflejos.com.ar\/2021\/wp-json\/wp\/v2\/media?parent=55051"}],"wp:term":[{"taxonomy":"category","embeddable":true,"href":"https:\/\/www.noticiasradioreflejos.com.ar\/2021\/wp-json\/wp\/v2\/categories?post=55051"},{"taxonomy":"post_tag","embeddable":true,"href":"https:\/\/www.noticiasradioreflejos.com.ar\/2021\/wp-json\/wp\/v2\/tags?post=55051"}],"curies":[{"name":"wp","href":"https:\/\/api.w.org\/{rel}","templated":true}]}}