{"id":55046,"date":"2021-04-08T18:06:29","date_gmt":"2021-04-08T21:06:29","guid":{"rendered":"http:\/\/www.noticiasradioreflejos.com.ar\/noticias\/?p=55046"},"modified":"2021-04-08T18:06:29","modified_gmt":"2021-04-08T21:06:29","slug":"serpientes-frecuentes-en-sierra-de-la-ventana-conocerlas-para-valorarlas","status":"publish","type":"post","link":"https:\/\/www.noticiasradioreflejos.com.ar\/2021\/serpientes-frecuentes-en-sierra-de-la-ventana-conocerlas-para-valorarlas\/","title":{"rendered":"Serpientes Frecuentes en Sierra de la Ventana. Conocerlas para valorarlas."},"content":{"rendered":"<p>Este\u00a0interesante trabajo de los bi\u00f3logos <em><strong>Mar\u00eda Andrea Long y Mauro Fossati<\/strong><\/em> de la<strong> Universidad Nacional del Sur<\/strong> se presenta como gu\u00eda para turistas y habitantes de la comarca serrana indicando las especies que habitan nuestra zona, las caracter\u00edsticas de v\u00edboras y culebras con fines did\u00e1cticos, para saber m\u00e1s sobre ellas.\u00a0<!--more-->En la comarca serrana existen unas 15 especies de serpientes (ofidios) de las 30 registradas para la provincia de Buenos Aires. La \u00fanica que representa un riesgo grave para la salud humana, es la Yarar\u00e1 grande (Bothrops alternatus), pero los accidentes ocurren s\u00f3lo si estos animales son molestados.<\/p>\n<p>EN LAS SIERRAS DE LA VENTANA NO HAY SERPIENTES DE CASCABEL NI SERPIENTES DE CORAL.<\/p>\n<p>En general, las serpientes est\u00e1n en peligro de extinci\u00f3n en el mundo debido a la contaminaci\u00f3n por agroqu\u00edmicos, a la matanza indiscriminada por parte de la poblaci\u00f3n y a la destrucci\u00f3n de sus h\u00e1bitats. Sin embargo, cumplen un rol fundamental en el control de plagas que s\u00ed nos afectan seriamente (roedores, insectos, etc.). Entre las serpientes de la regi\u00f3n, se pueden encontrar dos especies de v\u00edboras y varias de culebras. Aqu\u00ed les presentamos los ejemplares que se ven con mayor frecuencia, para que las conozcan y nos ayuden a protegerlas.<\/p>\n<p>Si bien es importante recalcar que no debe manipularse ning\u00fan tipo de serpiente, mostramos las caracter\u00edsticas de v\u00edboras y culebras con fines did\u00e1cticos, para saber m\u00e1s sobre ellas. \u00bfC\u00d3MO SE DIFERENCIA UNA V\u00cdBORA DE UNA CULEBRA?<\/p>\n<a href=\"https:\/\/www.noticiasradioreflejos.com.ar\/noticias\/wp-content\/uploads\/2021\/04\/Serpientes-Frecuentes-en-Sierra-de-la-Ventana.pdf\" class=\"pdfemb-viewer\" style=\"\" data-width=\"max\" data-height=\"max\" data-toolbar=\"bottom\" data-toolbar-fixed=\"off\">Serpientes Frecuentes en Sierra de la Ventana<\/a>\n","protected":false},"excerpt":{"rendered":"<p>Este\u00a0interesante trabajo de los bi\u00f3logos Mar\u00eda Andrea Long y Mauro Fossati de la Universidad Nacional del Sur se presenta como gu\u00eda para turistas y habitantes de la comarca serrana indicando las especies que habitan nuestra zona, las caracter\u00edsticas de v\u00edboras y culebras con fines did\u00e1cticos, para saber m\u00e1s sobre ellas.\u00a0<\/p>\n","protected":false},"author":3,"featured_media":0,"comment_status":"closed","ping_status":"open","sticky":false,"template":"","format":"standard","meta":{"footnotes":""},"categories":[46,35,34,33],"tags":[],"class_list":["post-55046","post","type-post","status-publish","format-standard","hentry","category-ciencia-y-tecnologia","category-cultura","category-educacion","category-turismo"],"yoast_head":"<!-- This site is optimized with the Yoast SEO plugin v25.9 - https:\/\/yoast.com\/wordpress\/plugins\/seo\/ -->\n<title>Serpientes Frecuentes en Sierra de la Ventana. Conocerlas para valorarlas. - Noticias Radio Reflejos<\/title>\n<meta name=\"robots\" content=\"index, follow, max-snippet:-1, max-image-preview:large, max-video-preview:-1\" \/>\n<link rel=\"canonical\" href=\"https:\/\/www.noticiasradioreflejos.com.ar\/2021\/serpientes-frecuentes-en-sierra-de-la-ventana-conocerlas-para-valorarlas\/\" \/>\n<meta property=\"og:locale\" content=\"es_ES\" \/>\n<meta property=\"og:type\" content=\"article\" \/>\n<meta property=\"og:title\" content=\"Serpientes Frecuentes en Sierra de la Ventana. Conocerlas para valorarlas. - Noticias Radio Reflejos\" \/>\n<meta property=\"og:description\" content=\"Este\u00a0interesante trabajo de los bi\u00f3logos Mar\u00eda Andrea Long y Mauro Fossati de la Universidad Nacional del Sur se presenta como gu\u00eda para turistas y habitantes de la comarca serrana indicando las especies que habitan nuestra zona, las caracter\u00edsticas de v\u00edboras y culebras con fines did\u00e1cticos, para saber m\u00e1s sobre ellas.\u00a0\" \/>\n<meta property=\"og:url\" content=\"https:\/\/www.noticiasradioreflejos.com.ar\/2021\/serpientes-frecuentes-en-sierra-de-la-ventana-conocerlas-para-valorarlas\/\" \/>\n<meta property=\"og:site_name\" content=\"Noticias Radio Reflejos\" \/>\n<meta property=\"article:published_time\" content=\"2021-04-08T21:06:29+00:00\" \/>\n<meta property=\"og:image\" content=\"https:\/\/www.noticiasradioreflejos.com.ar\/2021\/wp-content\/uploads\/2021\/07\/logosol300x200.png\" \/>\n\t<meta property=\"og:image:width\" content=\"300\" \/>\n\t<meta property=\"og:image:height\" content=\"200\" \/>\n\t<meta property=\"og:image:type\" content=\"image\/png\" \/>\n<meta name=\"author\" content=\"Arnaldo Botto\" \/>\n<meta name=\"twitter:card\" content=\"summary_large_image\" \/>\n<script type=\"application\/ld+json\" class=\"yoast-schema-graph\">{\"@context\":\"https:\/\/schema.org\",\"@graph\":[{\"@type\":\"WebPage\",\"@id\":\"https:\/\/www.noticiasradioreflejos.com.ar\/2021\/serpientes-frecuentes-en-sierra-de-la-ventana-conocerlas-para-valorarlas\/\",\"url\":\"https:\/\/www.noticiasradioreflejos.com.ar\/2021\/serpientes-frecuentes-en-sierra-de-la-ventana-conocerlas-para-valorarlas\/\",\"name\":\"Serpientes Frecuentes en Sierra de la Ventana. Conocerlas para valorarlas. - Noticias Radio Reflejos\",\"isPartOf\":{\"@id\":\"https:\/\/www.noticiasradioreflejos.com.ar\/2021\/#website\"},\"datePublished\":\"2021-04-08T21:06:29+00:00\",\"author\":{\"@id\":\"https:\/\/www.noticiasradioreflejos.com.ar\/2021\/#\/schema\/person\/ad82545263dcc5ec0996818884fd5fb1\"},\"breadcrumb\":{\"@id\":\"https:\/\/www.noticiasradioreflejos.com.ar\/2021\/serpientes-frecuentes-en-sierra-de-la-ventana-conocerlas-para-valorarlas\/#breadcrumb\"},\"inLanguage\":\"es\",\"potentialAction\":[{\"@type\":\"ReadAction\",\"target\":[\"https:\/\/www.noticiasradioreflejos.com.ar\/2021\/serpientes-frecuentes-en-sierra-de-la-ventana-conocerlas-para-valorarlas\/\"]}]},{\"@type\":\"BreadcrumbList\",\"@id\":\"https:\/\/www.noticiasradioreflejos.com.ar\/2021\/serpientes-frecuentes-en-sierra-de-la-ventana-conocerlas-para-valorarlas\/#breadcrumb\",\"itemListElement\":[{\"@type\":\"ListItem\",\"position\":1,\"name\":\"Portada\",\"item\":\"https:\/\/www.noticiasradioreflejos.com.ar\/2021\/\"},{\"@type\":\"ListItem\",\"position\":2,\"name\":\"Serpientes Frecuentes en Sierra de la Ventana. Conocerlas para valorarlas.\"}]},{\"@type\":\"WebSite\",\"@id\":\"https:\/\/www.noticiasradioreflejos.com.ar\/2021\/#website\",\"url\":\"https:\/\/www.noticiasradioreflejos.com.ar\/2021\/\",\"name\":\"Noticias Radio Reflejos\",\"description\":\"Las noticias de mi comarca\",\"potentialAction\":[{\"@type\":\"SearchAction\",\"target\":{\"@type\":\"EntryPoint\",\"urlTemplate\":\"https:\/\/www.noticiasradioreflejos.com.ar\/2021\/?s={search_term_string}\"},\"query-input\":{\"@type\":\"PropertyValueSpecification\",\"valueRequired\":true,\"valueName\":\"search_term_string\"}}],\"inLanguage\":\"es\"},{\"@type\":\"Person\",\"@id\":\"https:\/\/www.noticiasradioreflejos.com.ar\/2021\/#\/schema\/person\/ad82545263dcc5ec0996818884fd5fb1\",\"name\":\"Arnaldo Botto\",\"image\":{\"@type\":\"ImageObject\",\"inLanguage\":\"es\",\"@id\":\"https:\/\/www.noticiasradioreflejos.com.ar\/2021\/#\/schema\/person\/image\/\",\"url\":\"https:\/\/secure.gravatar.com\/avatar\/55cb5e37c1efa326397366e6974cb338056df65cb50e7d64d1cf314e87504837?s=96&d=mm&r=g\",\"contentUrl\":\"https:\/\/secure.gravatar.com\/avatar\/55cb5e37c1efa326397366e6974cb338056df65cb50e7d64d1cf314e87504837?s=96&d=mm&r=g\",\"caption\":\"Arnaldo Botto\"},\"url\":\"https:\/\/www.noticiasradioreflejos.com.ar\/2021\/author\/arnaldo\/\"}]}<\/script>\n<!-- \/ Yoast SEO plugin. -->","yoast_head_json":{"title":"Serpientes Frecuentes en Sierra de la Ventana. Conocerlas para valorarlas. - Noticias Radio Reflejos","robots":{"index":"index","follow":"follow","max-snippet":"max-snippet:-1","max-image-preview":"max-image-preview:large","max-video-preview":"max-video-preview:-1"},"canonical":"https:\/\/www.noticiasradioreflejos.com.ar\/2021\/serpientes-frecuentes-en-sierra-de-la-ventana-conocerlas-para-valorarlas\/","og_locale":"es_ES","og_type":"article","og_title":"Serpientes Frecuentes en Sierra de la Ventana. Conocerlas para valorarlas. - Noticias Radio Reflejos","og_description":"Este\u00a0interesante trabajo de los bi\u00f3logos Mar\u00eda Andrea Long y Mauro Fossati de la Universidad Nacional del Sur se presenta como gu\u00eda para turistas y habitantes de la comarca serrana indicando las especies que habitan nuestra zona, las caracter\u00edsticas de v\u00edboras y culebras con fines did\u00e1cticos, para saber m\u00e1s sobre ellas.\u00a0","og_url":"https:\/\/www.noticiasradioreflejos.com.ar\/2021\/serpientes-frecuentes-en-sierra-de-la-ventana-conocerlas-para-valorarlas\/","og_site_name":"Noticias Radio Reflejos","article_published_time":"2021-04-08T21:06:29+00:00","og_image":[{"width":300,"height":200,"url":"https:\/\/www.noticiasradioreflejos.com.ar\/2021\/wp-content\/uploads\/2021\/07\/logosol300x200.png","type":"image\/png"}],"author":"Arnaldo Botto","twitter_card":"summary_large_image","schema":{"@context":"https:\/\/schema.org","@graph":[{"@type":"WebPage","@id":"https:\/\/www.noticiasradioreflejos.com.ar\/2021\/serpientes-frecuentes-en-sierra-de-la-ventana-conocerlas-para-valorarlas\/","url":"https:\/\/www.noticiasradioreflejos.com.ar\/2021\/serpientes-frecuentes-en-sierra-de-la-ventana-conocerlas-para-valorarlas\/","name":"Serpientes Frecuentes en Sierra de la Ventana. Conocerlas para valorarlas. - Noticias Radio Reflejos","isPartOf":{"@id":"https:\/\/www.noticiasradioreflejos.com.ar\/2021\/#website"},"datePublished":"2021-04-08T21:06:29+00:00","author":{"@id":"https:\/\/www.noticiasradioreflejos.com.ar\/2021\/#\/schema\/person\/ad82545263dcc5ec0996818884fd5fb1"},"breadcrumb":{"@id":"https:\/\/www.noticiasradioreflejos.com.ar\/2021\/serpientes-frecuentes-en-sierra-de-la-ventana-conocerlas-para-valorarlas\/#breadcrumb"},"inLanguage":"es","potentialAction":[{"@type":"ReadAction","target":["https:\/\/www.noticiasradioreflejos.com.ar\/2021\/serpientes-frecuentes-en-sierra-de-la-ventana-conocerlas-para-valorarlas\/"]}]},{"@type":"BreadcrumbList","@id":"https:\/\/www.noticiasradioreflejos.com.ar\/2021\/serpientes-frecuentes-en-sierra-de-la-ventana-conocerlas-para-valorarlas\/#breadcrumb","itemListElement":[{"@type":"ListItem","position":1,"name":"Portada","item":"https:\/\/www.noticiasradioreflejos.com.ar\/2021\/"},{"@type":"ListItem","position":2,"name":"Serpientes Frecuentes en Sierra de la Ventana. Conocerlas para valorarlas."}]},{"@type":"WebSite","@id":"https:\/\/www.noticiasradioreflejos.com.ar\/2021\/#website","url":"https:\/\/www.noticiasradioreflejos.com.ar\/2021\/","name":"Noticias Radio Reflejos","description":"Las noticias de mi comarca","potentialAction":[{"@type":"SearchAction","target":{"@type":"EntryPoint","urlTemplate":"https:\/\/www.noticiasradioreflejos.com.ar\/2021\/?s={search_term_string}"},"query-input":{"@type":"PropertyValueSpecification","valueRequired":true,"valueName":"search_term_string"}}],"inLanguage":"es"},{"@type":"Person","@id":"https:\/\/www.noticiasradioreflejos.com.ar\/2021\/#\/schema\/person\/ad82545263dcc5ec0996818884fd5fb1","name":"Arnaldo Botto","image":{"@type":"ImageObject","inLanguage":"es","@id":"https:\/\/www.noticiasradioreflejos.com.ar\/2021\/#\/schema\/person\/image\/","url":"https:\/\/secure.gravatar.com\/avatar\/55cb5e37c1efa326397366e6974cb338056df65cb50e7d64d1cf314e87504837?s=96&d=mm&r=g","contentUrl":"https:\/\/secure.gravatar.com\/avatar\/55cb5e37c1efa326397366e6974cb338056df65cb50e7d64d1cf314e87504837?s=96&d=mm&r=g","caption":"Arnaldo Botto"},"url":"https:\/\/www.noticiasradioreflejos.com.ar\/2021\/author\/arnaldo\/"}]}},"_links":{"self":[{"href":"https:\/\/www.noticiasradioreflejos.com.ar\/2021\/wp-json\/wp\/v2\/posts\/55046","targetHints":{"allow":["GET"]}}],"collection":[{"href":"https:\/\/www.noticiasradioreflejos.com.ar\/2021\/wp-json\/wp\/v2\/posts"}],"about":[{"href":"https:\/\/www.noticiasradioreflejos.com.ar\/2021\/wp-json\/wp\/v2\/types\/post"}],"author":[{"embeddable":true,"href":"https:\/\/www.noticiasradioreflejos.com.ar\/2021\/wp-json\/wp\/v2\/users\/3"}],"replies":[{"embeddable":true,"href":"https:\/\/www.noticiasradioreflejos.com.ar\/2021\/wp-json\/wp\/v2\/comments?post=55046"}],"version-history":[{"count":0,"href":"https:\/\/www.noticiasradioreflejos.com.ar\/2021\/wp-json\/wp\/v2\/posts\/55046\/revisions"}],"wp:attachment":[{"href":"https:\/\/www.noticiasradioreflejos.com.ar\/2021\/wp-json\/wp\/v2\/media?parent=55046"}],"wp:term":[{"taxonomy":"category","embeddable":true,"href":"https:\/\/www.noticiasradioreflejos.com.ar\/2021\/wp-json\/wp\/v2\/categories?post=55046"},{"taxonomy":"post_tag","embeddable":true,"href":"https:\/\/www.noticiasradioreflejos.com.ar\/2021\/wp-json\/wp\/v2\/tags?post=55046"}],"curies":[{"name":"wp","href":"https:\/\/api.w.org\/{rel}","templated":true}]}}