{"id":55041,"date":"2021-04-07T17:16:13","date_gmt":"2021-04-07T20:16:13","guid":{"rendered":"http:\/\/www.noticiasradioreflejos.com.ar\/noticias\/?p=55041"},"modified":"2021-04-07T17:16:13","modified_gmt":"2021-04-07T20:16:13","slug":"barrio-las-verbenas-ya-esta-listo-y-apto-para-que-los-propietarios-puedan-recibir-sus-lotes","status":"publish","type":"post","link":"https:\/\/www.noticiasradioreflejos.com.ar\/2021\/barrio-las-verbenas-ya-esta-listo-y-apto-para-que-los-propietarios-puedan-recibir-sus-lotes\/","title":{"rendered":"Barrio Las Verbenas: \u00abYa est\u00e1 listo y apto para que los propietarios puedan recibir sus lotes\u00bb"},"content":{"rendered":"<p><strong>Mariano Olasiregui y Jorge Echard<\/strong>, integrantes de la Empresa <strong>Eidico<\/strong>, desarrolladores del barrio privado \u00abLas Verbenas\u00bb en <strong>Sierra de la Ventana<\/strong>. Esta ma\u00f1ana en una entrevista radial, brindaron los detalles del amplio proyecto que llevara hasta una tercer etapa en el loteo y\u00a0 que\u00a0instancias se completan en el curso de los pr\u00f3ximos meses\u00a0para que los propietarios comiencen a construir sus viviendas con la entrega de la posesi\u00f3n de sus parcelas.<!--more--><\/p>\n<p><a title=\"Las verbenas\" href=\"http:\/\/live.staticflickr.com\/65535\/51101196816_8c7f2b5e9f_s.jpg\" rel=\"\"><img loading=\"lazy\" decoding=\"async\" class=\"aligncenter\" title=\"Las verbenas\" src=\"http:\/\/live.staticflickr.com\/65535\/51101196816_8c7f2b5e9f_c.jpg\" alt=\"Las verbenas\" width=\"752\" height=\"505\" \/><\/a><\/p>\n<p>Conversando sobre las primeras instancias del proyecto, Mariano introdujo: \u00abTenemos el barrio dividido en tres etapas. La primera se lanz\u00f3 en 2016. Estamos conversando sobre el procedimiento para ver c\u00f3mo hacer que las primeras obras particulares se puedan concretar\u00bb. Aclar\u00f3 que el barrio se encuentra pr\u00e1cticamente terminado, con los servicios subterr\u00e1neos, caminos, alumbrados, accesos y canchas finalizados. \u00abYa est\u00e1 listo y apto para que los propietarios puedan recibir sus lotes\u00bb.<\/p>\n<p>Jorge, quien es el responsable del proyecto, se encarg\u00f3 de explicar cu\u00e1les son las aprobaciones burocr\u00e1ticas que la Municipalidad debe concretar para poder continuar con la entrega de lotes y permitirles a los propietarios comenzar a construir sus viviendas: \u00abTodo lo que es infraestructura siempre avanza muy por delante de lo que son los tr\u00e1mites de aprobaci\u00f3n y subdivisi\u00f3n. Los tr\u00e1mites van muy por detr\u00e1s, y en esta l\u00ednea que estamos trabajando con el Municipio estamos encontr\u00e1ndole la vuelta para que cada propietario pueda comenzar a construir m\u00e1s all\u00e1 de que a\u00fan no cuente con su escritura\u00bb.<\/p>\n<p>Jorge aclar\u00f3 que, con todos los aportes que han hecho todos los suscriptores de cada uno de los lotes, se han sostenido econ\u00f3micamente no s\u00f3lo las obras internas del Club de Campo sino tambi\u00e9n el acercamiento de los servicios como la red de agua, las cloacas y la red el\u00e9ctrica. \u00abFalta ejecutar la segunda l\u00ednea de media tensi\u00f3n\u00bb coment\u00f3 cu\u00e1l es el \u00fanico servicio que falta brindar en el barrio.<\/p>\n<p><a title=\"WhatsApp Image 2021-04-07 at 11.37.42\" href=\"http:\/\/live.staticflickr.com\/65535\/51102000700_d27c1e34c6_s.jpg\" rel=\"\"><img loading=\"lazy\" decoding=\"async\" class=\"aligncenter\" title=\"WhatsApp Image 2021-04-07 at 11.37.42\" src=\"http:\/\/live.staticflickr.com\/65535\/51102000700_d27c1e34c6_z.jpg\" alt=\"WhatsApp Image 2021-04-07 at 11.37.42\" width=\"640\" height=\"445\" \/><\/a><\/p>\n<p>El barrio de Las Verbenas comprende unos 350 lotes, que es el m\u00e1ximo n\u00famero permitido para construir un club de campo. En esta segunda etapa, son 96 lotes esperando a ser edificados. Ambos desarrolladores se encuentran muy optimistas con el crecimiento del barrio ya que sostienen que ven que hay bastante \u00e1nimo por los propietarios para empezar a construir. \u00abQueda una \u00faltima etapa con 86 lotes, que es la parte que, el 46 % de esos lotes da contra el r\u00edo. Tiene un tema de vista que confiamos que va a seguir el mismo camino que las primeras dos\u00bb mencion\u00f3 Mariano.<\/p>\n<p>El barrio tiene un reglamento de construcci\u00f3n donde se delimitan los marcos y los par\u00e1metros de c\u00f3mo tiene que construirse. \u00abson muy restrictivos , ayudando al ordenamiento municipal y a la valorizaci\u00f3n del barrio., porque a lo que nosotros nos importa es que el barrio gane valor\u00bb explic\u00f3 Olasiregui.<\/p>\n<p>Teniendo las obras de infraestructura terminadas, los frentistas tienen un gasto compartido de operaci\u00f3n. \u00abTenemos que cortar el pasto, cuidar, contratar una seguridad, contratar a un intendente que haga el seguimiento de todos los proveedores y atienda a los propietarios en el d\u00eda a d\u00eda. Hay una serie de cuestiones que hacen gastos operativos de mantenimiento del barrio, que se llaman expensas\u00bb.<\/p>\n<p>Finalmente, les preguntamos a Mariano y a Jorge si cre\u00edan que hay un techo para el crecimiento de infraestructura en Sierra de la Ventana. Ambos sostuvieron que la localidad tiene un alto potencial por su cercan\u00eda a Bah\u00eda Blanca, y, por supuesto, el movimiento tur\u00edstico. \u00abEstos proyectos donde la venta es r\u00e1pida y da resultado, es porque est\u00e1 cubriendo una necesidad\u00bb expres\u00f3 Echard.<\/p>\n<p>Nota completa a continuaci\u00f3n:<br \/>\n<iframe loading=\"lazy\" src=\"https:\/\/w.soundcloud.com\/player\/?url=https%3A\/\/api.soundcloud.com\/tracks\/1024478863&amp;color=%23ff5500&amp;auto_play=false&amp;hide_related=false&amp;show_comments=true&amp;show_user=true&amp;show_reposts=false&amp;show_teaser=true&amp;visual=true\" width=\"100%\" height=\"300\" frameborder=\"no\" scrolling=\"no\"><\/iframe><\/p>\n<div style=\"font-size: 10px; color: #cccccc; line-break: anywhere; word-break: normal; overflow: hidden; white-space: nowrap; text-overflow: ellipsis; font-family: Interstate,Lucida Grande,Lucida Sans Unicode,Lucida Sans,Garuda,Verdana,Tahoma,sans-serif; font-weight: 100;\"><a style=\"color: #cccccc; text-decoration: none;\" title=\"fmreflejos 103.7\" href=\"https:\/\/soundcloud.com\/fmreflejos-103-7\" target=\"_blank\" rel=\"noopener\">fmreflejos 103.7<\/a> \u00b7 <a style=\"color: #cccccc; text-decoration: none;\" title=\"Nota Mariano Olasiregi Jorge Echard\" href=\"https:\/\/soundcloud.com\/fmreflejos-103-7\/nota-mariano-olasiregi-jorge-echard\" target=\"_blank\" rel=\"noopener\">Nota Mariano Olasiregi Jorge Echard<\/a><\/div>\n<div style=\"font-size: 10px; color: #cccccc; line-break: anywhere; word-break: normal; overflow: hidden; white-space: nowrap; text-overflow: ellipsis; font-family: Interstate,Lucida Grande,Lucida Sans Unicode,Lucida Sans,Garuda,Verdana,Tahoma,sans-serif; font-weight: 100;\"><\/div>\n<div style=\"font-size: 10px; color: #cccccc; line-break: anywhere; word-break: normal; overflow: hidden; white-space: nowrap; text-overflow: ellipsis; font-family: Interstate,Lucida Grande,Lucida Sans Unicode,Lucida Sans,Garuda,Verdana,Tahoma,sans-serif; font-weight: 100;\"><a title=\"Las verbenas 1\" href=\"http:\/\/live.staticflickr.com\/65535\/51101279554_84a07e5980_s.jpg\" rel=\"\"><img loading=\"lazy\" decoding=\"async\" class=\"aligncenter\" title=\"Las verbenas 1\" src=\"http:\/\/live.staticflickr.com\/65535\/51101279554_84a07e5980_c.jpg\" alt=\"Las verbenas 1\" width=\"752\" height=\"501\" \/><\/a><\/div>\n","protected":false},"excerpt":{"rendered":"<p>Mariano Olasiregui y Jorge Echard, integrantes de la Empresa Eidico, desarrolladores del barrio privado \u00abLas Verbenas\u00bb en Sierra de la Ventana. Esta ma\u00f1ana en una entrevista radial, brindaron los detalles del amplio proyecto que llevara hasta una tercer etapa en el loteo y\u00a0 que\u00a0instancias se completan en el curso de los pr\u00f3ximos meses\u00a0para que los [&hellip;]<\/p>\n","protected":false},"author":3,"featured_media":0,"comment_status":"closed","ping_status":"open","sticky":false,"template":"","format":"standard","meta":{"footnotes":""},"categories":[26,33],"tags":[],"class_list":["post-55041","post","type-post","status-publish","format-standard","hentry","category-sociedad","category-turismo"],"yoast_head":"<!-- This site is optimized with the Yoast SEO plugin v25.9 - https:\/\/yoast.com\/wordpress\/plugins\/seo\/ -->\n<title>Barrio Las Verbenas: &quot;Ya est\u00e1 listo y apto para que los propietarios puedan recibir sus lotes&quot; - Noticias Radio Reflejos<\/title>\n<meta name=\"robots\" content=\"index, follow, max-snippet:-1, max-image-preview:large, max-video-preview:-1\" \/>\n<link rel=\"canonical\" href=\"https:\/\/www.noticiasradioreflejos.com.ar\/2021\/barrio-las-verbenas-ya-esta-listo-y-apto-para-que-los-propietarios-puedan-recibir-sus-lotes\/\" \/>\n<meta property=\"og:locale\" content=\"es_ES\" \/>\n<meta property=\"og:type\" content=\"article\" \/>\n<meta property=\"og:title\" content=\"Barrio Las Verbenas: &quot;Ya est\u00e1 listo y apto para que los propietarios puedan recibir sus lotes&quot; - Noticias Radio Reflejos\" \/>\n<meta property=\"og:description\" content=\"Mariano Olasiregui y Jorge Echard, integrantes de la Empresa Eidico, desarrolladores del barrio privado \u00abLas Verbenas\u00bb en Sierra de la Ventana. Esta ma\u00f1ana en una entrevista radial, brindaron los detalles del amplio proyecto que llevara hasta una tercer etapa en el loteo y\u00a0 que\u00a0instancias se completan en el curso de los pr\u00f3ximos meses\u00a0para que los [&hellip;]\" \/>\n<meta property=\"og:url\" content=\"https:\/\/www.noticiasradioreflejos.com.ar\/2021\/barrio-las-verbenas-ya-esta-listo-y-apto-para-que-los-propietarios-puedan-recibir-sus-lotes\/\" \/>\n<meta property=\"og:site_name\" content=\"Noticias Radio Reflejos\" \/>\n<meta property=\"article:published_time\" content=\"2021-04-07T20:16:13+00:00\" \/>\n<meta property=\"og:image\" content=\"http:\/\/live.staticflickr.com\/65535\/51101196816_8c7f2b5e9f_c.jpg\" \/>\n<meta name=\"author\" content=\"Arnaldo Botto\" \/>\n<meta name=\"twitter:card\" content=\"summary_large_image\" \/>\n<script type=\"application\/ld+json\" class=\"yoast-schema-graph\">{\"@context\":\"https:\/\/schema.org\",\"@graph\":[{\"@type\":\"WebPage\",\"@id\":\"https:\/\/www.noticiasradioreflejos.com.ar\/2021\/barrio-las-verbenas-ya-esta-listo-y-apto-para-que-los-propietarios-puedan-recibir-sus-lotes\/\",\"url\":\"https:\/\/www.noticiasradioreflejos.com.ar\/2021\/barrio-las-verbenas-ya-esta-listo-y-apto-para-que-los-propietarios-puedan-recibir-sus-lotes\/\",\"name\":\"Barrio Las Verbenas: \\\"Ya est\u00e1 listo y apto para que los propietarios puedan recibir sus lotes\\\" - Noticias Radio Reflejos\",\"isPartOf\":{\"@id\":\"https:\/\/www.noticiasradioreflejos.com.ar\/2021\/#website\"},\"primaryImageOfPage\":{\"@id\":\"https:\/\/www.noticiasradioreflejos.com.ar\/2021\/barrio-las-verbenas-ya-esta-listo-y-apto-para-que-los-propietarios-puedan-recibir-sus-lotes\/#primaryimage\"},\"image\":{\"@id\":\"https:\/\/www.noticiasradioreflejos.com.ar\/2021\/barrio-las-verbenas-ya-esta-listo-y-apto-para-que-los-propietarios-puedan-recibir-sus-lotes\/#primaryimage\"},\"thumbnailUrl\":\"http:\/\/live.staticflickr.com\/65535\/51101196816_8c7f2b5e9f_c.jpg\",\"datePublished\":\"2021-04-07T20:16:13+00:00\",\"author\":{\"@id\":\"https:\/\/www.noticiasradioreflejos.com.ar\/2021\/#\/schema\/person\/ad82545263dcc5ec0996818884fd5fb1\"},\"breadcrumb\":{\"@id\":\"https:\/\/www.noticiasradioreflejos.com.ar\/2021\/barrio-las-verbenas-ya-esta-listo-y-apto-para-que-los-propietarios-puedan-recibir-sus-lotes\/#breadcrumb\"},\"inLanguage\":\"es\",\"potentialAction\":[{\"@type\":\"ReadAction\",\"target\":[\"https:\/\/www.noticiasradioreflejos.com.ar\/2021\/barrio-las-verbenas-ya-esta-listo-y-apto-para-que-los-propietarios-puedan-recibir-sus-lotes\/\"]}]},{\"@type\":\"ImageObject\",\"inLanguage\":\"es\",\"@id\":\"https:\/\/www.noticiasradioreflejos.com.ar\/2021\/barrio-las-verbenas-ya-esta-listo-y-apto-para-que-los-propietarios-puedan-recibir-sus-lotes\/#primaryimage\",\"url\":\"http:\/\/live.staticflickr.com\/65535\/51101196816_8c7f2b5e9f_c.jpg\",\"contentUrl\":\"http:\/\/live.staticflickr.com\/65535\/51101196816_8c7f2b5e9f_c.jpg\"},{\"@type\":\"BreadcrumbList\",\"@id\":\"https:\/\/www.noticiasradioreflejos.com.ar\/2021\/barrio-las-verbenas-ya-esta-listo-y-apto-para-que-los-propietarios-puedan-recibir-sus-lotes\/#breadcrumb\",\"itemListElement\":[{\"@type\":\"ListItem\",\"position\":1,\"name\":\"Portada\",\"item\":\"https:\/\/www.noticiasradioreflejos.com.ar\/2021\/\"},{\"@type\":\"ListItem\",\"position\":2,\"name\":\"Barrio Las Verbenas: \u00abYa est\u00e1 listo y apto para que los propietarios puedan recibir sus lotes\u00bb\"}]},{\"@type\":\"WebSite\",\"@id\":\"https:\/\/www.noticiasradioreflejos.com.ar\/2021\/#website\",\"url\":\"https:\/\/www.noticiasradioreflejos.com.ar\/2021\/\",\"name\":\"Noticias Radio Reflejos\",\"description\":\"Las noticias de mi comarca\",\"potentialAction\":[{\"@type\":\"SearchAction\",\"target\":{\"@type\":\"EntryPoint\",\"urlTemplate\":\"https:\/\/www.noticiasradioreflejos.com.ar\/2021\/?s={search_term_string}\"},\"query-input\":{\"@type\":\"PropertyValueSpecification\",\"valueRequired\":true,\"valueName\":\"search_term_string\"}}],\"inLanguage\":\"es\"},{\"@type\":\"Person\",\"@id\":\"https:\/\/www.noticiasradioreflejos.com.ar\/2021\/#\/schema\/person\/ad82545263dcc5ec0996818884fd5fb1\",\"name\":\"Arnaldo Botto\",\"image\":{\"@type\":\"ImageObject\",\"inLanguage\":\"es\",\"@id\":\"https:\/\/www.noticiasradioreflejos.com.ar\/2021\/#\/schema\/person\/image\/\",\"url\":\"https:\/\/secure.gravatar.com\/avatar\/55cb5e37c1efa326397366e6974cb338056df65cb50e7d64d1cf314e87504837?s=96&d=mm&r=g\",\"contentUrl\":\"https:\/\/secure.gravatar.com\/avatar\/55cb5e37c1efa326397366e6974cb338056df65cb50e7d64d1cf314e87504837?s=96&d=mm&r=g\",\"caption\":\"Arnaldo Botto\"},\"url\":\"https:\/\/www.noticiasradioreflejos.com.ar\/2021\/author\/arnaldo\/\"}]}<\/script>\n<!-- \/ Yoast SEO plugin. -->","yoast_head_json":{"title":"Barrio Las Verbenas: \"Ya est\u00e1 listo y apto para que los propietarios puedan recibir sus lotes\" - Noticias Radio Reflejos","robots":{"index":"index","follow":"follow","max-snippet":"max-snippet:-1","max-image-preview":"max-image-preview:large","max-video-preview":"max-video-preview:-1"},"canonical":"https:\/\/www.noticiasradioreflejos.com.ar\/2021\/barrio-las-verbenas-ya-esta-listo-y-apto-para-que-los-propietarios-puedan-recibir-sus-lotes\/","og_locale":"es_ES","og_type":"article","og_title":"Barrio Las Verbenas: \"Ya est\u00e1 listo y apto para que los propietarios puedan recibir sus lotes\" - Noticias Radio Reflejos","og_description":"Mariano Olasiregui y Jorge Echard, integrantes de la Empresa Eidico, desarrolladores del barrio privado \u00abLas Verbenas\u00bb en Sierra de la Ventana. Esta ma\u00f1ana en una entrevista radial, brindaron los detalles del amplio proyecto que llevara hasta una tercer etapa en el loteo y\u00a0 que\u00a0instancias se completan en el curso de los pr\u00f3ximos meses\u00a0para que los [&hellip;]","og_url":"https:\/\/www.noticiasradioreflejos.com.ar\/2021\/barrio-las-verbenas-ya-esta-listo-y-apto-para-que-los-propietarios-puedan-recibir-sus-lotes\/","og_site_name":"Noticias Radio Reflejos","article_published_time":"2021-04-07T20:16:13+00:00","og_image":[{"url":"http:\/\/live.staticflickr.com\/65535\/51101196816_8c7f2b5e9f_c.jpg","type":"","width":"","height":""}],"author":"Arnaldo Botto","twitter_card":"summary_large_image","schema":{"@context":"https:\/\/schema.org","@graph":[{"@type":"WebPage","@id":"https:\/\/www.noticiasradioreflejos.com.ar\/2021\/barrio-las-verbenas-ya-esta-listo-y-apto-para-que-los-propietarios-puedan-recibir-sus-lotes\/","url":"https:\/\/www.noticiasradioreflejos.com.ar\/2021\/barrio-las-verbenas-ya-esta-listo-y-apto-para-que-los-propietarios-puedan-recibir-sus-lotes\/","name":"Barrio Las Verbenas: \"Ya est\u00e1 listo y apto para que los propietarios puedan recibir sus lotes\" - Noticias Radio Reflejos","isPartOf":{"@id":"https:\/\/www.noticiasradioreflejos.com.ar\/2021\/#website"},"primaryImageOfPage":{"@id":"https:\/\/www.noticiasradioreflejos.com.ar\/2021\/barrio-las-verbenas-ya-esta-listo-y-apto-para-que-los-propietarios-puedan-recibir-sus-lotes\/#primaryimage"},"image":{"@id":"https:\/\/www.noticiasradioreflejos.com.ar\/2021\/barrio-las-verbenas-ya-esta-listo-y-apto-para-que-los-propietarios-puedan-recibir-sus-lotes\/#primaryimage"},"thumbnailUrl":"http:\/\/live.staticflickr.com\/65535\/51101196816_8c7f2b5e9f_c.jpg","datePublished":"2021-04-07T20:16:13+00:00","author":{"@id":"https:\/\/www.noticiasradioreflejos.com.ar\/2021\/#\/schema\/person\/ad82545263dcc5ec0996818884fd5fb1"},"breadcrumb":{"@id":"https:\/\/www.noticiasradioreflejos.com.ar\/2021\/barrio-las-verbenas-ya-esta-listo-y-apto-para-que-los-propietarios-puedan-recibir-sus-lotes\/#breadcrumb"},"inLanguage":"es","potentialAction":[{"@type":"ReadAction","target":["https:\/\/www.noticiasradioreflejos.com.ar\/2021\/barrio-las-verbenas-ya-esta-listo-y-apto-para-que-los-propietarios-puedan-recibir-sus-lotes\/"]}]},{"@type":"ImageObject","inLanguage":"es","@id":"https:\/\/www.noticiasradioreflejos.com.ar\/2021\/barrio-las-verbenas-ya-esta-listo-y-apto-para-que-los-propietarios-puedan-recibir-sus-lotes\/#primaryimage","url":"http:\/\/live.staticflickr.com\/65535\/51101196816_8c7f2b5e9f_c.jpg","contentUrl":"http:\/\/live.staticflickr.com\/65535\/51101196816_8c7f2b5e9f_c.jpg"},{"@type":"BreadcrumbList","@id":"https:\/\/www.noticiasradioreflejos.com.ar\/2021\/barrio-las-verbenas-ya-esta-listo-y-apto-para-que-los-propietarios-puedan-recibir-sus-lotes\/#breadcrumb","itemListElement":[{"@type":"ListItem","position":1,"name":"Portada","item":"https:\/\/www.noticiasradioreflejos.com.ar\/2021\/"},{"@type":"ListItem","position":2,"name":"Barrio Las Verbenas: \u00abYa est\u00e1 listo y apto para que los propietarios puedan recibir sus lotes\u00bb"}]},{"@type":"WebSite","@id":"https:\/\/www.noticiasradioreflejos.com.ar\/2021\/#website","url":"https:\/\/www.noticiasradioreflejos.com.ar\/2021\/","name":"Noticias Radio Reflejos","description":"Las noticias de mi comarca","potentialAction":[{"@type":"SearchAction","target":{"@type":"EntryPoint","urlTemplate":"https:\/\/www.noticiasradioreflejos.com.ar\/2021\/?s={search_term_string}"},"query-input":{"@type":"PropertyValueSpecification","valueRequired":true,"valueName":"search_term_string"}}],"inLanguage":"es"},{"@type":"Person","@id":"https:\/\/www.noticiasradioreflejos.com.ar\/2021\/#\/schema\/person\/ad82545263dcc5ec0996818884fd5fb1","name":"Arnaldo Botto","image":{"@type":"ImageObject","inLanguage":"es","@id":"https:\/\/www.noticiasradioreflejos.com.ar\/2021\/#\/schema\/person\/image\/","url":"https:\/\/secure.gravatar.com\/avatar\/55cb5e37c1efa326397366e6974cb338056df65cb50e7d64d1cf314e87504837?s=96&d=mm&r=g","contentUrl":"https:\/\/secure.gravatar.com\/avatar\/55cb5e37c1efa326397366e6974cb338056df65cb50e7d64d1cf314e87504837?s=96&d=mm&r=g","caption":"Arnaldo Botto"},"url":"https:\/\/www.noticiasradioreflejos.com.ar\/2021\/author\/arnaldo\/"}]}},"_links":{"self":[{"href":"https:\/\/www.noticiasradioreflejos.com.ar\/2021\/wp-json\/wp\/v2\/posts\/55041","targetHints":{"allow":["GET"]}}],"collection":[{"href":"https:\/\/www.noticiasradioreflejos.com.ar\/2021\/wp-json\/wp\/v2\/posts"}],"about":[{"href":"https:\/\/www.noticiasradioreflejos.com.ar\/2021\/wp-json\/wp\/v2\/types\/post"}],"author":[{"embeddable":true,"href":"https:\/\/www.noticiasradioreflejos.com.ar\/2021\/wp-json\/wp\/v2\/users\/3"}],"replies":[{"embeddable":true,"href":"https:\/\/www.noticiasradioreflejos.com.ar\/2021\/wp-json\/wp\/v2\/comments?post=55041"}],"version-history":[{"count":0,"href":"https:\/\/www.noticiasradioreflejos.com.ar\/2021\/wp-json\/wp\/v2\/posts\/55041\/revisions"}],"wp:attachment":[{"href":"https:\/\/www.noticiasradioreflejos.com.ar\/2021\/wp-json\/wp\/v2\/media?parent=55041"}],"wp:term":[{"taxonomy":"category","embeddable":true,"href":"https:\/\/www.noticiasradioreflejos.com.ar\/2021\/wp-json\/wp\/v2\/categories?post=55041"},{"taxonomy":"post_tag","embeddable":true,"href":"https:\/\/www.noticiasradioreflejos.com.ar\/2021\/wp-json\/wp\/v2\/tags?post=55041"}],"curies":[{"name":"wp","href":"https:\/\/api.w.org\/{rel}","templated":true}]}}