{"id":55035,"date":"2021-04-07T14:54:36","date_gmt":"2021-04-07T17:54:36","guid":{"rendered":"http:\/\/www.noticiasradioreflejos.com.ar\/noticias\/?p=55035"},"modified":"2021-04-07T14:54:36","modified_gmt":"2021-04-07T17:54:36","slug":"calendario-de-eventos-turisticos-del-8-al-15de-abril-2021","status":"publish","type":"post","link":"https:\/\/www.noticiasradioreflejos.com.ar\/2021\/calendario-de-eventos-turisticos-del-8-al-15de-abril-2021\/","title":{"rendered":"Calendario de eventos tur\u00edsticos del  8 AL 15 de abril  2021"},"content":{"rendered":"<p dir=\"ltr\">Las propuestas tur\u00edsticas y deportivas para disfrutar al aire libre y en contacto con la naturaleza ser\u00e1n las protagonistas de la semana en la provincia de Buenos Aires. Coronel Su\u00e1rez realizar\u00e1 una jornada de turismo astron\u00f3mico, Villarino una cabalgata por paisajes y estancias, Coronel Pringles un recorrido de diez kil\u00f3metros hasta la Laguna de Cabo y Marcos Paz tentar\u00e1 a las audiencias con una deliciosa clase virtual de cocina. En tanto que Nueve de Julio llevar\u00e1 adelante un campeonato con diferentes distancias.<!--more-->VISITAS GUIADAS<\/p>\n<p dir=\"ltr\"><strong>CORONEL SU\u00c1REZ<\/strong><br \/>\nTurismo astron\u00f3mico<br \/>\nFecha, hora y lugar: Viernes 9 de abril, a las 20:00.\u00a0 El punto de encuentro ser\u00e1\u00a0 la oficina de informes tur\u00edsticos, Casey N\u00ba 2090.<br \/>\nDescripci\u00f3n: Observaci\u00f3n y el reconocimiento del cielo suarense guiado por Rodrigo Haack, profesional del Planetario y Observatorio de La Plata. Actividad gratuita con inscripci\u00f3n previa en (0291) 421048 o <a href=\"mailto:dirturismomcs@gmail.com\" target=\"_blank\" rel=\"noopener\">dirturismomcs@gmail.com<\/a>. Organiza la Subdirecci\u00f3n de Turismo de Coronel Su\u00e1rez.<\/p>\n<p dir=\"ltr\">M\u00e1s informaci\u00f3n: <a href=\"https:\/\/www.instagram.com\/p\/CNUyyTgl0cf\/\" target=\"_blank\" data-saferedirecturl=\"https:\/\/www.google.com\/url?q=https:\/\/www.instagram.com\/p\/CNUyyTgl0cf\/&amp;source=gmail&amp;ust=1617902889486000&amp;usg=AFQjCNF-kraLgQXqDPQRIjZbDUYGHoStxA\" rel=\"noopener\">instagram.com\/p\/CNUyyTgl0cf<\/a><\/p>\n<p dir=\"ltr\"><strong>VILLARINO<\/strong><\/p>\n<p dir=\"ltr\">1\u00b0 Cabalgata rural<\/p>\n<p dir=\"ltr\">Fecha, hora y lugar: Domingo 11 de abril, a las 07:30 en el Paraje La Mascota.<\/p>\n<p dir=\"ltr\">Descripci\u00f3n: Cabalgata y paseo por caminos rurales que incluye visitas a cascos hist\u00f3ricos de estancias cercanas y un almuerzo criollo a cargo de la Sociedad de Fomento Mascotense. Actividad arancelada con cupos limitados. Los interesados deber\u00e1n inscribirse en (291) 5730290 \/ (291) 4756841.\u00a0 Organiza Sociedad de Fomento Mascotense con el apoyo del Municipio de Villarino.<\/p>\n<p dir=\"ltr\">M\u00e1s informaci\u00f3n: Direcci\u00f3n de Turismo de Villarino &#8211; (02927) 432201 &#8211; <a href=\"mailto:turismo@villarino.gob.ar\" target=\"_blank\" rel=\"noopener\">turismo@villarino.gob.ar<\/a><\/p>\n<p dir=\"ltr\"><strong>LA PLATA<\/strong><br \/>\nVisita guiada al Parque Ecol\u00f3gico<br \/>\nFecha, hora y lugar: Viernes y s\u00e1bados a las 09:00; lunes a jueves, domingos y feriados a las 17:00. Camino Centenario entre 426 y 460 de Villa Elisa.<br \/>\nDescripci\u00f3n: Recorrido por el predio municipal donde quienes participen podr\u00e1n disfrutar de actividades educativas y recreativas. Acceso gratuito, con cupos limitados, inscripci\u00f3n previa en <a href=\"mailto:parqueecologico@laplata.gob.ar\" target=\"_blank\" rel=\"noopener\">parqueecologico@laplata.gob.ar<\/a> o al (0221) 473-2449. Se suspende por lluvia. Organiza la Municipalidad de La Plata.<\/p>\n<p dir=\"ltr\">M\u00e1s informaci\u00f3n: <a href=\"https:\/\/www.facebook.com\/ParqueEcologicoMLP\/\" target=\"_blank\" data-saferedirecturl=\"https:\/\/www.google.com\/url?q=https:\/\/www.facebook.com\/ParqueEcologicoMLP\/&amp;source=gmail&amp;ust=1617902889487000&amp;usg=AFQjCNHa91znnuggg5ipAfBFs-YftUHybA\" rel=\"noopener\">facebook.com\/<wbr \/>ParqueEcologicoMLP\/<\/a><\/p>\n<p>&nbsp;<\/p>\n<p dir=\"ltr\"><strong>EVENTOS DEPORTIVOS<\/strong><\/p>\n<p dir=\"ltr\"><strong>CORONEL PRINGLES \u2013 Indio Rico<\/strong><br \/>\nDesaf\u00edo laguna Del Cabo<br \/>\nFecha, hora y lugar: Domingo 11 de abril, a las 10:00. Salidas desde el polideportivo municipal H\u00e9ctor Horacio Sosa.<br \/>\nDescripci\u00f3n: Recorrido de 10 kil\u00f3metro a trav\u00e9s de lugares poco conocidos del distrito que termina en la Laguna del Cabo. Se podr\u00e1 realizar caminando,\u00a0 corriendo o en bicicleta. Actividad arancelada y a beneficio del Instituto Mar\u00eda P. de Verdier. Se requiere inscripci\u00f3n previa. Organiza la Direcci\u00f3n de Turismo de Coronel Pringles y la Delegaci\u00f3n Municipal de Indio Rico.<br \/>\nM\u00e1s informaci\u00f3n: <a href=\"https:\/\/www.facebook.com\/coronelpringlesturismo\" target=\"_blank\" data-saferedirecturl=\"https:\/\/www.google.com\/url?q=https:\/\/www.facebook.com\/coronelpringlesturismo&amp;source=gmail&amp;ust=1617902889487000&amp;usg=AFQjCNFem_OLD6-8TSkITxJiTSGcNcCmBA\" rel=\"noopener\">facebook.com\/<wbr \/>coronelpringlesturismo<\/a> &#8211; (02983) 496191 \u2013 Whatsapp (2983)527277 &#8211;<\/p>\n<p dir=\"ltr\"><strong>NUEVE DE JULIO \u2013 Patricios<\/strong><br \/>\n9 aventuras 2021<br \/>\nFecha, hora y lugar: Domingo 11 de abril, a las 11:00. Punto de encuentro: Club Atl\u00e9tico Patricios.<\/p>\n<p dir=\"ltr\">Descripci\u00f3n: Campeonato de nueve fechas. La primera se realizar\u00e1 en la localidad de Patricios con dos modalidades: competitiva de 7,2 kil\u00f3metros y participativa de 3,6 con largada por categor\u00edas. Actividad arancelada. Inscripci\u00f3n a trav\u00e9s del siguiente formulario:\u00a0 <a href=\"https:\/\/forms.gle\/9kus8e3qh6jAjvvV6?fbclid=IwAR2IoN_mvoPqVBO-bZL5QHsKhb_EiAKNmNBjz4KjRsPF2WG_HWH7PkPYlVI\" target=\"_blank\" data-saferedirecturl=\"https:\/\/www.google.com\/url?q=https:\/\/forms.gle\/9kus8e3qh6jAjvvV6?fbclid%3DIwAR2IoN_mvoPqVBO-bZL5QHsKhb_EiAKNmNBjz4KjRsPF2WG_HWH7PkPYlVI&amp;source=gmail&amp;ust=1617902889487000&amp;usg=AFQjCNF_1VwMwrIjJGrzaM9h11nAre-eXg\" rel=\"noopener\">https:\/\/forms.gle\/<wbr \/>9kus8e3qh6jAjvvV6<\/a>. Organiza la Direcci\u00f3n de Deportes de 9 de julio<\/p>\n<p dir=\"ltr\">M\u00e1s informaci\u00f3n: <a href=\"https:\/\/www.facebook.com\/deportesmunicipalidaddenuevedejulio\/\" target=\"_blank\" data-saferedirecturl=\"https:\/\/www.google.com\/url?q=https:\/\/www.facebook.com\/deportesmunicipalidaddenuevedejulio\/&amp;source=gmail&amp;ust=1617902889487000&amp;usg=AFQjCNGGd094ZMvFyqfL83ueYe4pxVeL3w\" rel=\"noopener\">facebook.com\/<wbr \/>deportesmunicipalidaddenuevede<wbr \/>julio\/<\/a><\/p>\n<p>&nbsp;<\/p>\n<p dir=\"ltr\"><strong>SAN MIGUEL DEL MONTE<\/strong><\/p>\n<p dir=\"ltr\">10K Monte<\/p>\n<p dir=\"ltr\">Fecha, hora y lugar: Domingo 11 de abril, a las 08:30, en el Club de Polo Guardia del Monte.<br \/>\nDescripci\u00f3n: Competencia en dos distancias: 10 kil\u00f3metros competitivos y 5 kil\u00f3metros participativos. Actividad arancelada con inscripci\u00f3n previa. Organiza Sportsfacilities con el apoyo del Municipio de Monte.<\/p>\n<p dir=\"ltr\">M\u00e1s informaci\u00f3n: <a href=\"https:\/\/10kmonte.com.ar\/\" target=\"_blank\" data-saferedirecturl=\"https:\/\/www.google.com\/url?q=https:\/\/10kmonte.com.ar\/&amp;source=gmail&amp;ust=1617902889487000&amp;usg=AFQjCNHXYnZEhtes6RtSR-ytBRnxKcuRVw\" rel=\"noopener\">https:\/\/10kmonte.com.ar\/<\/a><\/p>\n<p dir=\"ltr\"><strong>EVENTOS GASTRON\u00d3MICOS<\/strong><\/p>\n<p dir=\"ltr\"><strong>MARCOS PAZ<\/strong><br \/>\nMarcos Paz cocina &#8211; virtual<br \/>\nFecha, hora y plataforma: Jueves 8 de abril, a las 13:00, transmisi\u00f3n v\u00eda <a href=\"http:\/\/www.facebook.com\/tvpublicammp\" target=\"_blank\" data-saferedirecturl=\"https:\/\/www.google.com\/url?q=http:\/\/www.facebook.com\/tvpublicammp&amp;source=gmail&amp;ust=1617902889487000&amp;usg=AFQjCNGkCsp3pyCffAFll-BEy719HeSB1A\" rel=\"noopener\">www.facebook.com\/tvpublicammp<br \/>\n<\/a>Descripci\u00f3n: La gastronom\u00eda popular y cotidiana ser\u00e1 la protagonista del encuentro. El chef Gast\u00f3n Luoni elaborar\u00e1 en vivo un delicioso matambre con verduras.<\/p>\n<p dir=\"ltr\">M\u00e1s informaci\u00f3n: <a href=\"http:\/\/www.facebook.com\/TurismoMunicipiodeMarcosPaz\" target=\"_blank\" data-saferedirecturl=\"https:\/\/www.google.com\/url?q=http:\/\/www.facebook.com\/TurismoMunicipiodeMarcosPaz&amp;source=gmail&amp;ust=1617902889487000&amp;usg=AFQjCNEJAd-Uci6fEP23uqGTdviNEHOunQ\" rel=\"noopener\">facebook.com\/<wbr \/>TurismoMunicipiodeMarcosPaz<\/a><\/p>\n<p>&nbsp;<\/p>\n<p dir=\"ltr\"><strong>FERIAS Y EXPOSICIONES<\/strong><\/p>\n<p dir=\"ltr\"><strong>RIVADAVIA<\/strong><br \/>\n1\u00ba Encuentro de escultores<br \/>\nFecha, hora y lugar: Del 8 al 11 de abril, desde las 09:30, en el Vivero Municipal.<br \/>\nDescripci\u00f3n: Muestra de escultores locales y jornada de trabajo con artistas como Lihue Pumilla, Fernando Mata, Gabriela L\u00f3pez y Roberto Ortiz. Acceso gratuito. Organiza la Direcci\u00f3n de Cultura de la Municipalidad de Rivadavia.<\/p>\n<p dir=\"ltr\">M\u00e1s informaci\u00f3n: Direcci\u00f3n de Cultura \u2013 (02337) 404346.<\/p>\n<p dir=\"ltr\"><strong>EVENTOS CULTURALES<\/strong><\/p>\n<p dir=\"ltr\"><strong>PATAGONES \u2013 Bah\u00eda San Blas<\/strong><br \/>\n1\u00ba Festival del canto y el mar<\/p>\n<p dir=\"ltr\">Fecha, hora y lugar: S\u00e1bado 10 de abril, desde las 19:00, en el camping El Choique, Bah\u00eda San Blas.<br \/>\nDescripci\u00f3n: Festival de m\u00fasica en vivo con la presencia de artesanos, pe\u00f1a y servicio de cantina. Acceso gratuito. Organiza la Delegaci\u00f3n municipal de turismo de Bah\u00eda San Blas.<br \/>\nM\u00e1s informaci\u00f3n: <a href=\"https:\/\/www.facebook.com\/TurismoBahiaSanBlas\" target=\"_blank\" data-saferedirecturl=\"https:\/\/www.google.com\/url?q=https:\/\/www.facebook.com\/TurismoBahiaSanBlas&amp;source=gmail&amp;ust=1617902889487000&amp;usg=AFQjCNGoOdfg3wezFOcFnvreh4Ux0a1z4Q\" rel=\"noopener\">facebook.com\/<wbr \/>TurismoBahiaSanBlas<\/a><\/p>\n<p>&nbsp;<\/p>\n<p dir=\"ltr\">Todas las actividades presenciales se desarrollan bajo los protocolos establecidos por el Gobierno de la Provincia de Buenos Aires, de acuerdo al sistema de fases en el que se encuentre cada municipio seg\u00fan lo establecido por la resoluci\u00f3n 2021-37 publicada el d\u00eda 31 de marzo de 2021.<\/p>\n<p dir=\"ltr\">Adem\u00e1s, es necesario recordar la importancia de que los asistentes cumplan los cuidados b\u00e1sicos que consisten en la frecuente higienizaci\u00f3n de manos, el uso permanente de tapaboca-nariz y el respeto de la distancia social.<\/p>\n<p dir=\"ltr\">En caso de viajar con fines tur\u00edsticos por la Provincia, deber\u00e1s \u00a0tramitar el Certificado Turismo a trav\u00e9s de la app CuidAR o en el sitio web\u00a0<a href=\"http:\/\/argentina.gob.ar\/circular\/turismo\" target=\"_blank\" data-saferedirecturl=\"https:\/\/www.google.com\/url?q=http:\/\/argentina.gob.ar\/circular\/turismo&amp;source=gmail&amp;ust=1617902889487000&amp;usg=AFQjCNEilMVHies_3T2o7rnLHMMw9nVyqw\" rel=\"noopener\">argentina.gob.ar\/circular\/<wbr \/>turismo<\/a>.<\/p>\n<p dir=\"ltr\">Para m\u00e1s informaci\u00f3n del calendario de eventos y actividades, visit\u00e1 nuestra p\u00e1gina web:\u00a0<a href=\"https:\/\/buenosaires.tur.ar\/eventos\" target=\"_blank\" data-saferedirecturl=\"https:\/\/www.google.com\/url?q=https:\/\/buenosaires.tur.ar\/eventos&amp;source=gmail&amp;ust=1617902889487000&amp;usg=AFQjCNGERhoASGv4ZucY_Q4EDuYbD-HMAQ\" rel=\"noopener\">https:\/\/buenosaires.tur.<wbr \/>ar\/eventos<\/a><\/p>\n","protected":false},"excerpt":{"rendered":"<p>Las propuestas tur\u00edsticas y deportivas para disfrutar al aire libre y en contacto con la naturaleza ser\u00e1n las protagonistas de la semana en la provincia de Buenos Aires. Coronel Su\u00e1rez realizar\u00e1 una jornada de turismo astron\u00f3mico, Villarino una cabalgata por paisajes y estancias, Coronel Pringles un recorrido de diez kil\u00f3metros hasta la Laguna de Cabo [&hellip;]<\/p>\n","protected":false},"author":3,"featured_media":0,"comment_status":"closed","ping_status":"open","sticky":false,"template":"","format":"standard","meta":{"footnotes":""},"categories":[33],"tags":[],"class_list":["post-55035","post","type-post","status-publish","format-standard","hentry","category-turismo"],"yoast_head":"<!-- This site is optimized with the Yoast SEO plugin v25.9 - https:\/\/yoast.com\/wordpress\/plugins\/seo\/ -->\n<title>Calendario de eventos tur\u00edsticos del 8 AL 15 de abril 2021 - Noticias Radio Reflejos<\/title>\n<meta name=\"robots\" content=\"index, follow, max-snippet:-1, max-image-preview:large, max-video-preview:-1\" \/>\n<link rel=\"canonical\" href=\"https:\/\/www.noticiasradioreflejos.com.ar\/2021\/calendario-de-eventos-turisticos-del-8-al-15de-abril-2021\/\" \/>\n<meta property=\"og:locale\" content=\"es_ES\" \/>\n<meta property=\"og:type\" content=\"article\" \/>\n<meta property=\"og:title\" content=\"Calendario de eventos tur\u00edsticos del 8 AL 15 de abril 2021 - Noticias Radio Reflejos\" \/>\n<meta property=\"og:description\" content=\"Las propuestas tur\u00edsticas y deportivas para disfrutar al aire libre y en contacto con la naturaleza ser\u00e1n las protagonistas de la semana en la provincia de Buenos Aires. Coronel Su\u00e1rez realizar\u00e1 una jornada de turismo astron\u00f3mico, Villarino una cabalgata por paisajes y estancias, Coronel Pringles un recorrido de diez kil\u00f3metros hasta la Laguna de Cabo [&hellip;]\" \/>\n<meta property=\"og:url\" content=\"https:\/\/www.noticiasradioreflejos.com.ar\/2021\/calendario-de-eventos-turisticos-del-8-al-15de-abril-2021\/\" \/>\n<meta property=\"og:site_name\" content=\"Noticias Radio Reflejos\" \/>\n<meta property=\"article:published_time\" content=\"2021-04-07T17:54:36+00:00\" \/>\n<meta property=\"og:image\" content=\"https:\/\/www.noticiasradioreflejos.com.ar\/2021\/wp-content\/uploads\/2021\/07\/logosol300x200.png\" \/>\n\t<meta property=\"og:image:width\" content=\"300\" \/>\n\t<meta property=\"og:image:height\" content=\"200\" \/>\n\t<meta property=\"og:image:type\" content=\"image\/png\" \/>\n<meta name=\"author\" content=\"Arnaldo Botto\" \/>\n<meta name=\"twitter:card\" content=\"summary_large_image\" \/>\n<script type=\"application\/ld+json\" class=\"yoast-schema-graph\">{\"@context\":\"https:\/\/schema.org\",\"@graph\":[{\"@type\":\"WebPage\",\"@id\":\"https:\/\/www.noticiasradioreflejos.com.ar\/2021\/calendario-de-eventos-turisticos-del-8-al-15de-abril-2021\/\",\"url\":\"https:\/\/www.noticiasradioreflejos.com.ar\/2021\/calendario-de-eventos-turisticos-del-8-al-15de-abril-2021\/\",\"name\":\"Calendario de eventos tur\u00edsticos del 8 AL 15 de abril 2021 - Noticias Radio Reflejos\",\"isPartOf\":{\"@id\":\"https:\/\/www.noticiasradioreflejos.com.ar\/2021\/#website\"},\"datePublished\":\"2021-04-07T17:54:36+00:00\",\"author\":{\"@id\":\"https:\/\/www.noticiasradioreflejos.com.ar\/2021\/#\/schema\/person\/ad82545263dcc5ec0996818884fd5fb1\"},\"breadcrumb\":{\"@id\":\"https:\/\/www.noticiasradioreflejos.com.ar\/2021\/calendario-de-eventos-turisticos-del-8-al-15de-abril-2021\/#breadcrumb\"},\"inLanguage\":\"es\",\"potentialAction\":[{\"@type\":\"ReadAction\",\"target\":[\"https:\/\/www.noticiasradioreflejos.com.ar\/2021\/calendario-de-eventos-turisticos-del-8-al-15de-abril-2021\/\"]}]},{\"@type\":\"BreadcrumbList\",\"@id\":\"https:\/\/www.noticiasradioreflejos.com.ar\/2021\/calendario-de-eventos-turisticos-del-8-al-15de-abril-2021\/#breadcrumb\",\"itemListElement\":[{\"@type\":\"ListItem\",\"position\":1,\"name\":\"Portada\",\"item\":\"https:\/\/www.noticiasradioreflejos.com.ar\/2021\/\"},{\"@type\":\"ListItem\",\"position\":2,\"name\":\"Calendario de eventos tur\u00edsticos del 8 AL 15 de abril 2021\"}]},{\"@type\":\"WebSite\",\"@id\":\"https:\/\/www.noticiasradioreflejos.com.ar\/2021\/#website\",\"url\":\"https:\/\/www.noticiasradioreflejos.com.ar\/2021\/\",\"name\":\"Noticias Radio Reflejos\",\"description\":\"Las noticias de mi comarca\",\"potentialAction\":[{\"@type\":\"SearchAction\",\"target\":{\"@type\":\"EntryPoint\",\"urlTemplate\":\"https:\/\/www.noticiasradioreflejos.com.ar\/2021\/?s={search_term_string}\"},\"query-input\":{\"@type\":\"PropertyValueSpecification\",\"valueRequired\":true,\"valueName\":\"search_term_string\"}}],\"inLanguage\":\"es\"},{\"@type\":\"Person\",\"@id\":\"https:\/\/www.noticiasradioreflejos.com.ar\/2021\/#\/schema\/person\/ad82545263dcc5ec0996818884fd5fb1\",\"name\":\"Arnaldo Botto\",\"image\":{\"@type\":\"ImageObject\",\"inLanguage\":\"es\",\"@id\":\"https:\/\/www.noticiasradioreflejos.com.ar\/2021\/#\/schema\/person\/image\/\",\"url\":\"https:\/\/secure.gravatar.com\/avatar\/55cb5e37c1efa326397366e6974cb338056df65cb50e7d64d1cf314e87504837?s=96&d=mm&r=g\",\"contentUrl\":\"https:\/\/secure.gravatar.com\/avatar\/55cb5e37c1efa326397366e6974cb338056df65cb50e7d64d1cf314e87504837?s=96&d=mm&r=g\",\"caption\":\"Arnaldo Botto\"},\"url\":\"https:\/\/www.noticiasradioreflejos.com.ar\/2021\/author\/arnaldo\/\"}]}<\/script>\n<!-- \/ Yoast SEO plugin. -->","yoast_head_json":{"title":"Calendario de eventos tur\u00edsticos del 8 AL 15 de abril 2021 - Noticias Radio Reflejos","robots":{"index":"index","follow":"follow","max-snippet":"max-snippet:-1","max-image-preview":"max-image-preview:large","max-video-preview":"max-video-preview:-1"},"canonical":"https:\/\/www.noticiasradioreflejos.com.ar\/2021\/calendario-de-eventos-turisticos-del-8-al-15de-abril-2021\/","og_locale":"es_ES","og_type":"article","og_title":"Calendario de eventos tur\u00edsticos del 8 AL 15 de abril 2021 - Noticias Radio Reflejos","og_description":"Las propuestas tur\u00edsticas y deportivas para disfrutar al aire libre y en contacto con la naturaleza ser\u00e1n las protagonistas de la semana en la provincia de Buenos Aires. Coronel Su\u00e1rez realizar\u00e1 una jornada de turismo astron\u00f3mico, Villarino una cabalgata por paisajes y estancias, Coronel Pringles un recorrido de diez kil\u00f3metros hasta la Laguna de Cabo [&hellip;]","og_url":"https:\/\/www.noticiasradioreflejos.com.ar\/2021\/calendario-de-eventos-turisticos-del-8-al-15de-abril-2021\/","og_site_name":"Noticias Radio Reflejos","article_published_time":"2021-04-07T17:54:36+00:00","og_image":[{"width":300,"height":200,"url":"https:\/\/www.noticiasradioreflejos.com.ar\/2021\/wp-content\/uploads\/2021\/07\/logosol300x200.png","type":"image\/png"}],"author":"Arnaldo Botto","twitter_card":"summary_large_image","schema":{"@context":"https:\/\/schema.org","@graph":[{"@type":"WebPage","@id":"https:\/\/www.noticiasradioreflejos.com.ar\/2021\/calendario-de-eventos-turisticos-del-8-al-15de-abril-2021\/","url":"https:\/\/www.noticiasradioreflejos.com.ar\/2021\/calendario-de-eventos-turisticos-del-8-al-15de-abril-2021\/","name":"Calendario de eventos tur\u00edsticos del 8 AL 15 de abril 2021 - Noticias Radio Reflejos","isPartOf":{"@id":"https:\/\/www.noticiasradioreflejos.com.ar\/2021\/#website"},"datePublished":"2021-04-07T17:54:36+00:00","author":{"@id":"https:\/\/www.noticiasradioreflejos.com.ar\/2021\/#\/schema\/person\/ad82545263dcc5ec0996818884fd5fb1"},"breadcrumb":{"@id":"https:\/\/www.noticiasradioreflejos.com.ar\/2021\/calendario-de-eventos-turisticos-del-8-al-15de-abril-2021\/#breadcrumb"},"inLanguage":"es","potentialAction":[{"@type":"ReadAction","target":["https:\/\/www.noticiasradioreflejos.com.ar\/2021\/calendario-de-eventos-turisticos-del-8-al-15de-abril-2021\/"]}]},{"@type":"BreadcrumbList","@id":"https:\/\/www.noticiasradioreflejos.com.ar\/2021\/calendario-de-eventos-turisticos-del-8-al-15de-abril-2021\/#breadcrumb","itemListElement":[{"@type":"ListItem","position":1,"name":"Portada","item":"https:\/\/www.noticiasradioreflejos.com.ar\/2021\/"},{"@type":"ListItem","position":2,"name":"Calendario de eventos tur\u00edsticos del 8 AL 15 de abril 2021"}]},{"@type":"WebSite","@id":"https:\/\/www.noticiasradioreflejos.com.ar\/2021\/#website","url":"https:\/\/www.noticiasradioreflejos.com.ar\/2021\/","name":"Noticias Radio Reflejos","description":"Las noticias de mi comarca","potentialAction":[{"@type":"SearchAction","target":{"@type":"EntryPoint","urlTemplate":"https:\/\/www.noticiasradioreflejos.com.ar\/2021\/?s={search_term_string}"},"query-input":{"@type":"PropertyValueSpecification","valueRequired":true,"valueName":"search_term_string"}}],"inLanguage":"es"},{"@type":"Person","@id":"https:\/\/www.noticiasradioreflejos.com.ar\/2021\/#\/schema\/person\/ad82545263dcc5ec0996818884fd5fb1","name":"Arnaldo Botto","image":{"@type":"ImageObject","inLanguage":"es","@id":"https:\/\/www.noticiasradioreflejos.com.ar\/2021\/#\/schema\/person\/image\/","url":"https:\/\/secure.gravatar.com\/avatar\/55cb5e37c1efa326397366e6974cb338056df65cb50e7d64d1cf314e87504837?s=96&d=mm&r=g","contentUrl":"https:\/\/secure.gravatar.com\/avatar\/55cb5e37c1efa326397366e6974cb338056df65cb50e7d64d1cf314e87504837?s=96&d=mm&r=g","caption":"Arnaldo Botto"},"url":"https:\/\/www.noticiasradioreflejos.com.ar\/2021\/author\/arnaldo\/"}]}},"_links":{"self":[{"href":"https:\/\/www.noticiasradioreflejos.com.ar\/2021\/wp-json\/wp\/v2\/posts\/55035","targetHints":{"allow":["GET"]}}],"collection":[{"href":"https:\/\/www.noticiasradioreflejos.com.ar\/2021\/wp-json\/wp\/v2\/posts"}],"about":[{"href":"https:\/\/www.noticiasradioreflejos.com.ar\/2021\/wp-json\/wp\/v2\/types\/post"}],"author":[{"embeddable":true,"href":"https:\/\/www.noticiasradioreflejos.com.ar\/2021\/wp-json\/wp\/v2\/users\/3"}],"replies":[{"embeddable":true,"href":"https:\/\/www.noticiasradioreflejos.com.ar\/2021\/wp-json\/wp\/v2\/comments?post=55035"}],"version-history":[{"count":0,"href":"https:\/\/www.noticiasradioreflejos.com.ar\/2021\/wp-json\/wp\/v2\/posts\/55035\/revisions"}],"wp:attachment":[{"href":"https:\/\/www.noticiasradioreflejos.com.ar\/2021\/wp-json\/wp\/v2\/media?parent=55035"}],"wp:term":[{"taxonomy":"category","embeddable":true,"href":"https:\/\/www.noticiasradioreflejos.com.ar\/2021\/wp-json\/wp\/v2\/categories?post=55035"},{"taxonomy":"post_tag","embeddable":true,"href":"https:\/\/www.noticiasradioreflejos.com.ar\/2021\/wp-json\/wp\/v2\/tags?post=55035"}],"curies":[{"name":"wp","href":"https:\/\/api.w.org\/{rel}","templated":true}]}}