{"id":55030,"date":"2021-04-07T14:47:21","date_gmt":"2021-04-07T17:47:21","guid":{"rendered":"http:\/\/www.noticiasradioreflejos.com.ar\/noticias\/?p=55030"},"modified":"2021-04-07T14:47:21","modified_gmt":"2021-04-07T17:47:21","slug":"la-unidad-de-terapia-intensiva-ya-es-una-realidad-en-el-hospital-municipal","status":"publish","type":"post","link":"https:\/\/www.noticiasradioreflejos.com.ar\/2021\/la-unidad-de-terapia-intensiva-ya-es-una-realidad-en-el-hospital-municipal\/","title":{"rendered":"La Unidad de Terapia Intensiva ya es una realidad en el Hospital Municipal"},"content":{"rendered":"<p>Este mi\u00e9rcoles qued\u00f3 inaugurada la Unidad de Terapia Intensiva (UTI) del Hospital Municipal \u2018Dr. Alberto Castro\u2019 de Tornquist.<!--more--><a title=\"Inauguracion UTI (5)\" href=\"http:\/\/live.staticflickr.com\/65535\/51102002175_1925d4b517_s.jpg\" rel=\"\"><img loading=\"lazy\" decoding=\"async\" class=\"aligncenter\" title=\"Inauguracion UTI (5)\" src=\"http:\/\/live.staticflickr.com\/65535\/51102002175_1925d4b517_c.jpg\" alt=\"Inauguracion UTI (5)\" width=\"800\" height=\"533\" \/><\/a><\/p>\n<p>El nuevo sector, que marcar\u00e1 un antes y un despu\u00e9s en el servicio sanitario municipal, est\u00e1 equipado y preparado para recibir a todo paciente que necesite asistencia de complejidad, indispensable ante el actual contexto de pandemia.<\/p>\n<p>Se encuentra en el \u00e1rea de emergencias del nosocomio y cuenta con cinco camas para cuidados cr\u00edticos, equipadas cada una con respiradores y monitores multiparam\u00e9tricos; y en el lugar se desempe\u00f1ar\u00e1n ocho m\u00e9dicos intensivistas, seis enfermeras, dos mucamas y una kinesi\u00f3loga.<\/p>\n<p><a title=\"Inauguracion UTI (5)\" href=\"http:\/\/live.staticflickr.com\/65535\/51102002190_cffc7d12e1_s.jpg\" rel=\"\"><img loading=\"lazy\" decoding=\"async\" class=\"aligncenter\" title=\"Inauguracion UTI (5)\" src=\"http:\/\/live.staticflickr.com\/65535\/51102002190_cffc7d12e1_c.jpg\" alt=\"Inauguracion UTI (5)\" width=\"800\" height=\"533\" \/><\/a><\/p>\n<p>En el acto de inauguraci\u00f3n estuvieron presentes el intendente municipal, Sergio Bordoni; el Secretario de Salud, Dr. Daniel Barca; el director de Regi\u00f3n Sanitaria I, Laureano Alimenti; y el Director M\u00e9dico, Dr. Diego Herrera.<\/p>\n<p>\u201cEs un enorme orgullo tener una terapia intensiva en nuestro distrito. Quiero agradecer a todos, porque sin el apoyo de las personas que est\u00e1n trabajando desde que empez\u00f3 la pandemia, ser\u00eda imposible llevar a cabo este tipo de cosas\u201d, manifest\u00f3 Bordoni.<\/p>\n<p>Asimismo, agradeci\u00f3 el aporte de privados para la compra de equipamiento como as\u00ed tambi\u00e9n el acompa\u00f1amiento del Ministerio de Salud de la Provincia de Buenos Aires, a trav\u00e9s de Regi\u00f3n Sanitaria.<\/p>\n<p><a title=\"Inauguracion UTI (2)\" href=\"http:\/\/live.staticflickr.com\/65535\/51101280954_81d6049ef5_s.jpg\" rel=\"\"><img loading=\"lazy\" decoding=\"async\" class=\"aligncenter\" title=\"Inauguracion UTI (2)\" src=\"http:\/\/live.staticflickr.com\/65535\/51101280954_81d6049ef5_c.jpg\" alt=\"Inauguracion UTI (2)\" width=\"800\" height=\"533\" \/><\/a><\/p>\n<p>\u201cAc\u00e1 vamos a hacer una importante inversi\u00f3n en m\u00e9dicos y profesionales para que la UTI funcione\u201d, a\u00f1adi\u00f3 y anunci\u00f3 que horas pasadas \u201ccerramos la compra de una planta de ox\u00edgeno\u201d.\u00a0 \u201cSeguimos haciendo muchas cosas para nuestro distrito y vamos a continuar trabajando para el bienestar de toda la poblaci\u00f3n\u201d.<\/p>\n<p>\u201cEs un sue\u00f1o cumplido \u2013dijo a su turno Barca-. Es parte del esfuerzo mancomunado entre el Ejecutivo, Regi\u00f3n Sanitaria I, el apoyo y las donaciones. Esta \u00e1rea de complejidad nos permite dar un sost\u00e9n a la poblaci\u00f3n ante esta ola que se avecina. Ojal\u00e1 no tengamos que usarla, pero quer\u00edamos estar a la altura de la circunstancia y con esta unidad vamos a poder dar un servicio acorde a la situaci\u00f3n\u201d.<\/p>\n<p><a title=\"Inauguracion UTI\" href=\"http:\/\/live.staticflickr.com\/65535\/51101744298_ed962cfb89_s.jpg\" rel=\"\"><img loading=\"lazy\" decoding=\"async\" class=\"aligncenter\" title=\"Inauguracion UTI\" src=\"http:\/\/live.staticflickr.com\/65535\/51101744298_ed962cfb89_c.jpg\" alt=\"Inauguracion UTI\" width=\"800\" height=\"533\" \/><\/a><\/p>\n<p>Por su parte, Alimenti expres\u00f3: \u201cfelicitaciones al intendente, a la Secretar\u00eda de Salud, a toda la comunidad y a la regi\u00f3n; la UTI se suma al sistema integrado y solidario de Regi\u00f3n Sanitaria I con la cual nosotros vamos a seguir circulando personal e informaci\u00f3n. Vamos a estar a disposici\u00f3n para que esta unidad se sostenga en el tiempo\u201d.<\/p>\n<p>De la jornada tambi\u00e9n fueron parte el Secretario de Gobierno y Seguridad, Ezequiel Gabella; la Secretaria de Hacienda, Estefan\u00eda Bordoni; el Secretario de Desarrollo, Dr. Gonzalo Iparraguirre; el Subsecretario Administrativo de Salud, Mariano Balbiano; el Director de Juventud, G\u00e9nero y Diversidad Sexual, Bruno Zacconi; concejales y personal del hospital, entre otros.<\/p>\n<p><a title=\"Inauguracion UTI (7)\" href=\"http:\/\/live.staticflickr.com\/65535\/51102002115_56ae5ddbd6_s.jpg\" rel=\"\"><img loading=\"lazy\" decoding=\"async\" class=\"aligncenter\" title=\"Inauguracion UTI (7)\" src=\"http:\/\/live.staticflickr.com\/65535\/51102002115_56ae5ddbd6_c.jpg\" alt=\"Inauguracion UTI (7)\" width=\"800\" height=\"533\" \/><\/a><\/p>\n<p><a title=\"Inauguracion UTI (6)\" href=\"http:\/\/live.staticflickr.com\/65535\/51101198411_108a20165c_s.jpg\" rel=\"\"><img loading=\"lazy\" decoding=\"async\" class=\"aligncenter\" title=\"Inauguracion UTI (6)\" src=\"http:\/\/live.staticflickr.com\/65535\/51101198411_108a20165c_c.jpg\" alt=\"Inauguracion UTI (6)\" width=\"800\" height=\"533\" \/><\/a><\/p>\n<p><a title=\"Inauguracion UTI (4)\" href=\"http:\/\/live.staticflickr.com\/65535\/51102002255_c6444dbb9f_s.jpg\" rel=\"\"><img loading=\"lazy\" decoding=\"async\" class=\"aligncenter\" title=\"Inauguracion UTI (4)\" src=\"http:\/\/live.staticflickr.com\/65535\/51102002255_c6444dbb9f_c.jpg\" alt=\"Inauguracion UTI (4)\" width=\"800\" height=\"533\" \/><\/a><\/p>\n<p><a title=\"Inauguracion UTI (2)\" href=\"http:\/\/live.staticflickr.com\/65535\/51101744618_e77cb4b150_s.jpg\" rel=\"\"><img loading=\"lazy\" decoding=\"async\" class=\"aligncenter\" title=\"Inauguracion UTI (2)\" src=\"http:\/\/live.staticflickr.com\/65535\/51101744618_e77cb4b150_c.jpg\" alt=\"Inauguracion UTI (2)\" width=\"800\" height=\"533\" \/><\/a><\/p>\n<p><a title=\"Inauguracion UTI (1)\" href=\"http:\/\/live.staticflickr.com\/65535\/51101281029_7afd4d487b_s.jpg\" rel=\"\"><img loading=\"lazy\" decoding=\"async\" class=\"aligncenter\" title=\"Inauguracion UTI (1)\" src=\"http:\/\/live.staticflickr.com\/65535\/51101281029_7afd4d487b_c.jpg\" alt=\"Inauguracion UTI (1)\" width=\"800\" height=\"533\" \/><\/a><\/p>\n","protected":false},"excerpt":{"rendered":"<p>Este mi\u00e9rcoles qued\u00f3 inaugurada la Unidad de Terapia Intensiva (UTI) del Hospital Municipal \u2018Dr. Alberto Castro\u2019 de Tornquist.<\/p>\n","protected":false},"author":3,"featured_media":0,"comment_status":"closed","ping_status":"open","sticky":false,"template":"","format":"standard","meta":{"footnotes":""},"categories":[28,30],"tags":[],"class_list":["post-55030","post","type-post","status-publish","format-standard","hentry","category-municipales","category-salud"],"yoast_head":"<!-- This site is optimized with the Yoast SEO plugin v25.9 - https:\/\/yoast.com\/wordpress\/plugins\/seo\/ -->\n<title>La Unidad de Terapia Intensiva ya es una realidad en el Hospital Municipal - Noticias Radio Reflejos<\/title>\n<meta name=\"robots\" content=\"index, follow, max-snippet:-1, max-image-preview:large, max-video-preview:-1\" \/>\n<link rel=\"canonical\" href=\"https:\/\/www.noticiasradioreflejos.com.ar\/2021\/la-unidad-de-terapia-intensiva-ya-es-una-realidad-en-el-hospital-municipal\/\" \/>\n<meta property=\"og:locale\" content=\"es_ES\" \/>\n<meta property=\"og:type\" content=\"article\" \/>\n<meta property=\"og:title\" content=\"La Unidad de Terapia Intensiva ya es una realidad en el Hospital Municipal - Noticias Radio Reflejos\" \/>\n<meta property=\"og:description\" content=\"Este mi\u00e9rcoles qued\u00f3 inaugurada la Unidad de Terapia Intensiva (UTI) del Hospital Municipal \u2018Dr. Alberto Castro\u2019 de Tornquist.\" \/>\n<meta property=\"og:url\" content=\"https:\/\/www.noticiasradioreflejos.com.ar\/2021\/la-unidad-de-terapia-intensiva-ya-es-una-realidad-en-el-hospital-municipal\/\" \/>\n<meta property=\"og:site_name\" content=\"Noticias Radio Reflejos\" \/>\n<meta property=\"article:published_time\" content=\"2021-04-07T17:47:21+00:00\" \/>\n<meta property=\"og:image\" content=\"http:\/\/live.staticflickr.com\/65535\/51102002175_1925d4b517_c.jpg\" \/>\n<meta name=\"author\" content=\"Arnaldo Botto\" \/>\n<meta name=\"twitter:card\" content=\"summary_large_image\" \/>\n<script type=\"application\/ld+json\" class=\"yoast-schema-graph\">{\"@context\":\"https:\/\/schema.org\",\"@graph\":[{\"@type\":\"WebPage\",\"@id\":\"https:\/\/www.noticiasradioreflejos.com.ar\/2021\/la-unidad-de-terapia-intensiva-ya-es-una-realidad-en-el-hospital-municipal\/\",\"url\":\"https:\/\/www.noticiasradioreflejos.com.ar\/2021\/la-unidad-de-terapia-intensiva-ya-es-una-realidad-en-el-hospital-municipal\/\",\"name\":\"La Unidad de Terapia Intensiva ya es una realidad en el Hospital Municipal - Noticias Radio Reflejos\",\"isPartOf\":{\"@id\":\"https:\/\/www.noticiasradioreflejos.com.ar\/2021\/#website\"},\"primaryImageOfPage\":{\"@id\":\"https:\/\/www.noticiasradioreflejos.com.ar\/2021\/la-unidad-de-terapia-intensiva-ya-es-una-realidad-en-el-hospital-municipal\/#primaryimage\"},\"image\":{\"@id\":\"https:\/\/www.noticiasradioreflejos.com.ar\/2021\/la-unidad-de-terapia-intensiva-ya-es-una-realidad-en-el-hospital-municipal\/#primaryimage\"},\"thumbnailUrl\":\"http:\/\/live.staticflickr.com\/65535\/51102002175_1925d4b517_c.jpg\",\"datePublished\":\"2021-04-07T17:47:21+00:00\",\"author\":{\"@id\":\"https:\/\/www.noticiasradioreflejos.com.ar\/2021\/#\/schema\/person\/ad82545263dcc5ec0996818884fd5fb1\"},\"breadcrumb\":{\"@id\":\"https:\/\/www.noticiasradioreflejos.com.ar\/2021\/la-unidad-de-terapia-intensiva-ya-es-una-realidad-en-el-hospital-municipal\/#breadcrumb\"},\"inLanguage\":\"es\",\"potentialAction\":[{\"@type\":\"ReadAction\",\"target\":[\"https:\/\/www.noticiasradioreflejos.com.ar\/2021\/la-unidad-de-terapia-intensiva-ya-es-una-realidad-en-el-hospital-municipal\/\"]}]},{\"@type\":\"ImageObject\",\"inLanguage\":\"es\",\"@id\":\"https:\/\/www.noticiasradioreflejos.com.ar\/2021\/la-unidad-de-terapia-intensiva-ya-es-una-realidad-en-el-hospital-municipal\/#primaryimage\",\"url\":\"http:\/\/live.staticflickr.com\/65535\/51102002175_1925d4b517_c.jpg\",\"contentUrl\":\"http:\/\/live.staticflickr.com\/65535\/51102002175_1925d4b517_c.jpg\"},{\"@type\":\"BreadcrumbList\",\"@id\":\"https:\/\/www.noticiasradioreflejos.com.ar\/2021\/la-unidad-de-terapia-intensiva-ya-es-una-realidad-en-el-hospital-municipal\/#breadcrumb\",\"itemListElement\":[{\"@type\":\"ListItem\",\"position\":1,\"name\":\"Portada\",\"item\":\"https:\/\/www.noticiasradioreflejos.com.ar\/2021\/\"},{\"@type\":\"ListItem\",\"position\":2,\"name\":\"La Unidad de Terapia Intensiva ya es una realidad en el Hospital Municipal\"}]},{\"@type\":\"WebSite\",\"@id\":\"https:\/\/www.noticiasradioreflejos.com.ar\/2021\/#website\",\"url\":\"https:\/\/www.noticiasradioreflejos.com.ar\/2021\/\",\"name\":\"Noticias Radio Reflejos\",\"description\":\"Las noticias de mi comarca\",\"potentialAction\":[{\"@type\":\"SearchAction\",\"target\":{\"@type\":\"EntryPoint\",\"urlTemplate\":\"https:\/\/www.noticiasradioreflejos.com.ar\/2021\/?s={search_term_string}\"},\"query-input\":{\"@type\":\"PropertyValueSpecification\",\"valueRequired\":true,\"valueName\":\"search_term_string\"}}],\"inLanguage\":\"es\"},{\"@type\":\"Person\",\"@id\":\"https:\/\/www.noticiasradioreflejos.com.ar\/2021\/#\/schema\/person\/ad82545263dcc5ec0996818884fd5fb1\",\"name\":\"Arnaldo Botto\",\"image\":{\"@type\":\"ImageObject\",\"inLanguage\":\"es\",\"@id\":\"https:\/\/www.noticiasradioreflejos.com.ar\/2021\/#\/schema\/person\/image\/\",\"url\":\"https:\/\/secure.gravatar.com\/avatar\/55cb5e37c1efa326397366e6974cb338056df65cb50e7d64d1cf314e87504837?s=96&d=mm&r=g\",\"contentUrl\":\"https:\/\/secure.gravatar.com\/avatar\/55cb5e37c1efa326397366e6974cb338056df65cb50e7d64d1cf314e87504837?s=96&d=mm&r=g\",\"caption\":\"Arnaldo Botto\"},\"url\":\"https:\/\/www.noticiasradioreflejos.com.ar\/2021\/author\/arnaldo\/\"}]}<\/script>\n<!-- \/ Yoast SEO plugin. -->","yoast_head_json":{"title":"La Unidad de Terapia Intensiva ya es una realidad en el Hospital Municipal - Noticias Radio Reflejos","robots":{"index":"index","follow":"follow","max-snippet":"max-snippet:-1","max-image-preview":"max-image-preview:large","max-video-preview":"max-video-preview:-1"},"canonical":"https:\/\/www.noticiasradioreflejos.com.ar\/2021\/la-unidad-de-terapia-intensiva-ya-es-una-realidad-en-el-hospital-municipal\/","og_locale":"es_ES","og_type":"article","og_title":"La Unidad de Terapia Intensiva ya es una realidad en el Hospital Municipal - Noticias Radio Reflejos","og_description":"Este mi\u00e9rcoles qued\u00f3 inaugurada la Unidad de Terapia Intensiva (UTI) del Hospital Municipal \u2018Dr. Alberto Castro\u2019 de Tornquist.","og_url":"https:\/\/www.noticiasradioreflejos.com.ar\/2021\/la-unidad-de-terapia-intensiva-ya-es-una-realidad-en-el-hospital-municipal\/","og_site_name":"Noticias Radio Reflejos","article_published_time":"2021-04-07T17:47:21+00:00","og_image":[{"url":"http:\/\/live.staticflickr.com\/65535\/51102002175_1925d4b517_c.jpg","type":"","width":"","height":""}],"author":"Arnaldo Botto","twitter_card":"summary_large_image","schema":{"@context":"https:\/\/schema.org","@graph":[{"@type":"WebPage","@id":"https:\/\/www.noticiasradioreflejos.com.ar\/2021\/la-unidad-de-terapia-intensiva-ya-es-una-realidad-en-el-hospital-municipal\/","url":"https:\/\/www.noticiasradioreflejos.com.ar\/2021\/la-unidad-de-terapia-intensiva-ya-es-una-realidad-en-el-hospital-municipal\/","name":"La Unidad de Terapia Intensiva ya es una realidad en el Hospital Municipal - Noticias Radio Reflejos","isPartOf":{"@id":"https:\/\/www.noticiasradioreflejos.com.ar\/2021\/#website"},"primaryImageOfPage":{"@id":"https:\/\/www.noticiasradioreflejos.com.ar\/2021\/la-unidad-de-terapia-intensiva-ya-es-una-realidad-en-el-hospital-municipal\/#primaryimage"},"image":{"@id":"https:\/\/www.noticiasradioreflejos.com.ar\/2021\/la-unidad-de-terapia-intensiva-ya-es-una-realidad-en-el-hospital-municipal\/#primaryimage"},"thumbnailUrl":"http:\/\/live.staticflickr.com\/65535\/51102002175_1925d4b517_c.jpg","datePublished":"2021-04-07T17:47:21+00:00","author":{"@id":"https:\/\/www.noticiasradioreflejos.com.ar\/2021\/#\/schema\/person\/ad82545263dcc5ec0996818884fd5fb1"},"breadcrumb":{"@id":"https:\/\/www.noticiasradioreflejos.com.ar\/2021\/la-unidad-de-terapia-intensiva-ya-es-una-realidad-en-el-hospital-municipal\/#breadcrumb"},"inLanguage":"es","potentialAction":[{"@type":"ReadAction","target":["https:\/\/www.noticiasradioreflejos.com.ar\/2021\/la-unidad-de-terapia-intensiva-ya-es-una-realidad-en-el-hospital-municipal\/"]}]},{"@type":"ImageObject","inLanguage":"es","@id":"https:\/\/www.noticiasradioreflejos.com.ar\/2021\/la-unidad-de-terapia-intensiva-ya-es-una-realidad-en-el-hospital-municipal\/#primaryimage","url":"http:\/\/live.staticflickr.com\/65535\/51102002175_1925d4b517_c.jpg","contentUrl":"http:\/\/live.staticflickr.com\/65535\/51102002175_1925d4b517_c.jpg"},{"@type":"BreadcrumbList","@id":"https:\/\/www.noticiasradioreflejos.com.ar\/2021\/la-unidad-de-terapia-intensiva-ya-es-una-realidad-en-el-hospital-municipal\/#breadcrumb","itemListElement":[{"@type":"ListItem","position":1,"name":"Portada","item":"https:\/\/www.noticiasradioreflejos.com.ar\/2021\/"},{"@type":"ListItem","position":2,"name":"La Unidad de Terapia Intensiva ya es una realidad en el Hospital Municipal"}]},{"@type":"WebSite","@id":"https:\/\/www.noticiasradioreflejos.com.ar\/2021\/#website","url":"https:\/\/www.noticiasradioreflejos.com.ar\/2021\/","name":"Noticias Radio Reflejos","description":"Las noticias de mi comarca","potentialAction":[{"@type":"SearchAction","target":{"@type":"EntryPoint","urlTemplate":"https:\/\/www.noticiasradioreflejos.com.ar\/2021\/?s={search_term_string}"},"query-input":{"@type":"PropertyValueSpecification","valueRequired":true,"valueName":"search_term_string"}}],"inLanguage":"es"},{"@type":"Person","@id":"https:\/\/www.noticiasradioreflejos.com.ar\/2021\/#\/schema\/person\/ad82545263dcc5ec0996818884fd5fb1","name":"Arnaldo Botto","image":{"@type":"ImageObject","inLanguage":"es","@id":"https:\/\/www.noticiasradioreflejos.com.ar\/2021\/#\/schema\/person\/image\/","url":"https:\/\/secure.gravatar.com\/avatar\/55cb5e37c1efa326397366e6974cb338056df65cb50e7d64d1cf314e87504837?s=96&d=mm&r=g","contentUrl":"https:\/\/secure.gravatar.com\/avatar\/55cb5e37c1efa326397366e6974cb338056df65cb50e7d64d1cf314e87504837?s=96&d=mm&r=g","caption":"Arnaldo Botto"},"url":"https:\/\/www.noticiasradioreflejos.com.ar\/2021\/author\/arnaldo\/"}]}},"_links":{"self":[{"href":"https:\/\/www.noticiasradioreflejos.com.ar\/2021\/wp-json\/wp\/v2\/posts\/55030","targetHints":{"allow":["GET"]}}],"collection":[{"href":"https:\/\/www.noticiasradioreflejos.com.ar\/2021\/wp-json\/wp\/v2\/posts"}],"about":[{"href":"https:\/\/www.noticiasradioreflejos.com.ar\/2021\/wp-json\/wp\/v2\/types\/post"}],"author":[{"embeddable":true,"href":"https:\/\/www.noticiasradioreflejos.com.ar\/2021\/wp-json\/wp\/v2\/users\/3"}],"replies":[{"embeddable":true,"href":"https:\/\/www.noticiasradioreflejos.com.ar\/2021\/wp-json\/wp\/v2\/comments?post=55030"}],"version-history":[{"count":0,"href":"https:\/\/www.noticiasradioreflejos.com.ar\/2021\/wp-json\/wp\/v2\/posts\/55030\/revisions"}],"wp:attachment":[{"href":"https:\/\/www.noticiasradioreflejos.com.ar\/2021\/wp-json\/wp\/v2\/media?parent=55030"}],"wp:term":[{"taxonomy":"category","embeddable":true,"href":"https:\/\/www.noticiasradioreflejos.com.ar\/2021\/wp-json\/wp\/v2\/categories?post=55030"},{"taxonomy":"post_tag","embeddable":true,"href":"https:\/\/www.noticiasradioreflejos.com.ar\/2021\/wp-json\/wp\/v2\/tags?post=55030"}],"curies":[{"name":"wp","href":"https:\/\/api.w.org\/{rel}","templated":true}]}}