{"id":55027,"date":"2021-04-07T14:37:29","date_gmt":"2021-04-07T17:37:29","guid":{"rendered":"http:\/\/www.noticiasradioreflejos.com.ar\/noticias\/?p=55027"},"modified":"2021-04-07T14:37:29","modified_gmt":"2021-04-07T17:37:29","slug":"juanito-salazar-de-automoto-a-argentinos-juniors","status":"publish","type":"post","link":"https:\/\/www.noticiasradioreflejos.com.ar\/2021\/juanito-salazar-de-automoto-a-argentinos-juniors\/","title":{"rendered":"\u201cJuanito\u201d Salazar, de Automoto a Argentinos Juniors"},"content":{"rendered":"<p>El coordinador de las divisiones inferiores de Automoto y director t\u00e9cnico de Reserva, Quinta y Sexta, Juan Salazar, est\u00e1 viviendo por estas horas una experiencia por dem\u00e1s importante desde el punto de vista profesional: se encuentra observando los entrenamientos del f\u00fatbol formativo de Argentinos Juniors.<!--more--><\/p>\n<p>La invitaci\u00f3n elevada a la instituci\u00f3n azulgrana por Marcelo Katz, representante en nuestra zona del Departamento de Captaci\u00f3n del \u201cBicho\u201d, permiti\u00f3 que \u201cJuanito\u201d acceda a una capacitaci\u00f3n basada en el seguimiento de las distintas pr\u00e1cticas semanales y charlas con los responsables de las categor\u00edas.<\/p>\n<p><a title=\"004\" href=\"http:\/\/live.staticflickr.com\/65535\/51101732453_26ca4222bd_s.jpg\" rel=\"\"><img loading=\"lazy\" decoding=\"async\" class=\"aligncenter\" title=\"004\" src=\"http:\/\/live.staticflickr.com\/65535\/51101732453_26ca4222bd_z.jpg\" alt=\"004\" width=\"640\" height=\"481\" \/><\/a><\/p>\n<p>\u201cQue nos abran las puertas de esta manera es muy positivo para nosotros\u201d, se\u00f1al\u00f3 Salazar, quien lleg\u00f3 el martes a la Ciudad Aut\u00f3noma de Buenos Aires y permanecer\u00e1 hasta el pr\u00f3ximo viernes.<\/p>\n<p>\u201cTienen una forma muy ordenada de llevar adelante los entrenamientos, con un importante cronograma de trabajo. Desarrollan distintos circuitos y siempre buscan velocidad en el juego y presi\u00f3n inmediata\u201d, coment\u00f3.<\/p>\n<p>Argentinos Juniors cuenta con un predio en cercan\u00edas de la Autopista Dellepiane, en el barrio capitalino de Flores.<\/p>\n<p>\u201cTienen entre 30 y 35 jugadores por categor\u00eda. El predio cuenta con 9 canchas, dos de ellas de piso sint\u00e9tico, una de arena y otras dos de tierra. Incluso, est\u00e1n armando alguna m\u00e1s. El lugar es realmente muy bueno\u201d, cont\u00f3.<\/p>\n<p><a title=\"006\" href=\"http:\/\/live.staticflickr.com\/65535\/51101732438_d96ea3efa9_s.jpg\" rel=\"\"><img loading=\"lazy\" decoding=\"async\" class=\"aligncenter\" title=\"006\" src=\"http:\/\/live.staticflickr.com\/65535\/51101732438_d96ea3efa9_z.jpg\" alt=\"006\" width=\"480\" height=\"640\" \/><\/a><\/p>\n<p>Esta experiencia que hoy est\u00e1 viviendo \u201cJuanito\u201d Salazar tiene como sustento el proyecto de divisiones formativas iniciado por Automoto hace algunos a\u00f1os y que busca continuidad a futuro. La idea de la dirigencia es afianzando ese proyecto, que tiene como principal objetivo apostar a la formaci\u00f3n de j\u00f3venes tanto en el aspecto deportivo como social.<\/p>\n<p>Sin dudas, esta capacitaci\u00f3n es una posibilidad muy trascendente para la instituci\u00f3n, debido a que no s\u00f3lo permitir\u00e1 un crecimiento profesional del DT, sino tambi\u00e9n de toda la estructura futbol\u00edstica.<\/p>\n<p><a title=\"009\" href=\"http:\/\/live.staticflickr.com\/65535\/51101268829_5a4c236dea_s.jpg\" rel=\"\"><img loading=\"lazy\" decoding=\"async\" class=\"aligncenter\" title=\"009\" src=\"http:\/\/live.staticflickr.com\/65535\/51101268829_5a4c236dea_z.jpg\" alt=\"009\" width=\"480\" height=\"640\" \/><\/a><\/p>\n<p>&nbsp;<\/p>\n<p>Departamento de Prensa \u2013 Automoto Club Deportivo<\/p>\n<p>www.clubautomotopasion.com.ar<\/p>\n<p>Facebook: \/automototornquist<\/p>\n<p>Twitter: @ClubAutomoto<\/p>\n<p>YouTube: acdtvideos<\/p>\n","protected":false},"excerpt":{"rendered":"<p>El coordinador de las divisiones inferiores de Automoto y director t\u00e9cnico de Reserva, Quinta y Sexta, Juan Salazar, est\u00e1 viviendo por estas horas una experiencia por dem\u00e1s importante desde el punto de vista profesional: se encuentra observando los entrenamientos del f\u00fatbol formativo de Argentinos Juniors.<\/p>\n","protected":false},"author":3,"featured_media":0,"comment_status":"closed","ping_status":"open","sticky":false,"template":"","format":"standard","meta":{"footnotes":""},"categories":[27],"tags":[],"class_list":["post-55027","post","type-post","status-publish","format-standard","hentry","category-deportes"],"yoast_head":"<!-- This site is optimized with the Yoast SEO plugin v25.9 - https:\/\/yoast.com\/wordpress\/plugins\/seo\/ -->\n<title>\u201cJuanito\u201d Salazar, de Automoto a Argentinos Juniors - Noticias Radio Reflejos<\/title>\n<meta name=\"robots\" content=\"index, follow, max-snippet:-1, max-image-preview:large, max-video-preview:-1\" \/>\n<link rel=\"canonical\" href=\"https:\/\/www.noticiasradioreflejos.com.ar\/2021\/juanito-salazar-de-automoto-a-argentinos-juniors\/\" \/>\n<meta property=\"og:locale\" content=\"es_ES\" \/>\n<meta property=\"og:type\" content=\"article\" \/>\n<meta property=\"og:title\" content=\"\u201cJuanito\u201d Salazar, de Automoto a Argentinos Juniors - Noticias Radio Reflejos\" \/>\n<meta property=\"og:description\" content=\"El coordinador de las divisiones inferiores de Automoto y director t\u00e9cnico de Reserva, Quinta y Sexta, Juan Salazar, est\u00e1 viviendo por estas horas una experiencia por dem\u00e1s importante desde el punto de vista profesional: se encuentra observando los entrenamientos del f\u00fatbol formativo de Argentinos Juniors.\" \/>\n<meta property=\"og:url\" content=\"https:\/\/www.noticiasradioreflejos.com.ar\/2021\/juanito-salazar-de-automoto-a-argentinos-juniors\/\" \/>\n<meta property=\"og:site_name\" content=\"Noticias Radio Reflejos\" \/>\n<meta property=\"article:published_time\" content=\"2021-04-07T17:37:29+00:00\" \/>\n<meta property=\"og:image\" content=\"http:\/\/live.staticflickr.com\/65535\/51101732453_26ca4222bd_z.jpg\" \/>\n<meta name=\"author\" content=\"Arnaldo Botto\" \/>\n<meta name=\"twitter:card\" content=\"summary_large_image\" \/>\n<script type=\"application\/ld+json\" class=\"yoast-schema-graph\">{\"@context\":\"https:\/\/schema.org\",\"@graph\":[{\"@type\":\"WebPage\",\"@id\":\"https:\/\/www.noticiasradioreflejos.com.ar\/2021\/juanito-salazar-de-automoto-a-argentinos-juniors\/\",\"url\":\"https:\/\/www.noticiasradioreflejos.com.ar\/2021\/juanito-salazar-de-automoto-a-argentinos-juniors\/\",\"name\":\"\u201cJuanito\u201d Salazar, de Automoto a Argentinos Juniors - Noticias Radio Reflejos\",\"isPartOf\":{\"@id\":\"https:\/\/www.noticiasradioreflejos.com.ar\/2021\/#website\"},\"primaryImageOfPage\":{\"@id\":\"https:\/\/www.noticiasradioreflejos.com.ar\/2021\/juanito-salazar-de-automoto-a-argentinos-juniors\/#primaryimage\"},\"image\":{\"@id\":\"https:\/\/www.noticiasradioreflejos.com.ar\/2021\/juanito-salazar-de-automoto-a-argentinos-juniors\/#primaryimage\"},\"thumbnailUrl\":\"http:\/\/live.staticflickr.com\/65535\/51101732453_26ca4222bd_z.jpg\",\"datePublished\":\"2021-04-07T17:37:29+00:00\",\"author\":{\"@id\":\"https:\/\/www.noticiasradioreflejos.com.ar\/2021\/#\/schema\/person\/ad82545263dcc5ec0996818884fd5fb1\"},\"breadcrumb\":{\"@id\":\"https:\/\/www.noticiasradioreflejos.com.ar\/2021\/juanito-salazar-de-automoto-a-argentinos-juniors\/#breadcrumb\"},\"inLanguage\":\"es\",\"potentialAction\":[{\"@type\":\"ReadAction\",\"target\":[\"https:\/\/www.noticiasradioreflejos.com.ar\/2021\/juanito-salazar-de-automoto-a-argentinos-juniors\/\"]}]},{\"@type\":\"ImageObject\",\"inLanguage\":\"es\",\"@id\":\"https:\/\/www.noticiasradioreflejos.com.ar\/2021\/juanito-salazar-de-automoto-a-argentinos-juniors\/#primaryimage\",\"url\":\"http:\/\/live.staticflickr.com\/65535\/51101732453_26ca4222bd_z.jpg\",\"contentUrl\":\"http:\/\/live.staticflickr.com\/65535\/51101732453_26ca4222bd_z.jpg\"},{\"@type\":\"BreadcrumbList\",\"@id\":\"https:\/\/www.noticiasradioreflejos.com.ar\/2021\/juanito-salazar-de-automoto-a-argentinos-juniors\/#breadcrumb\",\"itemListElement\":[{\"@type\":\"ListItem\",\"position\":1,\"name\":\"Portada\",\"item\":\"https:\/\/www.noticiasradioreflejos.com.ar\/2021\/\"},{\"@type\":\"ListItem\",\"position\":2,\"name\":\"\u201cJuanito\u201d Salazar, de Automoto a Argentinos Juniors\"}]},{\"@type\":\"WebSite\",\"@id\":\"https:\/\/www.noticiasradioreflejos.com.ar\/2021\/#website\",\"url\":\"https:\/\/www.noticiasradioreflejos.com.ar\/2021\/\",\"name\":\"Noticias Radio Reflejos\",\"description\":\"Las noticias de mi comarca\",\"potentialAction\":[{\"@type\":\"SearchAction\",\"target\":{\"@type\":\"EntryPoint\",\"urlTemplate\":\"https:\/\/www.noticiasradioreflejos.com.ar\/2021\/?s={search_term_string}\"},\"query-input\":{\"@type\":\"PropertyValueSpecification\",\"valueRequired\":true,\"valueName\":\"search_term_string\"}}],\"inLanguage\":\"es\"},{\"@type\":\"Person\",\"@id\":\"https:\/\/www.noticiasradioreflejos.com.ar\/2021\/#\/schema\/person\/ad82545263dcc5ec0996818884fd5fb1\",\"name\":\"Arnaldo Botto\",\"image\":{\"@type\":\"ImageObject\",\"inLanguage\":\"es\",\"@id\":\"https:\/\/www.noticiasradioreflejos.com.ar\/2021\/#\/schema\/person\/image\/\",\"url\":\"https:\/\/secure.gravatar.com\/avatar\/55cb5e37c1efa326397366e6974cb338056df65cb50e7d64d1cf314e87504837?s=96&d=mm&r=g\",\"contentUrl\":\"https:\/\/secure.gravatar.com\/avatar\/55cb5e37c1efa326397366e6974cb338056df65cb50e7d64d1cf314e87504837?s=96&d=mm&r=g\",\"caption\":\"Arnaldo Botto\"},\"url\":\"https:\/\/www.noticiasradioreflejos.com.ar\/2021\/author\/arnaldo\/\"}]}<\/script>\n<!-- \/ Yoast SEO plugin. -->","yoast_head_json":{"title":"\u201cJuanito\u201d Salazar, de Automoto a Argentinos Juniors - Noticias Radio Reflejos","robots":{"index":"index","follow":"follow","max-snippet":"max-snippet:-1","max-image-preview":"max-image-preview:large","max-video-preview":"max-video-preview:-1"},"canonical":"https:\/\/www.noticiasradioreflejos.com.ar\/2021\/juanito-salazar-de-automoto-a-argentinos-juniors\/","og_locale":"es_ES","og_type":"article","og_title":"\u201cJuanito\u201d Salazar, de Automoto a Argentinos Juniors - Noticias Radio Reflejos","og_description":"El coordinador de las divisiones inferiores de Automoto y director t\u00e9cnico de Reserva, Quinta y Sexta, Juan Salazar, est\u00e1 viviendo por estas horas una experiencia por dem\u00e1s importante desde el punto de vista profesional: se encuentra observando los entrenamientos del f\u00fatbol formativo de Argentinos Juniors.","og_url":"https:\/\/www.noticiasradioreflejos.com.ar\/2021\/juanito-salazar-de-automoto-a-argentinos-juniors\/","og_site_name":"Noticias Radio Reflejos","article_published_time":"2021-04-07T17:37:29+00:00","og_image":[{"url":"http:\/\/live.staticflickr.com\/65535\/51101732453_26ca4222bd_z.jpg","type":"","width":"","height":""}],"author":"Arnaldo Botto","twitter_card":"summary_large_image","schema":{"@context":"https:\/\/schema.org","@graph":[{"@type":"WebPage","@id":"https:\/\/www.noticiasradioreflejos.com.ar\/2021\/juanito-salazar-de-automoto-a-argentinos-juniors\/","url":"https:\/\/www.noticiasradioreflejos.com.ar\/2021\/juanito-salazar-de-automoto-a-argentinos-juniors\/","name":"\u201cJuanito\u201d Salazar, de Automoto a Argentinos Juniors - Noticias Radio Reflejos","isPartOf":{"@id":"https:\/\/www.noticiasradioreflejos.com.ar\/2021\/#website"},"primaryImageOfPage":{"@id":"https:\/\/www.noticiasradioreflejos.com.ar\/2021\/juanito-salazar-de-automoto-a-argentinos-juniors\/#primaryimage"},"image":{"@id":"https:\/\/www.noticiasradioreflejos.com.ar\/2021\/juanito-salazar-de-automoto-a-argentinos-juniors\/#primaryimage"},"thumbnailUrl":"http:\/\/live.staticflickr.com\/65535\/51101732453_26ca4222bd_z.jpg","datePublished":"2021-04-07T17:37:29+00:00","author":{"@id":"https:\/\/www.noticiasradioreflejos.com.ar\/2021\/#\/schema\/person\/ad82545263dcc5ec0996818884fd5fb1"},"breadcrumb":{"@id":"https:\/\/www.noticiasradioreflejos.com.ar\/2021\/juanito-salazar-de-automoto-a-argentinos-juniors\/#breadcrumb"},"inLanguage":"es","potentialAction":[{"@type":"ReadAction","target":["https:\/\/www.noticiasradioreflejos.com.ar\/2021\/juanito-salazar-de-automoto-a-argentinos-juniors\/"]}]},{"@type":"ImageObject","inLanguage":"es","@id":"https:\/\/www.noticiasradioreflejos.com.ar\/2021\/juanito-salazar-de-automoto-a-argentinos-juniors\/#primaryimage","url":"http:\/\/live.staticflickr.com\/65535\/51101732453_26ca4222bd_z.jpg","contentUrl":"http:\/\/live.staticflickr.com\/65535\/51101732453_26ca4222bd_z.jpg"},{"@type":"BreadcrumbList","@id":"https:\/\/www.noticiasradioreflejos.com.ar\/2021\/juanito-salazar-de-automoto-a-argentinos-juniors\/#breadcrumb","itemListElement":[{"@type":"ListItem","position":1,"name":"Portada","item":"https:\/\/www.noticiasradioreflejos.com.ar\/2021\/"},{"@type":"ListItem","position":2,"name":"\u201cJuanito\u201d Salazar, de Automoto a Argentinos Juniors"}]},{"@type":"WebSite","@id":"https:\/\/www.noticiasradioreflejos.com.ar\/2021\/#website","url":"https:\/\/www.noticiasradioreflejos.com.ar\/2021\/","name":"Noticias Radio Reflejos","description":"Las noticias de mi comarca","potentialAction":[{"@type":"SearchAction","target":{"@type":"EntryPoint","urlTemplate":"https:\/\/www.noticiasradioreflejos.com.ar\/2021\/?s={search_term_string}"},"query-input":{"@type":"PropertyValueSpecification","valueRequired":true,"valueName":"search_term_string"}}],"inLanguage":"es"},{"@type":"Person","@id":"https:\/\/www.noticiasradioreflejos.com.ar\/2021\/#\/schema\/person\/ad82545263dcc5ec0996818884fd5fb1","name":"Arnaldo Botto","image":{"@type":"ImageObject","inLanguage":"es","@id":"https:\/\/www.noticiasradioreflejos.com.ar\/2021\/#\/schema\/person\/image\/","url":"https:\/\/secure.gravatar.com\/avatar\/55cb5e37c1efa326397366e6974cb338056df65cb50e7d64d1cf314e87504837?s=96&d=mm&r=g","contentUrl":"https:\/\/secure.gravatar.com\/avatar\/55cb5e37c1efa326397366e6974cb338056df65cb50e7d64d1cf314e87504837?s=96&d=mm&r=g","caption":"Arnaldo Botto"},"url":"https:\/\/www.noticiasradioreflejos.com.ar\/2021\/author\/arnaldo\/"}]}},"_links":{"self":[{"href":"https:\/\/www.noticiasradioreflejos.com.ar\/2021\/wp-json\/wp\/v2\/posts\/55027","targetHints":{"allow":["GET"]}}],"collection":[{"href":"https:\/\/www.noticiasradioreflejos.com.ar\/2021\/wp-json\/wp\/v2\/posts"}],"about":[{"href":"https:\/\/www.noticiasradioreflejos.com.ar\/2021\/wp-json\/wp\/v2\/types\/post"}],"author":[{"embeddable":true,"href":"https:\/\/www.noticiasradioreflejos.com.ar\/2021\/wp-json\/wp\/v2\/users\/3"}],"replies":[{"embeddable":true,"href":"https:\/\/www.noticiasradioreflejos.com.ar\/2021\/wp-json\/wp\/v2\/comments?post=55027"}],"version-history":[{"count":0,"href":"https:\/\/www.noticiasradioreflejos.com.ar\/2021\/wp-json\/wp\/v2\/posts\/55027\/revisions"}],"wp:attachment":[{"href":"https:\/\/www.noticiasradioreflejos.com.ar\/2021\/wp-json\/wp\/v2\/media?parent=55027"}],"wp:term":[{"taxonomy":"category","embeddable":true,"href":"https:\/\/www.noticiasradioreflejos.com.ar\/2021\/wp-json\/wp\/v2\/categories?post=55027"},{"taxonomy":"post_tag","embeddable":true,"href":"https:\/\/www.noticiasradioreflejos.com.ar\/2021\/wp-json\/wp\/v2\/tags?post=55027"}],"curies":[{"name":"wp","href":"https:\/\/api.w.org\/{rel}","templated":true}]}}