{"id":55012,"date":"2021-04-07T09:13:17","date_gmt":"2021-04-07T12:13:17","guid":{"rendered":"http:\/\/www.noticiasradioreflejos.com.ar\/noticias\/?p=55012"},"modified":"2021-04-07T09:13:17","modified_gmt":"2021-04-07T12:13:17","slug":"inauguracion-de-sala-de-terapia-intensiva-en-tornquist-es-un-paso-trascendental-sergio-bordoni","status":"publish","type":"post","link":"https:\/\/www.noticiasradioreflejos.com.ar\/2021\/inauguracion-de-sala-de-terapia-intensiva-en-tornquist-es-un-paso-trascendental-sergio-bordoni\/","title":{"rendered":"Inauguraci\u00f3n de sala de Terapia intensiva en Tornquist: \u201cEs un paso trascendental\u00bb &#8211; Sergio Bordoni"},"content":{"rendered":"<p>A partir de las 11 se llevar\u00e1 a cabo la inauguraci\u00f3n del \u00e1rea de Terapia Intensiva en el Hospital Municipal \u201cDr. Alberto T. Castro\u201d. El intendente del Partido de Tornquist, Sergio Bordoni, brind\u00f3 detalles y novedades a este medio sobre el acto de inauguraci\u00f3n. <!--more--><\/p>\n<p>Afirmando que se trata de \u201cun gran paso en materia de salud\u201d, Bordoni expresa que el \u00e1rea de Terapia Intensiva \u201ces un paso trascendental para esta pandemia que nuevamente nos est\u00e1 azotando\u201d. Lo cierto es que se tratar\u00edan de 5 camas y 4 terapistas en total.<\/p>\n<p>\u201cPudimos conseguir 4 terapistas, cosa dif\u00edcil porque no abundan, para el municipio representa un costo de 2 millones mensuales, pero la terapia tiene que funcionar s\u00ed o s\u00ed y los m\u00e9dicos tienen que estar\u201d, indic\u00f3.<\/p>\n<p>Y agreg\u00f3: \u201cEsperemos que nadie tenga que hacer uso del \u00e1rea de Terapia porque no es una linda experiencia, pero tener una unidad con 5 camas es mejor que tener que estar dependiendo de una derivaci\u00f3n, porque es algo que nos reclaman. Ahora las familias pueden esperar el parte en su localidad sin tener que esperarlo en otra ciudad\u201d.<\/p>\n<p>Entre otros anuncios, el Intendente destac\u00f3 el apoyo del vecino Horacio Granci de Sierra de la Ventana y oficializ\u00f3 la adquisici\u00f3n de una nueva planta de ox\u00edgeno, admitiendo que es \u201cporque le tenemos miedo a la pandemia\u201d. \u201cHemos pedido una nueva planta para tener una reserva\u201d<\/p>\n<p>Anhelando que el sistema sanitario \u201cno se sature\u201d, Bordoni resalta las palabras del Secretario de Salud, Daniel Barca respecto al ritmo de vacunaci\u00f3n: \u201cTenemos buen n\u00famero de vacunados y tienen que seguir llegando vacunas\u201d.<\/p>\n<p>El parte epidemiol\u00f3gico indica, al momento, que los n\u00fameros est\u00e1n bajando: \u201cExtraoficialmente puedo decir que la nueva estad\u00edstica indica 5 casos nuevos, contabilizando 22 infectados en total. Se est\u00e1n compensando los n\u00fameros\u201d, detall\u00f3.<\/p>\n<p>En cuanto a las restricciones, sostuvo que \u201cSe ir\u00e1 viendo en el d\u00eda a d\u00eda\u201d.<\/p>\n<p>\u201cIremos viendo a medida que transcurra la pandemia, por suerte contamos con el testeo. Esto es muy similar a la primera ola del 2020, cuando se baja alguna restricci\u00f3n de Provincia, nosotros en algunas cosas acced\u00edamos y otras las resolv\u00edamos entre nosotros. Nos preocupa la situaci\u00f3n econ\u00f3mica y psicol\u00f3gica de la gente luego de tanto confinamiento\u201d, finaliz\u00f3.<\/p>\n<p><iframe loading=\"lazy\" src=\"https:\/\/w.soundcloud.com\/player\/?url=https%3A\/\/api.soundcloud.com\/tracks\/1024333237&amp;color=%23ff5500&amp;auto_play=false&amp;hide_related=false&amp;show_comments=true&amp;show_user=true&amp;show_reposts=false&amp;show_teaser=true\" width=\"100%\" height=\"166\" frameborder=\"no\" scrolling=\"no\"><\/iframe><\/p>\n<div style=\"font-size: 10px; color: #cccccc; line-break: anywhere; word-break: normal; overflow: hidden; white-space: nowrap; text-overflow: ellipsis; font-family: Interstate,Lucida Grande,Lucida Sans Unicode,Lucida Sans,Garuda,Verdana,Tahoma,sans-serif; font-weight: 100;\"><a style=\"color: #cccccc; text-decoration: none;\" title=\"fmreflejos 103.7\" href=\"https:\/\/soundcloud.com\/fmreflejos-103-7\" target=\"_blank\" rel=\"noopener\">fmreflejos 103.7<\/a> \u00b7 <a style=\"color: #cccccc; text-decoration: none;\" title=\"Bordoni - Nota - Inauguracion - Terapia - Intensiva.mp3 Original\" href=\"https:\/\/soundcloud.com\/fmreflejos-103-7\/bordoni-nota-inauguracion-terapia-intensivamp3-original\" target=\"_blank\" rel=\"noopener\">Bordoni &#8211; Nota &#8211; Inauguracion &#8211; Terapia &#8211; Intensiva.mp3 Original<\/a><\/div>\n<\/div>\n","protected":false},"excerpt":{"rendered":"<p>A partir de las 11 se llevar\u00e1 a cabo la inauguraci\u00f3n del \u00e1rea de Terapia Intensiva en el Hospital Municipal \u201cDr. Alberto T. Castro\u201d. El intendente del Partido de Tornquist, Sergio Bordoni, brind\u00f3 detalles y novedades a este medio sobre el acto de inauguraci\u00f3n.<\/p>\n","protected":false},"author":3,"featured_media":0,"comment_status":"closed","ping_status":"open","sticky":false,"template":"","format":"standard","meta":{"footnotes":""},"categories":[30],"tags":[],"class_list":["post-55012","post","type-post","status-publish","format-standard","hentry","category-salud"],"yoast_head":"<!-- This site is optimized with the Yoast SEO plugin v25.9 - https:\/\/yoast.com\/wordpress\/plugins\/seo\/ -->\n<title>Inauguraci\u00f3n de sala de Terapia intensiva en Tornquist: \u201cEs un paso trascendental&quot; - Sergio Bordoni - Noticias Radio Reflejos<\/title>\n<meta name=\"robots\" content=\"index, follow, max-snippet:-1, max-image-preview:large, max-video-preview:-1\" \/>\n<link rel=\"canonical\" href=\"https:\/\/www.noticiasradioreflejos.com.ar\/2021\/inauguracion-de-sala-de-terapia-intensiva-en-tornquist-es-un-paso-trascendental-sergio-bordoni\/\" \/>\n<meta property=\"og:locale\" content=\"es_ES\" \/>\n<meta property=\"og:type\" content=\"article\" \/>\n<meta property=\"og:title\" content=\"Inauguraci\u00f3n de sala de Terapia intensiva en Tornquist: \u201cEs un paso trascendental&quot; - Sergio Bordoni - Noticias Radio Reflejos\" \/>\n<meta property=\"og:description\" content=\"A partir de las 11 se llevar\u00e1 a cabo la inauguraci\u00f3n del \u00e1rea de Terapia Intensiva en el Hospital Municipal \u201cDr. Alberto T. Castro\u201d. El intendente del Partido de Tornquist, Sergio Bordoni, brind\u00f3 detalles y novedades a este medio sobre el acto de inauguraci\u00f3n.\" \/>\n<meta property=\"og:url\" content=\"https:\/\/www.noticiasradioreflejos.com.ar\/2021\/inauguracion-de-sala-de-terapia-intensiva-en-tornquist-es-un-paso-trascendental-sergio-bordoni\/\" \/>\n<meta property=\"og:site_name\" content=\"Noticias Radio Reflejos\" \/>\n<meta property=\"article:published_time\" content=\"2021-04-07T12:13:17+00:00\" \/>\n<meta property=\"og:image\" content=\"https:\/\/www.noticiasradioreflejos.com.ar\/2021\/wp-content\/uploads\/2021\/07\/logosol300x200.png\" \/>\n\t<meta property=\"og:image:width\" content=\"300\" \/>\n\t<meta property=\"og:image:height\" content=\"200\" \/>\n\t<meta property=\"og:image:type\" content=\"image\/png\" \/>\n<meta name=\"author\" content=\"Arnaldo Botto\" \/>\n<meta name=\"twitter:card\" content=\"summary_large_image\" \/>\n<script type=\"application\/ld+json\" class=\"yoast-schema-graph\">{\"@context\":\"https:\/\/schema.org\",\"@graph\":[{\"@type\":\"WebPage\",\"@id\":\"https:\/\/www.noticiasradioreflejos.com.ar\/2021\/inauguracion-de-sala-de-terapia-intensiva-en-tornquist-es-un-paso-trascendental-sergio-bordoni\/\",\"url\":\"https:\/\/www.noticiasradioreflejos.com.ar\/2021\/inauguracion-de-sala-de-terapia-intensiva-en-tornquist-es-un-paso-trascendental-sergio-bordoni\/\",\"name\":\"Inauguraci\u00f3n de sala de Terapia intensiva en Tornquist: \u201cEs un paso trascendental\\\" - Sergio Bordoni - Noticias Radio Reflejos\",\"isPartOf\":{\"@id\":\"https:\/\/www.noticiasradioreflejos.com.ar\/2021\/#website\"},\"datePublished\":\"2021-04-07T12:13:17+00:00\",\"author\":{\"@id\":\"https:\/\/www.noticiasradioreflejos.com.ar\/2021\/#\/schema\/person\/ad82545263dcc5ec0996818884fd5fb1\"},\"breadcrumb\":{\"@id\":\"https:\/\/www.noticiasradioreflejos.com.ar\/2021\/inauguracion-de-sala-de-terapia-intensiva-en-tornquist-es-un-paso-trascendental-sergio-bordoni\/#breadcrumb\"},\"inLanguage\":\"es\",\"potentialAction\":[{\"@type\":\"ReadAction\",\"target\":[\"https:\/\/www.noticiasradioreflejos.com.ar\/2021\/inauguracion-de-sala-de-terapia-intensiva-en-tornquist-es-un-paso-trascendental-sergio-bordoni\/\"]}]},{\"@type\":\"BreadcrumbList\",\"@id\":\"https:\/\/www.noticiasradioreflejos.com.ar\/2021\/inauguracion-de-sala-de-terapia-intensiva-en-tornquist-es-un-paso-trascendental-sergio-bordoni\/#breadcrumb\",\"itemListElement\":[{\"@type\":\"ListItem\",\"position\":1,\"name\":\"Portada\",\"item\":\"https:\/\/www.noticiasradioreflejos.com.ar\/2021\/\"},{\"@type\":\"ListItem\",\"position\":2,\"name\":\"Inauguraci\u00f3n de sala de Terapia intensiva en Tornquist: \u201cEs un paso trascendental\u00bb &#8211; Sergio Bordoni\"}]},{\"@type\":\"WebSite\",\"@id\":\"https:\/\/www.noticiasradioreflejos.com.ar\/2021\/#website\",\"url\":\"https:\/\/www.noticiasradioreflejos.com.ar\/2021\/\",\"name\":\"Noticias Radio Reflejos\",\"description\":\"Las noticias de mi comarca\",\"potentialAction\":[{\"@type\":\"SearchAction\",\"target\":{\"@type\":\"EntryPoint\",\"urlTemplate\":\"https:\/\/www.noticiasradioreflejos.com.ar\/2021\/?s={search_term_string}\"},\"query-input\":{\"@type\":\"PropertyValueSpecification\",\"valueRequired\":true,\"valueName\":\"search_term_string\"}}],\"inLanguage\":\"es\"},{\"@type\":\"Person\",\"@id\":\"https:\/\/www.noticiasradioreflejos.com.ar\/2021\/#\/schema\/person\/ad82545263dcc5ec0996818884fd5fb1\",\"name\":\"Arnaldo Botto\",\"image\":{\"@type\":\"ImageObject\",\"inLanguage\":\"es\",\"@id\":\"https:\/\/www.noticiasradioreflejos.com.ar\/2021\/#\/schema\/person\/image\/\",\"url\":\"https:\/\/secure.gravatar.com\/avatar\/55cb5e37c1efa326397366e6974cb338056df65cb50e7d64d1cf314e87504837?s=96&d=mm&r=g\",\"contentUrl\":\"https:\/\/secure.gravatar.com\/avatar\/55cb5e37c1efa326397366e6974cb338056df65cb50e7d64d1cf314e87504837?s=96&d=mm&r=g\",\"caption\":\"Arnaldo Botto\"},\"url\":\"https:\/\/www.noticiasradioreflejos.com.ar\/2021\/author\/arnaldo\/\"}]}<\/script>\n<!-- \/ Yoast SEO plugin. -->","yoast_head_json":{"title":"Inauguraci\u00f3n de sala de Terapia intensiva en Tornquist: \u201cEs un paso trascendental\" - Sergio Bordoni - Noticias Radio Reflejos","robots":{"index":"index","follow":"follow","max-snippet":"max-snippet:-1","max-image-preview":"max-image-preview:large","max-video-preview":"max-video-preview:-1"},"canonical":"https:\/\/www.noticiasradioreflejos.com.ar\/2021\/inauguracion-de-sala-de-terapia-intensiva-en-tornquist-es-un-paso-trascendental-sergio-bordoni\/","og_locale":"es_ES","og_type":"article","og_title":"Inauguraci\u00f3n de sala de Terapia intensiva en Tornquist: \u201cEs un paso trascendental\" - Sergio Bordoni - Noticias Radio Reflejos","og_description":"A partir de las 11 se llevar\u00e1 a cabo la inauguraci\u00f3n del \u00e1rea de Terapia Intensiva en el Hospital Municipal \u201cDr. Alberto T. Castro\u201d. El intendente del Partido de Tornquist, Sergio Bordoni, brind\u00f3 detalles y novedades a este medio sobre el acto de inauguraci\u00f3n.","og_url":"https:\/\/www.noticiasradioreflejos.com.ar\/2021\/inauguracion-de-sala-de-terapia-intensiva-en-tornquist-es-un-paso-trascendental-sergio-bordoni\/","og_site_name":"Noticias Radio Reflejos","article_published_time":"2021-04-07T12:13:17+00:00","og_image":[{"width":300,"height":200,"url":"https:\/\/www.noticiasradioreflejos.com.ar\/2021\/wp-content\/uploads\/2021\/07\/logosol300x200.png","type":"image\/png"}],"author":"Arnaldo Botto","twitter_card":"summary_large_image","schema":{"@context":"https:\/\/schema.org","@graph":[{"@type":"WebPage","@id":"https:\/\/www.noticiasradioreflejos.com.ar\/2021\/inauguracion-de-sala-de-terapia-intensiva-en-tornquist-es-un-paso-trascendental-sergio-bordoni\/","url":"https:\/\/www.noticiasradioreflejos.com.ar\/2021\/inauguracion-de-sala-de-terapia-intensiva-en-tornquist-es-un-paso-trascendental-sergio-bordoni\/","name":"Inauguraci\u00f3n de sala de Terapia intensiva en Tornquist: \u201cEs un paso trascendental\" - Sergio Bordoni - Noticias Radio Reflejos","isPartOf":{"@id":"https:\/\/www.noticiasradioreflejos.com.ar\/2021\/#website"},"datePublished":"2021-04-07T12:13:17+00:00","author":{"@id":"https:\/\/www.noticiasradioreflejos.com.ar\/2021\/#\/schema\/person\/ad82545263dcc5ec0996818884fd5fb1"},"breadcrumb":{"@id":"https:\/\/www.noticiasradioreflejos.com.ar\/2021\/inauguracion-de-sala-de-terapia-intensiva-en-tornquist-es-un-paso-trascendental-sergio-bordoni\/#breadcrumb"},"inLanguage":"es","potentialAction":[{"@type":"ReadAction","target":["https:\/\/www.noticiasradioreflejos.com.ar\/2021\/inauguracion-de-sala-de-terapia-intensiva-en-tornquist-es-un-paso-trascendental-sergio-bordoni\/"]}]},{"@type":"BreadcrumbList","@id":"https:\/\/www.noticiasradioreflejos.com.ar\/2021\/inauguracion-de-sala-de-terapia-intensiva-en-tornquist-es-un-paso-trascendental-sergio-bordoni\/#breadcrumb","itemListElement":[{"@type":"ListItem","position":1,"name":"Portada","item":"https:\/\/www.noticiasradioreflejos.com.ar\/2021\/"},{"@type":"ListItem","position":2,"name":"Inauguraci\u00f3n de sala de Terapia intensiva en Tornquist: \u201cEs un paso trascendental\u00bb &#8211; Sergio Bordoni"}]},{"@type":"WebSite","@id":"https:\/\/www.noticiasradioreflejos.com.ar\/2021\/#website","url":"https:\/\/www.noticiasradioreflejos.com.ar\/2021\/","name":"Noticias Radio Reflejos","description":"Las noticias de mi comarca","potentialAction":[{"@type":"SearchAction","target":{"@type":"EntryPoint","urlTemplate":"https:\/\/www.noticiasradioreflejos.com.ar\/2021\/?s={search_term_string}"},"query-input":{"@type":"PropertyValueSpecification","valueRequired":true,"valueName":"search_term_string"}}],"inLanguage":"es"},{"@type":"Person","@id":"https:\/\/www.noticiasradioreflejos.com.ar\/2021\/#\/schema\/person\/ad82545263dcc5ec0996818884fd5fb1","name":"Arnaldo Botto","image":{"@type":"ImageObject","inLanguage":"es","@id":"https:\/\/www.noticiasradioreflejos.com.ar\/2021\/#\/schema\/person\/image\/","url":"https:\/\/secure.gravatar.com\/avatar\/55cb5e37c1efa326397366e6974cb338056df65cb50e7d64d1cf314e87504837?s=96&d=mm&r=g","contentUrl":"https:\/\/secure.gravatar.com\/avatar\/55cb5e37c1efa326397366e6974cb338056df65cb50e7d64d1cf314e87504837?s=96&d=mm&r=g","caption":"Arnaldo Botto"},"url":"https:\/\/www.noticiasradioreflejos.com.ar\/2021\/author\/arnaldo\/"}]}},"_links":{"self":[{"href":"https:\/\/www.noticiasradioreflejos.com.ar\/2021\/wp-json\/wp\/v2\/posts\/55012","targetHints":{"allow":["GET"]}}],"collection":[{"href":"https:\/\/www.noticiasradioreflejos.com.ar\/2021\/wp-json\/wp\/v2\/posts"}],"about":[{"href":"https:\/\/www.noticiasradioreflejos.com.ar\/2021\/wp-json\/wp\/v2\/types\/post"}],"author":[{"embeddable":true,"href":"https:\/\/www.noticiasradioreflejos.com.ar\/2021\/wp-json\/wp\/v2\/users\/3"}],"replies":[{"embeddable":true,"href":"https:\/\/www.noticiasradioreflejos.com.ar\/2021\/wp-json\/wp\/v2\/comments?post=55012"}],"version-history":[{"count":0,"href":"https:\/\/www.noticiasradioreflejos.com.ar\/2021\/wp-json\/wp\/v2\/posts\/55012\/revisions"}],"wp:attachment":[{"href":"https:\/\/www.noticiasradioreflejos.com.ar\/2021\/wp-json\/wp\/v2\/media?parent=55012"}],"wp:term":[{"taxonomy":"category","embeddable":true,"href":"https:\/\/www.noticiasradioreflejos.com.ar\/2021\/wp-json\/wp\/v2\/categories?post=55012"},{"taxonomy":"post_tag","embeddable":true,"href":"https:\/\/www.noticiasradioreflejos.com.ar\/2021\/wp-json\/wp\/v2\/tags?post=55012"}],"curies":[{"name":"wp","href":"https:\/\/api.w.org\/{rel}","templated":true}]}}