{"id":54927,"date":"2021-04-05T13:41:42","date_gmt":"2021-04-05T16:41:42","guid":{"rendered":"http:\/\/www.noticiasradioreflejos.com.ar\/noticias\/?p=54927"},"modified":"2021-04-05T13:41:42","modified_gmt":"2021-04-05T16:41:42","slug":"sesionara-el-concejo-deliberante-de-tornquist-2","status":"publish","type":"post","link":"https:\/\/www.noticiasradioreflejos.com.ar\/2021\/sesionara-el-concejo-deliberante-de-tornquist-2\/","title":{"rendered":"Sesionar\u00e1 el Concejo Deliberante de Tornquist"},"content":{"rendered":"<p>El Concejo Deliberante de Tornquist sesionar\u00e1 este martes 6 de abril a partir de la hora 20,00 en el recinto del palacio municipal para tratar el siguiente\u00a0\u00a0<strong><u>Orden del D\u00eda<\/u><\/strong><!--more--><\/p>\n<p><strong>1.- Aprobaci\u00f3n de las Actas N\u00ba 1157\/21 y 1158\/21<\/strong><\/p>\n<p><strong>2.- Comunicaciones Oficiales: <\/strong><\/p>\n<p>#<strong><u>Expte. <\/u><\/strong><strong><u>N\u00ba 061\/21:<\/u><\/strong> N.P. Pte. Bloque Frente de Todos y F.J.C. solicitan el env\u00edo del Proyecto de Erradicaci\u00f3n de Basurales a nivel Interdistrital e informe del funcionamiento de los Basuriles de Tornquist y Saldungaray.<\/p>\n<p>#<strong><u>Expte. <\/u><\/strong><strong><u>N\u00ba 067\/21:<\/u><\/strong> D.E. Eximici\u00f3n a Instituciones Religiosas del Distrito para el Ejercicio 2021-#<strong><u>Expte. <\/u><\/strong><strong><u>N\u00ba 068\/21:<\/u><\/strong> D.E. Eximici\u00f3n Instituciones del Distrito para el Ejercicio 2021.<\/p>\n<p>#<strong><u>Expte. <\/u><\/strong><strong><u>N\u00ba 069\/21:<\/u><\/strong> D.E. Eximici\u00f3n a Instituciones Educativas Ejercicio 2021<\/p>\n<p>#<strong><u>Expte. <\/u><\/strong><strong><u>N\u00ba 072\/21:<\/u><\/strong> D.E. Convalida la firma del Convenio especifico p\/ la ejecuci\u00f3n de la obra \u201cAmpliaci\u00f3n de Red de Desag\u00fces Cloacales\u201d Municipalidad de Tornquist, Plan Argentina Hace, celebrado e\/ el ENHOSA y el Municipio.<\/p>\n<p>#<strong><u>Expte. <\/u><\/strong><strong><u>N\u00ba 073\/21:<\/u><\/strong> D.E. Autoriza la firma del Convenio especifico p\/ la ejecuci\u00f3n del Proyecto \u201cAmpliaci\u00f3n de Red de Gas Natural\u201d Municipalidad de Tornquist, Provincia de Buenos Aires- Plan Argentina Hace II- celebrado e\/ la Secretar\u00eda de Obras P\u00fablicas de la Pcia. de Bs. As. y el Municipio de Tornquist<\/p>\n<p>#<strong><u>Expte. <\/u><\/strong><strong><u>N\u00ba 078\/21:<\/u><\/strong> D.E. Cierre Ejercicio 2020.<\/p>\n<p>#<strong><u>Expte. <\/u><\/strong><strong><u>N\u00ba 6828\/16:<\/u><\/strong> Bloque F.P.V. \u2013 Proyecto de Ordenanza: Creaci\u00f3n en el Distrito de Tornquist de la Comisi\u00f3n Municipal de Box.<\/p>\n<p>#<strong><u>Expte. <\/u><\/strong><strong><u>N\u00ba 6938\/17:<\/u><\/strong> Bloque F.P.V.-Pedido de Informe: Ref. vuelco de residuos cloacales en un campo cercano a la localidad de Saldungaray.<\/p>\n<p>#<strong><u>Expte. <\/u><\/strong><strong><u>N\u00ba 7263\/21:<\/u><\/strong> Bloques Cambiemos y Juntos por el Cambio- Proyecto de Ordenanza: Creaci\u00f3n Registro Municipal de Vacunados Covid-19.<\/p>\n<p>#<strong><u>Expte. <\/u><\/strong><strong><u>N\u00ba 7264\/21:<\/u><\/strong> N.P. Asociaci\u00f3n Fomento de Villa Ventana: Solicita relevamiento y declaraci\u00f3n de Inter\u00e9s Tur\u00edstico y Cultural de las Lambertianas existentes en Villa Ventana.<\/p>\n<p>&nbsp;<\/p>\n<p><strong>3.-Dict\u00e1menes de las Comisiones<\/strong>:<\/p>\n<p>#<strong><u>Expte. <\/u><\/strong><strong><u>N\u00ba 7202\/20:<\/u><\/strong> Bloques Frente de Todos y Frente Justicialista Cumplir- Pedido de Informe: Rendici\u00f3n detallada Recursos Percibidos (Covid 19).&#8212;&#8212;&#8212;&#8212;&#8211;<\/p>\n<p>#<strong><u>Expte. <\/u><\/strong><strong><u>N\u00ba 7258\/20:<\/u><\/strong> Bloques Cambiemos y Juntos por el Cambio- Proyecto de Resoluci\u00f3n: En ref. reforma de la Constituci\u00f3n Provincial#<strong><u>Expte. <\/u><\/strong><strong><u>N\u00ba 7261\/21: <\/u><\/strong>Bloques Cambiemos Bs. As. y Juntos por el Cambio- Proyecto de Decreto: Crear la Comisi\u00f3n de Cultura, Educaci\u00f3n, Ciencia y Tecnolog\u00eda.<\/p>\n<p>#<strong><u>Expte. <\/u><\/strong><strong><u>N\u00ba 7266\/21:<\/u><\/strong> N.P. Hermanos Balbiano: Presentan Proyecto de Ordenanza en ref. a acompa\u00f1amiento de pacientes con Covid-19<\/p>\n<p><strong>4.- Proyectos Presentados<\/strong><\/p>\n<p><strong>\u00a0\u00a0\u00a0\u00a0\u00a0\u00a0\u00a0\u00a0\u00a0\u00a0\u00a0\u00a0\u00a0\u00a0\u00a0\u00a0\u00a0\u00a0 <\/strong><\/p>\n<p><strong>5.- Asuntos Particulares.<\/strong><\/p>\n<p><strong><u>DIA DE LA SESION:<\/u><\/strong> 6 de abril de 2021.-<\/p>\n<p><strong><u>HORA DE COMIENZO:<\/u><\/strong> 20:00 Hs.-<\/p>\n<p>&nbsp;<\/p>\n<p><strong>\u00a0\u00a0\u00a0\u00a0\u00a0\u00a0\u00a0\u00a0\u00a0\u00a0\u00a0\u00a0\u00a0\u00a0 \u00a0<\/strong><strong>Jos\u00e9 M. Castro\u00a0\u00a0\u00a0\u00a0\u00a0\u00a0\u00a0\u00a0\u00a0\u00a0\u00a0\u00a0\u00a0\u00a0\u00a0\u00a0\u00a0\u00a0\u00a0\u00a0\u00a0\u00a0\u00a0\u00a0\u00a0\u00a0\u00a0\u00a0\u00a0\u00a0\u00a0\u00a0\u00a0\u00a0\u00a0\u00a0\u00a0\u00a0\u00a0\u00a0 Cristian Raising<\/strong><\/p>\n<p><strong>\u00a0\u00a0\u00a0\u00a0\u00a0\u00a0\u00a0\u00a0\u00a0 \u00a0\u00a0\u00a0\u00a0\u00a0\u00a0\u00a0\u00a0<\/strong><strong>Secretario\u00a0\u00a0\u00a0\u00a0\u00a0 \u00a0\u00a0\u00a0\u00a0\u00a0\u00a0\u00a0\u00a0\u00a0\u00a0\u00a0\u00a0\u00a0\u00a0\u00a0\u00a0\u00a0\u00a0\u00a0\u00a0\u00a0\u00a0\u00a0\u00a0\u00a0\u00a0\u00a0\u00a0\u00a0\u00a0\u00a0\u00a0\u00a0\u00a0\u00a0\u00a0\u00a0\u00a0Vicepresidente 1\u00ba<\/strong><\/p>\n<p><strong>\u00a0\u00a0\u00a0\u00a0\u00a0\u00a0\u00a0\u00a0\u00a0\u00a0\u00a0\u00a0\u00a0\u00a0\u00a0\u00a0 \u00a0\u00a0\u00a0\u00a0\u00a0H.C.D.\u00a0\u00a0\u00a0\u00a0\u00a0\u00a0\u00a0\u00a0\u00a0\u00a0\u00a0\u00a0\u00a0\u00a0\u00a0\u00a0\u00a0\u00a0\u00a0\u00a0\u00a0\u00a0\u00a0\u00a0\u00a0\u00a0\u00a0\u00a0\u00a0\u00a0\u00a0\u00a0\u00a0\u00a0\u00a0\u00a0\u00a0\u00a0\u00a0\u00a0\u00a0\u00a0\u00a0\u00a0\u00a0\u00a0\u00a0\u00a0\u00a0\u00a0\u00a0\u00a0 <\/strong><strong>\u00a0\u00a0<\/strong><strong>\u00a0H.C.D.<\/strong><\/p>\n","protected":false},"excerpt":{"rendered":"<p>El Concejo Deliberante de Tornquist sesionar\u00e1 este martes 6 de abril a partir de la hora 20,00 en el recinto del palacio municipal para tratar el siguiente\u00a0\u00a0Orden del D\u00eda<\/p>\n","protected":false},"author":3,"featured_media":0,"comment_status":"closed","ping_status":"open","sticky":false,"template":"","format":"standard","meta":{"footnotes":""},"categories":[28],"tags":[],"class_list":["post-54927","post","type-post","status-publish","format-standard","hentry","category-municipales"],"yoast_head":"<!-- This site is optimized with the Yoast SEO plugin v25.9 - https:\/\/yoast.com\/wordpress\/plugins\/seo\/ -->\n<title>Sesionar\u00e1 el Concejo Deliberante de Tornquist - Noticias Radio Reflejos<\/title>\n<meta name=\"robots\" content=\"index, follow, max-snippet:-1, max-image-preview:large, max-video-preview:-1\" \/>\n<link rel=\"canonical\" href=\"https:\/\/www.noticiasradioreflejos.com.ar\/2021\/sesionara-el-concejo-deliberante-de-tornquist-2\/\" \/>\n<meta property=\"og:locale\" content=\"es_ES\" \/>\n<meta property=\"og:type\" content=\"article\" \/>\n<meta property=\"og:title\" content=\"Sesionar\u00e1 el Concejo Deliberante de Tornquist - Noticias Radio Reflejos\" \/>\n<meta property=\"og:description\" content=\"El Concejo Deliberante de Tornquist sesionar\u00e1 este martes 6 de abril a partir de la hora 20,00 en el recinto del palacio municipal para tratar el siguiente\u00a0\u00a0Orden del D\u00eda\" \/>\n<meta property=\"og:url\" content=\"https:\/\/www.noticiasradioreflejos.com.ar\/2021\/sesionara-el-concejo-deliberante-de-tornquist-2\/\" \/>\n<meta property=\"og:site_name\" content=\"Noticias Radio Reflejos\" \/>\n<meta property=\"article:published_time\" content=\"2021-04-05T16:41:42+00:00\" \/>\n<meta property=\"og:image\" content=\"https:\/\/www.noticiasradioreflejos.com.ar\/2021\/wp-content\/uploads\/2021\/07\/logosol300x200.png\" \/>\n\t<meta property=\"og:image:width\" content=\"300\" \/>\n\t<meta property=\"og:image:height\" content=\"200\" \/>\n\t<meta property=\"og:image:type\" content=\"image\/png\" \/>\n<meta name=\"author\" content=\"Arnaldo Botto\" \/>\n<meta name=\"twitter:card\" content=\"summary_large_image\" \/>\n<script type=\"application\/ld+json\" class=\"yoast-schema-graph\">{\"@context\":\"https:\/\/schema.org\",\"@graph\":[{\"@type\":\"WebPage\",\"@id\":\"https:\/\/www.noticiasradioreflejos.com.ar\/2021\/sesionara-el-concejo-deliberante-de-tornquist-2\/\",\"url\":\"https:\/\/www.noticiasradioreflejos.com.ar\/2021\/sesionara-el-concejo-deliberante-de-tornquist-2\/\",\"name\":\"Sesionar\u00e1 el Concejo Deliberante de Tornquist - Noticias Radio Reflejos\",\"isPartOf\":{\"@id\":\"https:\/\/www.noticiasradioreflejos.com.ar\/2021\/#website\"},\"datePublished\":\"2021-04-05T16:41:42+00:00\",\"author\":{\"@id\":\"https:\/\/www.noticiasradioreflejos.com.ar\/2021\/#\/schema\/person\/ad82545263dcc5ec0996818884fd5fb1\"},\"breadcrumb\":{\"@id\":\"https:\/\/www.noticiasradioreflejos.com.ar\/2021\/sesionara-el-concejo-deliberante-de-tornquist-2\/#breadcrumb\"},\"inLanguage\":\"es\",\"potentialAction\":[{\"@type\":\"ReadAction\",\"target\":[\"https:\/\/www.noticiasradioreflejos.com.ar\/2021\/sesionara-el-concejo-deliberante-de-tornquist-2\/\"]}]},{\"@type\":\"BreadcrumbList\",\"@id\":\"https:\/\/www.noticiasradioreflejos.com.ar\/2021\/sesionara-el-concejo-deliberante-de-tornquist-2\/#breadcrumb\",\"itemListElement\":[{\"@type\":\"ListItem\",\"position\":1,\"name\":\"Portada\",\"item\":\"https:\/\/www.noticiasradioreflejos.com.ar\/2021\/\"},{\"@type\":\"ListItem\",\"position\":2,\"name\":\"Sesionar\u00e1 el Concejo Deliberante de Tornquist\"}]},{\"@type\":\"WebSite\",\"@id\":\"https:\/\/www.noticiasradioreflejos.com.ar\/2021\/#website\",\"url\":\"https:\/\/www.noticiasradioreflejos.com.ar\/2021\/\",\"name\":\"Noticias Radio Reflejos\",\"description\":\"Las noticias de mi comarca\",\"potentialAction\":[{\"@type\":\"SearchAction\",\"target\":{\"@type\":\"EntryPoint\",\"urlTemplate\":\"https:\/\/www.noticiasradioreflejos.com.ar\/2021\/?s={search_term_string}\"},\"query-input\":{\"@type\":\"PropertyValueSpecification\",\"valueRequired\":true,\"valueName\":\"search_term_string\"}}],\"inLanguage\":\"es\"},{\"@type\":\"Person\",\"@id\":\"https:\/\/www.noticiasradioreflejos.com.ar\/2021\/#\/schema\/person\/ad82545263dcc5ec0996818884fd5fb1\",\"name\":\"Arnaldo Botto\",\"image\":{\"@type\":\"ImageObject\",\"inLanguage\":\"es\",\"@id\":\"https:\/\/www.noticiasradioreflejos.com.ar\/2021\/#\/schema\/person\/image\/\",\"url\":\"https:\/\/secure.gravatar.com\/avatar\/55cb5e37c1efa326397366e6974cb338056df65cb50e7d64d1cf314e87504837?s=96&d=mm&r=g\",\"contentUrl\":\"https:\/\/secure.gravatar.com\/avatar\/55cb5e37c1efa326397366e6974cb338056df65cb50e7d64d1cf314e87504837?s=96&d=mm&r=g\",\"caption\":\"Arnaldo Botto\"},\"url\":\"https:\/\/www.noticiasradioreflejos.com.ar\/2021\/author\/arnaldo\/\"}]}<\/script>\n<!-- \/ Yoast SEO plugin. -->","yoast_head_json":{"title":"Sesionar\u00e1 el Concejo Deliberante de Tornquist - Noticias Radio Reflejos","robots":{"index":"index","follow":"follow","max-snippet":"max-snippet:-1","max-image-preview":"max-image-preview:large","max-video-preview":"max-video-preview:-1"},"canonical":"https:\/\/www.noticiasradioreflejos.com.ar\/2021\/sesionara-el-concejo-deliberante-de-tornquist-2\/","og_locale":"es_ES","og_type":"article","og_title":"Sesionar\u00e1 el Concejo Deliberante de Tornquist - Noticias Radio Reflejos","og_description":"El Concejo Deliberante de Tornquist sesionar\u00e1 este martes 6 de abril a partir de la hora 20,00 en el recinto del palacio municipal para tratar el siguiente\u00a0\u00a0Orden del D\u00eda","og_url":"https:\/\/www.noticiasradioreflejos.com.ar\/2021\/sesionara-el-concejo-deliberante-de-tornquist-2\/","og_site_name":"Noticias Radio Reflejos","article_published_time":"2021-04-05T16:41:42+00:00","og_image":[{"width":300,"height":200,"url":"https:\/\/www.noticiasradioreflejos.com.ar\/2021\/wp-content\/uploads\/2021\/07\/logosol300x200.png","type":"image\/png"}],"author":"Arnaldo Botto","twitter_card":"summary_large_image","schema":{"@context":"https:\/\/schema.org","@graph":[{"@type":"WebPage","@id":"https:\/\/www.noticiasradioreflejos.com.ar\/2021\/sesionara-el-concejo-deliberante-de-tornquist-2\/","url":"https:\/\/www.noticiasradioreflejos.com.ar\/2021\/sesionara-el-concejo-deliberante-de-tornquist-2\/","name":"Sesionar\u00e1 el Concejo Deliberante de Tornquist - Noticias Radio Reflejos","isPartOf":{"@id":"https:\/\/www.noticiasradioreflejos.com.ar\/2021\/#website"},"datePublished":"2021-04-05T16:41:42+00:00","author":{"@id":"https:\/\/www.noticiasradioreflejos.com.ar\/2021\/#\/schema\/person\/ad82545263dcc5ec0996818884fd5fb1"},"breadcrumb":{"@id":"https:\/\/www.noticiasradioreflejos.com.ar\/2021\/sesionara-el-concejo-deliberante-de-tornquist-2\/#breadcrumb"},"inLanguage":"es","potentialAction":[{"@type":"ReadAction","target":["https:\/\/www.noticiasradioreflejos.com.ar\/2021\/sesionara-el-concejo-deliberante-de-tornquist-2\/"]}]},{"@type":"BreadcrumbList","@id":"https:\/\/www.noticiasradioreflejos.com.ar\/2021\/sesionara-el-concejo-deliberante-de-tornquist-2\/#breadcrumb","itemListElement":[{"@type":"ListItem","position":1,"name":"Portada","item":"https:\/\/www.noticiasradioreflejos.com.ar\/2021\/"},{"@type":"ListItem","position":2,"name":"Sesionar\u00e1 el Concejo Deliberante de Tornquist"}]},{"@type":"WebSite","@id":"https:\/\/www.noticiasradioreflejos.com.ar\/2021\/#website","url":"https:\/\/www.noticiasradioreflejos.com.ar\/2021\/","name":"Noticias Radio Reflejos","description":"Las noticias de mi comarca","potentialAction":[{"@type":"SearchAction","target":{"@type":"EntryPoint","urlTemplate":"https:\/\/www.noticiasradioreflejos.com.ar\/2021\/?s={search_term_string}"},"query-input":{"@type":"PropertyValueSpecification","valueRequired":true,"valueName":"search_term_string"}}],"inLanguage":"es"},{"@type":"Person","@id":"https:\/\/www.noticiasradioreflejos.com.ar\/2021\/#\/schema\/person\/ad82545263dcc5ec0996818884fd5fb1","name":"Arnaldo Botto","image":{"@type":"ImageObject","inLanguage":"es","@id":"https:\/\/www.noticiasradioreflejos.com.ar\/2021\/#\/schema\/person\/image\/","url":"https:\/\/secure.gravatar.com\/avatar\/55cb5e37c1efa326397366e6974cb338056df65cb50e7d64d1cf314e87504837?s=96&d=mm&r=g","contentUrl":"https:\/\/secure.gravatar.com\/avatar\/55cb5e37c1efa326397366e6974cb338056df65cb50e7d64d1cf314e87504837?s=96&d=mm&r=g","caption":"Arnaldo Botto"},"url":"https:\/\/www.noticiasradioreflejos.com.ar\/2021\/author\/arnaldo\/"}]}},"_links":{"self":[{"href":"https:\/\/www.noticiasradioreflejos.com.ar\/2021\/wp-json\/wp\/v2\/posts\/54927","targetHints":{"allow":["GET"]}}],"collection":[{"href":"https:\/\/www.noticiasradioreflejos.com.ar\/2021\/wp-json\/wp\/v2\/posts"}],"about":[{"href":"https:\/\/www.noticiasradioreflejos.com.ar\/2021\/wp-json\/wp\/v2\/types\/post"}],"author":[{"embeddable":true,"href":"https:\/\/www.noticiasradioreflejos.com.ar\/2021\/wp-json\/wp\/v2\/users\/3"}],"replies":[{"embeddable":true,"href":"https:\/\/www.noticiasradioreflejos.com.ar\/2021\/wp-json\/wp\/v2\/comments?post=54927"}],"version-history":[{"count":0,"href":"https:\/\/www.noticiasradioreflejos.com.ar\/2021\/wp-json\/wp\/v2\/posts\/54927\/revisions"}],"wp:attachment":[{"href":"https:\/\/www.noticiasradioreflejos.com.ar\/2021\/wp-json\/wp\/v2\/media?parent=54927"}],"wp:term":[{"taxonomy":"category","embeddable":true,"href":"https:\/\/www.noticiasradioreflejos.com.ar\/2021\/wp-json\/wp\/v2\/categories?post=54927"},{"taxonomy":"post_tag","embeddable":true,"href":"https:\/\/www.noticiasradioreflejos.com.ar\/2021\/wp-json\/wp\/v2\/tags?post=54927"}],"curies":[{"name":"wp","href":"https:\/\/api.w.org\/{rel}","templated":true}]}}