{"id":54917,"date":"2021-04-05T09:01:16","date_gmt":"2021-04-05T12:01:16","guid":{"rendered":"http:\/\/www.noticiasradioreflejos.com.ar\/noticias\/?p=54917"},"modified":"2021-04-05T09:01:16","modified_gmt":"2021-04-05T12:01:16","slug":"comunicado-de-la-mesa-de-juntos-por-el-cambio-tornquist","status":"publish","type":"post","link":"https:\/\/www.noticiasradioreflejos.com.ar\/2021\/comunicado-de-la-mesa-de-juntos-por-el-cambio-tornquist\/","title":{"rendered":"Comunicado de la\u00a0 mesa de Juntos por el Cambio Tornquist"},"content":{"rendered":"<p>Reunida la Mesa Distrital de Juntos por el Cambio Tornquist, y en virtud de los \u00faltimos hechos acaecidos que afectan al Concejal Luis Castro (en reemplazo del concejal Sebasti\u00e1n Bassi), deseamos expresar nuestro en\u00e9rgico repudio al accionar del Intendente Sergio Bordoni.<!--more--><\/p>\n<p>Como es de p\u00fablico conocimiento el concejal Castro mientras se desempe\u00f1\u00f3 como suplente en el cuerpo deliberativo, expuso la queja de los vecinos por diferentes situaciones\u00a0 vividas en el hospital municipal.<\/p>\n<p>El Sr. Intendente, en uso de licencia y en momentos en que a\u00fan era reemplazado por el concejal Bassi,\u00a0 envi\u00f3 un memor\u00e1ndum al mencionado concejal a trav\u00e9s del \u00e1rea de Recursos Humanos, traslad\u00e1ndolo arbitrariamente y cambiando su horario establecido, justamente al nosocomio local Dr. Alberto Castro. Esta medida no responde a lo normado\u00a0 por el Estatuto del Empleado Municipal. Actitudes como \u00e9sta nos retrotraen a \u00e9pocas oscuras\u00a0 de nuestra historia, te\u00f1idas de <strong>autoritarismo <\/strong>y carentes de esp\u00edritu democr\u00e1tico.<\/p>\n<p>\u00bfSer\u00e1 que expresarse libremente\u00a0 y ser la voz de los ciudadanos en democracia trae como consecuencia represalias del poder ejecutivo?<\/p>\n<p>\u00bfSabr\u00e1 el Intendente Bordoni que residimos en un Estado Republicano donde existen tres poderes totalmente independientes?<\/p>\n<p>\u00bfConocer\u00e1 los derechos que le asisten a los ciudadanos, consagrados por la Constituci\u00f3n Nacional?<\/p>\n<p>Exigimos, que a trav\u00e9s de estas reflexiones, el Ejecutivo Municipal en la persona del Intendente, cese en este tipo de acciones que traslucen en s\u00ed mismas, un contenido indiscutible de <strong>persecuci\u00f3n pol\u00edtica e ideol\u00f3gica.<\/strong><\/p>\n<p>&nbsp;<\/p>\n<p><strong>MESA DISTRITAL DE JUNTOS POR EL CAMBIO: UCR \u2013 PRO \u2013 SOCIALISMO<\/strong><\/p>\n<p><strong>ADHIEREN CONCEJALES DE LOS BLOQUES DE CAMBIEMOS Y JUNTOS POR EL CAMBIO:\u00a0 CRISTIAN RAISING &#8211; ELISABET NORI &#8211; JUAN IBARRA &#8211; BEATRIZ DIAZ &#8211; JOS\u00c9 FONFRIA<\/strong><\/p>\n","protected":false},"excerpt":{"rendered":"<p>Reunida la Mesa Distrital de Juntos por el Cambio Tornquist, y en virtud de los \u00faltimos hechos acaecidos que afectan al Concejal Luis Castro (en reemplazo del concejal Sebasti\u00e1n Bassi), deseamos expresar nuestro en\u00e9rgico repudio al accionar del Intendente Sergio Bordoni.<\/p>\n","protected":false},"author":3,"featured_media":33609,"comment_status":"closed","ping_status":"open","sticky":false,"template":"","format":"standard","meta":{"footnotes":""},"categories":[24],"tags":[],"class_list":["post-54917","post","type-post","status-publish","format-standard","has-post-thumbnail","hentry","category-politica"],"yoast_head":"<!-- This site is optimized with the Yoast SEO plugin v25.9 - https:\/\/yoast.com\/wordpress\/plugins\/seo\/ -->\n<title>Comunicado de la\u00a0 mesa de Juntos por el Cambio Tornquist - Noticias Radio Reflejos<\/title>\n<meta name=\"robots\" content=\"index, follow, max-snippet:-1, max-image-preview:large, max-video-preview:-1\" \/>\n<link rel=\"canonical\" href=\"https:\/\/www.noticiasradioreflejos.com.ar\/2021\/comunicado-de-la-mesa-de-juntos-por-el-cambio-tornquist\/\" \/>\n<meta property=\"og:locale\" content=\"es_ES\" \/>\n<meta property=\"og:type\" content=\"article\" \/>\n<meta property=\"og:title\" content=\"Comunicado de la\u00a0 mesa de Juntos por el Cambio Tornquist - Noticias Radio Reflejos\" \/>\n<meta property=\"og:description\" content=\"Reunida la Mesa Distrital de Juntos por el Cambio Tornquist, y en virtud de los \u00faltimos hechos acaecidos que afectan al Concejal Luis Castro (en reemplazo del concejal Sebasti\u00e1n Bassi), deseamos expresar nuestro en\u00e9rgico repudio al accionar del Intendente Sergio Bordoni.\" \/>\n<meta property=\"og:url\" content=\"https:\/\/www.noticiasradioreflejos.com.ar\/2021\/comunicado-de-la-mesa-de-juntos-por-el-cambio-tornquist\/\" \/>\n<meta property=\"og:site_name\" content=\"Noticias Radio Reflejos\" \/>\n<meta property=\"article:published_time\" content=\"2021-04-05T12:01:16+00:00\" \/>\n<meta property=\"og:image\" content=\"https:\/\/www.noticiasradioreflejos.com.ar\/2021\/wp-content\/uploads\/2019\/08\/Comunicado-de-Prensa.jpg\" \/>\n\t<meta property=\"og:image:width\" content=\"1696\" \/>\n\t<meta property=\"og:image:height\" content=\"1061\" \/>\n\t<meta property=\"og:image:type\" content=\"image\/jpeg\" \/>\n<meta name=\"author\" content=\"Arnaldo Botto\" \/>\n<meta name=\"twitter:card\" content=\"summary_large_image\" \/>\n<script type=\"application\/ld+json\" class=\"yoast-schema-graph\">{\"@context\":\"https:\/\/schema.org\",\"@graph\":[{\"@type\":\"WebPage\",\"@id\":\"https:\/\/www.noticiasradioreflejos.com.ar\/2021\/comunicado-de-la-mesa-de-juntos-por-el-cambio-tornquist\/\",\"url\":\"https:\/\/www.noticiasradioreflejos.com.ar\/2021\/comunicado-de-la-mesa-de-juntos-por-el-cambio-tornquist\/\",\"name\":\"Comunicado de la\u00a0 mesa de Juntos por el Cambio Tornquist - Noticias Radio Reflejos\",\"isPartOf\":{\"@id\":\"https:\/\/www.noticiasradioreflejos.com.ar\/2021\/#website\"},\"primaryImageOfPage\":{\"@id\":\"https:\/\/www.noticiasradioreflejos.com.ar\/2021\/comunicado-de-la-mesa-de-juntos-por-el-cambio-tornquist\/#primaryimage\"},\"image\":{\"@id\":\"https:\/\/www.noticiasradioreflejos.com.ar\/2021\/comunicado-de-la-mesa-de-juntos-por-el-cambio-tornquist\/#primaryimage\"},\"thumbnailUrl\":\"https:\/\/www.noticiasradioreflejos.com.ar\/2021\/wp-content\/uploads\/2019\/08\/Comunicado-de-Prensa.jpg\",\"datePublished\":\"2021-04-05T12:01:16+00:00\",\"author\":{\"@id\":\"https:\/\/www.noticiasradioreflejos.com.ar\/2021\/#\/schema\/person\/ad82545263dcc5ec0996818884fd5fb1\"},\"breadcrumb\":{\"@id\":\"https:\/\/www.noticiasradioreflejos.com.ar\/2021\/comunicado-de-la-mesa-de-juntos-por-el-cambio-tornquist\/#breadcrumb\"},\"inLanguage\":\"es\",\"potentialAction\":[{\"@type\":\"ReadAction\",\"target\":[\"https:\/\/www.noticiasradioreflejos.com.ar\/2021\/comunicado-de-la-mesa-de-juntos-por-el-cambio-tornquist\/\"]}]},{\"@type\":\"ImageObject\",\"inLanguage\":\"es\",\"@id\":\"https:\/\/www.noticiasradioreflejos.com.ar\/2021\/comunicado-de-la-mesa-de-juntos-por-el-cambio-tornquist\/#primaryimage\",\"url\":\"https:\/\/www.noticiasradioreflejos.com.ar\/2021\/wp-content\/uploads\/2019\/08\/Comunicado-de-Prensa.jpg\",\"contentUrl\":\"https:\/\/www.noticiasradioreflejos.com.ar\/2021\/wp-content\/uploads\/2019\/08\/Comunicado-de-Prensa.jpg\",\"width\":1696,\"height\":1061},{\"@type\":\"BreadcrumbList\",\"@id\":\"https:\/\/www.noticiasradioreflejos.com.ar\/2021\/comunicado-de-la-mesa-de-juntos-por-el-cambio-tornquist\/#breadcrumb\",\"itemListElement\":[{\"@type\":\"ListItem\",\"position\":1,\"name\":\"Portada\",\"item\":\"https:\/\/www.noticiasradioreflejos.com.ar\/2021\/\"},{\"@type\":\"ListItem\",\"position\":2,\"name\":\"Comunicado de la\u00a0 mesa de Juntos por el Cambio Tornquist\"}]},{\"@type\":\"WebSite\",\"@id\":\"https:\/\/www.noticiasradioreflejos.com.ar\/2021\/#website\",\"url\":\"https:\/\/www.noticiasradioreflejos.com.ar\/2021\/\",\"name\":\"Noticias Radio Reflejos\",\"description\":\"Las noticias de mi comarca\",\"potentialAction\":[{\"@type\":\"SearchAction\",\"target\":{\"@type\":\"EntryPoint\",\"urlTemplate\":\"https:\/\/www.noticiasradioreflejos.com.ar\/2021\/?s={search_term_string}\"},\"query-input\":{\"@type\":\"PropertyValueSpecification\",\"valueRequired\":true,\"valueName\":\"search_term_string\"}}],\"inLanguage\":\"es\"},{\"@type\":\"Person\",\"@id\":\"https:\/\/www.noticiasradioreflejos.com.ar\/2021\/#\/schema\/person\/ad82545263dcc5ec0996818884fd5fb1\",\"name\":\"Arnaldo Botto\",\"image\":{\"@type\":\"ImageObject\",\"inLanguage\":\"es\",\"@id\":\"https:\/\/www.noticiasradioreflejos.com.ar\/2021\/#\/schema\/person\/image\/\",\"url\":\"https:\/\/secure.gravatar.com\/avatar\/55cb5e37c1efa326397366e6974cb338056df65cb50e7d64d1cf314e87504837?s=96&d=mm&r=g\",\"contentUrl\":\"https:\/\/secure.gravatar.com\/avatar\/55cb5e37c1efa326397366e6974cb338056df65cb50e7d64d1cf314e87504837?s=96&d=mm&r=g\",\"caption\":\"Arnaldo Botto\"},\"url\":\"https:\/\/www.noticiasradioreflejos.com.ar\/2021\/author\/arnaldo\/\"}]}<\/script>\n<!-- \/ Yoast SEO plugin. -->","yoast_head_json":{"title":"Comunicado de la\u00a0 mesa de Juntos por el Cambio Tornquist - Noticias Radio Reflejos","robots":{"index":"index","follow":"follow","max-snippet":"max-snippet:-1","max-image-preview":"max-image-preview:large","max-video-preview":"max-video-preview:-1"},"canonical":"https:\/\/www.noticiasradioreflejos.com.ar\/2021\/comunicado-de-la-mesa-de-juntos-por-el-cambio-tornquist\/","og_locale":"es_ES","og_type":"article","og_title":"Comunicado de la\u00a0 mesa de Juntos por el Cambio Tornquist - Noticias Radio Reflejos","og_description":"Reunida la Mesa Distrital de Juntos por el Cambio Tornquist, y en virtud de los \u00faltimos hechos acaecidos que afectan al Concejal Luis Castro (en reemplazo del concejal Sebasti\u00e1n Bassi), deseamos expresar nuestro en\u00e9rgico repudio al accionar del Intendente Sergio Bordoni.","og_url":"https:\/\/www.noticiasradioreflejos.com.ar\/2021\/comunicado-de-la-mesa-de-juntos-por-el-cambio-tornquist\/","og_site_name":"Noticias Radio Reflejos","article_published_time":"2021-04-05T12:01:16+00:00","og_image":[{"width":1696,"height":1061,"url":"https:\/\/www.noticiasradioreflejos.com.ar\/2021\/wp-content\/uploads\/2019\/08\/Comunicado-de-Prensa.jpg","type":"image\/jpeg"}],"author":"Arnaldo Botto","twitter_card":"summary_large_image","schema":{"@context":"https:\/\/schema.org","@graph":[{"@type":"WebPage","@id":"https:\/\/www.noticiasradioreflejos.com.ar\/2021\/comunicado-de-la-mesa-de-juntos-por-el-cambio-tornquist\/","url":"https:\/\/www.noticiasradioreflejos.com.ar\/2021\/comunicado-de-la-mesa-de-juntos-por-el-cambio-tornquist\/","name":"Comunicado de la\u00a0 mesa de Juntos por el Cambio Tornquist - Noticias Radio Reflejos","isPartOf":{"@id":"https:\/\/www.noticiasradioreflejos.com.ar\/2021\/#website"},"primaryImageOfPage":{"@id":"https:\/\/www.noticiasradioreflejos.com.ar\/2021\/comunicado-de-la-mesa-de-juntos-por-el-cambio-tornquist\/#primaryimage"},"image":{"@id":"https:\/\/www.noticiasradioreflejos.com.ar\/2021\/comunicado-de-la-mesa-de-juntos-por-el-cambio-tornquist\/#primaryimage"},"thumbnailUrl":"https:\/\/www.noticiasradioreflejos.com.ar\/2021\/wp-content\/uploads\/2019\/08\/Comunicado-de-Prensa.jpg","datePublished":"2021-04-05T12:01:16+00:00","author":{"@id":"https:\/\/www.noticiasradioreflejos.com.ar\/2021\/#\/schema\/person\/ad82545263dcc5ec0996818884fd5fb1"},"breadcrumb":{"@id":"https:\/\/www.noticiasradioreflejos.com.ar\/2021\/comunicado-de-la-mesa-de-juntos-por-el-cambio-tornquist\/#breadcrumb"},"inLanguage":"es","potentialAction":[{"@type":"ReadAction","target":["https:\/\/www.noticiasradioreflejos.com.ar\/2021\/comunicado-de-la-mesa-de-juntos-por-el-cambio-tornquist\/"]}]},{"@type":"ImageObject","inLanguage":"es","@id":"https:\/\/www.noticiasradioreflejos.com.ar\/2021\/comunicado-de-la-mesa-de-juntos-por-el-cambio-tornquist\/#primaryimage","url":"https:\/\/www.noticiasradioreflejos.com.ar\/2021\/wp-content\/uploads\/2019\/08\/Comunicado-de-Prensa.jpg","contentUrl":"https:\/\/www.noticiasradioreflejos.com.ar\/2021\/wp-content\/uploads\/2019\/08\/Comunicado-de-Prensa.jpg","width":1696,"height":1061},{"@type":"BreadcrumbList","@id":"https:\/\/www.noticiasradioreflejos.com.ar\/2021\/comunicado-de-la-mesa-de-juntos-por-el-cambio-tornquist\/#breadcrumb","itemListElement":[{"@type":"ListItem","position":1,"name":"Portada","item":"https:\/\/www.noticiasradioreflejos.com.ar\/2021\/"},{"@type":"ListItem","position":2,"name":"Comunicado de la\u00a0 mesa de Juntos por el Cambio Tornquist"}]},{"@type":"WebSite","@id":"https:\/\/www.noticiasradioreflejos.com.ar\/2021\/#website","url":"https:\/\/www.noticiasradioreflejos.com.ar\/2021\/","name":"Noticias Radio Reflejos","description":"Las noticias de mi comarca","potentialAction":[{"@type":"SearchAction","target":{"@type":"EntryPoint","urlTemplate":"https:\/\/www.noticiasradioreflejos.com.ar\/2021\/?s={search_term_string}"},"query-input":{"@type":"PropertyValueSpecification","valueRequired":true,"valueName":"search_term_string"}}],"inLanguage":"es"},{"@type":"Person","@id":"https:\/\/www.noticiasradioreflejos.com.ar\/2021\/#\/schema\/person\/ad82545263dcc5ec0996818884fd5fb1","name":"Arnaldo Botto","image":{"@type":"ImageObject","inLanguage":"es","@id":"https:\/\/www.noticiasradioreflejos.com.ar\/2021\/#\/schema\/person\/image\/","url":"https:\/\/secure.gravatar.com\/avatar\/55cb5e37c1efa326397366e6974cb338056df65cb50e7d64d1cf314e87504837?s=96&d=mm&r=g","contentUrl":"https:\/\/secure.gravatar.com\/avatar\/55cb5e37c1efa326397366e6974cb338056df65cb50e7d64d1cf314e87504837?s=96&d=mm&r=g","caption":"Arnaldo Botto"},"url":"https:\/\/www.noticiasradioreflejos.com.ar\/2021\/author\/arnaldo\/"}]}},"_links":{"self":[{"href":"https:\/\/www.noticiasradioreflejos.com.ar\/2021\/wp-json\/wp\/v2\/posts\/54917","targetHints":{"allow":["GET"]}}],"collection":[{"href":"https:\/\/www.noticiasradioreflejos.com.ar\/2021\/wp-json\/wp\/v2\/posts"}],"about":[{"href":"https:\/\/www.noticiasradioreflejos.com.ar\/2021\/wp-json\/wp\/v2\/types\/post"}],"author":[{"embeddable":true,"href":"https:\/\/www.noticiasradioreflejos.com.ar\/2021\/wp-json\/wp\/v2\/users\/3"}],"replies":[{"embeddable":true,"href":"https:\/\/www.noticiasradioreflejos.com.ar\/2021\/wp-json\/wp\/v2\/comments?post=54917"}],"version-history":[{"count":0,"href":"https:\/\/www.noticiasradioreflejos.com.ar\/2021\/wp-json\/wp\/v2\/posts\/54917\/revisions"}],"wp:featuredmedia":[{"embeddable":true,"href":"https:\/\/www.noticiasradioreflejos.com.ar\/2021\/wp-json\/wp\/v2\/media\/33609"}],"wp:attachment":[{"href":"https:\/\/www.noticiasradioreflejos.com.ar\/2021\/wp-json\/wp\/v2\/media?parent=54917"}],"wp:term":[{"taxonomy":"category","embeddable":true,"href":"https:\/\/www.noticiasradioreflejos.com.ar\/2021\/wp-json\/wp\/v2\/categories?post=54917"},{"taxonomy":"post_tag","embeddable":true,"href":"https:\/\/www.noticiasradioreflejos.com.ar\/2021\/wp-json\/wp\/v2\/tags?post=54917"}],"curies":[{"name":"wp","href":"https:\/\/api.w.org\/{rel}","templated":true}]}}