{"id":54907,"date":"2021-04-04T15:47:22","date_gmt":"2021-04-04T18:47:22","guid":{"rendered":"http:\/\/www.noticiasradioreflejos.com.ar\/noticias\/?p=54907"},"modified":"2021-04-04T15:47:22","modified_gmt":"2021-04-04T18:47:22","slug":"entre-turistas-y-excursionistas-42-millones-de-personas-se-movilizaron-el-fin-de-semana-largo-gastaron-mas-de-14-000-millones-en-4-dias","status":"publish","type":"post","link":"https:\/\/www.noticiasradioreflejos.com.ar\/2021\/entre-turistas-y-excursionistas-42-millones-de-personas-se-movilizaron-el-fin-de-semana-largo-gastaron-mas-de-14-000-millones-en-4-dias\/","title":{"rendered":"Entre turistas y excursionistas, 4,2 millones de personas se movilizaron el fin de semana largo: gastaron m\u00e1s de $ 14.000 millones en 4 d\u00edas"},"content":{"rendered":"<p>Seg\u00fan una encuesta de la CAME, ayud\u00f3 el clima, que esta vez Semana Santa cayera a principio de mes y el temor a que los destinos vuelvan a cerrarse. Las provincias y localidades m\u00e1s visitadas, c\u00f3mo y por qu\u00e9<!--more--><\/p>\n<div class=\"visual__image image_container\"><img loading=\"lazy\" decoding=\"async\" src=\"https:\/\/www.infobae.com\/new-resizer\/S9V4XGjJF6PdQXEOuz2qRmjO38Y=\/420x280\/filters:format(jpg):quality(85)\/cloudfront-us-east-1.images.arcpublishing.com\/infobae\/V5CIELRQPJHBBP7EGEY6PUSF7Q.jpg\" sizes=\"auto, (min-width: 800px) 50vw, 90vw\" srcset=\"https:\/\/www.infobae.com\/new-resizer\/S9V4XGjJF6PdQXEOuz2qRmjO38Y=\/420x280\/filters:format(jpg):quality(85)\/cloudfront-us-east-1.images.arcpublishing.com\/infobae\/V5CIELRQPJHBBP7EGEY6PUSF7Q.jpg 420w,https:\/\/www.infobae.com\/new-resizer\/jnxt3Th92zpJb1BqdJWq70vCPNg=\/768x512\/filters:format(jpg):quality(85)\/cloudfront-us-east-1.images.arcpublishing.com\/infobae\/V5CIELRQPJHBBP7EGEY6PUSF7Q.jpg 768w,https:\/\/www.infobae.com\/new-resizer\/LoQmEHMH1Gd0scaavsGUEcfSqkQ=\/992x661\/filters:format(jpg):quality(85)\/cloudfront-us-east-1.images.arcpublishing.com\/infobae\/V5CIELRQPJHBBP7EGEY6PUSF7Q.jpg 992w,https:\/\/www.infobae.com\/new-resizer\/sReQs3epvfGX5FmKP-ePfavh8t4=\/1200x800\/filters:format(jpg):quality(85)\/cloudfront-us-east-1.images.arcpublishing.com\/infobae\/V5CIELRQPJHBBP7EGEY6PUSF7Q.jpg 1200w\" alt=\"Mar del Plata fue el destino m\u00e1s visitado durante la semana santa. En todos lados, la gente le huy\u00f3 al encierro y privilegi\u00f3 las actividades al aire libre\" width=\"1920\" height=\"1322\" \/>Mar del Plata fue el destino m\u00e1s visitado durante la semana santa. En todos lados, la gente le huy\u00f3 al encierro y privilegi\u00f3 las actividades al aire libre<\/div>\n<p class=\"paragraph\">Como turistas o excursionistas, 4,2 millones de argentinos recorrieron el pa\u00eds el fin de semana, dice un informe de la Confederaci\u00f3n Argentina de la Mediana Empresa, que hizo un relevamiento el fin de semana, en base al cual preci\u00f3 que 1,9 millones de personas se movilizaron como turistas a m\u00e1s de 100 ciudades del pa\u00eds, con una estad\u00eda de 3 d\u00edas y un gasto diario per c\u00e1pita de $ 2.000, en tanto 2,3 millones lo hicieron como excursionistas, traslad\u00e1ndose a lugares cercanos por razones de ocio, recreaci\u00f3n, deporte o reuni\u00f3n familiar. Estos \u00faltimos gastaron en promedio $1.150 cada uno.<\/p>\n<p class=\"paragraph\">As\u00ed,\u00a0<mark class=\"hl_yellow\">sumando los 11.400 millones de gastos de los \u201cturistas\u201d y los $ 2.666 millones de los \u201cexcursionistas\u201d, el informe llega al estimado de $ 14.066 millones de gasto total en 4 d\u00edas, clave para ciertos destinos y actividades que tuvieron un tard\u00edo y restringido inicio de temporada tur\u00edstica, a lo que se sumaron las prevenciones de los potenciales turistas y los efectos de la crisis econ\u00f3mica, ahondada por la extensa cuarentena<\/mark>\u00a0con la que el Gobierno intent\u00f3 en 2020 contener la pandemia de coronavirus.<\/p>\n<p class=\"paragraph\">\u201cLa fecha estuvo cerca de recuperar los valores pre-pandemia.\u00a0<b>El \u00faltimo fin de Semana Santa con turismo fue en 2019, con 2,1 millones de turistas y 2,6 millones de excursionistas (esto es, una movilizaci\u00f3n de 4,7 millones de personas)\u201d, dice el informe de CAME<\/b>, que tambi\u00e9n cita datos del ministerio de Turismo, que hasta el mi\u00e9rcoles 31 de marzo contabilizaba 1,2 millones de certificados para viajar, uno de los requisitos para poder llegar a los diferentes destinos.<\/p>\n<p class=\"paragraph\">La cifra de turistas estimada por CAME coincide con los datos de la cartera tur\u00edstica, que adem\u00e1s precis\u00f3 que las provincias que recibieron m\u00e1s visitas fueron, en ese orden, Buenos Aires, C\u00f3rdoba, Entre R\u00edos, Mendoza, R\u00edo Negro, Salta, Neuqu\u00e9n y San Luis. En tanto, las localidades con mayor n\u00famero de visitantes fueron Mar del Plata, el partido de la Costa, Carlos Paz, Bariloche, Villa Gesell, C\u00f3rdoba y Salta (capitales), Merlo (San Luis) y San Rafael y Mendoza en la provincia cuyana.<\/p>\n<p class=\"paragraph\">Seg\u00fan los datos del ministerio que encabeza\u00a0<b>Mat\u00edas Lammens<\/b>, el listado de 20 destinos m\u00e1s visitados se complet\u00f3 con Col\u00f3n (Entre R\u00edo), Miramar, Rosario, San Mart\u00edn de los Andes, Tandil, Santa Rosa de Calamuchita, Gualeguach\u00fa, Villa General Belgrano y Ushuaia.<\/p>\n<p class=\"paragraph\">\u201cA diferencia de otras \u00e9pocas, el argentino se qued\u00f3 a vacacionar en su pa\u00eds y hubo muy poco turismo internacional por el cierre de fronteras\u201d, dice el informe de CAME, que precisa que ya el lunes pasado era dif\u00edcil conseguir alojamiento en algunos destinos.<\/p>\n<p class=\"paragraph\"><b>Naturaleza<\/b><\/p>\n<div class=\"visual__image image_container\"><img loading=\"lazy\" decoding=\"async\" src=\"https:\/\/www.infobae.com\/new-resizer\/lbr4c2Ww4xBuwZqmV9NQMAjuoxY=\/420x315\/filters:format(jpg):quality(85)\/arc-anglerfish-arc2-prod-infobae.s3.amazonaws.com\/public\/X2PZDRNTNFDZHJVLZWTFAOTRPM\" sizes=\"auto, (min-width: 800px) 50vw, 90vw\" srcset=\"https:\/\/www.infobae.com\/new-resizer\/lbr4c2Ww4xBuwZqmV9NQMAjuoxY=\/420x315\/filters:format(jpg):quality(85)\/arc-anglerfish-arc2-prod-infobae.s3.amazonaws.com\/public\/X2PZDRNTNFDZHJVLZWTFAOTRPM 420w,https:\/\/www.infobae.com\/new-resizer\/piqJW1-Sxd125Pe4wHKY2xuOlEQ=\/768x576\/filters:format(jpg):quality(85)\/arc-anglerfish-arc2-prod-infobae.s3.amazonaws.com\/public\/X2PZDRNTNFDZHJVLZWTFAOTRPM 768w,https:\/\/www.infobae.com\/new-resizer\/XlwvUKHAm9kfbMu8vOcxwtGI1R0=\/992x744\/filters:format(jpg):quality(85)\/arc-anglerfish-arc2-prod-infobae.s3.amazonaws.com\/public\/X2PZDRNTNFDZHJVLZWTFAOTRPM 992w,https:\/\/www.infobae.com\/new-resizer\/Krn5fr7wpkyXLT6DoEAMGnAyC_s=\/1200x900\/filters:format(jpg):quality(85)\/arc-anglerfish-arc2-prod-infobae.s3.amazonaws.com\/public\/X2PZDRNTNFDZHJVLZWTFAOTRPM 1200w\" alt=\"El Centro C\u00edvico de Bariloche, la ciudad m\u00e1s visitada de la Patagonia\" width=\"600\" height=\"450\" \/>El Centro C\u00edvico de Bariloche, la ciudad m\u00e1s visitada de la Patagonia<\/div>\n<p class=\"paragraph\">Otra caracter\u00edstica del \u00faltimo moj\u00f3n tur\u00edstico veraniego-oto\u00f1al fue que los \u201cdestinos de naturaleza\u201d tuvieron mejor afluencia de visitantes y que hubo buena respuesta a la oferta informal de servicios, lo que perjudic\u00f3 a los prestadores legales, que vienen de soportar un a\u00f1o sin turismo. Tambi\u00e9n dominaron los viajes de cercan\u00eda, con movilidad propia, en grupos reducidos, familiares o de confianza. Las actividades recreativas sobresalientes fueron caminatas, kayak, pesca deportiva, cicloturismo, mountain bike, cabalgatas y visitas a fincas productivas, sobre todo en R\u00edo Negro, C\u00f3rdoba, Bariloche y el Litoral.<\/p>\n<p class=\"paragraph\">Por distrito, el informe de CAME destaca que<b>\u00a0en el caso de la Provincia de Buenos Aires el 30% de los turistas eligi\u00f3 destinos del distrito, algo que se ya se hab\u00eda visto el mi\u00e9rcoles por la tarde, cuando 2.100 autos por hora circulaban por la Ruta 2 seg\u00fan datos del peaje Samboromb\u00f3n.<\/b>\u00a0En Mar del Plata la ocupaci\u00f3n fue buena, al igual que en Caril\u00f3, Vila Gesell, Mar de las Pampas o Pinamar, con premiencia de alquiler de casas o caba\u00f1as. En el interior bonaerense, la ciudad m\u00e1s visitada fue Tandil, con una ocupaci\u00f3n similar al fin de semana de Carnaval. Tambi\u00e9n hubo buena cantidad de visitas y actividades en Sierra de la Ventana, Villa Ventana, Tigre, San Pedro, y Chascom\u00fas.<\/p>\n<blockquote class=\"color_figcaption\">\n<div class=\"text\">Predominaron los viajes de cercan\u00eda, con movilidad propia, en grupos reducidos, familiares o de confianza. Las actividades recreativas sobresalientes fueron caminatas, kayak, pesca deportiva, cicloturismo, mountain bike, cabalgatas y visitas a fincas productivas<\/div>\n<\/blockquote>\n<p class=\"paragraph\">En Misiones, el parque tem\u00e1tico de la Cruz de Santa Ana abri\u00f3 las puertase Iguaz\u00fa se movi\u00f3 con niveles de ocupaci\u00f3n buenos, con hoteles que llegaron al 100% de ocupaci\u00f3n, gracias en parte a que se ampli\u00f3 el cupo de visitantes para el Parque Nacional y 5 mil personas por d\u00eda pudieron recorrer las Cataratas.<\/p>\n<p class=\"paragraph\"><b>C\u00f3rdoba recibi\u00f3 turistas de todo el pa\u00eds<\/b>, con muy altos niveles de ocupaci\u00f3n en Valle de Punilla, Villa Carlos Paz, La Cumbre, La Falda, Capilla del Monte, Huerta Grande y Valle Hermoso. Las reservas promediaron el 90% y el gasto promedio diario del visitante rond\u00f3 los $3.500, incluyendo transporte y alojamiento.<\/p>\n<p class=\"paragraph\"><mark class=\"hl_yellow\">En Mendoza se ocuparon m\u00e1s de 35 mil plazas, tanto por turistas como excursionistas en visita a parientes y amigos, por lo que la falta de turismo fronterizo fue compensada con las visitas locales.<\/mark><\/p>\n<p class=\"paragraph\">La cercan\u00eda con la Capital Federal favoreci\u00f3 a Entre R\u00edos: 85.000 turistas ingresaron al territorio solo durante el Jueves Santo, lo que incluy\u00f3 ingresos por el T\u00fanel Subfluvial Hernandarias, que la conecta con Santa Fe, y el puente Brazo Largo. El flujo de ingresos se mantuvo e hizo que la provincia tuviera ocupaci\u00f3n casi completa, tanto de hoteles, como de caba\u00f1as y apartamentos.<\/p>\n<p class=\"paragraph\"><b>Norte y Sur<\/b><\/p>\n<div class=\"visual__image image_container\"><img loading=\"lazy\" decoding=\"async\" src=\"https:\/\/www.infobae.com\/new-resizer\/JubxKCbPIQevItTnZDXlf8t6irc=\/420x280\/filters:format(jpg):quality(85)\/cloudfront-us-east-1.images.arcpublishing.com\/infobae\/CDP2RA44E5ACHAKMX2BWY37XWU.jpg\" sizes=\"auto, (min-width: 800px) 50vw, 90vw\" srcset=\"https:\/\/www.infobae.com\/new-resizer\/JubxKCbPIQevItTnZDXlf8t6irc=\/420x280\/filters:format(jpg):quality(85)\/cloudfront-us-east-1.images.arcpublishing.com\/infobae\/CDP2RA44E5ACHAKMX2BWY37XWU.jpg 420w,https:\/\/www.infobae.com\/new-resizer\/Xm0AyVGKMwuA0AXggVs_l0D-uro=\/768x512\/filters:format(jpg):quality(85)\/cloudfront-us-east-1.images.arcpublishing.com\/infobae\/CDP2RA44E5ACHAKMX2BWY37XWU.jpg 768w,https:\/\/www.infobae.com\/new-resizer\/9fYsS6iU0GPmtmry1EmUQ7pj98Y=\/992x661\/filters:format(jpg):quality(85)\/cloudfront-us-east-1.images.arcpublishing.com\/infobae\/CDP2RA44E5ACHAKMX2BWY37XWU.jpg 992w,https:\/\/www.infobae.com\/new-resizer\/j5zzFYKzuuKUG5m6GqrZ6JmvFd0=\/1200x800\/filters:format(jpg):quality(85)\/cloudfront-us-east-1.images.arcpublishing.com\/infobae\/CDP2RA44E5ACHAKMX2BWY37XWU.jpg 1200w\" alt=\"El estilo antiguo y las tradiciones religiosas convocaron a muchos turistas a Salta, Tucum\u00e1n y Jujuy\" width=\"1920\" height=\"1281\" \/>El estilo antiguo y las tradiciones religiosas convocaron a muchos turistas a Salta, Tucum\u00e1n y Jujuy<\/div>\n<p class=\"paragraph\">Salta fue otro destino, con una caracter\u00edstica que le juego a favor: su tradici\u00f3n religiosa. Las ciudades m\u00e1s visitas fueron la ciudad capital, Cafayate, Cachi y Coronel Moldes, con buenos niveles de ocupaci\u00f3n. Tucum\u00e1n tuvo un buen movimiento de turistas y excursionistas, convocados en parte, al igual que en Salta, por los eventos religiosos, en n\u00facleos familiares y desde provincias vecinas. Las localidades m\u00e1s visitas fueron San Miguel de Tucum\u00e1n, Taf\u00ed del Valle, Yerba Buena, y San Javier. Jujuy, en cambio, tuvo un movimiento medio, con un pernocte promedio de 2,5 d\u00edas, gracias al influjo de turistas de Buenos Aires y la propia regi\u00f3n NOA. Aqu\u00ed tambi\u00e9n sum\u00f3 visitas el turismo religioso.<\/p>\n<p class=\"paragraph\">A Tierra del Fuego le sigui\u00f3 faltando el turismo internacional, clave para ese destino y Santa Fe tuvo, al igual que Tucum\u00e1n, movimientos de cercan\u00eda, al punto de lograr ser una de las 10 provincias m\u00e1s elegidas. All\u00ed funcion\u00f3 la \u201cBilletera Santa Fe\u201d, una App para pagar mediante el c\u00f3digo QR.<\/p>\n<p class=\"paragraph\">En el Sur, Neuqu\u00e9n tuvo \u201cun gran fin de semana, con m\u00e1s de un 80% de ocupaci\u00f3n\u201d, dice el informe de CAME, que destac\u00f3 a San Mart\u00edn y Jun\u00edn de los Andes como los lugares m\u00e1s elegidos. R\u00edo Negro cont\u00f3 con el im\u00e1n de Bariloche , adonde llegaron unos 15.000 turistas que ocuparon 70% de su capacidad. Y en Chubut los polos m\u00e1s visitados fueron Esquel, en la cordillera, y Puerto Madryn, en la costa.<\/p>\n<p class=\"paragraph\">Por \u00faltimo, la Ciudad de Buenos Aire que al igual que Ushuaia sigue extra\u00f1ando mucho el turismo internacional, recibi\u00f3 excursionistas de la provincia de Buenos Aires y el conurbano y visitantes de Entre R\u00edos, Santa Fe y C\u00f3rdoba principalmente. La Ciudad promocion\u00f3 el \u201cTurismo en barrios\u201d con circuitos al aire libre peregrinando por distintos barrios y propuestas de turismo \u201ca cielo abierto\u201d, con paseos en bicicleta o a pie, visitas al Barrio Chino y la cancha de River y la apreciaci\u00f3n de murales y esculturas hist\u00f3ricas.<\/p>\n<p class=\"paragraph\">En todos los destinos, tanto turistas como excursionistas le huyeron a los lugares cerrados.<\/p>\n","protected":false},"excerpt":{"rendered":"<p>Seg\u00fan una encuesta de la CAME, ayud\u00f3 el clima, que esta vez Semana Santa cayera a principio de mes y el temor a que los destinos vuelvan a cerrarse. Las provincias y localidades m\u00e1s visitadas, c\u00f3mo y por qu\u00e9<\/p>\n","protected":false},"author":3,"featured_media":0,"comment_status":"closed","ping_status":"open","sticky":false,"template":"","format":"standard","meta":{"footnotes":""},"categories":[25],"tags":[],"class_list":["post-54907","post","type-post","status-publish","format-standard","hentry","category-uncategorized"],"yoast_head":"<!-- This site is optimized with the Yoast SEO plugin v25.9 - https:\/\/yoast.com\/wordpress\/plugins\/seo\/ -->\n<title>Entre turistas y excursionistas, 4,2 millones de personas se movilizaron el fin de semana largo: gastaron m\u00e1s de $ 14.000 millones en 4 d\u00edas - Noticias Radio Reflejos<\/title>\n<meta name=\"robots\" content=\"index, follow, max-snippet:-1, max-image-preview:large, max-video-preview:-1\" \/>\n<link rel=\"canonical\" href=\"https:\/\/www.noticiasradioreflejos.com.ar\/2021\/entre-turistas-y-excursionistas-42-millones-de-personas-se-movilizaron-el-fin-de-semana-largo-gastaron-mas-de-14-000-millones-en-4-dias\/\" \/>\n<meta property=\"og:locale\" content=\"es_ES\" \/>\n<meta property=\"og:type\" content=\"article\" \/>\n<meta property=\"og:title\" content=\"Entre turistas y excursionistas, 4,2 millones de personas se movilizaron el fin de semana largo: gastaron m\u00e1s de $ 14.000 millones en 4 d\u00edas - Noticias Radio Reflejos\" \/>\n<meta property=\"og:description\" content=\"Seg\u00fan una encuesta de la CAME, ayud\u00f3 el clima, que esta vez Semana Santa cayera a principio de mes y el temor a que los destinos vuelvan a cerrarse. Las provincias y localidades m\u00e1s visitadas, c\u00f3mo y por qu\u00e9\" \/>\n<meta property=\"og:url\" content=\"https:\/\/www.noticiasradioreflejos.com.ar\/2021\/entre-turistas-y-excursionistas-42-millones-de-personas-se-movilizaron-el-fin-de-semana-largo-gastaron-mas-de-14-000-millones-en-4-dias\/\" \/>\n<meta property=\"og:site_name\" content=\"Noticias Radio Reflejos\" \/>\n<meta property=\"article:published_time\" content=\"2021-04-04T18:47:22+00:00\" \/>\n<meta property=\"og:image\" content=\"https:\/\/www.infobae.com\/new-resizer\/S9V4XGjJF6PdQXEOuz2qRmjO38Y=\/420x280\/filters:format(jpg):quality(85)\/cloudfront-us-east-1.images.arcpublishing.com\/infobae\/V5CIELRQPJHBBP7EGEY6PUSF7Q.jpg\" \/>\n<meta name=\"author\" content=\"Arnaldo Botto\" \/>\n<meta name=\"twitter:card\" content=\"summary_large_image\" \/>\n<script type=\"application\/ld+json\" class=\"yoast-schema-graph\">{\"@context\":\"https:\/\/schema.org\",\"@graph\":[{\"@type\":\"WebPage\",\"@id\":\"https:\/\/www.noticiasradioreflejos.com.ar\/2021\/entre-turistas-y-excursionistas-42-millones-de-personas-se-movilizaron-el-fin-de-semana-largo-gastaron-mas-de-14-000-millones-en-4-dias\/\",\"url\":\"https:\/\/www.noticiasradioreflejos.com.ar\/2021\/entre-turistas-y-excursionistas-42-millones-de-personas-se-movilizaron-el-fin-de-semana-largo-gastaron-mas-de-14-000-millones-en-4-dias\/\",\"name\":\"Entre turistas y excursionistas, 4,2 millones de personas se movilizaron el fin de semana largo: gastaron m\u00e1s de $ 14.000 millones en 4 d\u00edas - Noticias Radio Reflejos\",\"isPartOf\":{\"@id\":\"https:\/\/www.noticiasradioreflejos.com.ar\/2021\/#website\"},\"primaryImageOfPage\":{\"@id\":\"https:\/\/www.noticiasradioreflejos.com.ar\/2021\/entre-turistas-y-excursionistas-42-millones-de-personas-se-movilizaron-el-fin-de-semana-largo-gastaron-mas-de-14-000-millones-en-4-dias\/#primaryimage\"},\"image\":{\"@id\":\"https:\/\/www.noticiasradioreflejos.com.ar\/2021\/entre-turistas-y-excursionistas-42-millones-de-personas-se-movilizaron-el-fin-de-semana-largo-gastaron-mas-de-14-000-millones-en-4-dias\/#primaryimage\"},\"thumbnailUrl\":\"https:\/\/www.infobae.com\/new-resizer\/S9V4XGjJF6PdQXEOuz2qRmjO38Y=\/420x280\/filters:format(jpg):quality(85)\/cloudfront-us-east-1.images.arcpublishing.com\/infobae\/V5CIELRQPJHBBP7EGEY6PUSF7Q.jpg\",\"datePublished\":\"2021-04-04T18:47:22+00:00\",\"author\":{\"@id\":\"https:\/\/www.noticiasradioreflejos.com.ar\/2021\/#\/schema\/person\/ad82545263dcc5ec0996818884fd5fb1\"},\"breadcrumb\":{\"@id\":\"https:\/\/www.noticiasradioreflejos.com.ar\/2021\/entre-turistas-y-excursionistas-42-millones-de-personas-se-movilizaron-el-fin-de-semana-largo-gastaron-mas-de-14-000-millones-en-4-dias\/#breadcrumb\"},\"inLanguage\":\"es\",\"potentialAction\":[{\"@type\":\"ReadAction\",\"target\":[\"https:\/\/www.noticiasradioreflejos.com.ar\/2021\/entre-turistas-y-excursionistas-42-millones-de-personas-se-movilizaron-el-fin-de-semana-largo-gastaron-mas-de-14-000-millones-en-4-dias\/\"]}]},{\"@type\":\"ImageObject\",\"inLanguage\":\"es\",\"@id\":\"https:\/\/www.noticiasradioreflejos.com.ar\/2021\/entre-turistas-y-excursionistas-42-millones-de-personas-se-movilizaron-el-fin-de-semana-largo-gastaron-mas-de-14-000-millones-en-4-dias\/#primaryimage\",\"url\":\"https:\/\/www.infobae.com\/new-resizer\/S9V4XGjJF6PdQXEOuz2qRmjO38Y=\/420x280\/filters:format(jpg):quality(85)\/cloudfront-us-east-1.images.arcpublishing.com\/infobae\/V5CIELRQPJHBBP7EGEY6PUSF7Q.jpg\",\"contentUrl\":\"https:\/\/www.infobae.com\/new-resizer\/S9V4XGjJF6PdQXEOuz2qRmjO38Y=\/420x280\/filters:format(jpg):quality(85)\/cloudfront-us-east-1.images.arcpublishing.com\/infobae\/V5CIELRQPJHBBP7EGEY6PUSF7Q.jpg\"},{\"@type\":\"BreadcrumbList\",\"@id\":\"https:\/\/www.noticiasradioreflejos.com.ar\/2021\/entre-turistas-y-excursionistas-42-millones-de-personas-se-movilizaron-el-fin-de-semana-largo-gastaron-mas-de-14-000-millones-en-4-dias\/#breadcrumb\",\"itemListElement\":[{\"@type\":\"ListItem\",\"position\":1,\"name\":\"Portada\",\"item\":\"https:\/\/www.noticiasradioreflejos.com.ar\/2021\/\"},{\"@type\":\"ListItem\",\"position\":2,\"name\":\"Entre turistas y excursionistas, 4,2 millones de personas se movilizaron el fin de semana largo: gastaron m\u00e1s de $ 14.000 millones en 4 d\u00edas\"}]},{\"@type\":\"WebSite\",\"@id\":\"https:\/\/www.noticiasradioreflejos.com.ar\/2021\/#website\",\"url\":\"https:\/\/www.noticiasradioreflejos.com.ar\/2021\/\",\"name\":\"Noticias Radio Reflejos\",\"description\":\"Las noticias de mi comarca\",\"potentialAction\":[{\"@type\":\"SearchAction\",\"target\":{\"@type\":\"EntryPoint\",\"urlTemplate\":\"https:\/\/www.noticiasradioreflejos.com.ar\/2021\/?s={search_term_string}\"},\"query-input\":{\"@type\":\"PropertyValueSpecification\",\"valueRequired\":true,\"valueName\":\"search_term_string\"}}],\"inLanguage\":\"es\"},{\"@type\":\"Person\",\"@id\":\"https:\/\/www.noticiasradioreflejos.com.ar\/2021\/#\/schema\/person\/ad82545263dcc5ec0996818884fd5fb1\",\"name\":\"Arnaldo Botto\",\"image\":{\"@type\":\"ImageObject\",\"inLanguage\":\"es\",\"@id\":\"https:\/\/www.noticiasradioreflejos.com.ar\/2021\/#\/schema\/person\/image\/\",\"url\":\"https:\/\/secure.gravatar.com\/avatar\/55cb5e37c1efa326397366e6974cb338056df65cb50e7d64d1cf314e87504837?s=96&d=mm&r=g\",\"contentUrl\":\"https:\/\/secure.gravatar.com\/avatar\/55cb5e37c1efa326397366e6974cb338056df65cb50e7d64d1cf314e87504837?s=96&d=mm&r=g\",\"caption\":\"Arnaldo Botto\"},\"url\":\"https:\/\/www.noticiasradioreflejos.com.ar\/2021\/author\/arnaldo\/\"}]}<\/script>\n<!-- \/ Yoast SEO plugin. -->","yoast_head_json":{"title":"Entre turistas y excursionistas, 4,2 millones de personas se movilizaron el fin de semana largo: gastaron m\u00e1s de $ 14.000 millones en 4 d\u00edas - Noticias Radio Reflejos","robots":{"index":"index","follow":"follow","max-snippet":"max-snippet:-1","max-image-preview":"max-image-preview:large","max-video-preview":"max-video-preview:-1"},"canonical":"https:\/\/www.noticiasradioreflejos.com.ar\/2021\/entre-turistas-y-excursionistas-42-millones-de-personas-se-movilizaron-el-fin-de-semana-largo-gastaron-mas-de-14-000-millones-en-4-dias\/","og_locale":"es_ES","og_type":"article","og_title":"Entre turistas y excursionistas, 4,2 millones de personas se movilizaron el fin de semana largo: gastaron m\u00e1s de $ 14.000 millones en 4 d\u00edas - Noticias Radio Reflejos","og_description":"Seg\u00fan una encuesta de la CAME, ayud\u00f3 el clima, que esta vez Semana Santa cayera a principio de mes y el temor a que los destinos vuelvan a cerrarse. Las provincias y localidades m\u00e1s visitadas, c\u00f3mo y por qu\u00e9","og_url":"https:\/\/www.noticiasradioreflejos.com.ar\/2021\/entre-turistas-y-excursionistas-42-millones-de-personas-se-movilizaron-el-fin-de-semana-largo-gastaron-mas-de-14-000-millones-en-4-dias\/","og_site_name":"Noticias Radio Reflejos","article_published_time":"2021-04-04T18:47:22+00:00","og_image":[{"url":"https:\/\/www.infobae.com\/new-resizer\/S9V4XGjJF6PdQXEOuz2qRmjO38Y=\/420x280\/filters:format(jpg):quality(85)\/cloudfront-us-east-1.images.arcpublishing.com\/infobae\/V5CIELRQPJHBBP7EGEY6PUSF7Q.jpg","type":"","width":"","height":""}],"author":"Arnaldo Botto","twitter_card":"summary_large_image","schema":{"@context":"https:\/\/schema.org","@graph":[{"@type":"WebPage","@id":"https:\/\/www.noticiasradioreflejos.com.ar\/2021\/entre-turistas-y-excursionistas-42-millones-de-personas-se-movilizaron-el-fin-de-semana-largo-gastaron-mas-de-14-000-millones-en-4-dias\/","url":"https:\/\/www.noticiasradioreflejos.com.ar\/2021\/entre-turistas-y-excursionistas-42-millones-de-personas-se-movilizaron-el-fin-de-semana-largo-gastaron-mas-de-14-000-millones-en-4-dias\/","name":"Entre turistas y excursionistas, 4,2 millones de personas se movilizaron el fin de semana largo: gastaron m\u00e1s de $ 14.000 millones en 4 d\u00edas - Noticias Radio Reflejos","isPartOf":{"@id":"https:\/\/www.noticiasradioreflejos.com.ar\/2021\/#website"},"primaryImageOfPage":{"@id":"https:\/\/www.noticiasradioreflejos.com.ar\/2021\/entre-turistas-y-excursionistas-42-millones-de-personas-se-movilizaron-el-fin-de-semana-largo-gastaron-mas-de-14-000-millones-en-4-dias\/#primaryimage"},"image":{"@id":"https:\/\/www.noticiasradioreflejos.com.ar\/2021\/entre-turistas-y-excursionistas-42-millones-de-personas-se-movilizaron-el-fin-de-semana-largo-gastaron-mas-de-14-000-millones-en-4-dias\/#primaryimage"},"thumbnailUrl":"https:\/\/www.infobae.com\/new-resizer\/S9V4XGjJF6PdQXEOuz2qRmjO38Y=\/420x280\/filters:format(jpg):quality(85)\/cloudfront-us-east-1.images.arcpublishing.com\/infobae\/V5CIELRQPJHBBP7EGEY6PUSF7Q.jpg","datePublished":"2021-04-04T18:47:22+00:00","author":{"@id":"https:\/\/www.noticiasradioreflejos.com.ar\/2021\/#\/schema\/person\/ad82545263dcc5ec0996818884fd5fb1"},"breadcrumb":{"@id":"https:\/\/www.noticiasradioreflejos.com.ar\/2021\/entre-turistas-y-excursionistas-42-millones-de-personas-se-movilizaron-el-fin-de-semana-largo-gastaron-mas-de-14-000-millones-en-4-dias\/#breadcrumb"},"inLanguage":"es","potentialAction":[{"@type":"ReadAction","target":["https:\/\/www.noticiasradioreflejos.com.ar\/2021\/entre-turistas-y-excursionistas-42-millones-de-personas-se-movilizaron-el-fin-de-semana-largo-gastaron-mas-de-14-000-millones-en-4-dias\/"]}]},{"@type":"ImageObject","inLanguage":"es","@id":"https:\/\/www.noticiasradioreflejos.com.ar\/2021\/entre-turistas-y-excursionistas-42-millones-de-personas-se-movilizaron-el-fin-de-semana-largo-gastaron-mas-de-14-000-millones-en-4-dias\/#primaryimage","url":"https:\/\/www.infobae.com\/new-resizer\/S9V4XGjJF6PdQXEOuz2qRmjO38Y=\/420x280\/filters:format(jpg):quality(85)\/cloudfront-us-east-1.images.arcpublishing.com\/infobae\/V5CIELRQPJHBBP7EGEY6PUSF7Q.jpg","contentUrl":"https:\/\/www.infobae.com\/new-resizer\/S9V4XGjJF6PdQXEOuz2qRmjO38Y=\/420x280\/filters:format(jpg):quality(85)\/cloudfront-us-east-1.images.arcpublishing.com\/infobae\/V5CIELRQPJHBBP7EGEY6PUSF7Q.jpg"},{"@type":"BreadcrumbList","@id":"https:\/\/www.noticiasradioreflejos.com.ar\/2021\/entre-turistas-y-excursionistas-42-millones-de-personas-se-movilizaron-el-fin-de-semana-largo-gastaron-mas-de-14-000-millones-en-4-dias\/#breadcrumb","itemListElement":[{"@type":"ListItem","position":1,"name":"Portada","item":"https:\/\/www.noticiasradioreflejos.com.ar\/2021\/"},{"@type":"ListItem","position":2,"name":"Entre turistas y excursionistas, 4,2 millones de personas se movilizaron el fin de semana largo: gastaron m\u00e1s de $ 14.000 millones en 4 d\u00edas"}]},{"@type":"WebSite","@id":"https:\/\/www.noticiasradioreflejos.com.ar\/2021\/#website","url":"https:\/\/www.noticiasradioreflejos.com.ar\/2021\/","name":"Noticias Radio Reflejos","description":"Las noticias de mi comarca","potentialAction":[{"@type":"SearchAction","target":{"@type":"EntryPoint","urlTemplate":"https:\/\/www.noticiasradioreflejos.com.ar\/2021\/?s={search_term_string}"},"query-input":{"@type":"PropertyValueSpecification","valueRequired":true,"valueName":"search_term_string"}}],"inLanguage":"es"},{"@type":"Person","@id":"https:\/\/www.noticiasradioreflejos.com.ar\/2021\/#\/schema\/person\/ad82545263dcc5ec0996818884fd5fb1","name":"Arnaldo Botto","image":{"@type":"ImageObject","inLanguage":"es","@id":"https:\/\/www.noticiasradioreflejos.com.ar\/2021\/#\/schema\/person\/image\/","url":"https:\/\/secure.gravatar.com\/avatar\/55cb5e37c1efa326397366e6974cb338056df65cb50e7d64d1cf314e87504837?s=96&d=mm&r=g","contentUrl":"https:\/\/secure.gravatar.com\/avatar\/55cb5e37c1efa326397366e6974cb338056df65cb50e7d64d1cf314e87504837?s=96&d=mm&r=g","caption":"Arnaldo Botto"},"url":"https:\/\/www.noticiasradioreflejos.com.ar\/2021\/author\/arnaldo\/"}]}},"_links":{"self":[{"href":"https:\/\/www.noticiasradioreflejos.com.ar\/2021\/wp-json\/wp\/v2\/posts\/54907","targetHints":{"allow":["GET"]}}],"collection":[{"href":"https:\/\/www.noticiasradioreflejos.com.ar\/2021\/wp-json\/wp\/v2\/posts"}],"about":[{"href":"https:\/\/www.noticiasradioreflejos.com.ar\/2021\/wp-json\/wp\/v2\/types\/post"}],"author":[{"embeddable":true,"href":"https:\/\/www.noticiasradioreflejos.com.ar\/2021\/wp-json\/wp\/v2\/users\/3"}],"replies":[{"embeddable":true,"href":"https:\/\/www.noticiasradioreflejos.com.ar\/2021\/wp-json\/wp\/v2\/comments?post=54907"}],"version-history":[{"count":0,"href":"https:\/\/www.noticiasradioreflejos.com.ar\/2021\/wp-json\/wp\/v2\/posts\/54907\/revisions"}],"wp:attachment":[{"href":"https:\/\/www.noticiasradioreflejos.com.ar\/2021\/wp-json\/wp\/v2\/media?parent=54907"}],"wp:term":[{"taxonomy":"category","embeddable":true,"href":"https:\/\/www.noticiasradioreflejos.com.ar\/2021\/wp-json\/wp\/v2\/categories?post=54907"},{"taxonomy":"post_tag","embeddable":true,"href":"https:\/\/www.noticiasradioreflejos.com.ar\/2021\/wp-json\/wp\/v2\/tags?post=54907"}],"curies":[{"name":"wp","href":"https:\/\/api.w.org\/{rel}","templated":true}]}}