{"id":54904,"date":"2021-04-04T15:40:30","date_gmt":"2021-04-04T18:40:30","guid":{"rendered":"http:\/\/www.noticiasradioreflejos.com.ar\/noticias\/?p=54904"},"modified":"2021-04-04T15:40:30","modified_gmt":"2021-04-04T18:40:30","slug":"grave-accidente-en-ruta-67-una-mujer-perdio-la-vida-en-el-choque-entre-dos-vehiculos","status":"publish","type":"post","link":"https:\/\/www.noticiasradioreflejos.com.ar\/2021\/grave-accidente-en-ruta-67-una-mujer-perdio-la-vida-en-el-choque-entre-dos-vehiculos\/","title":{"rendered":"\u00a0Grave accidente en Ruta 67: Una mujer perd\u00edo la vida en el choque entre dos veh\u00edculos"},"content":{"rendered":"<h1><\/h1>\n<p>Una mujer perdi\u00f3 la vida en un choque a 3000 metros de Coronel Su\u00e1rez Minutos antes de las 11.30 del domingo se produjo un choque entre dos veh\u00edculos en la Ruta 67 a 3000 metros del cruce de la rotonda de la Ruta 85.<!--more--><\/p>\n<p>Por causas que son motivo de investigaci\u00f3n, impactaron violentamente de forma frontal una Renault Duster patente AC 965 MQ y un Peugeot 208 patente PMR 263.<\/p>\n<p>Como consecuencia del impacto la Duster, cuyo conductor presuntamente se descompens\u00f3 y perdi\u00f3 el control del rodado causando el choque, termin\u00f3 volcada sobre la banquina, a la par del segundo auto siniestrado.<\/p>\n<p>Se confirm\u00f3 en el lugar del hecho el fallecimiento de la conductora del Peugeot 208 identificada como <strong>Graciela Leonhart<\/strong>, en tanto que su acompa\u00f1ante, <strong>Nicol\u00e1s Schmeigel<\/strong> de 34 a\u00f1os fue trasladado preventivamente en una ambulancia del SAME al Hospital Municipal \u00abDr. Ra\u00fal Caccavo\u00bb para recibir atenci\u00f3n m\u00e9dica, al igual que <strong>H\u00e9ctor Miguel Chiappara<\/strong>, de 61 a\u00f1os domiciliado en Arroyo Corto, conductor de la Duster, certificando en ambos casos luego lesiones de car\u00e1cter leves.<\/p>\n<p>En el lugar trabajaron bomberos voluntarios y Polic\u00eda Comunal, Polic\u00eda Cient\u00edfica y el Ayudante de Fiscal local Dr. Facundo Indart qui\u00e9n dispuso retirar el cuerpo de la v\u00edctima y llevar a cabo la autopsia por parte de la m\u00e9dica de polic\u00eda de turno, Dra. Jacquelina Killian.<\/p>\n<p>Se instruyen actuaciones judiciales caratuladas \u00abHomicidio y lesiones culposas por accidente\u00bb con intervenci\u00f3n de la UFIJ 1 de Bah\u00eda Blanca.<\/p>\n","protected":false},"excerpt":{"rendered":"<p>Una mujer perdi\u00f3 la vida en un choque a 3000 metros de Coronel Su\u00e1rez Minutos antes de las 11.30 del domingo se produjo un choque entre dos veh\u00edculos en la Ruta 67 a 3000 metros del cruce de la rotonda de la Ruta 85.<\/p>\n","protected":false},"author":3,"featured_media":0,"comment_status":"closed","ping_status":"open","sticky":false,"template":"","format":"standard","meta":{"footnotes":""},"categories":[29],"tags":[],"class_list":["post-54904","post","type-post","status-publish","format-standard","hentry","category-policiales"],"yoast_head":"<!-- This site is optimized with the Yoast SEO plugin v25.9 - https:\/\/yoast.com\/wordpress\/plugins\/seo\/ -->\n<title>\u00a0Grave accidente en Ruta 67: Una mujer perd\u00edo la vida en el choque entre dos veh\u00edculos - Noticias Radio Reflejos<\/title>\n<meta name=\"robots\" content=\"index, follow, max-snippet:-1, max-image-preview:large, max-video-preview:-1\" \/>\n<link rel=\"canonical\" href=\"https:\/\/www.noticiasradioreflejos.com.ar\/2021\/grave-accidente-en-ruta-67-una-mujer-perdio-la-vida-en-el-choque-entre-dos-vehiculos\/\" \/>\n<meta property=\"og:locale\" content=\"es_ES\" \/>\n<meta property=\"og:type\" content=\"article\" \/>\n<meta property=\"og:title\" content=\"\u00a0Grave accidente en Ruta 67: Una mujer perd\u00edo la vida en el choque entre dos veh\u00edculos - Noticias Radio Reflejos\" \/>\n<meta property=\"og:description\" content=\"Una mujer perdi\u00f3 la vida en un choque a 3000 metros de Coronel Su\u00e1rez Minutos antes de las 11.30 del domingo se produjo un choque entre dos veh\u00edculos en la Ruta 67 a 3000 metros del cruce de la rotonda de la Ruta 85.\" \/>\n<meta property=\"og:url\" content=\"https:\/\/www.noticiasradioreflejos.com.ar\/2021\/grave-accidente-en-ruta-67-una-mujer-perdio-la-vida-en-el-choque-entre-dos-vehiculos\/\" \/>\n<meta property=\"og:site_name\" content=\"Noticias Radio Reflejos\" \/>\n<meta property=\"article:published_time\" content=\"2021-04-04T18:40:30+00:00\" \/>\n<meta property=\"og:image\" content=\"https:\/\/www.noticiasradioreflejos.com.ar\/2021\/wp-content\/uploads\/2021\/07\/logosol300x200.png\" \/>\n\t<meta property=\"og:image:width\" content=\"300\" \/>\n\t<meta property=\"og:image:height\" content=\"200\" \/>\n\t<meta property=\"og:image:type\" content=\"image\/png\" \/>\n<meta name=\"author\" content=\"Arnaldo Botto\" \/>\n<meta name=\"twitter:card\" content=\"summary_large_image\" \/>\n<script type=\"application\/ld+json\" class=\"yoast-schema-graph\">{\"@context\":\"https:\/\/schema.org\",\"@graph\":[{\"@type\":\"WebPage\",\"@id\":\"https:\/\/www.noticiasradioreflejos.com.ar\/2021\/grave-accidente-en-ruta-67-una-mujer-perdio-la-vida-en-el-choque-entre-dos-vehiculos\/\",\"url\":\"https:\/\/www.noticiasradioreflejos.com.ar\/2021\/grave-accidente-en-ruta-67-una-mujer-perdio-la-vida-en-el-choque-entre-dos-vehiculos\/\",\"name\":\"\u00a0Grave accidente en Ruta 67: Una mujer perd\u00edo la vida en el choque entre dos veh\u00edculos - Noticias Radio Reflejos\",\"isPartOf\":{\"@id\":\"https:\/\/www.noticiasradioreflejos.com.ar\/2021\/#website\"},\"datePublished\":\"2021-04-04T18:40:30+00:00\",\"author\":{\"@id\":\"https:\/\/www.noticiasradioreflejos.com.ar\/2021\/#\/schema\/person\/ad82545263dcc5ec0996818884fd5fb1\"},\"breadcrumb\":{\"@id\":\"https:\/\/www.noticiasradioreflejos.com.ar\/2021\/grave-accidente-en-ruta-67-una-mujer-perdio-la-vida-en-el-choque-entre-dos-vehiculos\/#breadcrumb\"},\"inLanguage\":\"es\",\"potentialAction\":[{\"@type\":\"ReadAction\",\"target\":[\"https:\/\/www.noticiasradioreflejos.com.ar\/2021\/grave-accidente-en-ruta-67-una-mujer-perdio-la-vida-en-el-choque-entre-dos-vehiculos\/\"]}]},{\"@type\":\"BreadcrumbList\",\"@id\":\"https:\/\/www.noticiasradioreflejos.com.ar\/2021\/grave-accidente-en-ruta-67-una-mujer-perdio-la-vida-en-el-choque-entre-dos-vehiculos\/#breadcrumb\",\"itemListElement\":[{\"@type\":\"ListItem\",\"position\":1,\"name\":\"Portada\",\"item\":\"https:\/\/www.noticiasradioreflejos.com.ar\/2021\/\"},{\"@type\":\"ListItem\",\"position\":2,\"name\":\"\u00a0Grave accidente en Ruta 67: Una mujer perd\u00edo la vida en el choque entre dos veh\u00edculos\"}]},{\"@type\":\"WebSite\",\"@id\":\"https:\/\/www.noticiasradioreflejos.com.ar\/2021\/#website\",\"url\":\"https:\/\/www.noticiasradioreflejos.com.ar\/2021\/\",\"name\":\"Noticias Radio Reflejos\",\"description\":\"Las noticias de mi comarca\",\"potentialAction\":[{\"@type\":\"SearchAction\",\"target\":{\"@type\":\"EntryPoint\",\"urlTemplate\":\"https:\/\/www.noticiasradioreflejos.com.ar\/2021\/?s={search_term_string}\"},\"query-input\":{\"@type\":\"PropertyValueSpecification\",\"valueRequired\":true,\"valueName\":\"search_term_string\"}}],\"inLanguage\":\"es\"},{\"@type\":\"Person\",\"@id\":\"https:\/\/www.noticiasradioreflejos.com.ar\/2021\/#\/schema\/person\/ad82545263dcc5ec0996818884fd5fb1\",\"name\":\"Arnaldo Botto\",\"image\":{\"@type\":\"ImageObject\",\"inLanguage\":\"es\",\"@id\":\"https:\/\/www.noticiasradioreflejos.com.ar\/2021\/#\/schema\/person\/image\/\",\"url\":\"https:\/\/secure.gravatar.com\/avatar\/55cb5e37c1efa326397366e6974cb338056df65cb50e7d64d1cf314e87504837?s=96&d=mm&r=g\",\"contentUrl\":\"https:\/\/secure.gravatar.com\/avatar\/55cb5e37c1efa326397366e6974cb338056df65cb50e7d64d1cf314e87504837?s=96&d=mm&r=g\",\"caption\":\"Arnaldo Botto\"},\"url\":\"https:\/\/www.noticiasradioreflejos.com.ar\/2021\/author\/arnaldo\/\"}]}<\/script>\n<!-- \/ Yoast SEO plugin. -->","yoast_head_json":{"title":"\u00a0Grave accidente en Ruta 67: Una mujer perd\u00edo la vida en el choque entre dos veh\u00edculos - Noticias Radio Reflejos","robots":{"index":"index","follow":"follow","max-snippet":"max-snippet:-1","max-image-preview":"max-image-preview:large","max-video-preview":"max-video-preview:-1"},"canonical":"https:\/\/www.noticiasradioreflejos.com.ar\/2021\/grave-accidente-en-ruta-67-una-mujer-perdio-la-vida-en-el-choque-entre-dos-vehiculos\/","og_locale":"es_ES","og_type":"article","og_title":"\u00a0Grave accidente en Ruta 67: Una mujer perd\u00edo la vida en el choque entre dos veh\u00edculos - Noticias Radio Reflejos","og_description":"Una mujer perdi\u00f3 la vida en un choque a 3000 metros de Coronel Su\u00e1rez Minutos antes de las 11.30 del domingo se produjo un choque entre dos veh\u00edculos en la Ruta 67 a 3000 metros del cruce de la rotonda de la Ruta 85.","og_url":"https:\/\/www.noticiasradioreflejos.com.ar\/2021\/grave-accidente-en-ruta-67-una-mujer-perdio-la-vida-en-el-choque-entre-dos-vehiculos\/","og_site_name":"Noticias Radio Reflejos","article_published_time":"2021-04-04T18:40:30+00:00","og_image":[{"width":300,"height":200,"url":"https:\/\/www.noticiasradioreflejos.com.ar\/2021\/wp-content\/uploads\/2021\/07\/logosol300x200.png","type":"image\/png"}],"author":"Arnaldo Botto","twitter_card":"summary_large_image","schema":{"@context":"https:\/\/schema.org","@graph":[{"@type":"WebPage","@id":"https:\/\/www.noticiasradioreflejos.com.ar\/2021\/grave-accidente-en-ruta-67-una-mujer-perdio-la-vida-en-el-choque-entre-dos-vehiculos\/","url":"https:\/\/www.noticiasradioreflejos.com.ar\/2021\/grave-accidente-en-ruta-67-una-mujer-perdio-la-vida-en-el-choque-entre-dos-vehiculos\/","name":"\u00a0Grave accidente en Ruta 67: Una mujer perd\u00edo la vida en el choque entre dos veh\u00edculos - Noticias Radio Reflejos","isPartOf":{"@id":"https:\/\/www.noticiasradioreflejos.com.ar\/2021\/#website"},"datePublished":"2021-04-04T18:40:30+00:00","author":{"@id":"https:\/\/www.noticiasradioreflejos.com.ar\/2021\/#\/schema\/person\/ad82545263dcc5ec0996818884fd5fb1"},"breadcrumb":{"@id":"https:\/\/www.noticiasradioreflejos.com.ar\/2021\/grave-accidente-en-ruta-67-una-mujer-perdio-la-vida-en-el-choque-entre-dos-vehiculos\/#breadcrumb"},"inLanguage":"es","potentialAction":[{"@type":"ReadAction","target":["https:\/\/www.noticiasradioreflejos.com.ar\/2021\/grave-accidente-en-ruta-67-una-mujer-perdio-la-vida-en-el-choque-entre-dos-vehiculos\/"]}]},{"@type":"BreadcrumbList","@id":"https:\/\/www.noticiasradioreflejos.com.ar\/2021\/grave-accidente-en-ruta-67-una-mujer-perdio-la-vida-en-el-choque-entre-dos-vehiculos\/#breadcrumb","itemListElement":[{"@type":"ListItem","position":1,"name":"Portada","item":"https:\/\/www.noticiasradioreflejos.com.ar\/2021\/"},{"@type":"ListItem","position":2,"name":"\u00a0Grave accidente en Ruta 67: Una mujer perd\u00edo la vida en el choque entre dos veh\u00edculos"}]},{"@type":"WebSite","@id":"https:\/\/www.noticiasradioreflejos.com.ar\/2021\/#website","url":"https:\/\/www.noticiasradioreflejos.com.ar\/2021\/","name":"Noticias Radio Reflejos","description":"Las noticias de mi comarca","potentialAction":[{"@type":"SearchAction","target":{"@type":"EntryPoint","urlTemplate":"https:\/\/www.noticiasradioreflejos.com.ar\/2021\/?s={search_term_string}"},"query-input":{"@type":"PropertyValueSpecification","valueRequired":true,"valueName":"search_term_string"}}],"inLanguage":"es"},{"@type":"Person","@id":"https:\/\/www.noticiasradioreflejos.com.ar\/2021\/#\/schema\/person\/ad82545263dcc5ec0996818884fd5fb1","name":"Arnaldo Botto","image":{"@type":"ImageObject","inLanguage":"es","@id":"https:\/\/www.noticiasradioreflejos.com.ar\/2021\/#\/schema\/person\/image\/","url":"https:\/\/secure.gravatar.com\/avatar\/55cb5e37c1efa326397366e6974cb338056df65cb50e7d64d1cf314e87504837?s=96&d=mm&r=g","contentUrl":"https:\/\/secure.gravatar.com\/avatar\/55cb5e37c1efa326397366e6974cb338056df65cb50e7d64d1cf314e87504837?s=96&d=mm&r=g","caption":"Arnaldo Botto"},"url":"https:\/\/www.noticiasradioreflejos.com.ar\/2021\/author\/arnaldo\/"}]}},"_links":{"self":[{"href":"https:\/\/www.noticiasradioreflejos.com.ar\/2021\/wp-json\/wp\/v2\/posts\/54904","targetHints":{"allow":["GET"]}}],"collection":[{"href":"https:\/\/www.noticiasradioreflejos.com.ar\/2021\/wp-json\/wp\/v2\/posts"}],"about":[{"href":"https:\/\/www.noticiasradioreflejos.com.ar\/2021\/wp-json\/wp\/v2\/types\/post"}],"author":[{"embeddable":true,"href":"https:\/\/www.noticiasradioreflejos.com.ar\/2021\/wp-json\/wp\/v2\/users\/3"}],"replies":[{"embeddable":true,"href":"https:\/\/www.noticiasradioreflejos.com.ar\/2021\/wp-json\/wp\/v2\/comments?post=54904"}],"version-history":[{"count":0,"href":"https:\/\/www.noticiasradioreflejos.com.ar\/2021\/wp-json\/wp\/v2\/posts\/54904\/revisions"}],"wp:attachment":[{"href":"https:\/\/www.noticiasradioreflejos.com.ar\/2021\/wp-json\/wp\/v2\/media?parent=54904"}],"wp:term":[{"taxonomy":"category","embeddable":true,"href":"https:\/\/www.noticiasradioreflejos.com.ar\/2021\/wp-json\/wp\/v2\/categories?post=54904"},{"taxonomy":"post_tag","embeddable":true,"href":"https:\/\/www.noticiasradioreflejos.com.ar\/2021\/wp-json\/wp\/v2\/tags?post=54904"}],"curies":[{"name":"wp","href":"https:\/\/api.w.org\/{rel}","templated":true}]}}