{"id":54894,"date":"2021-04-03T11:45:58","date_gmt":"2021-04-03T14:45:58","guid":{"rendered":"http:\/\/www.noticiasradioreflejos.com.ar\/noticias\/?p=54894"},"modified":"2021-04-03T11:45:58","modified_gmt":"2021-04-03T14:45:58","slug":"inmunidad-contagio-variantes-diez-preguntas-sobre-las-vacunas-contra-el-coronavirus","status":"publish","type":"post","link":"https:\/\/www.noticiasradioreflejos.com.ar\/2021\/inmunidad-contagio-variantes-diez-preguntas-sobre-las-vacunas-contra-el-coronavirus\/","title":{"rendered":"Inmunidad, contagio, variantes: diez preguntas sobre las vacunas contra el coronavirus"},"content":{"rendered":"<div class=\"head-content\">\u00a0T\u00e9lam consult\u00f3 a reconocidos especialistas sobre las demandas que m\u00e1s se escuchan en medio de la campa\u00f1a de vacunaci\u00f3n que cumple la Argentina.<\/div>\n<p><!--more--><\/p>\n<div class=\"main-content-block\">\n<div class=\"main-box clearfix\">\n<div class=\"wrapper-main-section clearfix\">\n<div class=\"wrapper-editable-content\">\n<div class=\"editable-content clearfix\">\n<div id=\"image\" class=\"image\"><\/div>\n<p>\u00bfA partir de cu\u00e1ndo se tiene inmunidad luego de vacunarse contra el coronavirus?, \u00bflas personas vacunadas pueden contagiarse y contagiar a otros?, \u00bflas vacunas actuales sirven contra las nuevas variantes?, \u00bfse puede donar sangre o plasma para el tratamiento de otros pacientes?, son algunas de las preguntas que se formulan en relaci\u00f3n a la inmunizaci\u00f3n contra la Covid-19, cuyas respuestas se van generando cada d\u00eda a la luz de nueva evidencia.<\/p>\n<p>T\u00e9lam consult\u00f3 a reconocidos especialistas sobre las demandas que m\u00e1s se escuchan en medio de la campa\u00f1a de vacunaci\u00f3n que cumple la Argentina.<\/p>\n<p><strong>-\u00bfA partir de cu\u00e1ndo comienza la inmunidad despu\u00e9s de vacunarse?<\/strong><\/p>\n<p>\u00abEl cuerpo comienza a generar anticuerpos despu\u00e9s de los 15 d\u00edas de vacunarse. La eficacia protectora de una primera dosis oscila como entre el 60 y el 70% seg\u00fan el tipo de vacuna, pero esto es variable, puede ser m\u00e1s o menos\u00bb, indic\u00f3 a T\u00e9lam la m\u00e9dica infect\u00f3loga Florencia Cahn, presidenta de la Sociedad Argentina de Vacunolog\u00eda y Epidemiolog\u00eda (SAVE).<\/p>\n<p><strong>-\u00bfDe qu\u00e9 protegen las vacunas contra el SARS-CoV-2?<\/strong><\/p>\n<p>\u00abTodas las vacunas aprobadas para uso de emergencia contra el coronavirus han demostrado prevenir las formas graves de la enfermedad y, por lo tanto, la mortalidad\u00bb, explic\u00f3 por su parte Ricardo R\u00fcttimann, miembro de la Comisi\u00f3n de Vacunas de la Sociedad Argentina de Infectolog\u00eda (SADI).<\/p>\n<p><strong>-\u00bfLas personas vacunadas pueden contagiarse y contagiar?<\/strong><\/p>\n<p>\u00abLos anticuerpos que se generan por las vacunas y tambi\u00e9n la inmunidad celular (linfocitos T) permiten prevenir sobre todo las formas graves de la enfermedad y por lo tanto la mortalidad; pero ninguna vacuna previene de contagiarse de coronavirus en el 100 por 100 de los casos; por lo tanto aunque se est\u00e9 vacunado, se puede contraer una forma leve y contagiar a otros\u00bb, se\u00f1al\u00f3 Cahn.<\/p>\n<p>Al respecto, el Instituto Gamaleya de Rusia, creador de Sputnik V, afirm\u00f3 que su vacuna \u00abtiene un 91,6% de eficacia contra infecciones y un 100% de eficacia contra casos graves\u00bb de coronavirus, luego de que el presidente Alberto Fern\u00e1ndez anunciara que dio positivo en un test r\u00e1pido de ant\u00edgenos, tras recibir las dos dosis de la inmunizaci\u00f3n, la primera de ellas el pasado 21 de enero.<\/p>\n<p>\u00abSi la infecci\u00f3n se confirma y se produce, la vacunaci\u00f3n garantiza una recuperaci\u00f3n r\u00e1pida sin s\u00edntomas graves. Te deseamos una pronta recuperaci\u00f3n\u00bb, poste\u00f3 la cuenta de Twitter de la vacuna Suptnik V en respuesta al anuncio que hizo Fern\u00e1ndez poco despu\u00e9s de medianoche a trav\u00e9s de un hilo de Twitter.<\/p>\n<div id=\"image\" class=\"image\">\n<p><img decoding=\"async\" title=\"Especialistas hablaron con T\u00e9lam sobre la pandemia\" src=\"https:\/\/www.telam.com.ar\/advf\/imagenes\/2021\/03\/606319cb7c543_1004x565.jpg\" alt=\"Especialistas hablaron con T\u00e9lam sobre la pandemia\" \/><\/p>\n<div class=\"epigrafe\">Especialistas hablaron con T\u00e9lam sobre la pandemia<\/div>\n<\/div>\n<p><strong>&#8211; \u00bfLas vacunas que se est\u00e1n aplicando protegen contra las nuevas variantes?<\/strong><\/p>\n<p>Seg\u00fan los datos disponibles hasta el momento, \u00abtodas las vacunas son eficaces frente a las hospitalizaciones y muertes causadas por el SARS-CoV-2, tanto frente a los linajes que circularon desde los inicios de la pandemia como a las variantes de preocupaci\u00f3n, de m\u00e1s reciente aparici\u00f3n\u00bb, indic\u00f3 un reciente informe elaborado por especialistas del Proyecto Argentino Interinstitucional de gen\u00f3mica de SARS-CoV-2 (PAIS) en referencia a variantes como las del Reino Unido o Manaos, entre otras.<\/p>\n<p><strong>-\u00bfSe puede tomar alcohol despu\u00e9s de aplicarse una dosis?<\/strong><\/p>\n<p>\u00abLa recomendaci\u00f3n de no beber alcohol posterior a la aplicaci\u00f3n inmediata de la vacuna tiene que ver con no tomar alcohol en cantidad; no hay ninguna otra indicaci\u00f3n m\u00e1s all\u00e1\u00bb, se\u00f1al\u00f3 Cahn.<\/p>\n<p><strong>-\u00bfQu\u00e9 pasa si me coincide la vacuna contra la Covid-19 con la vacuna de la gripe?<\/strong><\/p>\n<p>Teniendo en cuenta que en Argentina en breve comenzar\u00e1 la campa\u00f1a de vacunaci\u00f3n contra la gripe, la Asociaci\u00f3n Argentina de Medicina Respiratoria (AAMR) emiti\u00f3 un comunicado en el que se\u00f1al\u00f3 que \u00abes prioritario\u00bb recibir la vacuna contra el coronavirus en caso de ser poblaci\u00f3n objetivo.<\/p>\n<p>\u00abComo el turno de vacunaci\u00f3n contra el coronavirus la gente no lo puede manejar y esa inoculaci\u00f3n la queremos priorizar, hay que intentar espaciar todo lo que se pueda ese turno y el de la vacunaci\u00f3n contra la gripe y antineumoc\u00f3cica\u00bb, detall\u00f3 a T\u00e9lam Alejandro Videla, vicepresidente de la AAMR.<\/p>\n<p>\u00abSi este espacio puede ser 14 d\u00edas como m\u00ednimo perfecto. Pero si me acabo de dar la vacuna de gripe y al d\u00eda siguiente me llega el turno de la de coronavirus, me vacuno igual, porque la distancia entre las vacunas no tiene que ver con que pueda perder eficacia o generar m\u00e1s efectos secundarios, sino con poder monitorear mejor lo efectos adversos, sobre todo de la del coronavirus que en todos los casos tiene una autorizaci\u00f3n para uso de emergencia\u00bb, a\u00f1adi\u00f3.<\/p>\n<p><strong>-\u00bfPuede vacunarse una embarazada o durante el per\u00edodo de lactancia?<\/strong><\/p>\n<p>\u00abPor el momento no contamos con estudios concluyentes para aplicar la vacuna en mujeres embarazadas o en per\u00edodo de lactancia, pero los datos preliminares dicen que son seguras. Por lo tanto, si la mujer embarazada o amamantando es parte de la poblaci\u00f3n objetivo a vacunar, por ejemplo, personal de salud, docente o con factores de riesgo, podr\u00eda vacunarse consultando con su m\u00e9dico. Pero el embarazo en s\u00ed no es una condici\u00f3n que indique la vacuna\u00bb, explic\u00f3 Cahn.<\/p>\n<p><strong>-\u00bfPueden vacunarse las personas inmunosuprimidas, pacientes oncol\u00f3gicos o personas viviendo con VIH?<\/strong><\/p>\n<p>\u00abLas personas que son poblaci\u00f3n objetivo de la vacunaci\u00f3n y son inmunosuprimidas o est\u00e1n en tratamiento oncol\u00f3gico pueden vacunarse; lo mismo aquellos que viven con VIH, aunque esta condici\u00f3n no implica una indicaci\u00f3n en s\u00ed porque no se ha comprobado que sean poblaci\u00f3n m\u00e1s vulnerable frente a la Covid-19; en todos los casos se debe consultar con el m\u00e9dico y evaluar costos y beneficios\u00bb, indic\u00f3 R\u00fcttimann.<\/p>\n<p><strong>-Una vez que la persona se vacun\u00f3, \u00bfpuede donar sangre y plasma como tratamiento para pacientes que est\u00e9n con Covid-19?<\/strong><\/p>\n<p>\u00abLas personas vacunadas pueden donar sangre sin restricciones. En el caso del plasma convaleciente para tratamiento, aquellas personas que antes de la vacunaci\u00f3n tuvieron Covid-19 se est\u00e1 evaluando la posibilidad, debido a que algunos estudios incluso se\u00f1alaron que generan altos niveles de anticuerpos\u00bb, indic\u00f3 a T\u00e9lam Alejandra De Bonis, directora asociada del Centro Regional de Hemoterapia de La Plata.<\/p>\n<p>\u00abPara los que se vacunaron y no tuvieron Covid-19 previamente no hay ninguna evidencia que permita aceptar la donaci\u00f3n del plasma como tratamiento hasta el momento\u00bb, agreg\u00f3.<\/p>\n<p><strong>-\u00bfLa efectividad que demostraron algunas vacunas para prevenir las infecciones por SARS-CoV-2 en estudios recientes pueden llevar a un relajamiento de los cuidados?<\/strong><\/p>\n<p>\u00abEstos estudios se hacen en \u00e1mbitos o poblaciones donde hay un porcentaje muy alto de personas vacunadas; en nuestro contexto actual, las personas vacunadas deben continuar con las medidas de prevenci\u00f3n como uso correcto de tapaboca, distancia social y lavados de manos\u00bb, enfatiz\u00f3 Cahn.<\/p>\n<\/div>\n<\/div>\n<\/div>\n<\/div>\n<\/div>\n","protected":false},"excerpt":{"rendered":"<p>\u00a0T\u00e9lam consult\u00f3 a reconocidos especialistas sobre las demandas que m\u00e1s se escuchan en medio de la campa\u00f1a de vacunaci\u00f3n que cumple la Argentina.<\/p>\n","protected":false},"author":3,"featured_media":0,"comment_status":"closed","ping_status":"open","sticky":false,"template":"","format":"standard","meta":{"footnotes":""},"categories":[25],"tags":[],"class_list":["post-54894","post","type-post","status-publish","format-standard","hentry","category-uncategorized"],"yoast_head":"<!-- This site is optimized with the Yoast SEO plugin v25.9 - https:\/\/yoast.com\/wordpress\/plugins\/seo\/ -->\n<title>Inmunidad, contagio, variantes: diez preguntas sobre las vacunas contra el coronavirus - Noticias Radio Reflejos<\/title>\n<meta name=\"robots\" content=\"index, follow, max-snippet:-1, max-image-preview:large, max-video-preview:-1\" \/>\n<link rel=\"canonical\" href=\"https:\/\/www.noticiasradioreflejos.com.ar\/2021\/inmunidad-contagio-variantes-diez-preguntas-sobre-las-vacunas-contra-el-coronavirus\/\" \/>\n<meta property=\"og:locale\" content=\"es_ES\" \/>\n<meta property=\"og:type\" content=\"article\" \/>\n<meta property=\"og:title\" content=\"Inmunidad, contagio, variantes: diez preguntas sobre las vacunas contra el coronavirus - Noticias Radio Reflejos\" \/>\n<meta property=\"og:description\" content=\"\u00a0T\u00e9lam consult\u00f3 a reconocidos especialistas sobre las demandas que m\u00e1s se escuchan en medio de la campa\u00f1a de vacunaci\u00f3n que cumple la Argentina.\" \/>\n<meta property=\"og:url\" content=\"https:\/\/www.noticiasradioreflejos.com.ar\/2021\/inmunidad-contagio-variantes-diez-preguntas-sobre-las-vacunas-contra-el-coronavirus\/\" \/>\n<meta property=\"og:site_name\" content=\"Noticias Radio Reflejos\" \/>\n<meta property=\"article:published_time\" content=\"2021-04-03T14:45:58+00:00\" \/>\n<meta property=\"og:image\" content=\"https:\/\/www.telam.com.ar\/advf\/imagenes\/2021\/03\/606319cb7c543_1004x565.jpg\" \/>\n<meta name=\"author\" content=\"Arnaldo Botto\" \/>\n<meta name=\"twitter:card\" content=\"summary_large_image\" \/>\n<script type=\"application\/ld+json\" class=\"yoast-schema-graph\">{\"@context\":\"https:\/\/schema.org\",\"@graph\":[{\"@type\":\"WebPage\",\"@id\":\"https:\/\/www.noticiasradioreflejos.com.ar\/2021\/inmunidad-contagio-variantes-diez-preguntas-sobre-las-vacunas-contra-el-coronavirus\/\",\"url\":\"https:\/\/www.noticiasradioreflejos.com.ar\/2021\/inmunidad-contagio-variantes-diez-preguntas-sobre-las-vacunas-contra-el-coronavirus\/\",\"name\":\"Inmunidad, contagio, variantes: diez preguntas sobre las vacunas contra el coronavirus - Noticias Radio Reflejos\",\"isPartOf\":{\"@id\":\"https:\/\/www.noticiasradioreflejos.com.ar\/2021\/#website\"},\"primaryImageOfPage\":{\"@id\":\"https:\/\/www.noticiasradioreflejos.com.ar\/2021\/inmunidad-contagio-variantes-diez-preguntas-sobre-las-vacunas-contra-el-coronavirus\/#primaryimage\"},\"image\":{\"@id\":\"https:\/\/www.noticiasradioreflejos.com.ar\/2021\/inmunidad-contagio-variantes-diez-preguntas-sobre-las-vacunas-contra-el-coronavirus\/#primaryimage\"},\"thumbnailUrl\":\"https:\/\/www.telam.com.ar\/advf\/imagenes\/2021\/03\/606319cb7c543_1004x565.jpg\",\"datePublished\":\"2021-04-03T14:45:58+00:00\",\"author\":{\"@id\":\"https:\/\/www.noticiasradioreflejos.com.ar\/2021\/#\/schema\/person\/ad82545263dcc5ec0996818884fd5fb1\"},\"breadcrumb\":{\"@id\":\"https:\/\/www.noticiasradioreflejos.com.ar\/2021\/inmunidad-contagio-variantes-diez-preguntas-sobre-las-vacunas-contra-el-coronavirus\/#breadcrumb\"},\"inLanguage\":\"es\",\"potentialAction\":[{\"@type\":\"ReadAction\",\"target\":[\"https:\/\/www.noticiasradioreflejos.com.ar\/2021\/inmunidad-contagio-variantes-diez-preguntas-sobre-las-vacunas-contra-el-coronavirus\/\"]}]},{\"@type\":\"ImageObject\",\"inLanguage\":\"es\",\"@id\":\"https:\/\/www.noticiasradioreflejos.com.ar\/2021\/inmunidad-contagio-variantes-diez-preguntas-sobre-las-vacunas-contra-el-coronavirus\/#primaryimage\",\"url\":\"https:\/\/www.telam.com.ar\/advf\/imagenes\/2021\/03\/606319cb7c543_1004x565.jpg\",\"contentUrl\":\"https:\/\/www.telam.com.ar\/advf\/imagenes\/2021\/03\/606319cb7c543_1004x565.jpg\"},{\"@type\":\"BreadcrumbList\",\"@id\":\"https:\/\/www.noticiasradioreflejos.com.ar\/2021\/inmunidad-contagio-variantes-diez-preguntas-sobre-las-vacunas-contra-el-coronavirus\/#breadcrumb\",\"itemListElement\":[{\"@type\":\"ListItem\",\"position\":1,\"name\":\"Portada\",\"item\":\"https:\/\/www.noticiasradioreflejos.com.ar\/2021\/\"},{\"@type\":\"ListItem\",\"position\":2,\"name\":\"Inmunidad, contagio, variantes: diez preguntas sobre las vacunas contra el coronavirus\"}]},{\"@type\":\"WebSite\",\"@id\":\"https:\/\/www.noticiasradioreflejos.com.ar\/2021\/#website\",\"url\":\"https:\/\/www.noticiasradioreflejos.com.ar\/2021\/\",\"name\":\"Noticias Radio Reflejos\",\"description\":\"Las noticias de mi comarca\",\"potentialAction\":[{\"@type\":\"SearchAction\",\"target\":{\"@type\":\"EntryPoint\",\"urlTemplate\":\"https:\/\/www.noticiasradioreflejos.com.ar\/2021\/?s={search_term_string}\"},\"query-input\":{\"@type\":\"PropertyValueSpecification\",\"valueRequired\":true,\"valueName\":\"search_term_string\"}}],\"inLanguage\":\"es\"},{\"@type\":\"Person\",\"@id\":\"https:\/\/www.noticiasradioreflejos.com.ar\/2021\/#\/schema\/person\/ad82545263dcc5ec0996818884fd5fb1\",\"name\":\"Arnaldo Botto\",\"image\":{\"@type\":\"ImageObject\",\"inLanguage\":\"es\",\"@id\":\"https:\/\/www.noticiasradioreflejos.com.ar\/2021\/#\/schema\/person\/image\/\",\"url\":\"https:\/\/secure.gravatar.com\/avatar\/55cb5e37c1efa326397366e6974cb338056df65cb50e7d64d1cf314e87504837?s=96&d=mm&r=g\",\"contentUrl\":\"https:\/\/secure.gravatar.com\/avatar\/55cb5e37c1efa326397366e6974cb338056df65cb50e7d64d1cf314e87504837?s=96&d=mm&r=g\",\"caption\":\"Arnaldo Botto\"},\"url\":\"https:\/\/www.noticiasradioreflejos.com.ar\/2021\/author\/arnaldo\/\"}]}<\/script>\n<!-- \/ Yoast SEO plugin. -->","yoast_head_json":{"title":"Inmunidad, contagio, variantes: diez preguntas sobre las vacunas contra el coronavirus - Noticias Radio Reflejos","robots":{"index":"index","follow":"follow","max-snippet":"max-snippet:-1","max-image-preview":"max-image-preview:large","max-video-preview":"max-video-preview:-1"},"canonical":"https:\/\/www.noticiasradioreflejos.com.ar\/2021\/inmunidad-contagio-variantes-diez-preguntas-sobre-las-vacunas-contra-el-coronavirus\/","og_locale":"es_ES","og_type":"article","og_title":"Inmunidad, contagio, variantes: diez preguntas sobre las vacunas contra el coronavirus - Noticias Radio Reflejos","og_description":"\u00a0T\u00e9lam consult\u00f3 a reconocidos especialistas sobre las demandas que m\u00e1s se escuchan en medio de la campa\u00f1a de vacunaci\u00f3n que cumple la Argentina.","og_url":"https:\/\/www.noticiasradioreflejos.com.ar\/2021\/inmunidad-contagio-variantes-diez-preguntas-sobre-las-vacunas-contra-el-coronavirus\/","og_site_name":"Noticias Radio Reflejos","article_published_time":"2021-04-03T14:45:58+00:00","og_image":[{"url":"https:\/\/www.telam.com.ar\/advf\/imagenes\/2021\/03\/606319cb7c543_1004x565.jpg","type":"","width":"","height":""}],"author":"Arnaldo Botto","twitter_card":"summary_large_image","schema":{"@context":"https:\/\/schema.org","@graph":[{"@type":"WebPage","@id":"https:\/\/www.noticiasradioreflejos.com.ar\/2021\/inmunidad-contagio-variantes-diez-preguntas-sobre-las-vacunas-contra-el-coronavirus\/","url":"https:\/\/www.noticiasradioreflejos.com.ar\/2021\/inmunidad-contagio-variantes-diez-preguntas-sobre-las-vacunas-contra-el-coronavirus\/","name":"Inmunidad, contagio, variantes: diez preguntas sobre las vacunas contra el coronavirus - Noticias Radio Reflejos","isPartOf":{"@id":"https:\/\/www.noticiasradioreflejos.com.ar\/2021\/#website"},"primaryImageOfPage":{"@id":"https:\/\/www.noticiasradioreflejos.com.ar\/2021\/inmunidad-contagio-variantes-diez-preguntas-sobre-las-vacunas-contra-el-coronavirus\/#primaryimage"},"image":{"@id":"https:\/\/www.noticiasradioreflejos.com.ar\/2021\/inmunidad-contagio-variantes-diez-preguntas-sobre-las-vacunas-contra-el-coronavirus\/#primaryimage"},"thumbnailUrl":"https:\/\/www.telam.com.ar\/advf\/imagenes\/2021\/03\/606319cb7c543_1004x565.jpg","datePublished":"2021-04-03T14:45:58+00:00","author":{"@id":"https:\/\/www.noticiasradioreflejos.com.ar\/2021\/#\/schema\/person\/ad82545263dcc5ec0996818884fd5fb1"},"breadcrumb":{"@id":"https:\/\/www.noticiasradioreflejos.com.ar\/2021\/inmunidad-contagio-variantes-diez-preguntas-sobre-las-vacunas-contra-el-coronavirus\/#breadcrumb"},"inLanguage":"es","potentialAction":[{"@type":"ReadAction","target":["https:\/\/www.noticiasradioreflejos.com.ar\/2021\/inmunidad-contagio-variantes-diez-preguntas-sobre-las-vacunas-contra-el-coronavirus\/"]}]},{"@type":"ImageObject","inLanguage":"es","@id":"https:\/\/www.noticiasradioreflejos.com.ar\/2021\/inmunidad-contagio-variantes-diez-preguntas-sobre-las-vacunas-contra-el-coronavirus\/#primaryimage","url":"https:\/\/www.telam.com.ar\/advf\/imagenes\/2021\/03\/606319cb7c543_1004x565.jpg","contentUrl":"https:\/\/www.telam.com.ar\/advf\/imagenes\/2021\/03\/606319cb7c543_1004x565.jpg"},{"@type":"BreadcrumbList","@id":"https:\/\/www.noticiasradioreflejos.com.ar\/2021\/inmunidad-contagio-variantes-diez-preguntas-sobre-las-vacunas-contra-el-coronavirus\/#breadcrumb","itemListElement":[{"@type":"ListItem","position":1,"name":"Portada","item":"https:\/\/www.noticiasradioreflejos.com.ar\/2021\/"},{"@type":"ListItem","position":2,"name":"Inmunidad, contagio, variantes: diez preguntas sobre las vacunas contra el coronavirus"}]},{"@type":"WebSite","@id":"https:\/\/www.noticiasradioreflejos.com.ar\/2021\/#website","url":"https:\/\/www.noticiasradioreflejos.com.ar\/2021\/","name":"Noticias Radio Reflejos","description":"Las noticias de mi comarca","potentialAction":[{"@type":"SearchAction","target":{"@type":"EntryPoint","urlTemplate":"https:\/\/www.noticiasradioreflejos.com.ar\/2021\/?s={search_term_string}"},"query-input":{"@type":"PropertyValueSpecification","valueRequired":true,"valueName":"search_term_string"}}],"inLanguage":"es"},{"@type":"Person","@id":"https:\/\/www.noticiasradioreflejos.com.ar\/2021\/#\/schema\/person\/ad82545263dcc5ec0996818884fd5fb1","name":"Arnaldo Botto","image":{"@type":"ImageObject","inLanguage":"es","@id":"https:\/\/www.noticiasradioreflejos.com.ar\/2021\/#\/schema\/person\/image\/","url":"https:\/\/secure.gravatar.com\/avatar\/55cb5e37c1efa326397366e6974cb338056df65cb50e7d64d1cf314e87504837?s=96&d=mm&r=g","contentUrl":"https:\/\/secure.gravatar.com\/avatar\/55cb5e37c1efa326397366e6974cb338056df65cb50e7d64d1cf314e87504837?s=96&d=mm&r=g","caption":"Arnaldo Botto"},"url":"https:\/\/www.noticiasradioreflejos.com.ar\/2021\/author\/arnaldo\/"}]}},"_links":{"self":[{"href":"https:\/\/www.noticiasradioreflejos.com.ar\/2021\/wp-json\/wp\/v2\/posts\/54894","targetHints":{"allow":["GET"]}}],"collection":[{"href":"https:\/\/www.noticiasradioreflejos.com.ar\/2021\/wp-json\/wp\/v2\/posts"}],"about":[{"href":"https:\/\/www.noticiasradioreflejos.com.ar\/2021\/wp-json\/wp\/v2\/types\/post"}],"author":[{"embeddable":true,"href":"https:\/\/www.noticiasradioreflejos.com.ar\/2021\/wp-json\/wp\/v2\/users\/3"}],"replies":[{"embeddable":true,"href":"https:\/\/www.noticiasradioreflejos.com.ar\/2021\/wp-json\/wp\/v2\/comments?post=54894"}],"version-history":[{"count":0,"href":"https:\/\/www.noticiasradioreflejos.com.ar\/2021\/wp-json\/wp\/v2\/posts\/54894\/revisions"}],"wp:attachment":[{"href":"https:\/\/www.noticiasradioreflejos.com.ar\/2021\/wp-json\/wp\/v2\/media?parent=54894"}],"wp:term":[{"taxonomy":"category","embeddable":true,"href":"https:\/\/www.noticiasradioreflejos.com.ar\/2021\/wp-json\/wp\/v2\/categories?post=54894"},{"taxonomy":"post_tag","embeddable":true,"href":"https:\/\/www.noticiasradioreflejos.com.ar\/2021\/wp-json\/wp\/v2\/tags?post=54894"}],"curies":[{"name":"wp","href":"https:\/\/api.w.org\/{rel}","templated":true}]}}