{"id":54891,"date":"2021-04-03T11:43:30","date_gmt":"2021-04-03T14:43:30","guid":{"rendered":"http:\/\/www.noticiasradioreflejos.com.ar\/noticias\/?p=54891"},"modified":"2021-04-03T11:43:30","modified_gmt":"2021-04-03T14:43:30","slug":"la-vacuna-tiene-un-916-de-eficacia-contra-infecciones-y-un-100-contra-casos-graves","status":"publish","type":"post","link":"https:\/\/www.noticiasradioreflejos.com.ar\/2021\/la-vacuna-tiene-un-916-de-eficacia-contra-infecciones-y-un-100-contra-casos-graves\/","title":{"rendered":"\u00abLa vacuna tiene un 91,6% de eficacia contra infecciones y un 100% contra casos graves\u00bb"},"content":{"rendered":"<p>El Instituto Gamaleya de Rusia dese\u00f3 \u00abuna pronta recuperaci\u00f3n\u00bb al presidente Alberto Fern\u00e1ndez, quien anunci\u00f3 que\u00a0<strong><a href=\"https:\/\/www.telam.com.ar\/notas\/202104\/549484-alberto-fernandez-dio-positivo-en-coronavirus.html\" target=\"_blank\" rel=\"noopener\">dio positivo para coronavirus en un test r\u00e1pido de ant\u00edgenos<\/a><\/strong>, tras recibir las dos dosis de la inmunizaci\u00f3n.<!--more--><\/p>\n<div class=\"addthis_custom_sharing\">\u00a0El Instituto Gamaleya de Rusia, creador de la vacuna Sputnik V, dese\u00f3 \u00abuna pronta recuperaci\u00f3n\u00bb al presidente Alberto Fern\u00e1ndez, quien anunci\u00f3 que\u00a0<strong><a href=\"https:\/\/www.telam.com.ar\/notas\/202104\/549484-alberto-fernandez-dio-positivo-en-coronavirus.html\" target=\"_blank\" rel=\"noopener\">dio positivo para coronavirus en un test r\u00e1pido de ant\u00edgenos<\/a><\/strong>, tras recibir las dos dosis de la inmunizaci\u00f3n.<\/div>\n<div class=\"addthis_custom_sharing\"><a title=\"60684b1763637_1004x565\" href=\"http:\/\/live.staticflickr.com\/65535\/51091987902_0a20ae23a1_s.jpg\" rel=\"\"><img loading=\"lazy\" decoding=\"async\" class=\"aligncenter\" title=\"60684b1763637_1004x565\" src=\"http:\/\/live.staticflickr.com\/65535\/51091987902_0a20ae23a1_c.jpg\" alt=\"60684b1763637_1004x565\" width=\"800\" height=\"450\" \/><\/a><\/div>\n<div class=\"main-content-block\">\n<div class=\"main-box clearfix\">\n<div class=\"wrapper-main-section clearfix\">\n<div class=\"wrapper-editable-content\">\n<div class=\"editable-content clearfix\">\n<p>\u00abSi la infecci\u00f3n se confirma y se produce, la vacunaci\u00f3n garantiza una recuperaci\u00f3n r\u00e1pida sin s\u00edntomas graves. Te deseamos una pronta recuperaci\u00f3n\u00bb, poste\u00f3 la cuenta de Twitter de la vacuna Suptnik V, luego de que el Presidente informara su condici\u00f3n poco despu\u00e9s de medianoche a trav\u00e9s de un hilo en Twitter.<\/p>\n<blockquote><p>Alberto Fern\u00e1ndez recibi\u00f3 las dos dosis de la vacuna Sputnik V, la primera de ellas el pasado 21 de enero<\/p><\/blockquote>\n<p>El Gamaleya record\u00f3 en el mensaje a Fern\u00e1ndez que su vacuna \u00abtiene un 91,6% de eficacia contra infecciones y un 100% de eficacia contra casos graves\u00bb de la enfermedad.<\/p>\n<p>Al anunciar que dio positivo en el test de ant\u00edgenos, el Presidente dijo que se encuentra \u00abf\u00edsicamente bien\u00bb, que se someti\u00f3 al testeo tras presentar un registro de 37.3 grados de fiebre y un dolor de cabeza y que se encuentra aislado por indicaci\u00f3n de su m\u00e9dico.<\/p>\n<p>\u00abQuer\u00eda contarles que al terminar el d\u00eda de hoy, luego de presentar un registro de fiebre de 37.3 y un leve dolor de cabeza, me realice un test de ant\u00edgeno cuyo resultado fue positivo\u00bb, asever\u00f3 el mandatario.<\/p>\n<div class=\"js-code\">\n<div class=\"twitter-tweet twitter-tweet-rendered\"><iframe loading=\"lazy\" id=\"twitter-widget-0\" class=\"\" title=\"Twitter Tweet\" src=\"https:\/\/platform.twitter.com\/embed\/Tweet.html?creatorScreenName=agenciatelam&amp;dnt=false&amp;embedId=twitter-widget-0&amp;frame=false&amp;hideCard=false&amp;hideThread=false&amp;id=1378232161489272832&amp;lang=en&amp;origin=https%3A%2F%2Fwww.telam.com.ar%2Fnotas%2F202104%2F549496-instituto-gamaleya-alberto-fernandez-presidente-coronavirus.html&amp;siteScreenName=agenciatelam&amp;theme=light&amp;widgetsVersion=e1ffbdb%3A1614796141937&amp;width=550px\" width=\"300\" height=\"150\" frameborder=\"0\" scrolling=\"no\" allowfullscreen=\"allowfullscreen\" data-tweet-id=\"1378232161489272832\"><\/iframe><\/div>\n<\/div>\n<p>\u00abSi bien estamos a la espera de la confirmaci\u00f3n a trav\u00e9s del test de PCR, ya me encuentro aislado, cumpliendo el protocolo vigente y siguiendo las indicaciones de mi m\u00e9dico personal\u00bb, a\u00f1adi\u00f3.<\/p>\n<p>El jefe de Estado recibi\u00f3 las dos dosis de la vacuna Sputnik V, la primera de ellas el pasado 21 de enero.<\/p>\n<p>Una fuente oficial record\u00f3 que la eficacia de las vacunas demostr\u00f3 ser elevada para la prevenci\u00f3n de la infecci\u00f3n por SARS-CoV-2 en un alto porcentaje, que se encuentra entre el 70 y el 90%, seg\u00fan la vacuna.<\/p>\n<p>La mayor protecci\u00f3n que brindan las vacunas, y el objetivo principal de la campa\u00f1a contra la Covid-19 es evitar las complicaciones graves, la hospitalizaci\u00f3n y la mortalidad, por lo que ante el contagio las vacunas permiten un tr\u00e1nsito por la enfermedad de leve a moderado, a\u00f1adi\u00f3.<\/p>\n<\/div>\n<\/div>\n<\/div>\n<\/div>\n<\/div>\n","protected":false},"excerpt":{"rendered":"<p>El Instituto Gamaleya de Rusia dese\u00f3 \u00abuna pronta recuperaci\u00f3n\u00bb al presidente Alberto Fern\u00e1ndez, quien anunci\u00f3 que\u00a0dio positivo para coronavirus en un test r\u00e1pido de ant\u00edgenos, tras recibir las dos dosis de la inmunizaci\u00f3n.<\/p>\n","protected":false},"author":3,"featured_media":0,"comment_status":"closed","ping_status":"open","sticky":false,"template":"","format":"standard","meta":{"footnotes":""},"categories":[25],"tags":[],"class_list":["post-54891","post","type-post","status-publish","format-standard","hentry","category-uncategorized"],"yoast_head":"<!-- This site is optimized with the Yoast SEO plugin v25.9 - https:\/\/yoast.com\/wordpress\/plugins\/seo\/ -->\n<title>&quot;La vacuna tiene un 91,6% de eficacia contra infecciones y un 100% contra casos graves&quot; - Noticias Radio Reflejos<\/title>\n<meta name=\"robots\" content=\"index, follow, max-snippet:-1, max-image-preview:large, max-video-preview:-1\" \/>\n<link rel=\"canonical\" href=\"https:\/\/www.noticiasradioreflejos.com.ar\/2021\/la-vacuna-tiene-un-916-de-eficacia-contra-infecciones-y-un-100-contra-casos-graves\/\" \/>\n<meta property=\"og:locale\" content=\"es_ES\" \/>\n<meta property=\"og:type\" content=\"article\" \/>\n<meta property=\"og:title\" content=\"&quot;La vacuna tiene un 91,6% de eficacia contra infecciones y un 100% contra casos graves&quot; - Noticias Radio Reflejos\" \/>\n<meta property=\"og:description\" content=\"El Instituto Gamaleya de Rusia dese\u00f3 \u00abuna pronta recuperaci\u00f3n\u00bb al presidente Alberto Fern\u00e1ndez, quien anunci\u00f3 que\u00a0dio positivo para coronavirus en un test r\u00e1pido de ant\u00edgenos, tras recibir las dos dosis de la inmunizaci\u00f3n.\" \/>\n<meta property=\"og:url\" content=\"https:\/\/www.noticiasradioreflejos.com.ar\/2021\/la-vacuna-tiene-un-916-de-eficacia-contra-infecciones-y-un-100-contra-casos-graves\/\" \/>\n<meta property=\"og:site_name\" content=\"Noticias Radio Reflejos\" \/>\n<meta property=\"article:published_time\" content=\"2021-04-03T14:43:30+00:00\" \/>\n<meta property=\"og:image\" content=\"http:\/\/live.staticflickr.com\/65535\/51091987902_0a20ae23a1_c.jpg\" \/>\n<meta name=\"author\" content=\"Arnaldo Botto\" \/>\n<meta name=\"twitter:card\" content=\"summary_large_image\" \/>\n<script type=\"application\/ld+json\" class=\"yoast-schema-graph\">{\"@context\":\"https:\/\/schema.org\",\"@graph\":[{\"@type\":\"WebPage\",\"@id\":\"https:\/\/www.noticiasradioreflejos.com.ar\/2021\/la-vacuna-tiene-un-916-de-eficacia-contra-infecciones-y-un-100-contra-casos-graves\/\",\"url\":\"https:\/\/www.noticiasradioreflejos.com.ar\/2021\/la-vacuna-tiene-un-916-de-eficacia-contra-infecciones-y-un-100-contra-casos-graves\/\",\"name\":\"\\\"La vacuna tiene un 91,6% de eficacia contra infecciones y un 100% contra casos graves\\\" - Noticias Radio Reflejos\",\"isPartOf\":{\"@id\":\"https:\/\/www.noticiasradioreflejos.com.ar\/2021\/#website\"},\"primaryImageOfPage\":{\"@id\":\"https:\/\/www.noticiasradioreflejos.com.ar\/2021\/la-vacuna-tiene-un-916-de-eficacia-contra-infecciones-y-un-100-contra-casos-graves\/#primaryimage\"},\"image\":{\"@id\":\"https:\/\/www.noticiasradioreflejos.com.ar\/2021\/la-vacuna-tiene-un-916-de-eficacia-contra-infecciones-y-un-100-contra-casos-graves\/#primaryimage\"},\"thumbnailUrl\":\"http:\/\/live.staticflickr.com\/65535\/51091987902_0a20ae23a1_c.jpg\",\"datePublished\":\"2021-04-03T14:43:30+00:00\",\"author\":{\"@id\":\"https:\/\/www.noticiasradioreflejos.com.ar\/2021\/#\/schema\/person\/ad82545263dcc5ec0996818884fd5fb1\"},\"breadcrumb\":{\"@id\":\"https:\/\/www.noticiasradioreflejos.com.ar\/2021\/la-vacuna-tiene-un-916-de-eficacia-contra-infecciones-y-un-100-contra-casos-graves\/#breadcrumb\"},\"inLanguage\":\"es\",\"potentialAction\":[{\"@type\":\"ReadAction\",\"target\":[\"https:\/\/www.noticiasradioreflejos.com.ar\/2021\/la-vacuna-tiene-un-916-de-eficacia-contra-infecciones-y-un-100-contra-casos-graves\/\"]}]},{\"@type\":\"ImageObject\",\"inLanguage\":\"es\",\"@id\":\"https:\/\/www.noticiasradioreflejos.com.ar\/2021\/la-vacuna-tiene-un-916-de-eficacia-contra-infecciones-y-un-100-contra-casos-graves\/#primaryimage\",\"url\":\"http:\/\/live.staticflickr.com\/65535\/51091987902_0a20ae23a1_c.jpg\",\"contentUrl\":\"http:\/\/live.staticflickr.com\/65535\/51091987902_0a20ae23a1_c.jpg\"},{\"@type\":\"BreadcrumbList\",\"@id\":\"https:\/\/www.noticiasradioreflejos.com.ar\/2021\/la-vacuna-tiene-un-916-de-eficacia-contra-infecciones-y-un-100-contra-casos-graves\/#breadcrumb\",\"itemListElement\":[{\"@type\":\"ListItem\",\"position\":1,\"name\":\"Portada\",\"item\":\"https:\/\/www.noticiasradioreflejos.com.ar\/2021\/\"},{\"@type\":\"ListItem\",\"position\":2,\"name\":\"\u00abLa vacuna tiene un 91,6% de eficacia contra infecciones y un 100% contra casos graves\u00bb\"}]},{\"@type\":\"WebSite\",\"@id\":\"https:\/\/www.noticiasradioreflejos.com.ar\/2021\/#website\",\"url\":\"https:\/\/www.noticiasradioreflejos.com.ar\/2021\/\",\"name\":\"Noticias Radio Reflejos\",\"description\":\"Las noticias de mi comarca\",\"potentialAction\":[{\"@type\":\"SearchAction\",\"target\":{\"@type\":\"EntryPoint\",\"urlTemplate\":\"https:\/\/www.noticiasradioreflejos.com.ar\/2021\/?s={search_term_string}\"},\"query-input\":{\"@type\":\"PropertyValueSpecification\",\"valueRequired\":true,\"valueName\":\"search_term_string\"}}],\"inLanguage\":\"es\"},{\"@type\":\"Person\",\"@id\":\"https:\/\/www.noticiasradioreflejos.com.ar\/2021\/#\/schema\/person\/ad82545263dcc5ec0996818884fd5fb1\",\"name\":\"Arnaldo Botto\",\"image\":{\"@type\":\"ImageObject\",\"inLanguage\":\"es\",\"@id\":\"https:\/\/www.noticiasradioreflejos.com.ar\/2021\/#\/schema\/person\/image\/\",\"url\":\"https:\/\/secure.gravatar.com\/avatar\/55cb5e37c1efa326397366e6974cb338056df65cb50e7d64d1cf314e87504837?s=96&d=mm&r=g\",\"contentUrl\":\"https:\/\/secure.gravatar.com\/avatar\/55cb5e37c1efa326397366e6974cb338056df65cb50e7d64d1cf314e87504837?s=96&d=mm&r=g\",\"caption\":\"Arnaldo Botto\"},\"url\":\"https:\/\/www.noticiasradioreflejos.com.ar\/2021\/author\/arnaldo\/\"}]}<\/script>\n<!-- \/ Yoast SEO plugin. -->","yoast_head_json":{"title":"\"La vacuna tiene un 91,6% de eficacia contra infecciones y un 100% contra casos graves\" - Noticias Radio Reflejos","robots":{"index":"index","follow":"follow","max-snippet":"max-snippet:-1","max-image-preview":"max-image-preview:large","max-video-preview":"max-video-preview:-1"},"canonical":"https:\/\/www.noticiasradioreflejos.com.ar\/2021\/la-vacuna-tiene-un-916-de-eficacia-contra-infecciones-y-un-100-contra-casos-graves\/","og_locale":"es_ES","og_type":"article","og_title":"\"La vacuna tiene un 91,6% de eficacia contra infecciones y un 100% contra casos graves\" - Noticias Radio Reflejos","og_description":"El Instituto Gamaleya de Rusia dese\u00f3 \u00abuna pronta recuperaci\u00f3n\u00bb al presidente Alberto Fern\u00e1ndez, quien anunci\u00f3 que\u00a0dio positivo para coronavirus en un test r\u00e1pido de ant\u00edgenos, tras recibir las dos dosis de la inmunizaci\u00f3n.","og_url":"https:\/\/www.noticiasradioreflejos.com.ar\/2021\/la-vacuna-tiene-un-916-de-eficacia-contra-infecciones-y-un-100-contra-casos-graves\/","og_site_name":"Noticias Radio Reflejos","article_published_time":"2021-04-03T14:43:30+00:00","og_image":[{"url":"http:\/\/live.staticflickr.com\/65535\/51091987902_0a20ae23a1_c.jpg","type":"","width":"","height":""}],"author":"Arnaldo Botto","twitter_card":"summary_large_image","schema":{"@context":"https:\/\/schema.org","@graph":[{"@type":"WebPage","@id":"https:\/\/www.noticiasradioreflejos.com.ar\/2021\/la-vacuna-tiene-un-916-de-eficacia-contra-infecciones-y-un-100-contra-casos-graves\/","url":"https:\/\/www.noticiasradioreflejos.com.ar\/2021\/la-vacuna-tiene-un-916-de-eficacia-contra-infecciones-y-un-100-contra-casos-graves\/","name":"\"La vacuna tiene un 91,6% de eficacia contra infecciones y un 100% contra casos graves\" - Noticias Radio Reflejos","isPartOf":{"@id":"https:\/\/www.noticiasradioreflejos.com.ar\/2021\/#website"},"primaryImageOfPage":{"@id":"https:\/\/www.noticiasradioreflejos.com.ar\/2021\/la-vacuna-tiene-un-916-de-eficacia-contra-infecciones-y-un-100-contra-casos-graves\/#primaryimage"},"image":{"@id":"https:\/\/www.noticiasradioreflejos.com.ar\/2021\/la-vacuna-tiene-un-916-de-eficacia-contra-infecciones-y-un-100-contra-casos-graves\/#primaryimage"},"thumbnailUrl":"http:\/\/live.staticflickr.com\/65535\/51091987902_0a20ae23a1_c.jpg","datePublished":"2021-04-03T14:43:30+00:00","author":{"@id":"https:\/\/www.noticiasradioreflejos.com.ar\/2021\/#\/schema\/person\/ad82545263dcc5ec0996818884fd5fb1"},"breadcrumb":{"@id":"https:\/\/www.noticiasradioreflejos.com.ar\/2021\/la-vacuna-tiene-un-916-de-eficacia-contra-infecciones-y-un-100-contra-casos-graves\/#breadcrumb"},"inLanguage":"es","potentialAction":[{"@type":"ReadAction","target":["https:\/\/www.noticiasradioreflejos.com.ar\/2021\/la-vacuna-tiene-un-916-de-eficacia-contra-infecciones-y-un-100-contra-casos-graves\/"]}]},{"@type":"ImageObject","inLanguage":"es","@id":"https:\/\/www.noticiasradioreflejos.com.ar\/2021\/la-vacuna-tiene-un-916-de-eficacia-contra-infecciones-y-un-100-contra-casos-graves\/#primaryimage","url":"http:\/\/live.staticflickr.com\/65535\/51091987902_0a20ae23a1_c.jpg","contentUrl":"http:\/\/live.staticflickr.com\/65535\/51091987902_0a20ae23a1_c.jpg"},{"@type":"BreadcrumbList","@id":"https:\/\/www.noticiasradioreflejos.com.ar\/2021\/la-vacuna-tiene-un-916-de-eficacia-contra-infecciones-y-un-100-contra-casos-graves\/#breadcrumb","itemListElement":[{"@type":"ListItem","position":1,"name":"Portada","item":"https:\/\/www.noticiasradioreflejos.com.ar\/2021\/"},{"@type":"ListItem","position":2,"name":"\u00abLa vacuna tiene un 91,6% de eficacia contra infecciones y un 100% contra casos graves\u00bb"}]},{"@type":"WebSite","@id":"https:\/\/www.noticiasradioreflejos.com.ar\/2021\/#website","url":"https:\/\/www.noticiasradioreflejos.com.ar\/2021\/","name":"Noticias Radio Reflejos","description":"Las noticias de mi comarca","potentialAction":[{"@type":"SearchAction","target":{"@type":"EntryPoint","urlTemplate":"https:\/\/www.noticiasradioreflejos.com.ar\/2021\/?s={search_term_string}"},"query-input":{"@type":"PropertyValueSpecification","valueRequired":true,"valueName":"search_term_string"}}],"inLanguage":"es"},{"@type":"Person","@id":"https:\/\/www.noticiasradioreflejos.com.ar\/2021\/#\/schema\/person\/ad82545263dcc5ec0996818884fd5fb1","name":"Arnaldo Botto","image":{"@type":"ImageObject","inLanguage":"es","@id":"https:\/\/www.noticiasradioreflejos.com.ar\/2021\/#\/schema\/person\/image\/","url":"https:\/\/secure.gravatar.com\/avatar\/55cb5e37c1efa326397366e6974cb338056df65cb50e7d64d1cf314e87504837?s=96&d=mm&r=g","contentUrl":"https:\/\/secure.gravatar.com\/avatar\/55cb5e37c1efa326397366e6974cb338056df65cb50e7d64d1cf314e87504837?s=96&d=mm&r=g","caption":"Arnaldo Botto"},"url":"https:\/\/www.noticiasradioreflejos.com.ar\/2021\/author\/arnaldo\/"}]}},"_links":{"self":[{"href":"https:\/\/www.noticiasradioreflejos.com.ar\/2021\/wp-json\/wp\/v2\/posts\/54891","targetHints":{"allow":["GET"]}}],"collection":[{"href":"https:\/\/www.noticiasradioreflejos.com.ar\/2021\/wp-json\/wp\/v2\/posts"}],"about":[{"href":"https:\/\/www.noticiasradioreflejos.com.ar\/2021\/wp-json\/wp\/v2\/types\/post"}],"author":[{"embeddable":true,"href":"https:\/\/www.noticiasradioreflejos.com.ar\/2021\/wp-json\/wp\/v2\/users\/3"}],"replies":[{"embeddable":true,"href":"https:\/\/www.noticiasradioreflejos.com.ar\/2021\/wp-json\/wp\/v2\/comments?post=54891"}],"version-history":[{"count":0,"href":"https:\/\/www.noticiasradioreflejos.com.ar\/2021\/wp-json\/wp\/v2\/posts\/54891\/revisions"}],"wp:attachment":[{"href":"https:\/\/www.noticiasradioreflejos.com.ar\/2021\/wp-json\/wp\/v2\/media?parent=54891"}],"wp:term":[{"taxonomy":"category","embeddable":true,"href":"https:\/\/www.noticiasradioreflejos.com.ar\/2021\/wp-json\/wp\/v2\/categories?post=54891"},{"taxonomy":"post_tag","embeddable":true,"href":"https:\/\/www.noticiasradioreflejos.com.ar\/2021\/wp-json\/wp\/v2\/tags?post=54891"}],"curies":[{"name":"wp","href":"https:\/\/api.w.org\/{rel}","templated":true}]}}