{"id":54885,"date":"2021-04-03T11:33:18","date_gmt":"2021-04-03T14:33:18","guid":{"rendered":"http:\/\/www.noticiasradioreflejos.com.ar\/noticias\/?p=54885"},"modified":"2021-04-03T11:33:18","modified_gmt":"2021-04-03T14:33:18","slug":"buscan-que-el-agujero-azul-sea-un-santuario-para-proteger-la-biodiversidad-marina","status":"publish","type":"post","link":"https:\/\/www.noticiasradioreflejos.com.ar\/2021\/buscan-que-el-agujero-azul-sea-un-santuario-para-proteger-la-biodiversidad-marina\/","title":{"rendered":"Buscan que el Agujero Azul sea un santuario para proteger la biodiversidad marina"},"content":{"rendered":"<div class=\"head-content\">\n<p>En noviembre pasado se present\u00f3 un proyecto de ley espec\u00edfico para la creaci\u00f3n de un \u00ab\u00c1rea Marina Protegida Bent\u00f3nica\u00bb en la\u00a0 \u00abplataforma continental bajo jurisdicci\u00f3n argentina\u00bb que corresponden al Agujero Azul con el objetivo de defender la fauna oce\u00e1nica y evitar la depredaci\u00f3n de los pesqueros internacionales.<\/p>\n<\/div>\n<p><!--more--><\/p>\n<div class=\"main-content-block\">\n<div class=\"main-box clearfix\">\n<div class=\"wrapper-main-section clearfix\">\n<div class=\"wrapper-editable-content\">\n<div class=\"editable-content clearfix\">\n<div id=\"image\" class=\"image\"><img decoding=\"async\" title=\"\" src=\"https:\/\/www.telam.com.ar\/advf\/imagenes\/2020\/04\/5e86621ae1c17_1004x565.jpg\" alt=\"\" \/><\/div>\n<p>En una porci\u00f3n de la zona de aguas internacionales conocida como Agujero Azul, unos 4.300 kil\u00f3metros cuadrados sobre la plataforma continental argentina y al l\u00edmite de su zona econ\u00f3mica exclusiva (ZEE), se enciende cada noche una ciudad de luces que desde el espacio se ve como otra \u00c1rea Metropolitana de Buenos Aires, super\u00e1ndola incluso en tama\u00f1o.<\/p>\n<p>La luminosidad la producen barcos pesqueros de diferentes banderas que operan all\u00ed con t\u00e9cnicas destructivas del medioambiente y en situaci\u00f3n de dudosa legalidad, a cuya acci\u00f3n intenta poner coto un proyecto de ley para crear un \u00ab\u00e1rea mar\u00edtima protegida bent\u00f3nica\u00bb (del lecho marino) y otro \u00absuperador\u00bb que est\u00e1 en proceso de elaboraci\u00f3n en el marco de la iniciativa interministerial Pampa Azul, en consonancia con uno de los lineamientos del futuro Tratado Global de los Oc\u00e9anos que Argentina impulsa junto a otros pa\u00edses en la ONU.<\/p>\n<div id=\"image\" class=\"image\"><img decoding=\"async\" title=\"\" src=\"https:\/\/www.telam.com.ar\/advf\/imagenes\/2021\/02\/603580b228b49_1004x821.jpg\" alt=\"\" \/><\/div>\n<div id=\"image\" class=\"image\"><img decoding=\"async\" title=\"\" src=\"https:\/\/www.telam.com.ar\/advf\/imagenes\/2021\/02\/603580b21eff8_1004x701.jpg\" alt=\"\" \/><\/div>\n<div id=\"image\" class=\"image\"><img decoding=\"async\" title=\"\" src=\"https:\/\/www.telam.com.ar\/advf\/imagenes\/2021\/02\/603580a4981bd_1004x565.jpg\" alt=\"\" \/><\/div>\n<div id=\"image\" class=\"image\"><img decoding=\"async\" title=\"\" src=\"https:\/\/www.telam.com.ar\/advf\/imagenes\/2021\/02\/603580a490e63_1004x564.jpg\" alt=\"\" \/><\/div>\n<div id=\"image\" class=\"image\"><img decoding=\"async\" title=\"\" src=\"https:\/\/www.telam.com.ar\/advf\/imagenes\/2021\/02\/603580a489b35_1004x564.jpg\" alt=\"\" \/><\/div>\n<p>La magnitud de la actividad pesquera que all\u00ed se desarrolla -involucra tanto pr\u00e1cticas legales como ilegales- qued\u00f3 demostrada en im\u00e1genes satelitales de la NASA, difundidas por la organizaci\u00f3n ambientalista Greenpeace, que el pasado 23 de febrero contabiliz\u00f3 470 buques concentrados en una superficie de 4.300 kil\u00f3metros cuadrados, a 500 kil\u00f3metros del Golfo de San Jorge, en el Atl\u00e1ntico Sur.<\/p>\n<p>\u00abEl Agujero Azul es una zona del mar que tiene una peque\u00f1a porci\u00f3n dentro de la ZEE y el resto afuera. Se llama as\u00ed porque es un corredor biol\u00f3gico del Mar Argentino, muy rico en biodiversidad\u00bb, dijo a T\u00e9lam la coordinadora de la campa\u00f1a de Greenpeace por la protecci\u00f3n del Mar Argentino, Luisina Vueso.<\/p>\n<p>El \u00e1rea es poco profunda (con \u00e1reas inferiores a 200 metros), dado que \u00abtiene la particularidad\u00bb de que all\u00ed la plataforma continental argentina se extiende m\u00e1s all\u00e1 del final de su ZEE, lo que la transforma en \u00abun vivero de poblaciones como el calamar\u00bb por la enorme disponibilidad de alimento y condiciones que facilitan la reproducci\u00f3n.<\/p>\n<p>Adem\u00e1s es el lugar elegido por \u00abmuchos mam\u00edferos en sus migraciones\u00bb, algunos de ellos en estado vulnerable de conservaci\u00f3n, como los rorcuales y cachalotes.<\/p>\n<p>Pero esta misma riqueza hace del Agujero Azul \u00abun foco de atracci\u00f3n\u00bb para los buques pesqueros de aguas distantes que encuentran all\u00ed uno de los dos \u00fanicos lugares del mundo donde pueden aplicar la t\u00e9cnica de \u00abpesca de arrastre de fondo\u00bb en aguas internacionales, y por eso se han convertido en \u00abun caladero muy importante\u00bb para la obtenci\u00f3n de calamar, merluza com\u00fan y merluza negra.<\/p>\n<p>Otro problema es que \u00abest\u00e1n destruyendo ecosistemas que son muy fr\u00e1giles y muy importantes\u00bb, se\u00f1al\u00f3 Vueso.<\/p>\n<p>Es que la pesca de arrastre empleada para la merluza \u00abes muy poco selectiva\u00bb y \u00abdevasta todo el suelo (marino)\u00bb arrasando con corales, esponjas y muchos peces que luego son descartados; mientras que la otra t\u00e9cnica, denominada \u00abde palangre\u00bb, usada para los calamares, si bien es m\u00e1s selectiva, usa anzuelos y carnadas a nivel superficial, lo que \u00abafecta tambi\u00e9n a las aves\u00bb.<\/p>\n<p>Ocurre que las aguas internacionales, es decir, aquellas que se extienden m\u00e1s all\u00e1 de las 200 millas n\u00e1uticas de la zona econ\u00f3mica exclusiva de cada pa\u00eds, est\u00e1n reguladas s\u00f3lo por organismos o acuerdos regionales para la pesca denominados Organizaciones Regionales de Ordenaci\u00f3n Pesqueras (OROP).<\/p>\n<p>No obstante, est\u00e1n avanzadas las conversaciones en la ONU para la elaboraci\u00f3n de un Tratado Internacional de Aguas Profundas -o Tratado Global del Mar- que \u00abser\u00eda el primer instrumento vinculante bajo la Convenci\u00f3n sobre el Derecho del Mar (1982) y abarcar\u00eda la conservaci\u00f3n y uso sostenible de la diversidad biol\u00f3gica marina en las \u00e1reas fuera de jurisdicciones nacionales\u00bb, seg\u00fan describe Naciones Unidas.<\/p>\n<p>Voceros de Canciller\u00eda recordaron que en 2017 la Asamblea General de la ONU convoc\u00f3 una conferencia diplom\u00e1tica para la elaboraci\u00f3n de este tratado que \u00abregular\u00e1 aspectos relacionados con los recursos gen\u00e9ticos marinos, las \u00e1reas marinas protegidas y las evaluaciones de impacto ambiental, entre otros\u00bb; y cuya cuarta y \u00faltima reuni\u00f3n fue postergada en marzo pasado por la pandemia.<\/p>\n<p>\u00abLa Argentina participa activamente en este proceso, abogando por la elaboraci\u00f3n de un tratado universal, balanceado y efectivo que permita cerrar las brechas que existen actualmente en la protecci\u00f3n del medio marino\u00bb, dijeron.<\/p>\n<p>A nivel internacional, el Gobierno argentino \u00abcoordina posici\u00f3n con el G77 y China, y el grupo de pa\u00edses latinoamericanos afines\u00bb, mientras que \u00aben el plano interno, la posici\u00f3n nacional es consensuada entre la Canciller\u00eda y los organismos competentes del Estado\u00bb.<\/p>\n<div id=\"image\" class=\"image\"><img decoding=\"async\" title=\"\" src=\"https:\/\/www.telam.com.ar\/advf\/imagenes\/2021\/02\/6035504a9afe8_1004x565.jpg\" alt=\"\" \/><\/div>\n<p>\u00abLa negociaci\u00f3n del tratado &#8216;BBNJ&#8217; (Marine Biodiversity of Areas Beyond National Jurisdiction) es actualmente la m\u00e1s importante en el \u00e1mbito del derecho del mar y cobra especial importancia para nuestro pa\u00eds teniendo en cuenta su extenso litoral mar\u00edtimo que incluye una plataforma continental cuyo l\u00edmite recientemente demarcado la proyecta como una de las m\u00e1s extensas de la regi\u00f3n\u00bb, dijeron.<\/p>\n<p>Y como \u00abel principal desaf\u00edo en la gesti\u00f3n de los ecosistemas marinos es integrar los diferentes intereses econ\u00f3micos y sociales garantizando la salud del mar y su biodiversidad y promoviendo la utilizaci\u00f3n sustentable de sus recursos\u00bb, la apuesta argentina es por \u00abun tratado que refleje un equilibrio entre los diferentes intereses, a la vez que resguarde la soberan\u00eda, jurisdicci\u00f3n y derechos de los Estados ribere\u00f1os\u00bb.<\/p>\n<p>Por su parte, Vueso consider\u00f3 que el tratado \u00abpermitir\u00eda crear santuarios marinos\u00bb en h\u00e1bitats cr\u00edticos como el Agujero Azul y la expectativa es \u00absalga este a\u00f1o, pero depende de los gobiernos del mundo\u00bb.<\/p>\n<p>El llamado de atenci\u00f3n de Greenpeace sobre esta \u00e1rea espec\u00edfica hace referencia tambi\u00e9n al hecho de que algunos buques pesqueros internacionales \u00abdesactivan sus sistemas de posicionamiento satelital\u00bb para adentrarse en la ZEE argentina, incurriendo en pesca ilegal, una actividad que combaten de modo sin\u00e9rgico los ministerios de Seguridad, de Defensa, de Relaciones Exteriores y de Agricultura.<\/p>\n<div id=\"image\" class=\"image\"><img decoding=\"async\" title=\"\" src=\"https:\/\/www.telam.com.ar\/advf\/imagenes\/2021\/02\/6035504aac861_1004x565.jpg\" alt=\"\" \/><\/div>\n<p>Una iniciativa espec\u00edfica para la protecci\u00f3n del Agujero Azul es el proyecto de ley presentado por los diputados Graciela Cama\u00f1o (Consenso Federal) y Leonardo Grosso (Frente de Todos) en noviembre pasado, para la creaci\u00f3n de un \u00ab\u00c1rea Marina Protegida Bent\u00f3nica\u00bb en la porci\u00f3n de 164.000 kil\u00f3metros cuadrados de \u00abplataforma continental bajo jurisdicci\u00f3n argentina\u00bb que corresponden al Agujero Azul, pero al ser de car\u00e1cter \u00abbent\u00f3nica\u00bb involucra solo el lecho marino excluyendo la columna de agua superior.<\/p>\n<p>\u00abEl problema all\u00ed no es solo la pesca ilegal sino el tipo de pesca que arrasa con todo, afectando a las especies que buscan refugio para su reproducci\u00f3n y cr\u00eda en sus ca\u00f1ones submarinos, algunas de ellas amenazadas regional o globalmente\u00bb, dijo a T\u00e9lam Cama\u00f1o.<\/p>\n<p>Por otro lado, agreg\u00f3, \u00abest\u00e1n las explosiones que se generan en el \u00e1rea para la b\u00fasqueda del petr\u00f3leo\u00bb, lo que \u00abtambi\u00e9n es altamente perjudicial\u00bb para los ecosistemas marinos.<\/p>\n<div id=\"image\" class=\"image\"><img decoding=\"async\" title=\"\" src=\"https:\/\/www.telam.com.ar\/advf\/imagenes\/2020\/04\/5e86621aec227_1004x565.jpg\" alt=\"\" \/><\/div>\n<p>Este proyecto fue abordado en la \u00faltima reuni\u00f3n del Comit\u00e9 de la Iniciativa Pampa Azul que integran los ministerios de Ciencia, Ambiente, Agricultura, Defensa, Seguridad, Turismo y Relaciones Exteriores.<\/p>\n<p>Fuentes de este espacio explicaron que en funci\u00f3n de los resultados de esa reuni\u00f3n, \u00abse est\u00e1 conformando una comisi\u00f3n especial para elaborar un proyecto alternativo y superador\u00bb, que mantenga el esp\u00edritu del original pero \u00abque se apoye en Parques Nacionales como autoridad de aplicaci\u00f3n\u00bb, que recoja la opini\u00f3n de \u00ablos organismos especializados en las distintas materias\u00bb y que tengan en cuenta todos los \u00abintereses involucrados\u00bb, incluyendo los pesqueros e hidrocarbur\u00edferos.<\/p><\/div>\n<\/div>\n<\/div>\n<\/div>\n<\/div>\n<div class=\"editable-content clearfix\"><\/div>\n<div class=\"editable-content clearfix\"><span style=\"color: #333399;\"><em><strong>Por Mar\u00eda Alicia Alvado para Telam<\/strong><\/em><\/span><\/div>\n<div class=\"editable-content clearfix\"><\/div>\n","protected":false},"excerpt":{"rendered":"<p>En noviembre pasado se present\u00f3 un proyecto de ley espec\u00edfico para la creaci\u00f3n de un \u00ab\u00c1rea Marina Protegida Bent\u00f3nica\u00bb en la\u00a0 \u00abplataforma continental bajo jurisdicci\u00f3n argentina\u00bb que corresponden al Agujero Azul con el objetivo de defender la fauna oce\u00e1nica y evitar la depredaci\u00f3n de los pesqueros internacionales.<\/p>\n","protected":false},"author":3,"featured_media":0,"comment_status":"closed","ping_status":"open","sticky":false,"template":"","format":"standard","meta":{"footnotes":""},"categories":[46,24],"tags":[],"class_list":["post-54885","post","type-post","status-publish","format-standard","hentry","category-ciencia-y-tecnologia","category-politica"],"yoast_head":"<!-- This site is optimized with the Yoast SEO plugin v25.9 - https:\/\/yoast.com\/wordpress\/plugins\/seo\/ -->\n<title>Buscan que el Agujero Azul sea un santuario para proteger la biodiversidad marina - Noticias Radio Reflejos<\/title>\n<meta name=\"robots\" content=\"index, follow, max-snippet:-1, max-image-preview:large, max-video-preview:-1\" \/>\n<link rel=\"canonical\" href=\"https:\/\/www.noticiasradioreflejos.com.ar\/2021\/buscan-que-el-agujero-azul-sea-un-santuario-para-proteger-la-biodiversidad-marina\/\" \/>\n<meta property=\"og:locale\" content=\"es_ES\" \/>\n<meta property=\"og:type\" content=\"article\" \/>\n<meta property=\"og:title\" content=\"Buscan que el Agujero Azul sea un santuario para proteger la biodiversidad marina - Noticias Radio Reflejos\" \/>\n<meta property=\"og:description\" content=\"En noviembre pasado se present\u00f3 un proyecto de ley espec\u00edfico para la creaci\u00f3n de un \u00ab\u00c1rea Marina Protegida Bent\u00f3nica\u00bb en la\u00a0 \u00abplataforma continental bajo jurisdicci\u00f3n argentina\u00bb que corresponden al Agujero Azul con el objetivo de defender la fauna oce\u00e1nica y evitar la depredaci\u00f3n de los pesqueros internacionales.\" \/>\n<meta property=\"og:url\" content=\"https:\/\/www.noticiasradioreflejos.com.ar\/2021\/buscan-que-el-agujero-azul-sea-un-santuario-para-proteger-la-biodiversidad-marina\/\" \/>\n<meta property=\"og:site_name\" content=\"Noticias Radio Reflejos\" \/>\n<meta property=\"article:published_time\" content=\"2021-04-03T14:33:18+00:00\" \/>\n<meta property=\"og:image\" content=\"https:\/\/www.telam.com.ar\/advf\/imagenes\/2020\/04\/5e86621ae1c17_1004x565.jpg\" \/>\n<meta name=\"author\" content=\"Arnaldo Botto\" \/>\n<meta name=\"twitter:card\" content=\"summary_large_image\" \/>\n<script type=\"application\/ld+json\" class=\"yoast-schema-graph\">{\"@context\":\"https:\/\/schema.org\",\"@graph\":[{\"@type\":\"WebPage\",\"@id\":\"https:\/\/www.noticiasradioreflejos.com.ar\/2021\/buscan-que-el-agujero-azul-sea-un-santuario-para-proteger-la-biodiversidad-marina\/\",\"url\":\"https:\/\/www.noticiasradioreflejos.com.ar\/2021\/buscan-que-el-agujero-azul-sea-un-santuario-para-proteger-la-biodiversidad-marina\/\",\"name\":\"Buscan que el Agujero Azul sea un santuario para proteger la biodiversidad marina - Noticias Radio Reflejos\",\"isPartOf\":{\"@id\":\"https:\/\/www.noticiasradioreflejos.com.ar\/2021\/#website\"},\"primaryImageOfPage\":{\"@id\":\"https:\/\/www.noticiasradioreflejos.com.ar\/2021\/buscan-que-el-agujero-azul-sea-un-santuario-para-proteger-la-biodiversidad-marina\/#primaryimage\"},\"image\":{\"@id\":\"https:\/\/www.noticiasradioreflejos.com.ar\/2021\/buscan-que-el-agujero-azul-sea-un-santuario-para-proteger-la-biodiversidad-marina\/#primaryimage\"},\"thumbnailUrl\":\"https:\/\/www.telam.com.ar\/advf\/imagenes\/2020\/04\/5e86621ae1c17_1004x565.jpg\",\"datePublished\":\"2021-04-03T14:33:18+00:00\",\"author\":{\"@id\":\"https:\/\/www.noticiasradioreflejos.com.ar\/2021\/#\/schema\/person\/ad82545263dcc5ec0996818884fd5fb1\"},\"breadcrumb\":{\"@id\":\"https:\/\/www.noticiasradioreflejos.com.ar\/2021\/buscan-que-el-agujero-azul-sea-un-santuario-para-proteger-la-biodiversidad-marina\/#breadcrumb\"},\"inLanguage\":\"es\",\"potentialAction\":[{\"@type\":\"ReadAction\",\"target\":[\"https:\/\/www.noticiasradioreflejos.com.ar\/2021\/buscan-que-el-agujero-azul-sea-un-santuario-para-proteger-la-biodiversidad-marina\/\"]}]},{\"@type\":\"ImageObject\",\"inLanguage\":\"es\",\"@id\":\"https:\/\/www.noticiasradioreflejos.com.ar\/2021\/buscan-que-el-agujero-azul-sea-un-santuario-para-proteger-la-biodiversidad-marina\/#primaryimage\",\"url\":\"https:\/\/www.telam.com.ar\/advf\/imagenes\/2020\/04\/5e86621ae1c17_1004x565.jpg\",\"contentUrl\":\"https:\/\/www.telam.com.ar\/advf\/imagenes\/2020\/04\/5e86621ae1c17_1004x565.jpg\"},{\"@type\":\"BreadcrumbList\",\"@id\":\"https:\/\/www.noticiasradioreflejos.com.ar\/2021\/buscan-que-el-agujero-azul-sea-un-santuario-para-proteger-la-biodiversidad-marina\/#breadcrumb\",\"itemListElement\":[{\"@type\":\"ListItem\",\"position\":1,\"name\":\"Portada\",\"item\":\"https:\/\/www.noticiasradioreflejos.com.ar\/2021\/\"},{\"@type\":\"ListItem\",\"position\":2,\"name\":\"Buscan que el Agujero Azul sea un santuario para proteger la biodiversidad marina\"}]},{\"@type\":\"WebSite\",\"@id\":\"https:\/\/www.noticiasradioreflejos.com.ar\/2021\/#website\",\"url\":\"https:\/\/www.noticiasradioreflejos.com.ar\/2021\/\",\"name\":\"Noticias Radio Reflejos\",\"description\":\"Las noticias de mi comarca\",\"potentialAction\":[{\"@type\":\"SearchAction\",\"target\":{\"@type\":\"EntryPoint\",\"urlTemplate\":\"https:\/\/www.noticiasradioreflejos.com.ar\/2021\/?s={search_term_string}\"},\"query-input\":{\"@type\":\"PropertyValueSpecification\",\"valueRequired\":true,\"valueName\":\"search_term_string\"}}],\"inLanguage\":\"es\"},{\"@type\":\"Person\",\"@id\":\"https:\/\/www.noticiasradioreflejos.com.ar\/2021\/#\/schema\/person\/ad82545263dcc5ec0996818884fd5fb1\",\"name\":\"Arnaldo Botto\",\"image\":{\"@type\":\"ImageObject\",\"inLanguage\":\"es\",\"@id\":\"https:\/\/www.noticiasradioreflejos.com.ar\/2021\/#\/schema\/person\/image\/\",\"url\":\"https:\/\/secure.gravatar.com\/avatar\/55cb5e37c1efa326397366e6974cb338056df65cb50e7d64d1cf314e87504837?s=96&d=mm&r=g\",\"contentUrl\":\"https:\/\/secure.gravatar.com\/avatar\/55cb5e37c1efa326397366e6974cb338056df65cb50e7d64d1cf314e87504837?s=96&d=mm&r=g\",\"caption\":\"Arnaldo Botto\"},\"url\":\"https:\/\/www.noticiasradioreflejos.com.ar\/2021\/author\/arnaldo\/\"}]}<\/script>\n<!-- \/ Yoast SEO plugin. -->","yoast_head_json":{"title":"Buscan que el Agujero Azul sea un santuario para proteger la biodiversidad marina - Noticias Radio Reflejos","robots":{"index":"index","follow":"follow","max-snippet":"max-snippet:-1","max-image-preview":"max-image-preview:large","max-video-preview":"max-video-preview:-1"},"canonical":"https:\/\/www.noticiasradioreflejos.com.ar\/2021\/buscan-que-el-agujero-azul-sea-un-santuario-para-proteger-la-biodiversidad-marina\/","og_locale":"es_ES","og_type":"article","og_title":"Buscan que el Agujero Azul sea un santuario para proteger la biodiversidad marina - Noticias Radio Reflejos","og_description":"En noviembre pasado se present\u00f3 un proyecto de ley espec\u00edfico para la creaci\u00f3n de un \u00ab\u00c1rea Marina Protegida Bent\u00f3nica\u00bb en la\u00a0 \u00abplataforma continental bajo jurisdicci\u00f3n argentina\u00bb que corresponden al Agujero Azul con el objetivo de defender la fauna oce\u00e1nica y evitar la depredaci\u00f3n de los pesqueros internacionales.","og_url":"https:\/\/www.noticiasradioreflejos.com.ar\/2021\/buscan-que-el-agujero-azul-sea-un-santuario-para-proteger-la-biodiversidad-marina\/","og_site_name":"Noticias Radio Reflejos","article_published_time":"2021-04-03T14:33:18+00:00","og_image":[{"url":"https:\/\/www.telam.com.ar\/advf\/imagenes\/2020\/04\/5e86621ae1c17_1004x565.jpg","type":"","width":"","height":""}],"author":"Arnaldo Botto","twitter_card":"summary_large_image","schema":{"@context":"https:\/\/schema.org","@graph":[{"@type":"WebPage","@id":"https:\/\/www.noticiasradioreflejos.com.ar\/2021\/buscan-que-el-agujero-azul-sea-un-santuario-para-proteger-la-biodiversidad-marina\/","url":"https:\/\/www.noticiasradioreflejos.com.ar\/2021\/buscan-que-el-agujero-azul-sea-un-santuario-para-proteger-la-biodiversidad-marina\/","name":"Buscan que el Agujero Azul sea un santuario para proteger la biodiversidad marina - Noticias Radio Reflejos","isPartOf":{"@id":"https:\/\/www.noticiasradioreflejos.com.ar\/2021\/#website"},"primaryImageOfPage":{"@id":"https:\/\/www.noticiasradioreflejos.com.ar\/2021\/buscan-que-el-agujero-azul-sea-un-santuario-para-proteger-la-biodiversidad-marina\/#primaryimage"},"image":{"@id":"https:\/\/www.noticiasradioreflejos.com.ar\/2021\/buscan-que-el-agujero-azul-sea-un-santuario-para-proteger-la-biodiversidad-marina\/#primaryimage"},"thumbnailUrl":"https:\/\/www.telam.com.ar\/advf\/imagenes\/2020\/04\/5e86621ae1c17_1004x565.jpg","datePublished":"2021-04-03T14:33:18+00:00","author":{"@id":"https:\/\/www.noticiasradioreflejos.com.ar\/2021\/#\/schema\/person\/ad82545263dcc5ec0996818884fd5fb1"},"breadcrumb":{"@id":"https:\/\/www.noticiasradioreflejos.com.ar\/2021\/buscan-que-el-agujero-azul-sea-un-santuario-para-proteger-la-biodiversidad-marina\/#breadcrumb"},"inLanguage":"es","potentialAction":[{"@type":"ReadAction","target":["https:\/\/www.noticiasradioreflejos.com.ar\/2021\/buscan-que-el-agujero-azul-sea-un-santuario-para-proteger-la-biodiversidad-marina\/"]}]},{"@type":"ImageObject","inLanguage":"es","@id":"https:\/\/www.noticiasradioreflejos.com.ar\/2021\/buscan-que-el-agujero-azul-sea-un-santuario-para-proteger-la-biodiversidad-marina\/#primaryimage","url":"https:\/\/www.telam.com.ar\/advf\/imagenes\/2020\/04\/5e86621ae1c17_1004x565.jpg","contentUrl":"https:\/\/www.telam.com.ar\/advf\/imagenes\/2020\/04\/5e86621ae1c17_1004x565.jpg"},{"@type":"BreadcrumbList","@id":"https:\/\/www.noticiasradioreflejos.com.ar\/2021\/buscan-que-el-agujero-azul-sea-un-santuario-para-proteger-la-biodiversidad-marina\/#breadcrumb","itemListElement":[{"@type":"ListItem","position":1,"name":"Portada","item":"https:\/\/www.noticiasradioreflejos.com.ar\/2021\/"},{"@type":"ListItem","position":2,"name":"Buscan que el Agujero Azul sea un santuario para proteger la biodiversidad marina"}]},{"@type":"WebSite","@id":"https:\/\/www.noticiasradioreflejos.com.ar\/2021\/#website","url":"https:\/\/www.noticiasradioreflejos.com.ar\/2021\/","name":"Noticias Radio Reflejos","description":"Las noticias de mi comarca","potentialAction":[{"@type":"SearchAction","target":{"@type":"EntryPoint","urlTemplate":"https:\/\/www.noticiasradioreflejos.com.ar\/2021\/?s={search_term_string}"},"query-input":{"@type":"PropertyValueSpecification","valueRequired":true,"valueName":"search_term_string"}}],"inLanguage":"es"},{"@type":"Person","@id":"https:\/\/www.noticiasradioreflejos.com.ar\/2021\/#\/schema\/person\/ad82545263dcc5ec0996818884fd5fb1","name":"Arnaldo Botto","image":{"@type":"ImageObject","inLanguage":"es","@id":"https:\/\/www.noticiasradioreflejos.com.ar\/2021\/#\/schema\/person\/image\/","url":"https:\/\/secure.gravatar.com\/avatar\/55cb5e37c1efa326397366e6974cb338056df65cb50e7d64d1cf314e87504837?s=96&d=mm&r=g","contentUrl":"https:\/\/secure.gravatar.com\/avatar\/55cb5e37c1efa326397366e6974cb338056df65cb50e7d64d1cf314e87504837?s=96&d=mm&r=g","caption":"Arnaldo Botto"},"url":"https:\/\/www.noticiasradioreflejos.com.ar\/2021\/author\/arnaldo\/"}]}},"_links":{"self":[{"href":"https:\/\/www.noticiasradioreflejos.com.ar\/2021\/wp-json\/wp\/v2\/posts\/54885","targetHints":{"allow":["GET"]}}],"collection":[{"href":"https:\/\/www.noticiasradioreflejos.com.ar\/2021\/wp-json\/wp\/v2\/posts"}],"about":[{"href":"https:\/\/www.noticiasradioreflejos.com.ar\/2021\/wp-json\/wp\/v2\/types\/post"}],"author":[{"embeddable":true,"href":"https:\/\/www.noticiasradioreflejos.com.ar\/2021\/wp-json\/wp\/v2\/users\/3"}],"replies":[{"embeddable":true,"href":"https:\/\/www.noticiasradioreflejos.com.ar\/2021\/wp-json\/wp\/v2\/comments?post=54885"}],"version-history":[{"count":0,"href":"https:\/\/www.noticiasradioreflejos.com.ar\/2021\/wp-json\/wp\/v2\/posts\/54885\/revisions"}],"wp:attachment":[{"href":"https:\/\/www.noticiasradioreflejos.com.ar\/2021\/wp-json\/wp\/v2\/media?parent=54885"}],"wp:term":[{"taxonomy":"category","embeddable":true,"href":"https:\/\/www.noticiasradioreflejos.com.ar\/2021\/wp-json\/wp\/v2\/categories?post=54885"},{"taxonomy":"post_tag","embeddable":true,"href":"https:\/\/www.noticiasradioreflejos.com.ar\/2021\/wp-json\/wp\/v2\/tags?post=54885"}],"curies":[{"name":"wp","href":"https:\/\/api.w.org\/{rel}","templated":true}]}}