{"id":54846,"date":"2021-04-01T17:37:35","date_gmt":"2021-04-01T20:37:35","guid":{"rendered":"http:\/\/www.noticiasradioreflejos.com.ar\/noticias\/?p=54846"},"modified":"2021-04-01T17:37:35","modified_gmt":"2021-04-01T20:37:35","slug":"jorge-es-el-director-de-la-orquesta-bahia-blanca-tango-es-un-numero-1-yo-siempre-le-digo-a-la-gente-que-lo-vayan-a-ver-a-el-emanuel-carassou","status":"publish","type":"post","link":"https:\/\/www.noticiasradioreflejos.com.ar\/2021\/jorge-es-el-director-de-la-orquesta-bahia-blanca-tango-es-un-numero-1-yo-siempre-le-digo-a-la-gente-que-lo-vayan-a-ver-a-el-emanuel-carassou\/","title":{"rendered":"\u00abDespu\u00e9s de mucho tiempo de no ir a Sierra de la Ventana volvemos a ofrecer nuestro espect\u00e1culo de tango, muy contentos\u00bb &#8211; Emanuel Carassou"},"content":{"rendered":"<p>Este destacado cantante de tangos de formidable trayectoria nacional e internacional se presentar\u00e1 este s\u00e1bado en la <strong>Sala Cultural Matrioshka<\/strong><em> de Sierra de la Ventana y aprovech\u00f3 el espacio de la radio para conversar sobre el show.<!--more--><\/em><br \/>\n<a title=\"166514791_4405888449438491_7182609276393875295_n\" href=\"http:\/\/live.staticflickr.com\/65535\/51088977578_22658108f8_s.jpg\" rel=\"\"><img loading=\"lazy\" decoding=\"async\" class=\"aligncenter\" title=\"166514791_4405888449438491_7182609276393875295_n\" src=\"http:\/\/live.staticflickr.com\/65535\/51088977578_22658108f8_c.jpg\" alt=\"166514791_4405888449438491_7182609276393875295_n\" width=\"800\" height=\"630\" \/><\/a><\/p>\n<p>\u00abDespu\u00e9s de mucho tiempo de no ir a Sierra de la Ventana volvemos a ofrecer nuestro espect\u00e1culo de tango, muy contentos\u00bb expres\u00f3 Emanuel al comenzar la entrevista.<\/p>\n<p>Conversamos sobre su trayectoria. \u00abDespu\u00e9s de mucho tiempo de trabajo uno empieza a ver algunos resultados. Sobre todo uno empieza a rodearse de colegas y de amigos\u00bb destac\u00f3 la importancia de compartir su m\u00fasica. Carassou en su trayectoria como cantante obtuvo menciones especiales en diferentes cert\u00e1menes como el Festival de Tango Carlos Gardel, Festival Hugo Del Carril y Festival Nacional de Tango de la Falda, siendo en este \u00faltimo ganador del Festival. En la actualidad form\u00f3 parte del staff vocal del Caf\u00e9 De Los Angelitos, Ciudad de Buenos Aires, y realiza presentaciones en todo el pa\u00eds como cantor e int\u00e9rprete. Comparti\u00f3 escenario con V\u00edctor Volpe, Jorge<br \/>\nVignales, Orquesta Bah\u00eda Blanca Tango, entre otros referentes del tango y la m\u00fasica popular en la Provincia de Buenos Aires.<\/p>\n<p><a title=\"Carassou\" href=\"http:\/\/live.staticflickr.com\/65535\/51088520617_bc9b4ff9ff_s.jpg\" rel=\"\"><img loading=\"lazy\" decoding=\"async\" class=\"aligncenter\" title=\"Carassou\" src=\"http:\/\/live.staticflickr.com\/65535\/51088520617_bc9b4ff9ff_c.jpg\" alt=\"Carassou\" width=\"800\" height=\"424\" \/><\/a><\/p>\n<p>\u00abLos productores dicen que, si volvemos, volvemos en el 2023\u00bb fue lo que mencion\u00f3 Emanuel al comentar cu\u00e1l es la situaci\u00f3n de sus presentaciones en el caf\u00e9 Los Angelitos, uno de los escenarios del tango m\u00e1s importantes en la Argentina.<\/p>\n<p>\u00abCon esta modalidad del streaming uno muestra su trabajo pero el contacto con el p\u00fablico no existe y eso es lo que realmente se extra\u00f1a\u00bb expres\u00f3.<\/p>\n<p>Emanuel coment\u00f3 que el espect\u00e1culo que brindar\u00e1n con su compa\u00f1ero <strong>Jorge Vignales<\/strong> ser\u00e1 din\u00e1mico, entretenido, generando un clima muy \u00edntimo. \u00abJorge es el director de la orquesta Bah\u00eda Blanca Tango, es un n\u00famero 1. Yo siempre le digo a la gente que lo vayan a ver a \u00e9l\u00bb recomend\u00f3.<\/p>\n<p>El espect\u00e1culo ser\u00e1 el d\u00eda S\u00e1bado a las 21:30hs. \u00abLos esperamos a todos\u00bb mencion\u00f3 para los oyentes.<\/p>\n<p><strong>Nota completa a continuaci\u00f3n:<\/strong><br \/>\n<iframe loading=\"lazy\" src=\"https:\/\/w.soundcloud.com\/player\/?url=https%3A\/\/api.soundcloud.com\/tracks\/1020342709&amp;color=%23ff5500&amp;auto_play=false&amp;hide_related=false&amp;show_comments=true&amp;show_user=true&amp;show_reposts=false&amp;show_teaser=true&amp;visual=true\" width=\"100%\" height=\"300\" frameborder=\"no\" scrolling=\"no\"><\/iframe><\/p>\n<div style=\"font-size: 10px; color: #cccccc; line-break: anywhere; word-break: normal; overflow: hidden; white-space: nowrap; text-overflow: ellipsis; font-family: Interstate,Lucida Grande,Lucida Sans Unicode,Lucida Sans,Garuda,Verdana,Tahoma,sans-serif; font-weight: 100;\"><a style=\"color: #cccccc; text-decoration: none;\" title=\"fmreflejos 103.7\" href=\"https:\/\/soundcloud.com\/fmreflejos-103-7\" target=\"_blank\" rel=\"noopener\">fmreflejos 103.7<\/a> \u00b7 <a style=\"color: #cccccc; text-decoration: none;\" title=\"Nota Emanuel Carassou\" href=\"https:\/\/soundcloud.com\/fmreflejos-103-7\/nota-emanuel-carassou\" target=\"_blank\" rel=\"noopener\">Nota Emanuel Carassou<\/a><\/div>\n","protected":false},"excerpt":{"rendered":"<p>Este destacado cantante de tangos de formidable trayectoria nacional e internacional se presentar\u00e1 este s\u00e1bado en la Sala Cultural Matrioshka de Sierra de la Ventana y aprovech\u00f3 el espacio de la radio para conversar sobre el show.<\/p>\n","protected":false},"author":3,"featured_media":0,"comment_status":"closed","ping_status":"open","sticky":false,"template":"","format":"standard","meta":{"footnotes":""},"categories":[35],"tags":[],"class_list":["post-54846","post","type-post","status-publish","format-standard","hentry","category-cultura"],"yoast_head":"<!-- This site is optimized with the Yoast SEO plugin v25.9 - https:\/\/yoast.com\/wordpress\/plugins\/seo\/ -->\n<title>&quot;Despu\u00e9s de mucho tiempo de no ir a Sierra de la Ventana volvemos a ofrecer nuestro espect\u00e1culo de tango, muy contentos&quot; - Emanuel Carassou - Noticias Radio Reflejos<\/title>\n<meta name=\"robots\" content=\"index, follow, max-snippet:-1, max-image-preview:large, max-video-preview:-1\" \/>\n<link rel=\"canonical\" href=\"https:\/\/www.noticiasradioreflejos.com.ar\/2021\/jorge-es-el-director-de-la-orquesta-bahia-blanca-tango-es-un-numero-1-yo-siempre-le-digo-a-la-gente-que-lo-vayan-a-ver-a-el-emanuel-carassou\/\" \/>\n<meta property=\"og:locale\" content=\"es_ES\" \/>\n<meta property=\"og:type\" content=\"article\" \/>\n<meta property=\"og:title\" content=\"&quot;Despu\u00e9s de mucho tiempo de no ir a Sierra de la Ventana volvemos a ofrecer nuestro espect\u00e1culo de tango, muy contentos&quot; - Emanuel Carassou - Noticias Radio Reflejos\" \/>\n<meta property=\"og:description\" content=\"Este destacado cantante de tangos de formidable trayectoria nacional e internacional se presentar\u00e1 este s\u00e1bado en la Sala Cultural Matrioshka de Sierra de la Ventana y aprovech\u00f3 el espacio de la radio para conversar sobre el show.\" \/>\n<meta property=\"og:url\" content=\"https:\/\/www.noticiasradioreflejos.com.ar\/2021\/jorge-es-el-director-de-la-orquesta-bahia-blanca-tango-es-un-numero-1-yo-siempre-le-digo-a-la-gente-que-lo-vayan-a-ver-a-el-emanuel-carassou\/\" \/>\n<meta property=\"og:site_name\" content=\"Noticias Radio Reflejos\" \/>\n<meta property=\"article:published_time\" content=\"2021-04-01T20:37:35+00:00\" \/>\n<meta property=\"og:image\" content=\"http:\/\/live.staticflickr.com\/65535\/51088977578_22658108f8_c.jpg\" \/>\n<meta name=\"author\" content=\"Arnaldo Botto\" \/>\n<meta name=\"twitter:card\" content=\"summary_large_image\" \/>\n<script type=\"application\/ld+json\" class=\"yoast-schema-graph\">{\"@context\":\"https:\/\/schema.org\",\"@graph\":[{\"@type\":\"WebPage\",\"@id\":\"https:\/\/www.noticiasradioreflejos.com.ar\/2021\/jorge-es-el-director-de-la-orquesta-bahia-blanca-tango-es-un-numero-1-yo-siempre-le-digo-a-la-gente-que-lo-vayan-a-ver-a-el-emanuel-carassou\/\",\"url\":\"https:\/\/www.noticiasradioreflejos.com.ar\/2021\/jorge-es-el-director-de-la-orquesta-bahia-blanca-tango-es-un-numero-1-yo-siempre-le-digo-a-la-gente-que-lo-vayan-a-ver-a-el-emanuel-carassou\/\",\"name\":\"\\\"Despu\u00e9s de mucho tiempo de no ir a Sierra de la Ventana volvemos a ofrecer nuestro espect\u00e1culo de tango, muy contentos\\\" - Emanuel Carassou - Noticias Radio Reflejos\",\"isPartOf\":{\"@id\":\"https:\/\/www.noticiasradioreflejos.com.ar\/2021\/#website\"},\"primaryImageOfPage\":{\"@id\":\"https:\/\/www.noticiasradioreflejos.com.ar\/2021\/jorge-es-el-director-de-la-orquesta-bahia-blanca-tango-es-un-numero-1-yo-siempre-le-digo-a-la-gente-que-lo-vayan-a-ver-a-el-emanuel-carassou\/#primaryimage\"},\"image\":{\"@id\":\"https:\/\/www.noticiasradioreflejos.com.ar\/2021\/jorge-es-el-director-de-la-orquesta-bahia-blanca-tango-es-un-numero-1-yo-siempre-le-digo-a-la-gente-que-lo-vayan-a-ver-a-el-emanuel-carassou\/#primaryimage\"},\"thumbnailUrl\":\"http:\/\/live.staticflickr.com\/65535\/51088977578_22658108f8_c.jpg\",\"datePublished\":\"2021-04-01T20:37:35+00:00\",\"author\":{\"@id\":\"https:\/\/www.noticiasradioreflejos.com.ar\/2021\/#\/schema\/person\/ad82545263dcc5ec0996818884fd5fb1\"},\"breadcrumb\":{\"@id\":\"https:\/\/www.noticiasradioreflejos.com.ar\/2021\/jorge-es-el-director-de-la-orquesta-bahia-blanca-tango-es-un-numero-1-yo-siempre-le-digo-a-la-gente-que-lo-vayan-a-ver-a-el-emanuel-carassou\/#breadcrumb\"},\"inLanguage\":\"es\",\"potentialAction\":[{\"@type\":\"ReadAction\",\"target\":[\"https:\/\/www.noticiasradioreflejos.com.ar\/2021\/jorge-es-el-director-de-la-orquesta-bahia-blanca-tango-es-un-numero-1-yo-siempre-le-digo-a-la-gente-que-lo-vayan-a-ver-a-el-emanuel-carassou\/\"]}]},{\"@type\":\"ImageObject\",\"inLanguage\":\"es\",\"@id\":\"https:\/\/www.noticiasradioreflejos.com.ar\/2021\/jorge-es-el-director-de-la-orquesta-bahia-blanca-tango-es-un-numero-1-yo-siempre-le-digo-a-la-gente-que-lo-vayan-a-ver-a-el-emanuel-carassou\/#primaryimage\",\"url\":\"http:\/\/live.staticflickr.com\/65535\/51088977578_22658108f8_c.jpg\",\"contentUrl\":\"http:\/\/live.staticflickr.com\/65535\/51088977578_22658108f8_c.jpg\"},{\"@type\":\"BreadcrumbList\",\"@id\":\"https:\/\/www.noticiasradioreflejos.com.ar\/2021\/jorge-es-el-director-de-la-orquesta-bahia-blanca-tango-es-un-numero-1-yo-siempre-le-digo-a-la-gente-que-lo-vayan-a-ver-a-el-emanuel-carassou\/#breadcrumb\",\"itemListElement\":[{\"@type\":\"ListItem\",\"position\":1,\"name\":\"Portada\",\"item\":\"https:\/\/www.noticiasradioreflejos.com.ar\/2021\/\"},{\"@type\":\"ListItem\",\"position\":2,\"name\":\"\u00abDespu\u00e9s de mucho tiempo de no ir a Sierra de la Ventana volvemos a ofrecer nuestro espect\u00e1culo de tango, muy contentos\u00bb &#8211; Emanuel Carassou\"}]},{\"@type\":\"WebSite\",\"@id\":\"https:\/\/www.noticiasradioreflejos.com.ar\/2021\/#website\",\"url\":\"https:\/\/www.noticiasradioreflejos.com.ar\/2021\/\",\"name\":\"Noticias Radio Reflejos\",\"description\":\"Las noticias de mi comarca\",\"potentialAction\":[{\"@type\":\"SearchAction\",\"target\":{\"@type\":\"EntryPoint\",\"urlTemplate\":\"https:\/\/www.noticiasradioreflejos.com.ar\/2021\/?s={search_term_string}\"},\"query-input\":{\"@type\":\"PropertyValueSpecification\",\"valueRequired\":true,\"valueName\":\"search_term_string\"}}],\"inLanguage\":\"es\"},{\"@type\":\"Person\",\"@id\":\"https:\/\/www.noticiasradioreflejos.com.ar\/2021\/#\/schema\/person\/ad82545263dcc5ec0996818884fd5fb1\",\"name\":\"Arnaldo Botto\",\"image\":{\"@type\":\"ImageObject\",\"inLanguage\":\"es\",\"@id\":\"https:\/\/www.noticiasradioreflejos.com.ar\/2021\/#\/schema\/person\/image\/\",\"url\":\"https:\/\/secure.gravatar.com\/avatar\/55cb5e37c1efa326397366e6974cb338056df65cb50e7d64d1cf314e87504837?s=96&d=mm&r=g\",\"contentUrl\":\"https:\/\/secure.gravatar.com\/avatar\/55cb5e37c1efa326397366e6974cb338056df65cb50e7d64d1cf314e87504837?s=96&d=mm&r=g\",\"caption\":\"Arnaldo Botto\"},\"url\":\"https:\/\/www.noticiasradioreflejos.com.ar\/2021\/author\/arnaldo\/\"}]}<\/script>\n<!-- \/ Yoast SEO plugin. -->","yoast_head_json":{"title":"\"Despu\u00e9s de mucho tiempo de no ir a Sierra de la Ventana volvemos a ofrecer nuestro espect\u00e1culo de tango, muy contentos\" - Emanuel Carassou - Noticias Radio Reflejos","robots":{"index":"index","follow":"follow","max-snippet":"max-snippet:-1","max-image-preview":"max-image-preview:large","max-video-preview":"max-video-preview:-1"},"canonical":"https:\/\/www.noticiasradioreflejos.com.ar\/2021\/jorge-es-el-director-de-la-orquesta-bahia-blanca-tango-es-un-numero-1-yo-siempre-le-digo-a-la-gente-que-lo-vayan-a-ver-a-el-emanuel-carassou\/","og_locale":"es_ES","og_type":"article","og_title":"\"Despu\u00e9s de mucho tiempo de no ir a Sierra de la Ventana volvemos a ofrecer nuestro espect\u00e1culo de tango, muy contentos\" - Emanuel Carassou - Noticias Radio Reflejos","og_description":"Este destacado cantante de tangos de formidable trayectoria nacional e internacional se presentar\u00e1 este s\u00e1bado en la Sala Cultural Matrioshka de Sierra de la Ventana y aprovech\u00f3 el espacio de la radio para conversar sobre el show.","og_url":"https:\/\/www.noticiasradioreflejos.com.ar\/2021\/jorge-es-el-director-de-la-orquesta-bahia-blanca-tango-es-un-numero-1-yo-siempre-le-digo-a-la-gente-que-lo-vayan-a-ver-a-el-emanuel-carassou\/","og_site_name":"Noticias Radio Reflejos","article_published_time":"2021-04-01T20:37:35+00:00","og_image":[{"url":"http:\/\/live.staticflickr.com\/65535\/51088977578_22658108f8_c.jpg","type":"","width":"","height":""}],"author":"Arnaldo Botto","twitter_card":"summary_large_image","schema":{"@context":"https:\/\/schema.org","@graph":[{"@type":"WebPage","@id":"https:\/\/www.noticiasradioreflejos.com.ar\/2021\/jorge-es-el-director-de-la-orquesta-bahia-blanca-tango-es-un-numero-1-yo-siempre-le-digo-a-la-gente-que-lo-vayan-a-ver-a-el-emanuel-carassou\/","url":"https:\/\/www.noticiasradioreflejos.com.ar\/2021\/jorge-es-el-director-de-la-orquesta-bahia-blanca-tango-es-un-numero-1-yo-siempre-le-digo-a-la-gente-que-lo-vayan-a-ver-a-el-emanuel-carassou\/","name":"\"Despu\u00e9s de mucho tiempo de no ir a Sierra de la Ventana volvemos a ofrecer nuestro espect\u00e1culo de tango, muy contentos\" - Emanuel Carassou - Noticias Radio Reflejos","isPartOf":{"@id":"https:\/\/www.noticiasradioreflejos.com.ar\/2021\/#website"},"primaryImageOfPage":{"@id":"https:\/\/www.noticiasradioreflejos.com.ar\/2021\/jorge-es-el-director-de-la-orquesta-bahia-blanca-tango-es-un-numero-1-yo-siempre-le-digo-a-la-gente-que-lo-vayan-a-ver-a-el-emanuel-carassou\/#primaryimage"},"image":{"@id":"https:\/\/www.noticiasradioreflejos.com.ar\/2021\/jorge-es-el-director-de-la-orquesta-bahia-blanca-tango-es-un-numero-1-yo-siempre-le-digo-a-la-gente-que-lo-vayan-a-ver-a-el-emanuel-carassou\/#primaryimage"},"thumbnailUrl":"http:\/\/live.staticflickr.com\/65535\/51088977578_22658108f8_c.jpg","datePublished":"2021-04-01T20:37:35+00:00","author":{"@id":"https:\/\/www.noticiasradioreflejos.com.ar\/2021\/#\/schema\/person\/ad82545263dcc5ec0996818884fd5fb1"},"breadcrumb":{"@id":"https:\/\/www.noticiasradioreflejos.com.ar\/2021\/jorge-es-el-director-de-la-orquesta-bahia-blanca-tango-es-un-numero-1-yo-siempre-le-digo-a-la-gente-que-lo-vayan-a-ver-a-el-emanuel-carassou\/#breadcrumb"},"inLanguage":"es","potentialAction":[{"@type":"ReadAction","target":["https:\/\/www.noticiasradioreflejos.com.ar\/2021\/jorge-es-el-director-de-la-orquesta-bahia-blanca-tango-es-un-numero-1-yo-siempre-le-digo-a-la-gente-que-lo-vayan-a-ver-a-el-emanuel-carassou\/"]}]},{"@type":"ImageObject","inLanguage":"es","@id":"https:\/\/www.noticiasradioreflejos.com.ar\/2021\/jorge-es-el-director-de-la-orquesta-bahia-blanca-tango-es-un-numero-1-yo-siempre-le-digo-a-la-gente-que-lo-vayan-a-ver-a-el-emanuel-carassou\/#primaryimage","url":"http:\/\/live.staticflickr.com\/65535\/51088977578_22658108f8_c.jpg","contentUrl":"http:\/\/live.staticflickr.com\/65535\/51088977578_22658108f8_c.jpg"},{"@type":"BreadcrumbList","@id":"https:\/\/www.noticiasradioreflejos.com.ar\/2021\/jorge-es-el-director-de-la-orquesta-bahia-blanca-tango-es-un-numero-1-yo-siempre-le-digo-a-la-gente-que-lo-vayan-a-ver-a-el-emanuel-carassou\/#breadcrumb","itemListElement":[{"@type":"ListItem","position":1,"name":"Portada","item":"https:\/\/www.noticiasradioreflejos.com.ar\/2021\/"},{"@type":"ListItem","position":2,"name":"\u00abDespu\u00e9s de mucho tiempo de no ir a Sierra de la Ventana volvemos a ofrecer nuestro espect\u00e1culo de tango, muy contentos\u00bb &#8211; Emanuel Carassou"}]},{"@type":"WebSite","@id":"https:\/\/www.noticiasradioreflejos.com.ar\/2021\/#website","url":"https:\/\/www.noticiasradioreflejos.com.ar\/2021\/","name":"Noticias Radio Reflejos","description":"Las noticias de mi comarca","potentialAction":[{"@type":"SearchAction","target":{"@type":"EntryPoint","urlTemplate":"https:\/\/www.noticiasradioreflejos.com.ar\/2021\/?s={search_term_string}"},"query-input":{"@type":"PropertyValueSpecification","valueRequired":true,"valueName":"search_term_string"}}],"inLanguage":"es"},{"@type":"Person","@id":"https:\/\/www.noticiasradioreflejos.com.ar\/2021\/#\/schema\/person\/ad82545263dcc5ec0996818884fd5fb1","name":"Arnaldo Botto","image":{"@type":"ImageObject","inLanguage":"es","@id":"https:\/\/www.noticiasradioreflejos.com.ar\/2021\/#\/schema\/person\/image\/","url":"https:\/\/secure.gravatar.com\/avatar\/55cb5e37c1efa326397366e6974cb338056df65cb50e7d64d1cf314e87504837?s=96&d=mm&r=g","contentUrl":"https:\/\/secure.gravatar.com\/avatar\/55cb5e37c1efa326397366e6974cb338056df65cb50e7d64d1cf314e87504837?s=96&d=mm&r=g","caption":"Arnaldo Botto"},"url":"https:\/\/www.noticiasradioreflejos.com.ar\/2021\/author\/arnaldo\/"}]}},"_links":{"self":[{"href":"https:\/\/www.noticiasradioreflejos.com.ar\/2021\/wp-json\/wp\/v2\/posts\/54846","targetHints":{"allow":["GET"]}}],"collection":[{"href":"https:\/\/www.noticiasradioreflejos.com.ar\/2021\/wp-json\/wp\/v2\/posts"}],"about":[{"href":"https:\/\/www.noticiasradioreflejos.com.ar\/2021\/wp-json\/wp\/v2\/types\/post"}],"author":[{"embeddable":true,"href":"https:\/\/www.noticiasradioreflejos.com.ar\/2021\/wp-json\/wp\/v2\/users\/3"}],"replies":[{"embeddable":true,"href":"https:\/\/www.noticiasradioreflejos.com.ar\/2021\/wp-json\/wp\/v2\/comments?post=54846"}],"version-history":[{"count":0,"href":"https:\/\/www.noticiasradioreflejos.com.ar\/2021\/wp-json\/wp\/v2\/posts\/54846\/revisions"}],"wp:attachment":[{"href":"https:\/\/www.noticiasradioreflejos.com.ar\/2021\/wp-json\/wp\/v2\/media?parent=54846"}],"wp:term":[{"taxonomy":"category","embeddable":true,"href":"https:\/\/www.noticiasradioreflejos.com.ar\/2021\/wp-json\/wp\/v2\/categories?post=54846"},{"taxonomy":"post_tag","embeddable":true,"href":"https:\/\/www.noticiasradioreflejos.com.ar\/2021\/wp-json\/wp\/v2\/tags?post=54846"}],"curies":[{"name":"wp","href":"https:\/\/api.w.org\/{rel}","templated":true}]}}