{"id":54660,"date":"2016-12-01T15:00:43","date_gmt":"2016-12-01T15:00:43","guid":{"rendered":"http:\/\/noticiasradioreflejos.com.ar\/noticias\/?p=4317"},"modified":"2016-12-01T15:00:43","modified_gmt":"2016-12-01T15:00:43","slug":"en-villa-ventana-uno-se-desenchufa-totalmente-de-todo-pasamos-cuatro-dias-sin-television-sin-celular-sin-nada-2","status":"publish","type":"post","link":"https:\/\/www.noticiasradioreflejos.com.ar\/2021\/en-villa-ventana-uno-se-desenchufa-totalmente-de-todo-pasamos-cuatro-dias-sin-television-sin-celular-sin-nada-2\/","title":{"rendered":"\u00abEn Villa Ventana uno se desenchufa totalmente de todo, pasamos cuatro d\u00edas sin televisi\u00f3n, sin celular, sin nada\u00bb"},"content":{"rendered":"<p>Paola Arana conoci\u00f3 Villa Ventana en un viaje de egresados hace 20 a\u00f1os con un grupo de Alumnos de la Escuela Rural donde es profesora de grado y hoy despu\u00e9s de aquel tiempo elige nuevamente estas tierras por su encanto.<!--more--><\/p>\n<p>Paola es oriunda de Necochea y viene asiduamente a Villa Ventana desde que la conoci\u00f3, es la tercera vez que lo elige y cuenta: \u00abEstoy contenta, nos tocaron d\u00edas fant\u00e1sticos, nos gusta mucho este lugar, tiene mucha paz, mucha tranquilidad, los chicos disfrutan y me da placer verlos as\u00ed\u00bb.<\/p>\n<p>\u00abDe boca en boca vamos recomendando este lugar, ac\u00e1 sos muy libre. Hace 20 a\u00f1os atr\u00e1s a esta parte esta muy cambiada, creci\u00f3 much\u00edsimo. Extender\u00eda m\u00e1s comercios, pero as\u00ed como esta es hermosa, no asfalten las cosas, les da la sensaci\u00f3n y calidez de ser un lugar protegido y se puede seguir disfrutando de la naturaleza.\u00bb argumenta Paola.<\/p>\n<p>Y para cerrar soslaya: \u00abSigan teniendo esa calidez al recibir al turista y un buen crecimiento\u00bb.<br \/>\n<iframe loading=\"lazy\" src=\"https:\/\/w.soundcloud.com\/player\/?url=https%3A\/\/api.soundcloud.com\/tracks\/295709279&amp;color=ff5500&amp;auto_play=false&amp;hide_related=false&amp;show_comments=true&amp;show_user=true&amp;show_reposts=false\" width=\"100%\" height=\"166\" frameborder=\"no\" scrolling=\"no\"><\/iframe><\/p>\n","protected":false},"excerpt":{"rendered":"<p>Paola Arana conoci\u00f3 Villa Ventana en un viaje de egresados hace 20 a\u00f1os con un grupo de Alumnos de la Escuela Rural donde es profesora de grado y hoy despu\u00e9s de aquel tiempo elige nuevamente estas tierras por su encanto.<\/p>\n","protected":false},"author":3,"featured_media":0,"comment_status":"closed","ping_status":"open","sticky":false,"template":"","format":"standard","meta":{"footnotes":""},"categories":[26],"tags":[],"class_list":["post-54660","post","type-post","status-publish","format-standard","hentry","category-sociedad"],"yoast_head":"<!-- This site is optimized with the Yoast SEO plugin v25.9 - https:\/\/yoast.com\/wordpress\/plugins\/seo\/ -->\n<title>&quot;En Villa Ventana uno se desenchufa totalmente de todo, pasamos cuatro d\u00edas sin televisi\u00f3n, sin celular, sin nada&quot; - Noticias Radio Reflejos<\/title>\n<meta name=\"robots\" content=\"index, follow, max-snippet:-1, max-image-preview:large, max-video-preview:-1\" \/>\n<link rel=\"canonical\" href=\"https:\/\/www.noticiasradioreflejos.com.ar\/2021\/en-villa-ventana-uno-se-desenchufa-totalmente-de-todo-pasamos-cuatro-dias-sin-television-sin-celular-sin-nada-2\/\" \/>\n<meta property=\"og:locale\" content=\"es_ES\" \/>\n<meta property=\"og:type\" content=\"article\" \/>\n<meta property=\"og:title\" content=\"&quot;En Villa Ventana uno se desenchufa totalmente de todo, pasamos cuatro d\u00edas sin televisi\u00f3n, sin celular, sin nada&quot; - Noticias Radio Reflejos\" \/>\n<meta property=\"og:description\" content=\"Paola Arana conoci\u00f3 Villa Ventana en un viaje de egresados hace 20 a\u00f1os con un grupo de Alumnos de la Escuela Rural donde es profesora de grado y hoy despu\u00e9s de aquel tiempo elige nuevamente estas tierras por su encanto.\" \/>\n<meta property=\"og:url\" content=\"https:\/\/www.noticiasradioreflejos.com.ar\/2021\/en-villa-ventana-uno-se-desenchufa-totalmente-de-todo-pasamos-cuatro-dias-sin-television-sin-celular-sin-nada-2\/\" \/>\n<meta property=\"og:site_name\" content=\"Noticias Radio Reflejos\" \/>\n<meta property=\"article:published_time\" content=\"2016-12-01T15:00:43+00:00\" \/>\n<meta property=\"og:image\" content=\"https:\/\/www.noticiasradioreflejos.com.ar\/2021\/wp-content\/uploads\/2021\/07\/logosol300x200.png\" \/>\n\t<meta property=\"og:image:width\" content=\"300\" \/>\n\t<meta property=\"og:image:height\" content=\"200\" \/>\n\t<meta property=\"og:image:type\" content=\"image\/png\" \/>\n<meta name=\"author\" content=\"Arnaldo Botto\" \/>\n<meta name=\"twitter:card\" content=\"summary_large_image\" \/>\n<script type=\"application\/ld+json\" class=\"yoast-schema-graph\">{\"@context\":\"https:\/\/schema.org\",\"@graph\":[{\"@type\":\"WebPage\",\"@id\":\"https:\/\/www.noticiasradioreflejos.com.ar\/2021\/en-villa-ventana-uno-se-desenchufa-totalmente-de-todo-pasamos-cuatro-dias-sin-television-sin-celular-sin-nada-2\/\",\"url\":\"https:\/\/www.noticiasradioreflejos.com.ar\/2021\/en-villa-ventana-uno-se-desenchufa-totalmente-de-todo-pasamos-cuatro-dias-sin-television-sin-celular-sin-nada-2\/\",\"name\":\"\\\"En Villa Ventana uno se desenchufa totalmente de todo, pasamos cuatro d\u00edas sin televisi\u00f3n, sin celular, sin nada\\\" - Noticias Radio Reflejos\",\"isPartOf\":{\"@id\":\"https:\/\/www.noticiasradioreflejos.com.ar\/2021\/#website\"},\"datePublished\":\"2016-12-01T15:00:43+00:00\",\"author\":{\"@id\":\"https:\/\/www.noticiasradioreflejos.com.ar\/2021\/#\/schema\/person\/ad82545263dcc5ec0996818884fd5fb1\"},\"breadcrumb\":{\"@id\":\"https:\/\/www.noticiasradioreflejos.com.ar\/2021\/en-villa-ventana-uno-se-desenchufa-totalmente-de-todo-pasamos-cuatro-dias-sin-television-sin-celular-sin-nada-2\/#breadcrumb\"},\"inLanguage\":\"es\",\"potentialAction\":[{\"@type\":\"ReadAction\",\"target\":[\"https:\/\/www.noticiasradioreflejos.com.ar\/2021\/en-villa-ventana-uno-se-desenchufa-totalmente-de-todo-pasamos-cuatro-dias-sin-television-sin-celular-sin-nada-2\/\"]}]},{\"@type\":\"BreadcrumbList\",\"@id\":\"https:\/\/www.noticiasradioreflejos.com.ar\/2021\/en-villa-ventana-uno-se-desenchufa-totalmente-de-todo-pasamos-cuatro-dias-sin-television-sin-celular-sin-nada-2\/#breadcrumb\",\"itemListElement\":[{\"@type\":\"ListItem\",\"position\":1,\"name\":\"Portada\",\"item\":\"https:\/\/www.noticiasradioreflejos.com.ar\/2021\/\"},{\"@type\":\"ListItem\",\"position\":2,\"name\":\"\u00abEn Villa Ventana uno se desenchufa totalmente de todo, pasamos cuatro d\u00edas sin televisi\u00f3n, sin celular, sin nada\u00bb\"}]},{\"@type\":\"WebSite\",\"@id\":\"https:\/\/www.noticiasradioreflejos.com.ar\/2021\/#website\",\"url\":\"https:\/\/www.noticiasradioreflejos.com.ar\/2021\/\",\"name\":\"Noticias Radio Reflejos\",\"description\":\"Las noticias de mi comarca\",\"potentialAction\":[{\"@type\":\"SearchAction\",\"target\":{\"@type\":\"EntryPoint\",\"urlTemplate\":\"https:\/\/www.noticiasradioreflejos.com.ar\/2021\/?s={search_term_string}\"},\"query-input\":{\"@type\":\"PropertyValueSpecification\",\"valueRequired\":true,\"valueName\":\"search_term_string\"}}],\"inLanguage\":\"es\"},{\"@type\":\"Person\",\"@id\":\"https:\/\/www.noticiasradioreflejos.com.ar\/2021\/#\/schema\/person\/ad82545263dcc5ec0996818884fd5fb1\",\"name\":\"Arnaldo Botto\",\"image\":{\"@type\":\"ImageObject\",\"inLanguage\":\"es\",\"@id\":\"https:\/\/www.noticiasradioreflejos.com.ar\/2021\/#\/schema\/person\/image\/\",\"url\":\"https:\/\/secure.gravatar.com\/avatar\/55cb5e37c1efa326397366e6974cb338056df65cb50e7d64d1cf314e87504837?s=96&d=mm&r=g\",\"contentUrl\":\"https:\/\/secure.gravatar.com\/avatar\/55cb5e37c1efa326397366e6974cb338056df65cb50e7d64d1cf314e87504837?s=96&d=mm&r=g\",\"caption\":\"Arnaldo Botto\"},\"url\":\"https:\/\/www.noticiasradioreflejos.com.ar\/2021\/author\/arnaldo\/\"}]}<\/script>\n<!-- \/ Yoast SEO plugin. -->","yoast_head_json":{"title":"\"En Villa Ventana uno se desenchufa totalmente de todo, pasamos cuatro d\u00edas sin televisi\u00f3n, sin celular, sin nada\" - Noticias Radio Reflejos","robots":{"index":"index","follow":"follow","max-snippet":"max-snippet:-1","max-image-preview":"max-image-preview:large","max-video-preview":"max-video-preview:-1"},"canonical":"https:\/\/www.noticiasradioreflejos.com.ar\/2021\/en-villa-ventana-uno-se-desenchufa-totalmente-de-todo-pasamos-cuatro-dias-sin-television-sin-celular-sin-nada-2\/","og_locale":"es_ES","og_type":"article","og_title":"\"En Villa Ventana uno se desenchufa totalmente de todo, pasamos cuatro d\u00edas sin televisi\u00f3n, sin celular, sin nada\" - Noticias Radio Reflejos","og_description":"Paola Arana conoci\u00f3 Villa Ventana en un viaje de egresados hace 20 a\u00f1os con un grupo de Alumnos de la Escuela Rural donde es profesora de grado y hoy despu\u00e9s de aquel tiempo elige nuevamente estas tierras por su encanto.","og_url":"https:\/\/www.noticiasradioreflejos.com.ar\/2021\/en-villa-ventana-uno-se-desenchufa-totalmente-de-todo-pasamos-cuatro-dias-sin-television-sin-celular-sin-nada-2\/","og_site_name":"Noticias Radio Reflejos","article_published_time":"2016-12-01T15:00:43+00:00","og_image":[{"width":300,"height":200,"url":"https:\/\/www.noticiasradioreflejos.com.ar\/2021\/wp-content\/uploads\/2021\/07\/logosol300x200.png","type":"image\/png"}],"author":"Arnaldo Botto","twitter_card":"summary_large_image","schema":{"@context":"https:\/\/schema.org","@graph":[{"@type":"WebPage","@id":"https:\/\/www.noticiasradioreflejos.com.ar\/2021\/en-villa-ventana-uno-se-desenchufa-totalmente-de-todo-pasamos-cuatro-dias-sin-television-sin-celular-sin-nada-2\/","url":"https:\/\/www.noticiasradioreflejos.com.ar\/2021\/en-villa-ventana-uno-se-desenchufa-totalmente-de-todo-pasamos-cuatro-dias-sin-television-sin-celular-sin-nada-2\/","name":"\"En Villa Ventana uno se desenchufa totalmente de todo, pasamos cuatro d\u00edas sin televisi\u00f3n, sin celular, sin nada\" - Noticias Radio Reflejos","isPartOf":{"@id":"https:\/\/www.noticiasradioreflejos.com.ar\/2021\/#website"},"datePublished":"2016-12-01T15:00:43+00:00","author":{"@id":"https:\/\/www.noticiasradioreflejos.com.ar\/2021\/#\/schema\/person\/ad82545263dcc5ec0996818884fd5fb1"},"breadcrumb":{"@id":"https:\/\/www.noticiasradioreflejos.com.ar\/2021\/en-villa-ventana-uno-se-desenchufa-totalmente-de-todo-pasamos-cuatro-dias-sin-television-sin-celular-sin-nada-2\/#breadcrumb"},"inLanguage":"es","potentialAction":[{"@type":"ReadAction","target":["https:\/\/www.noticiasradioreflejos.com.ar\/2021\/en-villa-ventana-uno-se-desenchufa-totalmente-de-todo-pasamos-cuatro-dias-sin-television-sin-celular-sin-nada-2\/"]}]},{"@type":"BreadcrumbList","@id":"https:\/\/www.noticiasradioreflejos.com.ar\/2021\/en-villa-ventana-uno-se-desenchufa-totalmente-de-todo-pasamos-cuatro-dias-sin-television-sin-celular-sin-nada-2\/#breadcrumb","itemListElement":[{"@type":"ListItem","position":1,"name":"Portada","item":"https:\/\/www.noticiasradioreflejos.com.ar\/2021\/"},{"@type":"ListItem","position":2,"name":"\u00abEn Villa Ventana uno se desenchufa totalmente de todo, pasamos cuatro d\u00edas sin televisi\u00f3n, sin celular, sin nada\u00bb"}]},{"@type":"WebSite","@id":"https:\/\/www.noticiasradioreflejos.com.ar\/2021\/#website","url":"https:\/\/www.noticiasradioreflejos.com.ar\/2021\/","name":"Noticias Radio Reflejos","description":"Las noticias de mi comarca","potentialAction":[{"@type":"SearchAction","target":{"@type":"EntryPoint","urlTemplate":"https:\/\/www.noticiasradioreflejos.com.ar\/2021\/?s={search_term_string}"},"query-input":{"@type":"PropertyValueSpecification","valueRequired":true,"valueName":"search_term_string"}}],"inLanguage":"es"},{"@type":"Person","@id":"https:\/\/www.noticiasradioreflejos.com.ar\/2021\/#\/schema\/person\/ad82545263dcc5ec0996818884fd5fb1","name":"Arnaldo Botto","image":{"@type":"ImageObject","inLanguage":"es","@id":"https:\/\/www.noticiasradioreflejos.com.ar\/2021\/#\/schema\/person\/image\/","url":"https:\/\/secure.gravatar.com\/avatar\/55cb5e37c1efa326397366e6974cb338056df65cb50e7d64d1cf314e87504837?s=96&d=mm&r=g","contentUrl":"https:\/\/secure.gravatar.com\/avatar\/55cb5e37c1efa326397366e6974cb338056df65cb50e7d64d1cf314e87504837?s=96&d=mm&r=g","caption":"Arnaldo Botto"},"url":"https:\/\/www.noticiasradioreflejos.com.ar\/2021\/author\/arnaldo\/"}]}},"_links":{"self":[{"href":"https:\/\/www.noticiasradioreflejos.com.ar\/2021\/wp-json\/wp\/v2\/posts\/54660","targetHints":{"allow":["GET"]}}],"collection":[{"href":"https:\/\/www.noticiasradioreflejos.com.ar\/2021\/wp-json\/wp\/v2\/posts"}],"about":[{"href":"https:\/\/www.noticiasradioreflejos.com.ar\/2021\/wp-json\/wp\/v2\/types\/post"}],"author":[{"embeddable":true,"href":"https:\/\/www.noticiasradioreflejos.com.ar\/2021\/wp-json\/wp\/v2\/users\/3"}],"replies":[{"embeddable":true,"href":"https:\/\/www.noticiasradioreflejos.com.ar\/2021\/wp-json\/wp\/v2\/comments?post=54660"}],"version-history":[{"count":0,"href":"https:\/\/www.noticiasradioreflejos.com.ar\/2021\/wp-json\/wp\/v2\/posts\/54660\/revisions"}],"wp:attachment":[{"href":"https:\/\/www.noticiasradioreflejos.com.ar\/2021\/wp-json\/wp\/v2\/media?parent=54660"}],"wp:term":[{"taxonomy":"category","embeddable":true,"href":"https:\/\/www.noticiasradioreflejos.com.ar\/2021\/wp-json\/wp\/v2\/categories?post=54660"},{"taxonomy":"post_tag","embeddable":true,"href":"https:\/\/www.noticiasradioreflejos.com.ar\/2021\/wp-json\/wp\/v2\/tags?post=54660"}],"curies":[{"name":"wp","href":"https:\/\/api.w.org\/{rel}","templated":true}]}}