{"id":54650,"date":"2016-11-24T12:20:32","date_gmt":"2016-11-24T12:20:32","guid":{"rendered":"http:\/\/noticiasradioreflejos.com.ar\/noticias\/?p=4044"},"modified":"2016-11-24T12:20:32","modified_gmt":"2016-11-24T12:20:32","slug":"en-esta-nueva-busqueda-tratamos-de-seguir-marchando-para-adelante-2","status":"publish","type":"post","link":"https:\/\/www.noticiasradioreflejos.com.ar\/2021\/en-esta-nueva-busqueda-tratamos-de-seguir-marchando-para-adelante-2\/","title":{"rendered":"\u00abEn esta nueva b\u00fasqueda tratamos de seguir marchando para adelante\u00bb"},"content":{"rendered":"<p>El Director de Deporte del Municipio de Tornquist, Sebastian Bassi dialogo con los micr\u00f3fonos de la 103.7 para contar las actividades que se vienen y el balance de este a\u00f1o 2016.<!--more--><\/p>\n<p>\u00abComo evento deportivo para el 4\/12 estamos atando los \u00faltimos cabos para anunciar la carrera Rally Bike, son gente de la Pampa que organizan este tipo de disciplinas en todo el pa\u00eds. Esto seria en Sierra de la Ventana, es la primera vez que se har\u00eda y la primera vez que nos plantean algo serio, estamos trabajando en eso.\u00bb agrega Bassi.<\/p>\n<p>Sebastian detalla como est\u00e1n trabajando hoy: \u00abDeporte esta en el \u00e1rea de salud y tenemos que ser sinceros en estos \u00faltimos meses y en est\u00e1 gesti\u00f3n hemos querido hacer actividades juntos pero nos han superado los tiempos, entonces desde el ejecutivo se ha pensado y dise\u00f1ado que el a\u00f1o que viene Deporte este integrado en el \u00e1rea de Turismo\u00bb.<\/p>\n<p>Una preocupaci\u00f3n del a\u00f1o pasado era el \u00e1rea de guardavidas a la cual Bassi agrega: \u00abEsa es mi \u00e1rea y el a\u00f1o pasado estuvimos cortando clavos, este a\u00f1o y el a\u00f1o que viene estamos avanzados en el tema. Muchos chicos se han ofrecido.\u00bb<br \/>\n<iframe loading=\"lazy\" src=\"https:\/\/w.soundcloud.com\/player\/?url=https%3A\/\/api.soundcloud.com\/tracks\/294252915&amp;color=ff5500&amp;auto_play=false&amp;hide_related=false&amp;show_comments=true&amp;show_user=true&amp;show_reposts=false\" width=\"100%\" height=\"166\" frameborder=\"no\" scrolling=\"no\"><\/iframe><\/p>\n","protected":false},"excerpt":{"rendered":"<p>El Director de Deporte del Municipio de Tornquist, Sebastian Bassi dialogo con los micr\u00f3fonos de la 103.7 para contar las actividades que se vienen y el balance de este a\u00f1o 2016.<\/p>\n","protected":false},"author":3,"featured_media":0,"comment_status":"closed","ping_status":"open","sticky":false,"template":"","format":"standard","meta":{"footnotes":""},"categories":[28],"tags":[],"class_list":["post-54650","post","type-post","status-publish","format-standard","hentry","category-municipales"],"yoast_head":"<!-- This site is optimized with the Yoast SEO plugin v25.9 - https:\/\/yoast.com\/wordpress\/plugins\/seo\/ -->\n<title>&quot;En esta nueva b\u00fasqueda tratamos de seguir marchando para adelante&quot; - Noticias Radio Reflejos<\/title>\n<meta name=\"robots\" content=\"index, follow, max-snippet:-1, max-image-preview:large, max-video-preview:-1\" \/>\n<link rel=\"canonical\" href=\"https:\/\/www.noticiasradioreflejos.com.ar\/2021\/en-esta-nueva-busqueda-tratamos-de-seguir-marchando-para-adelante-2\/\" \/>\n<meta property=\"og:locale\" content=\"es_ES\" \/>\n<meta property=\"og:type\" content=\"article\" \/>\n<meta property=\"og:title\" content=\"&quot;En esta nueva b\u00fasqueda tratamos de seguir marchando para adelante&quot; - Noticias Radio Reflejos\" \/>\n<meta property=\"og:description\" content=\"El Director de Deporte del Municipio de Tornquist, Sebastian Bassi dialogo con los micr\u00f3fonos de la 103.7 para contar las actividades que se vienen y el balance de este a\u00f1o 2016.\" \/>\n<meta property=\"og:url\" content=\"https:\/\/www.noticiasradioreflejos.com.ar\/2021\/en-esta-nueva-busqueda-tratamos-de-seguir-marchando-para-adelante-2\/\" \/>\n<meta property=\"og:site_name\" content=\"Noticias Radio Reflejos\" \/>\n<meta property=\"article:published_time\" content=\"2016-11-24T12:20:32+00:00\" \/>\n<meta property=\"og:image\" content=\"https:\/\/www.noticiasradioreflejos.com.ar\/2021\/wp-content\/uploads\/2021\/07\/logosol300x200.png\" \/>\n\t<meta property=\"og:image:width\" content=\"300\" \/>\n\t<meta property=\"og:image:height\" content=\"200\" \/>\n\t<meta property=\"og:image:type\" content=\"image\/png\" \/>\n<meta name=\"author\" content=\"Arnaldo Botto\" \/>\n<meta name=\"twitter:card\" content=\"summary_large_image\" \/>\n<script type=\"application\/ld+json\" class=\"yoast-schema-graph\">{\"@context\":\"https:\/\/schema.org\",\"@graph\":[{\"@type\":\"WebPage\",\"@id\":\"https:\/\/www.noticiasradioreflejos.com.ar\/2021\/en-esta-nueva-busqueda-tratamos-de-seguir-marchando-para-adelante-2\/\",\"url\":\"https:\/\/www.noticiasradioreflejos.com.ar\/2021\/en-esta-nueva-busqueda-tratamos-de-seguir-marchando-para-adelante-2\/\",\"name\":\"\\\"En esta nueva b\u00fasqueda tratamos de seguir marchando para adelante\\\" - Noticias Radio Reflejos\",\"isPartOf\":{\"@id\":\"https:\/\/www.noticiasradioreflejos.com.ar\/2021\/#website\"},\"datePublished\":\"2016-11-24T12:20:32+00:00\",\"author\":{\"@id\":\"https:\/\/www.noticiasradioreflejos.com.ar\/2021\/#\/schema\/person\/ad82545263dcc5ec0996818884fd5fb1\"},\"breadcrumb\":{\"@id\":\"https:\/\/www.noticiasradioreflejos.com.ar\/2021\/en-esta-nueva-busqueda-tratamos-de-seguir-marchando-para-adelante-2\/#breadcrumb\"},\"inLanguage\":\"es\",\"potentialAction\":[{\"@type\":\"ReadAction\",\"target\":[\"https:\/\/www.noticiasradioreflejos.com.ar\/2021\/en-esta-nueva-busqueda-tratamos-de-seguir-marchando-para-adelante-2\/\"]}]},{\"@type\":\"BreadcrumbList\",\"@id\":\"https:\/\/www.noticiasradioreflejos.com.ar\/2021\/en-esta-nueva-busqueda-tratamos-de-seguir-marchando-para-adelante-2\/#breadcrumb\",\"itemListElement\":[{\"@type\":\"ListItem\",\"position\":1,\"name\":\"Portada\",\"item\":\"https:\/\/www.noticiasradioreflejos.com.ar\/2021\/\"},{\"@type\":\"ListItem\",\"position\":2,\"name\":\"\u00abEn esta nueva b\u00fasqueda tratamos de seguir marchando para adelante\u00bb\"}]},{\"@type\":\"WebSite\",\"@id\":\"https:\/\/www.noticiasradioreflejos.com.ar\/2021\/#website\",\"url\":\"https:\/\/www.noticiasradioreflejos.com.ar\/2021\/\",\"name\":\"Noticias Radio Reflejos\",\"description\":\"Las noticias de mi comarca\",\"potentialAction\":[{\"@type\":\"SearchAction\",\"target\":{\"@type\":\"EntryPoint\",\"urlTemplate\":\"https:\/\/www.noticiasradioreflejos.com.ar\/2021\/?s={search_term_string}\"},\"query-input\":{\"@type\":\"PropertyValueSpecification\",\"valueRequired\":true,\"valueName\":\"search_term_string\"}}],\"inLanguage\":\"es\"},{\"@type\":\"Person\",\"@id\":\"https:\/\/www.noticiasradioreflejos.com.ar\/2021\/#\/schema\/person\/ad82545263dcc5ec0996818884fd5fb1\",\"name\":\"Arnaldo Botto\",\"image\":{\"@type\":\"ImageObject\",\"inLanguage\":\"es\",\"@id\":\"https:\/\/www.noticiasradioreflejos.com.ar\/2021\/#\/schema\/person\/image\/\",\"url\":\"https:\/\/secure.gravatar.com\/avatar\/55cb5e37c1efa326397366e6974cb338056df65cb50e7d64d1cf314e87504837?s=96&d=mm&r=g\",\"contentUrl\":\"https:\/\/secure.gravatar.com\/avatar\/55cb5e37c1efa326397366e6974cb338056df65cb50e7d64d1cf314e87504837?s=96&d=mm&r=g\",\"caption\":\"Arnaldo Botto\"},\"url\":\"https:\/\/www.noticiasradioreflejos.com.ar\/2021\/author\/arnaldo\/\"}]}<\/script>\n<!-- \/ Yoast SEO plugin. -->","yoast_head_json":{"title":"\"En esta nueva b\u00fasqueda tratamos de seguir marchando para adelante\" - Noticias Radio Reflejos","robots":{"index":"index","follow":"follow","max-snippet":"max-snippet:-1","max-image-preview":"max-image-preview:large","max-video-preview":"max-video-preview:-1"},"canonical":"https:\/\/www.noticiasradioreflejos.com.ar\/2021\/en-esta-nueva-busqueda-tratamos-de-seguir-marchando-para-adelante-2\/","og_locale":"es_ES","og_type":"article","og_title":"\"En esta nueva b\u00fasqueda tratamos de seguir marchando para adelante\" - Noticias Radio Reflejos","og_description":"El Director de Deporte del Municipio de Tornquist, Sebastian Bassi dialogo con los micr\u00f3fonos de la 103.7 para contar las actividades que se vienen y el balance de este a\u00f1o 2016.","og_url":"https:\/\/www.noticiasradioreflejos.com.ar\/2021\/en-esta-nueva-busqueda-tratamos-de-seguir-marchando-para-adelante-2\/","og_site_name":"Noticias Radio Reflejos","article_published_time":"2016-11-24T12:20:32+00:00","og_image":[{"width":300,"height":200,"url":"https:\/\/www.noticiasradioreflejos.com.ar\/2021\/wp-content\/uploads\/2021\/07\/logosol300x200.png","type":"image\/png"}],"author":"Arnaldo Botto","twitter_card":"summary_large_image","schema":{"@context":"https:\/\/schema.org","@graph":[{"@type":"WebPage","@id":"https:\/\/www.noticiasradioreflejos.com.ar\/2021\/en-esta-nueva-busqueda-tratamos-de-seguir-marchando-para-adelante-2\/","url":"https:\/\/www.noticiasradioreflejos.com.ar\/2021\/en-esta-nueva-busqueda-tratamos-de-seguir-marchando-para-adelante-2\/","name":"\"En esta nueva b\u00fasqueda tratamos de seguir marchando para adelante\" - Noticias Radio Reflejos","isPartOf":{"@id":"https:\/\/www.noticiasradioreflejos.com.ar\/2021\/#website"},"datePublished":"2016-11-24T12:20:32+00:00","author":{"@id":"https:\/\/www.noticiasradioreflejos.com.ar\/2021\/#\/schema\/person\/ad82545263dcc5ec0996818884fd5fb1"},"breadcrumb":{"@id":"https:\/\/www.noticiasradioreflejos.com.ar\/2021\/en-esta-nueva-busqueda-tratamos-de-seguir-marchando-para-adelante-2\/#breadcrumb"},"inLanguage":"es","potentialAction":[{"@type":"ReadAction","target":["https:\/\/www.noticiasradioreflejos.com.ar\/2021\/en-esta-nueva-busqueda-tratamos-de-seguir-marchando-para-adelante-2\/"]}]},{"@type":"BreadcrumbList","@id":"https:\/\/www.noticiasradioreflejos.com.ar\/2021\/en-esta-nueva-busqueda-tratamos-de-seguir-marchando-para-adelante-2\/#breadcrumb","itemListElement":[{"@type":"ListItem","position":1,"name":"Portada","item":"https:\/\/www.noticiasradioreflejos.com.ar\/2021\/"},{"@type":"ListItem","position":2,"name":"\u00abEn esta nueva b\u00fasqueda tratamos de seguir marchando para adelante\u00bb"}]},{"@type":"WebSite","@id":"https:\/\/www.noticiasradioreflejos.com.ar\/2021\/#website","url":"https:\/\/www.noticiasradioreflejos.com.ar\/2021\/","name":"Noticias Radio Reflejos","description":"Las noticias de mi comarca","potentialAction":[{"@type":"SearchAction","target":{"@type":"EntryPoint","urlTemplate":"https:\/\/www.noticiasradioreflejos.com.ar\/2021\/?s={search_term_string}"},"query-input":{"@type":"PropertyValueSpecification","valueRequired":true,"valueName":"search_term_string"}}],"inLanguage":"es"},{"@type":"Person","@id":"https:\/\/www.noticiasradioreflejos.com.ar\/2021\/#\/schema\/person\/ad82545263dcc5ec0996818884fd5fb1","name":"Arnaldo Botto","image":{"@type":"ImageObject","inLanguage":"es","@id":"https:\/\/www.noticiasradioreflejos.com.ar\/2021\/#\/schema\/person\/image\/","url":"https:\/\/secure.gravatar.com\/avatar\/55cb5e37c1efa326397366e6974cb338056df65cb50e7d64d1cf314e87504837?s=96&d=mm&r=g","contentUrl":"https:\/\/secure.gravatar.com\/avatar\/55cb5e37c1efa326397366e6974cb338056df65cb50e7d64d1cf314e87504837?s=96&d=mm&r=g","caption":"Arnaldo Botto"},"url":"https:\/\/www.noticiasradioreflejos.com.ar\/2021\/author\/arnaldo\/"}]}},"_links":{"self":[{"href":"https:\/\/www.noticiasradioreflejos.com.ar\/2021\/wp-json\/wp\/v2\/posts\/54650","targetHints":{"allow":["GET"]}}],"collection":[{"href":"https:\/\/www.noticiasradioreflejos.com.ar\/2021\/wp-json\/wp\/v2\/posts"}],"about":[{"href":"https:\/\/www.noticiasradioreflejos.com.ar\/2021\/wp-json\/wp\/v2\/types\/post"}],"author":[{"embeddable":true,"href":"https:\/\/www.noticiasradioreflejos.com.ar\/2021\/wp-json\/wp\/v2\/users\/3"}],"replies":[{"embeddable":true,"href":"https:\/\/www.noticiasradioreflejos.com.ar\/2021\/wp-json\/wp\/v2\/comments?post=54650"}],"version-history":[{"count":0,"href":"https:\/\/www.noticiasradioreflejos.com.ar\/2021\/wp-json\/wp\/v2\/posts\/54650\/revisions"}],"wp:attachment":[{"href":"https:\/\/www.noticiasradioreflejos.com.ar\/2021\/wp-json\/wp\/v2\/media?parent=54650"}],"wp:term":[{"taxonomy":"category","embeddable":true,"href":"https:\/\/www.noticiasradioreflejos.com.ar\/2021\/wp-json\/wp\/v2\/categories?post=54650"},{"taxonomy":"post_tag","embeddable":true,"href":"https:\/\/www.noticiasradioreflejos.com.ar\/2021\/wp-json\/wp\/v2\/tags?post=54650"}],"curies":[{"name":"wp","href":"https:\/\/api.w.org\/{rel}","templated":true}]}}