{"id":54536,"date":"2016-09-08T15:52:21","date_gmt":"2016-09-08T15:52:21","guid":{"rendered":"http:\/\/noticiasradioreflejos.com.ar\/noticias\/?p=648"},"modified":"2016-09-08T15:52:21","modified_gmt":"2016-09-08T15:52:21","slug":"estoy-completamente-enamorado-de-villa-ventana-2","status":"publish","type":"post","link":"https:\/\/www.noticiasradioreflejos.com.ar\/2021\/estoy-completamente-enamorado-de-villa-ventana-2\/","title":{"rendered":"\u00abEstoy completamente enamorado de Villa Ventana\u00bb"},"content":{"rendered":"<p>Palito, as\u00ed se hace llamar siempre, as\u00ed es como lo conocen todos en Villa Ventana y en la Comarca. Charlatan, divertido y querido por todos se declara feliz, contento de vivir donde vive y trabajando para conseguir m\u00e1s cosas.<!--more--><\/p>\n<p>H\u00e9ctor Ribeiro vino a Villa Ventana de una forma divertida y recuerda: \u00abrecib\u00ed una carta de una amiga y dentro de esa carta hab\u00eda un pasaje para viajar hasta Bah\u00eda Blanca\u00bb.<\/p>\n<p>H\u00e9ctor se vino a Villa Ventana en el a\u00f1o 1994 y de ah\u00ed empez\u00f3 a construir junto con Andrea lo que hoy es Rancho Villa y declaro: \u00abCuando llegamos no hab\u00eda nada, no hicimos las cosas para juntar plata sino porque este era el lugar donde quer\u00edamos vivir\u00bb.<\/p>\n<p>Hoy palito se encuentra con el nuevo paseo \u00abSierras del Sur\u00bb y con nuevos proyectos para que la Villa siga creciendo.<\/p>\n<p><a title=\"IMG-20160907-WA0014\" href=\"http:\/\/farm9.staticflickr.com\/8400\/29463115721_cb69c97702_c.jpg\" rel=\"\"><img loading=\"lazy\" decoding=\"async\" class=\"aligncenter\" title=\"IMG-20160907-WA0014\" src=\"http:\/\/farm9.staticflickr.com\/8400\/29463115721_cb69c97702_c.jpg\" alt=\"IMG-20160907-WA0014\" width=\"800\" height=\"450\" \/><\/a><br \/>\n<iframe loading=\"lazy\" src=\"https:\/\/w.soundcloud.com\/player\/?url=https%3A\/\/api.soundcloud.com\/tracks\/281960537&amp;color=ff5500&amp;auto_play=false&amp;hide_related=false&amp;show_comments=true&amp;show_user=true&amp;show_reposts=false\" width=\"100%\" height=\"166\" frameborder=\"no\" scrolling=\"no\"><\/iframe><\/p>\n","protected":false},"excerpt":{"rendered":"<p>Palito, as\u00ed se hace llamar siempre, as\u00ed es como lo conocen todos en Villa Ventana y en la Comarca. Charlatan, divertido y querido por todos se declara feliz, contento de vivir donde vive y trabajando para conseguir m\u00e1s cosas.<\/p>\n","protected":false},"author":3,"featured_media":0,"comment_status":"closed","ping_status":"open","sticky":false,"template":"","format":"standard","meta":{"footnotes":""},"categories":[26],"tags":[],"class_list":["post-54536","post","type-post","status-publish","format-standard","hentry","category-sociedad"],"yoast_head":"<!-- This site is optimized with the Yoast SEO plugin v25.9 - https:\/\/yoast.com\/wordpress\/plugins\/seo\/ -->\n<title>&quot;Estoy completamente enamorado de Villa Ventana&quot; - Noticias Radio Reflejos<\/title>\n<meta name=\"robots\" content=\"index, follow, max-snippet:-1, max-image-preview:large, max-video-preview:-1\" \/>\n<link rel=\"canonical\" href=\"https:\/\/www.noticiasradioreflejos.com.ar\/2021\/estoy-completamente-enamorado-de-villa-ventana-2\/\" \/>\n<meta property=\"og:locale\" content=\"es_ES\" \/>\n<meta property=\"og:type\" content=\"article\" \/>\n<meta property=\"og:title\" content=\"&quot;Estoy completamente enamorado de Villa Ventana&quot; - Noticias Radio Reflejos\" \/>\n<meta property=\"og:description\" content=\"Palito, as\u00ed se hace llamar siempre, as\u00ed es como lo conocen todos en Villa Ventana y en la Comarca. Charlatan, divertido y querido por todos se declara feliz, contento de vivir donde vive y trabajando para conseguir m\u00e1s cosas.\" \/>\n<meta property=\"og:url\" content=\"https:\/\/www.noticiasradioreflejos.com.ar\/2021\/estoy-completamente-enamorado-de-villa-ventana-2\/\" \/>\n<meta property=\"og:site_name\" content=\"Noticias Radio Reflejos\" \/>\n<meta property=\"article:published_time\" content=\"2016-09-08T15:52:21+00:00\" \/>\n<meta property=\"og:image\" content=\"http:\/\/farm9.staticflickr.com\/8400\/29463115721_cb69c97702_c.jpg\" \/>\n<meta name=\"author\" content=\"Arnaldo Botto\" \/>\n<meta name=\"twitter:card\" content=\"summary_large_image\" \/>\n<script type=\"application\/ld+json\" class=\"yoast-schema-graph\">{\"@context\":\"https:\/\/schema.org\",\"@graph\":[{\"@type\":\"WebPage\",\"@id\":\"https:\/\/www.noticiasradioreflejos.com.ar\/2021\/estoy-completamente-enamorado-de-villa-ventana-2\/\",\"url\":\"https:\/\/www.noticiasradioreflejos.com.ar\/2021\/estoy-completamente-enamorado-de-villa-ventana-2\/\",\"name\":\"\\\"Estoy completamente enamorado de Villa Ventana\\\" - Noticias Radio Reflejos\",\"isPartOf\":{\"@id\":\"https:\/\/www.noticiasradioreflejos.com.ar\/2021\/#website\"},\"primaryImageOfPage\":{\"@id\":\"https:\/\/www.noticiasradioreflejos.com.ar\/2021\/estoy-completamente-enamorado-de-villa-ventana-2\/#primaryimage\"},\"image\":{\"@id\":\"https:\/\/www.noticiasradioreflejos.com.ar\/2021\/estoy-completamente-enamorado-de-villa-ventana-2\/#primaryimage\"},\"thumbnailUrl\":\"http:\/\/farm9.staticflickr.com\/8400\/29463115721_cb69c97702_c.jpg\",\"datePublished\":\"2016-09-08T15:52:21+00:00\",\"author\":{\"@id\":\"https:\/\/www.noticiasradioreflejos.com.ar\/2021\/#\/schema\/person\/ad82545263dcc5ec0996818884fd5fb1\"},\"breadcrumb\":{\"@id\":\"https:\/\/www.noticiasradioreflejos.com.ar\/2021\/estoy-completamente-enamorado-de-villa-ventana-2\/#breadcrumb\"},\"inLanguage\":\"es\",\"potentialAction\":[{\"@type\":\"ReadAction\",\"target\":[\"https:\/\/www.noticiasradioreflejos.com.ar\/2021\/estoy-completamente-enamorado-de-villa-ventana-2\/\"]}]},{\"@type\":\"ImageObject\",\"inLanguage\":\"es\",\"@id\":\"https:\/\/www.noticiasradioreflejos.com.ar\/2021\/estoy-completamente-enamorado-de-villa-ventana-2\/#primaryimage\",\"url\":\"http:\/\/farm9.staticflickr.com\/8400\/29463115721_cb69c97702_c.jpg\",\"contentUrl\":\"http:\/\/farm9.staticflickr.com\/8400\/29463115721_cb69c97702_c.jpg\"},{\"@type\":\"BreadcrumbList\",\"@id\":\"https:\/\/www.noticiasradioreflejos.com.ar\/2021\/estoy-completamente-enamorado-de-villa-ventana-2\/#breadcrumb\",\"itemListElement\":[{\"@type\":\"ListItem\",\"position\":1,\"name\":\"Portada\",\"item\":\"https:\/\/www.noticiasradioreflejos.com.ar\/2021\/\"},{\"@type\":\"ListItem\",\"position\":2,\"name\":\"\u00abEstoy completamente enamorado de Villa Ventana\u00bb\"}]},{\"@type\":\"WebSite\",\"@id\":\"https:\/\/www.noticiasradioreflejos.com.ar\/2021\/#website\",\"url\":\"https:\/\/www.noticiasradioreflejos.com.ar\/2021\/\",\"name\":\"Noticias Radio Reflejos\",\"description\":\"Las noticias de mi comarca\",\"potentialAction\":[{\"@type\":\"SearchAction\",\"target\":{\"@type\":\"EntryPoint\",\"urlTemplate\":\"https:\/\/www.noticiasradioreflejos.com.ar\/2021\/?s={search_term_string}\"},\"query-input\":{\"@type\":\"PropertyValueSpecification\",\"valueRequired\":true,\"valueName\":\"search_term_string\"}}],\"inLanguage\":\"es\"},{\"@type\":\"Person\",\"@id\":\"https:\/\/www.noticiasradioreflejos.com.ar\/2021\/#\/schema\/person\/ad82545263dcc5ec0996818884fd5fb1\",\"name\":\"Arnaldo Botto\",\"image\":{\"@type\":\"ImageObject\",\"inLanguage\":\"es\",\"@id\":\"https:\/\/www.noticiasradioreflejos.com.ar\/2021\/#\/schema\/person\/image\/\",\"url\":\"https:\/\/secure.gravatar.com\/avatar\/55cb5e37c1efa326397366e6974cb338056df65cb50e7d64d1cf314e87504837?s=96&d=mm&r=g\",\"contentUrl\":\"https:\/\/secure.gravatar.com\/avatar\/55cb5e37c1efa326397366e6974cb338056df65cb50e7d64d1cf314e87504837?s=96&d=mm&r=g\",\"caption\":\"Arnaldo Botto\"},\"url\":\"https:\/\/www.noticiasradioreflejos.com.ar\/2021\/author\/arnaldo\/\"}]}<\/script>\n<!-- \/ Yoast SEO plugin. -->","yoast_head_json":{"title":"\"Estoy completamente enamorado de Villa Ventana\" - Noticias Radio Reflejos","robots":{"index":"index","follow":"follow","max-snippet":"max-snippet:-1","max-image-preview":"max-image-preview:large","max-video-preview":"max-video-preview:-1"},"canonical":"https:\/\/www.noticiasradioreflejos.com.ar\/2021\/estoy-completamente-enamorado-de-villa-ventana-2\/","og_locale":"es_ES","og_type":"article","og_title":"\"Estoy completamente enamorado de Villa Ventana\" - Noticias Radio Reflejos","og_description":"Palito, as\u00ed se hace llamar siempre, as\u00ed es como lo conocen todos en Villa Ventana y en la Comarca. Charlatan, divertido y querido por todos se declara feliz, contento de vivir donde vive y trabajando para conseguir m\u00e1s cosas.","og_url":"https:\/\/www.noticiasradioreflejos.com.ar\/2021\/estoy-completamente-enamorado-de-villa-ventana-2\/","og_site_name":"Noticias Radio Reflejos","article_published_time":"2016-09-08T15:52:21+00:00","og_image":[{"url":"http:\/\/farm9.staticflickr.com\/8400\/29463115721_cb69c97702_c.jpg","type":"","width":"","height":""}],"author":"Arnaldo Botto","twitter_card":"summary_large_image","schema":{"@context":"https:\/\/schema.org","@graph":[{"@type":"WebPage","@id":"https:\/\/www.noticiasradioreflejos.com.ar\/2021\/estoy-completamente-enamorado-de-villa-ventana-2\/","url":"https:\/\/www.noticiasradioreflejos.com.ar\/2021\/estoy-completamente-enamorado-de-villa-ventana-2\/","name":"\"Estoy completamente enamorado de Villa Ventana\" - Noticias Radio Reflejos","isPartOf":{"@id":"https:\/\/www.noticiasradioreflejos.com.ar\/2021\/#website"},"primaryImageOfPage":{"@id":"https:\/\/www.noticiasradioreflejos.com.ar\/2021\/estoy-completamente-enamorado-de-villa-ventana-2\/#primaryimage"},"image":{"@id":"https:\/\/www.noticiasradioreflejos.com.ar\/2021\/estoy-completamente-enamorado-de-villa-ventana-2\/#primaryimage"},"thumbnailUrl":"http:\/\/farm9.staticflickr.com\/8400\/29463115721_cb69c97702_c.jpg","datePublished":"2016-09-08T15:52:21+00:00","author":{"@id":"https:\/\/www.noticiasradioreflejos.com.ar\/2021\/#\/schema\/person\/ad82545263dcc5ec0996818884fd5fb1"},"breadcrumb":{"@id":"https:\/\/www.noticiasradioreflejos.com.ar\/2021\/estoy-completamente-enamorado-de-villa-ventana-2\/#breadcrumb"},"inLanguage":"es","potentialAction":[{"@type":"ReadAction","target":["https:\/\/www.noticiasradioreflejos.com.ar\/2021\/estoy-completamente-enamorado-de-villa-ventana-2\/"]}]},{"@type":"ImageObject","inLanguage":"es","@id":"https:\/\/www.noticiasradioreflejos.com.ar\/2021\/estoy-completamente-enamorado-de-villa-ventana-2\/#primaryimage","url":"http:\/\/farm9.staticflickr.com\/8400\/29463115721_cb69c97702_c.jpg","contentUrl":"http:\/\/farm9.staticflickr.com\/8400\/29463115721_cb69c97702_c.jpg"},{"@type":"BreadcrumbList","@id":"https:\/\/www.noticiasradioreflejos.com.ar\/2021\/estoy-completamente-enamorado-de-villa-ventana-2\/#breadcrumb","itemListElement":[{"@type":"ListItem","position":1,"name":"Portada","item":"https:\/\/www.noticiasradioreflejos.com.ar\/2021\/"},{"@type":"ListItem","position":2,"name":"\u00abEstoy completamente enamorado de Villa Ventana\u00bb"}]},{"@type":"WebSite","@id":"https:\/\/www.noticiasradioreflejos.com.ar\/2021\/#website","url":"https:\/\/www.noticiasradioreflejos.com.ar\/2021\/","name":"Noticias Radio Reflejos","description":"Las noticias de mi comarca","potentialAction":[{"@type":"SearchAction","target":{"@type":"EntryPoint","urlTemplate":"https:\/\/www.noticiasradioreflejos.com.ar\/2021\/?s={search_term_string}"},"query-input":{"@type":"PropertyValueSpecification","valueRequired":true,"valueName":"search_term_string"}}],"inLanguage":"es"},{"@type":"Person","@id":"https:\/\/www.noticiasradioreflejos.com.ar\/2021\/#\/schema\/person\/ad82545263dcc5ec0996818884fd5fb1","name":"Arnaldo Botto","image":{"@type":"ImageObject","inLanguage":"es","@id":"https:\/\/www.noticiasradioreflejos.com.ar\/2021\/#\/schema\/person\/image\/","url":"https:\/\/secure.gravatar.com\/avatar\/55cb5e37c1efa326397366e6974cb338056df65cb50e7d64d1cf314e87504837?s=96&d=mm&r=g","contentUrl":"https:\/\/secure.gravatar.com\/avatar\/55cb5e37c1efa326397366e6974cb338056df65cb50e7d64d1cf314e87504837?s=96&d=mm&r=g","caption":"Arnaldo Botto"},"url":"https:\/\/www.noticiasradioreflejos.com.ar\/2021\/author\/arnaldo\/"}]}},"_links":{"self":[{"href":"https:\/\/www.noticiasradioreflejos.com.ar\/2021\/wp-json\/wp\/v2\/posts\/54536","targetHints":{"allow":["GET"]}}],"collection":[{"href":"https:\/\/www.noticiasradioreflejos.com.ar\/2021\/wp-json\/wp\/v2\/posts"}],"about":[{"href":"https:\/\/www.noticiasradioreflejos.com.ar\/2021\/wp-json\/wp\/v2\/types\/post"}],"author":[{"embeddable":true,"href":"https:\/\/www.noticiasradioreflejos.com.ar\/2021\/wp-json\/wp\/v2\/users\/3"}],"replies":[{"embeddable":true,"href":"https:\/\/www.noticiasradioreflejos.com.ar\/2021\/wp-json\/wp\/v2\/comments?post=54536"}],"version-history":[{"count":0,"href":"https:\/\/www.noticiasradioreflejos.com.ar\/2021\/wp-json\/wp\/v2\/posts\/54536\/revisions"}],"wp:attachment":[{"href":"https:\/\/www.noticiasradioreflejos.com.ar\/2021\/wp-json\/wp\/v2\/media?parent=54536"}],"wp:term":[{"taxonomy":"category","embeddable":true,"href":"https:\/\/www.noticiasradioreflejos.com.ar\/2021\/wp-json\/wp\/v2\/categories?post=54536"},{"taxonomy":"post_tag","embeddable":true,"href":"https:\/\/www.noticiasradioreflejos.com.ar\/2021\/wp-json\/wp\/v2\/tags?post=54536"}],"curies":[{"name":"wp","href":"https:\/\/api.w.org\/{rel}","templated":true}]}}