{"id":54392,"date":"2017-08-03T19:55:37","date_gmt":"2017-08-03T22:55:37","guid":{"rendered":"http:\/\/www.noticiasradioreflejos.com.ar\/noticias\/?p=13130"},"modified":"2017-08-03T19:55:37","modified_gmt":"2017-08-03T22:55:37","slug":"tenemos-para-demostrar-coherencia-y-gestion-randazzo-en-fm-de-la-ciudad-2","status":"publish","type":"post","link":"https:\/\/www.noticiasradioreflejos.com.ar\/2021\/tenemos-para-demostrar-coherencia-y-gestion-randazzo-en-fm-de-la-ciudad-2\/","title":{"rendered":"\u00abTenemos para demostrar coherencia y gesti\u00f3n\u00bb &#8211; Randazzo en FM de la Ciudad:"},"content":{"rendered":"<p>En la ma\u00f1ana de este jueves, el precandidato a senador nacional por Cumplir, Florencio Randazzo, dialog\u00f3 con FM de la Ciudad 99.5 \u201cNuevo Aire\u201d e hizo un balance de la campa\u00f1a electoral de cara a las PASO que entra en sus \u00faltimos d\u00edas.<br \/>\nEl ex Ministro de Transporte sostuvo que su recorrida por los diferentes puntos de la provincia se encuentra con \u201cproblemas comunes fundamentalmente asociados a las pymes, donde hay una ca\u00edda importante del consumo producto que gran parte de los trabajadores han perdido poder adquisitivo\u201d. \u201cEl ingreso de importaciones es preocupante sobre sectores muy sensibles de nuestra econom\u00eda, que traen como consecuencia la destrucci\u00f3n del empleo local y hay una mirada insensible del gobierno sobre lo que significa eso\u201d, manifest\u00f3.<!--more--><br \/>\n\u201cEl tema tarifas es muy preocupante \u2013continu\u00f3- si bien e que es cierto que hab\u00eda que llevar adelante un aumento, pero no en el interior, donde ya se hab\u00eda sufrido un proceso de actualizaci\u00f3n. Han llegado niveles de tarifas de gas y luz impagables. El gobierno no es refractario a tomar cuenta de lo que estamos heredando en este momento y lo que nos dice cualquier vecino en cualquier lugar\u201d.<br \/>\nAsimismo, Randazzo celebr\u00f3 que el Gobierno Nacional \u201ccontin\u00fae algunas pol\u00edticas iniciadas en nuestra gesti\u00f3n, como la renovaci\u00f3n ferroviaria\u201d aunque \u201cdeber\u00eda hacerlo con mayor inversi\u00f3n\u201d. \u201cAsumimos seis meses despu\u00e9s de la tragedia de Once y hicimos un enorme esfuerzo para poner en marcha un proceso en materia de renovaci\u00f3n ferroviaria in\u00e9dito en Argentina, que hay que continuarlo con mejoramiento de la inversi\u00f3n\u201d, consider\u00f3.<br \/>\nEn tanto, destac\u00f3 la precandidatura del ex intendente Gustavo Trankels a diputado provincial, \u201ces un hombre joven que tiene experiencia\u201d y tambi\u00e9n mencion\u00f3 a Lali Rosatelli, precandidata a primera concejal por Cumplir.<br \/>\n\u201cTenemos un buen equipo, una v\u00eda de coherencia dentro de la pertenencia al peronismo; hemos podido demostrar que la pol\u00edtica no es una carrera por cargos y oportunidades. Cuando yo no estuve de acuerdo en 2015 con el mecanismo de selecci\u00f3n del candidato a presidente, decid\u00ed dar un paso al costado\u201d, sostuvo en cuanto al espacio que lidera.<br \/>\n\u201cHemos podido demostrar con buena gesti\u00f3n que se pueden resolver problemas que son preocupantes para la mayor\u00eda de los argentinos; creemos que somos una buena alternativa frente a un gobierno que, de ser ratificado en las urnas, va a profundizar este proceso de ajuste que, para m\u00ed, es equivocado y afecta claramente a los sectores m\u00e1s d\u00e9biles con menos posibilidades\u201d, subray\u00f3.<br \/>\nRandazzo asegur\u00f3 que con las venideras elecciones legislativas \u201cestamos en una muy buena oportunidad y no estoy de acuerdo en que tengamos que volver al pasado, donde tuvo much\u00edsimas cosas buenas pero otras no tanto y sobre todo cuando no existi\u00f3 una sola m\u00ednima autocr\u00edtica y, en ese sentido, tenemos que mirar al futuro sin tener en la discusi\u00f3n al pasado como norma permanente\u201d.<br \/>\nPor \u00faltimo, el oriundo de Chivilcoy asegur\u00f3 que \u201chay una polarizaci\u00f3n medi\u00e1tica\u201d porque \u201cel voto no es de ninguna fuerza pol\u00edtica\u201d y \u201cla sociedad todav\u00eda mucha no ha decidido a votar\u201d. \u201cEsperemos que nos acompa\u00f1en, somos una alternativa y tenemos para demostrar nuestra coherencia y la gesti\u00f3n, no hay mejor pol\u00edtica que la gesti\u00f3n hecha con transparencia\u201d, concluy\u00f3.<\/p>\n<p><iframe loading=\"lazy\" src=\"https:\/\/w.soundcloud.com\/player\/?url=https%3A\/\/api.soundcloud.com\/tracks\/336163582&amp;color=ff5500&amp;auto_play=false&amp;hide_related=false&amp;show_comments=true&amp;show_user=true&amp;show_reposts=false\" width=\"100%\" height=\"166\" frameborder=\"no\" scrolling=\"no\"><\/iframe><\/p>\n","protected":false},"excerpt":{"rendered":"<p>En la ma\u00f1ana de este jueves, el precandidato a senador nacional por Cumplir, Florencio Randazzo, dialog\u00f3 con FM de la Ciudad 99.5 \u201cNuevo Aire\u201d e hizo un balance de la campa\u00f1a electoral de cara a las PASO que entra en sus \u00faltimos d\u00edas. El ex Ministro de Transporte sostuvo que su recorrida por los diferentes [&hellip;]<\/p>\n","protected":false},"author":3,"featured_media":0,"comment_status":"closed","ping_status":"open","sticky":false,"template":"","format":"standard","meta":{"footnotes":""},"categories":[24],"tags":[],"class_list":["post-54392","post","type-post","status-publish","format-standard","hentry","category-politica"],"yoast_head":"<!-- This site is optimized with the Yoast SEO plugin v25.9 - https:\/\/yoast.com\/wordpress\/plugins\/seo\/ -->\n<title>&quot;Tenemos para demostrar coherencia y gesti\u00f3n&quot; - Randazzo en FM de la Ciudad: - Noticias Radio Reflejos<\/title>\n<meta name=\"robots\" content=\"index, follow, max-snippet:-1, max-image-preview:large, max-video-preview:-1\" \/>\n<link rel=\"canonical\" href=\"https:\/\/www.noticiasradioreflejos.com.ar\/2021\/tenemos-para-demostrar-coherencia-y-gestion-randazzo-en-fm-de-la-ciudad-2\/\" \/>\n<meta property=\"og:locale\" content=\"es_ES\" \/>\n<meta property=\"og:type\" content=\"article\" \/>\n<meta property=\"og:title\" content=\"&quot;Tenemos para demostrar coherencia y gesti\u00f3n&quot; - Randazzo en FM de la Ciudad: - Noticias Radio Reflejos\" \/>\n<meta property=\"og:description\" content=\"En la ma\u00f1ana de este jueves, el precandidato a senador nacional por Cumplir, Florencio Randazzo, dialog\u00f3 con FM de la Ciudad 99.5 \u201cNuevo Aire\u201d e hizo un balance de la campa\u00f1a electoral de cara a las PASO que entra en sus \u00faltimos d\u00edas. El ex Ministro de Transporte sostuvo que su recorrida por los diferentes [&hellip;]\" \/>\n<meta property=\"og:url\" content=\"https:\/\/www.noticiasradioreflejos.com.ar\/2021\/tenemos-para-demostrar-coherencia-y-gestion-randazzo-en-fm-de-la-ciudad-2\/\" \/>\n<meta property=\"og:site_name\" content=\"Noticias Radio Reflejos\" \/>\n<meta property=\"article:published_time\" content=\"2017-08-03T22:55:37+00:00\" \/>\n<meta property=\"og:image\" content=\"https:\/\/www.noticiasradioreflejos.com.ar\/2021\/wp-content\/uploads\/2021\/07\/logosol300x200.png\" \/>\n\t<meta property=\"og:image:width\" content=\"300\" \/>\n\t<meta property=\"og:image:height\" content=\"200\" \/>\n\t<meta property=\"og:image:type\" content=\"image\/png\" \/>\n<meta name=\"author\" content=\"Arnaldo Botto\" \/>\n<meta name=\"twitter:card\" content=\"summary_large_image\" \/>\n<script type=\"application\/ld+json\" class=\"yoast-schema-graph\">{\"@context\":\"https:\/\/schema.org\",\"@graph\":[{\"@type\":\"WebPage\",\"@id\":\"https:\/\/www.noticiasradioreflejos.com.ar\/2021\/tenemos-para-demostrar-coherencia-y-gestion-randazzo-en-fm-de-la-ciudad-2\/\",\"url\":\"https:\/\/www.noticiasradioreflejos.com.ar\/2021\/tenemos-para-demostrar-coherencia-y-gestion-randazzo-en-fm-de-la-ciudad-2\/\",\"name\":\"\\\"Tenemos para demostrar coherencia y gesti\u00f3n\\\" - Randazzo en FM de la Ciudad: - Noticias Radio Reflejos\",\"isPartOf\":{\"@id\":\"https:\/\/www.noticiasradioreflejos.com.ar\/2021\/#website\"},\"datePublished\":\"2017-08-03T22:55:37+00:00\",\"author\":{\"@id\":\"https:\/\/www.noticiasradioreflejos.com.ar\/2021\/#\/schema\/person\/ad82545263dcc5ec0996818884fd5fb1\"},\"breadcrumb\":{\"@id\":\"https:\/\/www.noticiasradioreflejos.com.ar\/2021\/tenemos-para-demostrar-coherencia-y-gestion-randazzo-en-fm-de-la-ciudad-2\/#breadcrumb\"},\"inLanguage\":\"es\",\"potentialAction\":[{\"@type\":\"ReadAction\",\"target\":[\"https:\/\/www.noticiasradioreflejos.com.ar\/2021\/tenemos-para-demostrar-coherencia-y-gestion-randazzo-en-fm-de-la-ciudad-2\/\"]}]},{\"@type\":\"BreadcrumbList\",\"@id\":\"https:\/\/www.noticiasradioreflejos.com.ar\/2021\/tenemos-para-demostrar-coherencia-y-gestion-randazzo-en-fm-de-la-ciudad-2\/#breadcrumb\",\"itemListElement\":[{\"@type\":\"ListItem\",\"position\":1,\"name\":\"Portada\",\"item\":\"https:\/\/www.noticiasradioreflejos.com.ar\/2021\/\"},{\"@type\":\"ListItem\",\"position\":2,\"name\":\"\u00abTenemos para demostrar coherencia y gesti\u00f3n\u00bb &#8211; Randazzo en FM de la Ciudad:\"}]},{\"@type\":\"WebSite\",\"@id\":\"https:\/\/www.noticiasradioreflejos.com.ar\/2021\/#website\",\"url\":\"https:\/\/www.noticiasradioreflejos.com.ar\/2021\/\",\"name\":\"Noticias Radio Reflejos\",\"description\":\"Las noticias de mi comarca\",\"potentialAction\":[{\"@type\":\"SearchAction\",\"target\":{\"@type\":\"EntryPoint\",\"urlTemplate\":\"https:\/\/www.noticiasradioreflejos.com.ar\/2021\/?s={search_term_string}\"},\"query-input\":{\"@type\":\"PropertyValueSpecification\",\"valueRequired\":true,\"valueName\":\"search_term_string\"}}],\"inLanguage\":\"es\"},{\"@type\":\"Person\",\"@id\":\"https:\/\/www.noticiasradioreflejos.com.ar\/2021\/#\/schema\/person\/ad82545263dcc5ec0996818884fd5fb1\",\"name\":\"Arnaldo Botto\",\"image\":{\"@type\":\"ImageObject\",\"inLanguage\":\"es\",\"@id\":\"https:\/\/www.noticiasradioreflejos.com.ar\/2021\/#\/schema\/person\/image\/\",\"url\":\"https:\/\/secure.gravatar.com\/avatar\/55cb5e37c1efa326397366e6974cb338056df65cb50e7d64d1cf314e87504837?s=96&d=mm&r=g\",\"contentUrl\":\"https:\/\/secure.gravatar.com\/avatar\/55cb5e37c1efa326397366e6974cb338056df65cb50e7d64d1cf314e87504837?s=96&d=mm&r=g\",\"caption\":\"Arnaldo Botto\"},\"url\":\"https:\/\/www.noticiasradioreflejos.com.ar\/2021\/author\/arnaldo\/\"}]}<\/script>\n<!-- \/ Yoast SEO plugin. -->","yoast_head_json":{"title":"\"Tenemos para demostrar coherencia y gesti\u00f3n\" - Randazzo en FM de la Ciudad: - Noticias Radio Reflejos","robots":{"index":"index","follow":"follow","max-snippet":"max-snippet:-1","max-image-preview":"max-image-preview:large","max-video-preview":"max-video-preview:-1"},"canonical":"https:\/\/www.noticiasradioreflejos.com.ar\/2021\/tenemos-para-demostrar-coherencia-y-gestion-randazzo-en-fm-de-la-ciudad-2\/","og_locale":"es_ES","og_type":"article","og_title":"\"Tenemos para demostrar coherencia y gesti\u00f3n\" - Randazzo en FM de la Ciudad: - Noticias Radio Reflejos","og_description":"En la ma\u00f1ana de este jueves, el precandidato a senador nacional por Cumplir, Florencio Randazzo, dialog\u00f3 con FM de la Ciudad 99.5 \u201cNuevo Aire\u201d e hizo un balance de la campa\u00f1a electoral de cara a las PASO que entra en sus \u00faltimos d\u00edas. El ex Ministro de Transporte sostuvo que su recorrida por los diferentes [&hellip;]","og_url":"https:\/\/www.noticiasradioreflejos.com.ar\/2021\/tenemos-para-demostrar-coherencia-y-gestion-randazzo-en-fm-de-la-ciudad-2\/","og_site_name":"Noticias Radio Reflejos","article_published_time":"2017-08-03T22:55:37+00:00","og_image":[{"width":300,"height":200,"url":"https:\/\/www.noticiasradioreflejos.com.ar\/2021\/wp-content\/uploads\/2021\/07\/logosol300x200.png","type":"image\/png"}],"author":"Arnaldo Botto","twitter_card":"summary_large_image","schema":{"@context":"https:\/\/schema.org","@graph":[{"@type":"WebPage","@id":"https:\/\/www.noticiasradioreflejos.com.ar\/2021\/tenemos-para-demostrar-coherencia-y-gestion-randazzo-en-fm-de-la-ciudad-2\/","url":"https:\/\/www.noticiasradioreflejos.com.ar\/2021\/tenemos-para-demostrar-coherencia-y-gestion-randazzo-en-fm-de-la-ciudad-2\/","name":"\"Tenemos para demostrar coherencia y gesti\u00f3n\" - Randazzo en FM de la Ciudad: - Noticias Radio Reflejos","isPartOf":{"@id":"https:\/\/www.noticiasradioreflejos.com.ar\/2021\/#website"},"datePublished":"2017-08-03T22:55:37+00:00","author":{"@id":"https:\/\/www.noticiasradioreflejos.com.ar\/2021\/#\/schema\/person\/ad82545263dcc5ec0996818884fd5fb1"},"breadcrumb":{"@id":"https:\/\/www.noticiasradioreflejos.com.ar\/2021\/tenemos-para-demostrar-coherencia-y-gestion-randazzo-en-fm-de-la-ciudad-2\/#breadcrumb"},"inLanguage":"es","potentialAction":[{"@type":"ReadAction","target":["https:\/\/www.noticiasradioreflejos.com.ar\/2021\/tenemos-para-demostrar-coherencia-y-gestion-randazzo-en-fm-de-la-ciudad-2\/"]}]},{"@type":"BreadcrumbList","@id":"https:\/\/www.noticiasradioreflejos.com.ar\/2021\/tenemos-para-demostrar-coherencia-y-gestion-randazzo-en-fm-de-la-ciudad-2\/#breadcrumb","itemListElement":[{"@type":"ListItem","position":1,"name":"Portada","item":"https:\/\/www.noticiasradioreflejos.com.ar\/2021\/"},{"@type":"ListItem","position":2,"name":"\u00abTenemos para demostrar coherencia y gesti\u00f3n\u00bb &#8211; Randazzo en FM de la Ciudad:"}]},{"@type":"WebSite","@id":"https:\/\/www.noticiasradioreflejos.com.ar\/2021\/#website","url":"https:\/\/www.noticiasradioreflejos.com.ar\/2021\/","name":"Noticias Radio Reflejos","description":"Las noticias de mi comarca","potentialAction":[{"@type":"SearchAction","target":{"@type":"EntryPoint","urlTemplate":"https:\/\/www.noticiasradioreflejos.com.ar\/2021\/?s={search_term_string}"},"query-input":{"@type":"PropertyValueSpecification","valueRequired":true,"valueName":"search_term_string"}}],"inLanguage":"es"},{"@type":"Person","@id":"https:\/\/www.noticiasradioreflejos.com.ar\/2021\/#\/schema\/person\/ad82545263dcc5ec0996818884fd5fb1","name":"Arnaldo Botto","image":{"@type":"ImageObject","inLanguage":"es","@id":"https:\/\/www.noticiasradioreflejos.com.ar\/2021\/#\/schema\/person\/image\/","url":"https:\/\/secure.gravatar.com\/avatar\/55cb5e37c1efa326397366e6974cb338056df65cb50e7d64d1cf314e87504837?s=96&d=mm&r=g","contentUrl":"https:\/\/secure.gravatar.com\/avatar\/55cb5e37c1efa326397366e6974cb338056df65cb50e7d64d1cf314e87504837?s=96&d=mm&r=g","caption":"Arnaldo Botto"},"url":"https:\/\/www.noticiasradioreflejos.com.ar\/2021\/author\/arnaldo\/"}]}},"_links":{"self":[{"href":"https:\/\/www.noticiasradioreflejos.com.ar\/2021\/wp-json\/wp\/v2\/posts\/54392","targetHints":{"allow":["GET"]}}],"collection":[{"href":"https:\/\/www.noticiasradioreflejos.com.ar\/2021\/wp-json\/wp\/v2\/posts"}],"about":[{"href":"https:\/\/www.noticiasradioreflejos.com.ar\/2021\/wp-json\/wp\/v2\/types\/post"}],"author":[{"embeddable":true,"href":"https:\/\/www.noticiasradioreflejos.com.ar\/2021\/wp-json\/wp\/v2\/users\/3"}],"replies":[{"embeddable":true,"href":"https:\/\/www.noticiasradioreflejos.com.ar\/2021\/wp-json\/wp\/v2\/comments?post=54392"}],"version-history":[{"count":0,"href":"https:\/\/www.noticiasradioreflejos.com.ar\/2021\/wp-json\/wp\/v2\/posts\/54392\/revisions"}],"wp:attachment":[{"href":"https:\/\/www.noticiasradioreflejos.com.ar\/2021\/wp-json\/wp\/v2\/media?parent=54392"}],"wp:term":[{"taxonomy":"category","embeddable":true,"href":"https:\/\/www.noticiasradioreflejos.com.ar\/2021\/wp-json\/wp\/v2\/categories?post=54392"},{"taxonomy":"post_tag","embeddable":true,"href":"https:\/\/www.noticiasradioreflejos.com.ar\/2021\/wp-json\/wp\/v2\/tags?post=54392"}],"curies":[{"name":"wp","href":"https:\/\/api.w.org\/{rel}","templated":true}]}}