{"id":54383,"date":"2017-07-28T16:17:21","date_gmt":"2017-07-28T19:17:21","guid":{"rendered":"http:\/\/www.noticiasradioreflejos.com.ar\/noticias\/?p=12875"},"modified":"2017-07-28T16:17:21","modified_gmt":"2017-07-28T19:17:21","slug":"dejemos-de-lado-la-mezquindad-que-es-lo-que-nos-atrasa-trabajemos-en-pos-de-la-actividad-turistica-que-es-lo-que-nos-va-a-sacar-adelante-guillermo-beck-2","status":"publish","type":"post","link":"https:\/\/www.noticiasradioreflejos.com.ar\/2021\/dejemos-de-lado-la-mezquindad-que-es-lo-que-nos-atrasa-trabajemos-en-pos-de-la-actividad-turistica-que-es-lo-que-nos-va-a-sacar-adelante-guillermo-beck-2\/","title":{"rendered":"\u00abDejemos de lado la mezquindad que es lo que nos atrasa, trabajemos en pos de la actividad tur\u00edstica que es lo que nos va a sacar adelante\u00bb Guillermo Beck"},"content":{"rendered":"<p>Guillermo Beck ha tenido a lo largo de d\u00e9cadas una destacada participaci\u00f3n en el desarrollo de la actividad Tur\u00edstica de nuestra comarca. Como Secretario y Director de Turismo Municipal en varias gestiones y participando en Instituciones vinculadas al \u00e1rea, Gerente Administrador del Hotel Provincial, Casino y Resorts de Sierra de la Ventana desde hace muchos a\u00f1os y hoy tambi\u00e9n Vice presidente de la C\u00e1mara Provincial de Turismo y de la Asociaci\u00f3n de hoteles de Bah\u00eda blanca y la Regi\u00f3n.<br \/>\nLo llamamos para conocer su opini\u00f3n y lo que dej\u00f3 la visita del Lic. Gustavo Santos, Ministro de Turismo de la Naci\u00f3n.<!--more--><\/p>\n<p>Respecto a su apreciaci\u00f3n en cuanto a la visita del Ministro expresa la grata sorpresa que se llev\u00f3 \u00bb Me llen\u00f3 de alegr\u00eda \u00a0ver en sus dichos a una persona que sabe tanto de lo que es esta actividad\u00bb<\/p>\n<p>Entre los temas que expuso el Lic. Gustavo Santos, coincidieron plenamente en todos y puntualmente en el de los recursos humanos que debe tener el turismo. Expresa al respecto que \u00bb por mas modernizaci\u00f3n tecnol\u00f3gica que aparezca, los recursos humanos los tenemos que seguir aprovechando porque de eso vivimos\u00bb \u00bb La interrelaci\u00f3n humana es lo fundamental y b\u00e1sico\u00bb, continua agregando que si no existe la capacidad humana, \u00a0la sensibilidad \u00a0ante lo que es la actividad tur\u00edstica, un emprendimiento no va hacia ning\u00fan lado.<\/p>\n<p>En cuanto al mayor compromiso que cree que se lleva el Ministro es el tema de jerarquizar el \u00e1rea de turismo dentro de la Provincia, ofreci\u00e9ndose a colaborar ya que sostiene que \u00bb en esta actividad hay que trabajar en conjunto, no ser una isla\u00bb Aprovecha para hacer su aclaraci\u00f3n respecto a este tema afirmando que, al expresar su pedido frente al Ministro de Turismo, de que \u00bb apoye y ayude a la Gobernadora para que se vuelva a jerarquizar el \u00e1rea dentro de la Provincia de Buenos Aires\u00bb lo hizo como una cuesti\u00f3n de respeto hacia la actividad tur\u00edstica en s\u00ed, y no hubo ninguna intencionalidad pol\u00edtica \u00bb<\/p>\n<p>Como conclusi\u00f3n deja un claro mensaje de que se trabaje en forma conjunta, \u00bb Regionalmente, m\u00e1s all\u00e1 de estar o no de acuerdo con el nombre\u00bb \u00bb Dejemos la mezquindad y la tonter\u00eda de lado porque eso nos atrasa, trabajamos todos en pos de la actividad tur\u00edstica que es lo que nos va a sacar adelante\u00bb<\/p>\n<p>[soundcloud url=\u00bbhttps:\/\/api.soundcloud.com\/tracks\/335239835&#8243; params=\u00bbcolor=ff5500&amp;auto_play=false&amp;hide_related=false&amp;show_comments=true&amp;show_user=true&amp;show_reposts=false\u00bb width=\u00bb100%\u00bb height=\u00bb166&#8243; iframe=\u00bbtrue\u00bb \/]<\/p>\n<p>&nbsp;<\/p>\n","protected":false},"excerpt":{"rendered":"<p>Guillermo Beck ha tenido a lo largo de d\u00e9cadas una destacada participaci\u00f3n en el desarrollo de la actividad Tur\u00edstica de nuestra comarca. Como Secretario y Director de Turismo Municipal en varias gestiones y participando en Instituciones vinculadas al \u00e1rea, Gerente Administrador del Hotel Provincial, Casino y Resorts de Sierra de la Ventana desde hace muchos [&hellip;]<\/p>\n","protected":false},"author":3,"featured_media":0,"comment_status":"closed","ping_status":"open","sticky":false,"template":"","format":"standard","meta":{"footnotes":""},"categories":[33],"tags":[],"class_list":["post-54383","post","type-post","status-publish","format-standard","hentry","category-turismo"],"yoast_head":"<!-- This site is optimized with the Yoast SEO plugin v25.9 - https:\/\/yoast.com\/wordpress\/plugins\/seo\/ -->\n<title>&quot;Dejemos de lado la mezquindad que es lo que nos atrasa, trabajemos en pos de la actividad tur\u00edstica que es lo que nos va a sacar adelante&quot; Guillermo Beck - Noticias Radio Reflejos<\/title>\n<meta name=\"robots\" content=\"index, follow, max-snippet:-1, max-image-preview:large, max-video-preview:-1\" \/>\n<link rel=\"canonical\" href=\"https:\/\/www.noticiasradioreflejos.com.ar\/2021\/dejemos-de-lado-la-mezquindad-que-es-lo-que-nos-atrasa-trabajemos-en-pos-de-la-actividad-turistica-que-es-lo-que-nos-va-a-sacar-adelante-guillermo-beck-2\/\" \/>\n<meta property=\"og:locale\" content=\"es_ES\" \/>\n<meta property=\"og:type\" content=\"article\" \/>\n<meta property=\"og:title\" content=\"&quot;Dejemos de lado la mezquindad que es lo que nos atrasa, trabajemos en pos de la actividad tur\u00edstica que es lo que nos va a sacar adelante&quot; Guillermo Beck - Noticias Radio Reflejos\" \/>\n<meta property=\"og:description\" content=\"Guillermo Beck ha tenido a lo largo de d\u00e9cadas una destacada participaci\u00f3n en el desarrollo de la actividad Tur\u00edstica de nuestra comarca. Como Secretario y Director de Turismo Municipal en varias gestiones y participando en Instituciones vinculadas al \u00e1rea, Gerente Administrador del Hotel Provincial, Casino y Resorts de Sierra de la Ventana desde hace muchos [&hellip;]\" \/>\n<meta property=\"og:url\" content=\"https:\/\/www.noticiasradioreflejos.com.ar\/2021\/dejemos-de-lado-la-mezquindad-que-es-lo-que-nos-atrasa-trabajemos-en-pos-de-la-actividad-turistica-que-es-lo-que-nos-va-a-sacar-adelante-guillermo-beck-2\/\" \/>\n<meta property=\"og:site_name\" content=\"Noticias Radio Reflejos\" \/>\n<meta property=\"article:published_time\" content=\"2017-07-28T19:17:21+00:00\" \/>\n<meta property=\"og:image\" content=\"https:\/\/www.noticiasradioreflejos.com.ar\/2021\/wp-content\/uploads\/2021\/07\/logosol300x200.png\" \/>\n\t<meta property=\"og:image:width\" content=\"300\" \/>\n\t<meta property=\"og:image:height\" content=\"200\" \/>\n\t<meta property=\"og:image:type\" content=\"image\/png\" \/>\n<meta name=\"author\" content=\"Arnaldo Botto\" \/>\n<meta name=\"twitter:card\" content=\"summary_large_image\" \/>\n<script type=\"application\/ld+json\" class=\"yoast-schema-graph\">{\"@context\":\"https:\/\/schema.org\",\"@graph\":[{\"@type\":\"WebPage\",\"@id\":\"https:\/\/www.noticiasradioreflejos.com.ar\/2021\/dejemos-de-lado-la-mezquindad-que-es-lo-que-nos-atrasa-trabajemos-en-pos-de-la-actividad-turistica-que-es-lo-que-nos-va-a-sacar-adelante-guillermo-beck-2\/\",\"url\":\"https:\/\/www.noticiasradioreflejos.com.ar\/2021\/dejemos-de-lado-la-mezquindad-que-es-lo-que-nos-atrasa-trabajemos-en-pos-de-la-actividad-turistica-que-es-lo-que-nos-va-a-sacar-adelante-guillermo-beck-2\/\",\"name\":\"\\\"Dejemos de lado la mezquindad que es lo que nos atrasa, trabajemos en pos de la actividad tur\u00edstica que es lo que nos va a sacar adelante\\\" Guillermo Beck - Noticias Radio Reflejos\",\"isPartOf\":{\"@id\":\"https:\/\/www.noticiasradioreflejos.com.ar\/2021\/#website\"},\"datePublished\":\"2017-07-28T19:17:21+00:00\",\"author\":{\"@id\":\"https:\/\/www.noticiasradioreflejos.com.ar\/2021\/#\/schema\/person\/ad82545263dcc5ec0996818884fd5fb1\"},\"breadcrumb\":{\"@id\":\"https:\/\/www.noticiasradioreflejos.com.ar\/2021\/dejemos-de-lado-la-mezquindad-que-es-lo-que-nos-atrasa-trabajemos-en-pos-de-la-actividad-turistica-que-es-lo-que-nos-va-a-sacar-adelante-guillermo-beck-2\/#breadcrumb\"},\"inLanguage\":\"es\",\"potentialAction\":[{\"@type\":\"ReadAction\",\"target\":[\"https:\/\/www.noticiasradioreflejos.com.ar\/2021\/dejemos-de-lado-la-mezquindad-que-es-lo-que-nos-atrasa-trabajemos-en-pos-de-la-actividad-turistica-que-es-lo-que-nos-va-a-sacar-adelante-guillermo-beck-2\/\"]}]},{\"@type\":\"BreadcrumbList\",\"@id\":\"https:\/\/www.noticiasradioreflejos.com.ar\/2021\/dejemos-de-lado-la-mezquindad-que-es-lo-que-nos-atrasa-trabajemos-en-pos-de-la-actividad-turistica-que-es-lo-que-nos-va-a-sacar-adelante-guillermo-beck-2\/#breadcrumb\",\"itemListElement\":[{\"@type\":\"ListItem\",\"position\":1,\"name\":\"Portada\",\"item\":\"https:\/\/www.noticiasradioreflejos.com.ar\/2021\/\"},{\"@type\":\"ListItem\",\"position\":2,\"name\":\"\u00abDejemos de lado la mezquindad que es lo que nos atrasa, trabajemos en pos de la actividad tur\u00edstica que es lo que nos va a sacar adelante\u00bb Guillermo Beck\"}]},{\"@type\":\"WebSite\",\"@id\":\"https:\/\/www.noticiasradioreflejos.com.ar\/2021\/#website\",\"url\":\"https:\/\/www.noticiasradioreflejos.com.ar\/2021\/\",\"name\":\"Noticias Radio Reflejos\",\"description\":\"Las noticias de mi comarca\",\"potentialAction\":[{\"@type\":\"SearchAction\",\"target\":{\"@type\":\"EntryPoint\",\"urlTemplate\":\"https:\/\/www.noticiasradioreflejos.com.ar\/2021\/?s={search_term_string}\"},\"query-input\":{\"@type\":\"PropertyValueSpecification\",\"valueRequired\":true,\"valueName\":\"search_term_string\"}}],\"inLanguage\":\"es\"},{\"@type\":\"Person\",\"@id\":\"https:\/\/www.noticiasradioreflejos.com.ar\/2021\/#\/schema\/person\/ad82545263dcc5ec0996818884fd5fb1\",\"name\":\"Arnaldo Botto\",\"image\":{\"@type\":\"ImageObject\",\"inLanguage\":\"es\",\"@id\":\"https:\/\/www.noticiasradioreflejos.com.ar\/2021\/#\/schema\/person\/image\/\",\"url\":\"https:\/\/secure.gravatar.com\/avatar\/55cb5e37c1efa326397366e6974cb338056df65cb50e7d64d1cf314e87504837?s=96&d=mm&r=g\",\"contentUrl\":\"https:\/\/secure.gravatar.com\/avatar\/55cb5e37c1efa326397366e6974cb338056df65cb50e7d64d1cf314e87504837?s=96&d=mm&r=g\",\"caption\":\"Arnaldo Botto\"},\"url\":\"https:\/\/www.noticiasradioreflejos.com.ar\/2021\/author\/arnaldo\/\"}]}<\/script>\n<!-- \/ Yoast SEO plugin. -->","yoast_head_json":{"title":"\"Dejemos de lado la mezquindad que es lo que nos atrasa, trabajemos en pos de la actividad tur\u00edstica que es lo que nos va a sacar adelante\" Guillermo Beck - Noticias Radio Reflejos","robots":{"index":"index","follow":"follow","max-snippet":"max-snippet:-1","max-image-preview":"max-image-preview:large","max-video-preview":"max-video-preview:-1"},"canonical":"https:\/\/www.noticiasradioreflejos.com.ar\/2021\/dejemos-de-lado-la-mezquindad-que-es-lo-que-nos-atrasa-trabajemos-en-pos-de-la-actividad-turistica-que-es-lo-que-nos-va-a-sacar-adelante-guillermo-beck-2\/","og_locale":"es_ES","og_type":"article","og_title":"\"Dejemos de lado la mezquindad que es lo que nos atrasa, trabajemos en pos de la actividad tur\u00edstica que es lo que nos va a sacar adelante\" Guillermo Beck - Noticias Radio Reflejos","og_description":"Guillermo Beck ha tenido a lo largo de d\u00e9cadas una destacada participaci\u00f3n en el desarrollo de la actividad Tur\u00edstica de nuestra comarca. Como Secretario y Director de Turismo Municipal en varias gestiones y participando en Instituciones vinculadas al \u00e1rea, Gerente Administrador del Hotel Provincial, Casino y Resorts de Sierra de la Ventana desde hace muchos [&hellip;]","og_url":"https:\/\/www.noticiasradioreflejos.com.ar\/2021\/dejemos-de-lado-la-mezquindad-que-es-lo-que-nos-atrasa-trabajemos-en-pos-de-la-actividad-turistica-que-es-lo-que-nos-va-a-sacar-adelante-guillermo-beck-2\/","og_site_name":"Noticias Radio Reflejos","article_published_time":"2017-07-28T19:17:21+00:00","og_image":[{"width":300,"height":200,"url":"https:\/\/www.noticiasradioreflejos.com.ar\/2021\/wp-content\/uploads\/2021\/07\/logosol300x200.png","type":"image\/png"}],"author":"Arnaldo Botto","twitter_card":"summary_large_image","schema":{"@context":"https:\/\/schema.org","@graph":[{"@type":"WebPage","@id":"https:\/\/www.noticiasradioreflejos.com.ar\/2021\/dejemos-de-lado-la-mezquindad-que-es-lo-que-nos-atrasa-trabajemos-en-pos-de-la-actividad-turistica-que-es-lo-que-nos-va-a-sacar-adelante-guillermo-beck-2\/","url":"https:\/\/www.noticiasradioreflejos.com.ar\/2021\/dejemos-de-lado-la-mezquindad-que-es-lo-que-nos-atrasa-trabajemos-en-pos-de-la-actividad-turistica-que-es-lo-que-nos-va-a-sacar-adelante-guillermo-beck-2\/","name":"\"Dejemos de lado la mezquindad que es lo que nos atrasa, trabajemos en pos de la actividad tur\u00edstica que es lo que nos va a sacar adelante\" Guillermo Beck - Noticias Radio Reflejos","isPartOf":{"@id":"https:\/\/www.noticiasradioreflejos.com.ar\/2021\/#website"},"datePublished":"2017-07-28T19:17:21+00:00","author":{"@id":"https:\/\/www.noticiasradioreflejos.com.ar\/2021\/#\/schema\/person\/ad82545263dcc5ec0996818884fd5fb1"},"breadcrumb":{"@id":"https:\/\/www.noticiasradioreflejos.com.ar\/2021\/dejemos-de-lado-la-mezquindad-que-es-lo-que-nos-atrasa-trabajemos-en-pos-de-la-actividad-turistica-que-es-lo-que-nos-va-a-sacar-adelante-guillermo-beck-2\/#breadcrumb"},"inLanguage":"es","potentialAction":[{"@type":"ReadAction","target":["https:\/\/www.noticiasradioreflejos.com.ar\/2021\/dejemos-de-lado-la-mezquindad-que-es-lo-que-nos-atrasa-trabajemos-en-pos-de-la-actividad-turistica-que-es-lo-que-nos-va-a-sacar-adelante-guillermo-beck-2\/"]}]},{"@type":"BreadcrumbList","@id":"https:\/\/www.noticiasradioreflejos.com.ar\/2021\/dejemos-de-lado-la-mezquindad-que-es-lo-que-nos-atrasa-trabajemos-en-pos-de-la-actividad-turistica-que-es-lo-que-nos-va-a-sacar-adelante-guillermo-beck-2\/#breadcrumb","itemListElement":[{"@type":"ListItem","position":1,"name":"Portada","item":"https:\/\/www.noticiasradioreflejos.com.ar\/2021\/"},{"@type":"ListItem","position":2,"name":"\u00abDejemos de lado la mezquindad que es lo que nos atrasa, trabajemos en pos de la actividad tur\u00edstica que es lo que nos va a sacar adelante\u00bb Guillermo Beck"}]},{"@type":"WebSite","@id":"https:\/\/www.noticiasradioreflejos.com.ar\/2021\/#website","url":"https:\/\/www.noticiasradioreflejos.com.ar\/2021\/","name":"Noticias Radio Reflejos","description":"Las noticias de mi comarca","potentialAction":[{"@type":"SearchAction","target":{"@type":"EntryPoint","urlTemplate":"https:\/\/www.noticiasradioreflejos.com.ar\/2021\/?s={search_term_string}"},"query-input":{"@type":"PropertyValueSpecification","valueRequired":true,"valueName":"search_term_string"}}],"inLanguage":"es"},{"@type":"Person","@id":"https:\/\/www.noticiasradioreflejos.com.ar\/2021\/#\/schema\/person\/ad82545263dcc5ec0996818884fd5fb1","name":"Arnaldo Botto","image":{"@type":"ImageObject","inLanguage":"es","@id":"https:\/\/www.noticiasradioreflejos.com.ar\/2021\/#\/schema\/person\/image\/","url":"https:\/\/secure.gravatar.com\/avatar\/55cb5e37c1efa326397366e6974cb338056df65cb50e7d64d1cf314e87504837?s=96&d=mm&r=g","contentUrl":"https:\/\/secure.gravatar.com\/avatar\/55cb5e37c1efa326397366e6974cb338056df65cb50e7d64d1cf314e87504837?s=96&d=mm&r=g","caption":"Arnaldo Botto"},"url":"https:\/\/www.noticiasradioreflejos.com.ar\/2021\/author\/arnaldo\/"}]}},"_links":{"self":[{"href":"https:\/\/www.noticiasradioreflejos.com.ar\/2021\/wp-json\/wp\/v2\/posts\/54383","targetHints":{"allow":["GET"]}}],"collection":[{"href":"https:\/\/www.noticiasradioreflejos.com.ar\/2021\/wp-json\/wp\/v2\/posts"}],"about":[{"href":"https:\/\/www.noticiasradioreflejos.com.ar\/2021\/wp-json\/wp\/v2\/types\/post"}],"author":[{"embeddable":true,"href":"https:\/\/www.noticiasradioreflejos.com.ar\/2021\/wp-json\/wp\/v2\/users\/3"}],"replies":[{"embeddable":true,"href":"https:\/\/www.noticiasradioreflejos.com.ar\/2021\/wp-json\/wp\/v2\/comments?post=54383"}],"version-history":[{"count":0,"href":"https:\/\/www.noticiasradioreflejos.com.ar\/2021\/wp-json\/wp\/v2\/posts\/54383\/revisions"}],"wp:attachment":[{"href":"https:\/\/www.noticiasradioreflejos.com.ar\/2021\/wp-json\/wp\/v2\/media?parent=54383"}],"wp:term":[{"taxonomy":"category","embeddable":true,"href":"https:\/\/www.noticiasradioreflejos.com.ar\/2021\/wp-json\/wp\/v2\/categories?post=54383"},{"taxonomy":"post_tag","embeddable":true,"href":"https:\/\/www.noticiasradioreflejos.com.ar\/2021\/wp-json\/wp\/v2\/tags?post=54383"}],"curies":[{"name":"wp","href":"https:\/\/api.w.org\/{rel}","templated":true}]}}