{"id":54378,"date":"2017-07-27T08:22:35","date_gmt":"2017-07-27T11:22:35","guid":{"rendered":"http:\/\/www.noticiasradioreflejos.com.ar\/noticias\/?p=12800"},"modified":"2017-07-27T08:22:35","modified_gmt":"2017-07-27T11:22:35","slug":"evocaron-a-evita-en-sierra-de-la-ventana-2","status":"publish","type":"post","link":"https:\/\/www.noticiasradioreflejos.com.ar\/2021\/evocaron-a-evita-en-sierra-de-la-ventana-2\/","title":{"rendered":"Evocaron a \u00abEvita\u00bb en Sierra de la Ventana."},"content":{"rendered":"<p><a title=\"20264747_701908450007809_1997664594334021519_n\" href=\"http:\/\/farm5.staticflickr.com\/4291\/35361485804_dcbdd0bffd.jpg\" rel=\"\"><img loading=\"lazy\" decoding=\"async\" class=\"alignleft\" style=\"float: left;\" title=\"20264747_701908450007809_1997664594334021519_n\" src=\"http:\/\/farm5.staticflickr.com\/4291\/35361485804_dcbdd0bffd.jpg\" alt=\"20264747_701908450007809_1997664594334021519_n\" width=\"500\" height=\"375\" \/><\/a>La Plaza Eva Per\u00f3n de Sierra de la Ventana fue -como cada 26 de julio- el espacio de homenaje a Evita a 65 a\u00f1os de su paso a la inmortalidad, con la presencia de vecinos y militantes de la localidad y de localidades del distrito.<!--more--><br \/>\nCon palabras compartidas de Evita de su libro Mi mensaje, con poemas de Mar\u00eda Elena Walsh y Juan Sasturain, y con un escrito de su sobrina nieta Cristina Alvarez de Rodr\u00edguez, se desarroll\u00f3 el acto en las voces de Norma Fern\u00e1ndez, Jordana Secondi, Adriana Mulvihill y Natalia Molina. Asimismo con el relato de la memoria del d\u00eda que conoci\u00f3 a Evita del se\u00f1or Cenizo. Y canciones dedicadas a Ella.<br \/>\nAdem\u00e1s se realiz\u00f3 un minuto de silencio por los compa\u00f1eros y compa\u00f1eras que ya no est\u00e1n f\u00edsicamente. Y las mujeres presentes llevaron adelante la tradicional ofrenda floral a la madre y jefa espiritual de la naci\u00f3n.<br \/>\nEl homenaje concluy\u00f3 con la invitaci\u00f3n a participar el pr\u00f3ximo 26 de julio a las 16 hs. del pr\u00f3ximo encuentro para homenajear a Evita y con la entonaci\u00f3n de la marcha peronista.<\/p>\n<p><a title=\"20294422_701908380007816_6808809229299340863_n\" href=\"http:\/\/farm5.staticflickr.com\/4316\/36156570366_498414dd4e_z.jpg\" rel=\"\"><img loading=\"lazy\" decoding=\"async\" class=\"aligncenter\" title=\"20294422_701908380007816_6808809229299340863_n\" src=\"http:\/\/farm5.staticflickr.com\/4316\/36156570366_498414dd4e_z.jpg\" alt=\"20294422_701908380007816_6808809229299340863_n\" width=\"640\" height=\"480\" \/><\/a><a title=\"20294529_701908926674428_1222472484244068031_n\" href=\"http:\/\/farm5.staticflickr.com\/4309\/35361486174_2c26648bd9_z.jpg\" rel=\"\"><img loading=\"lazy\" decoding=\"async\" class=\"aligncenter\" title=\"20294529_701908926674428_1222472484244068031_n\" src=\"http:\/\/farm5.staticflickr.com\/4309\/35361486174_2c26648bd9_z.jpg\" alt=\"20294529_701908926674428_1222472484244068031_n\" width=\"640\" height=\"480\" \/><\/a><a title=\"20294494_701907583341229_1091519493960081253_n\" href=\"http:\/\/farm5.staticflickr.com\/4325\/35361485154_e531d8d0a2_z.jpg\" rel=\"\"><img loading=\"lazy\" decoding=\"async\" class=\"aligncenter\" title=\"20294494_701907583341229_1091519493960081253_n\" src=\"http:\/\/farm5.staticflickr.com\/4325\/35361485154_e531d8d0a2_z.jpg\" alt=\"20294494_701907583341229_1091519493960081253_n\" width=\"640\" height=\"480\" \/><\/a><\/p>\n<p><a href=\"https:\/\/www.facebook.com\/profile.php?id=100005659816760&amp;sk=photos&amp;collection_token=100005659816760%3A2305272732%3A69&amp;set=a.701907146674606.1073741834.100005659816760&amp;type=3\"><strong>FOTOS<\/strong><\/a><\/p>\n","protected":false},"excerpt":{"rendered":"<p>La Plaza Eva Per\u00f3n de Sierra de la Ventana fue -como cada 26 de julio- el espacio de homenaje a Evita a 65 a\u00f1os de su paso a la inmortalidad, con la presencia de vecinos y militantes de la localidad y de localidades del distrito.<\/p>\n","protected":false},"author":3,"featured_media":0,"comment_status":"closed","ping_status":"open","sticky":false,"template":"","format":"standard","meta":{"footnotes":""},"categories":[24],"tags":[],"class_list":["post-54378","post","type-post","status-publish","format-standard","hentry","category-politica"],"yoast_head":"<!-- This site is optimized with the Yoast SEO plugin v25.9 - https:\/\/yoast.com\/wordpress\/plugins\/seo\/ -->\n<title>Evocaron a &quot;Evita&quot; en Sierra de la Ventana. - Noticias Radio Reflejos<\/title>\n<meta name=\"robots\" content=\"index, follow, max-snippet:-1, max-image-preview:large, max-video-preview:-1\" \/>\n<link rel=\"canonical\" href=\"https:\/\/www.noticiasradioreflejos.com.ar\/2021\/evocaron-a-evita-en-sierra-de-la-ventana-2\/\" \/>\n<meta property=\"og:locale\" content=\"es_ES\" \/>\n<meta property=\"og:type\" content=\"article\" \/>\n<meta property=\"og:title\" content=\"Evocaron a &quot;Evita&quot; en Sierra de la Ventana. - Noticias Radio Reflejos\" \/>\n<meta property=\"og:description\" content=\"La Plaza Eva Per\u00f3n de Sierra de la Ventana fue -como cada 26 de julio- el espacio de homenaje a Evita a 65 a\u00f1os de su paso a la inmortalidad, con la presencia de vecinos y militantes de la localidad y de localidades del distrito.\" \/>\n<meta property=\"og:url\" content=\"https:\/\/www.noticiasradioreflejos.com.ar\/2021\/evocaron-a-evita-en-sierra-de-la-ventana-2\/\" \/>\n<meta property=\"og:site_name\" content=\"Noticias Radio Reflejos\" \/>\n<meta property=\"article:published_time\" content=\"2017-07-27T11:22:35+00:00\" \/>\n<meta property=\"og:image\" content=\"http:\/\/farm5.staticflickr.com\/4291\/35361485804_dcbdd0bffd.jpg\" \/>\n<meta name=\"author\" content=\"Arnaldo Botto\" \/>\n<meta name=\"twitter:card\" content=\"summary_large_image\" \/>\n<script type=\"application\/ld+json\" class=\"yoast-schema-graph\">{\"@context\":\"https:\/\/schema.org\",\"@graph\":[{\"@type\":\"WebPage\",\"@id\":\"https:\/\/www.noticiasradioreflejos.com.ar\/2021\/evocaron-a-evita-en-sierra-de-la-ventana-2\/\",\"url\":\"https:\/\/www.noticiasradioreflejos.com.ar\/2021\/evocaron-a-evita-en-sierra-de-la-ventana-2\/\",\"name\":\"Evocaron a \\\"Evita\\\" en Sierra de la Ventana. - Noticias Radio Reflejos\",\"isPartOf\":{\"@id\":\"https:\/\/www.noticiasradioreflejos.com.ar\/2021\/#website\"},\"primaryImageOfPage\":{\"@id\":\"https:\/\/www.noticiasradioreflejos.com.ar\/2021\/evocaron-a-evita-en-sierra-de-la-ventana-2\/#primaryimage\"},\"image\":{\"@id\":\"https:\/\/www.noticiasradioreflejos.com.ar\/2021\/evocaron-a-evita-en-sierra-de-la-ventana-2\/#primaryimage\"},\"thumbnailUrl\":\"http:\/\/farm5.staticflickr.com\/4291\/35361485804_dcbdd0bffd.jpg\",\"datePublished\":\"2017-07-27T11:22:35+00:00\",\"author\":{\"@id\":\"https:\/\/www.noticiasradioreflejos.com.ar\/2021\/#\/schema\/person\/ad82545263dcc5ec0996818884fd5fb1\"},\"breadcrumb\":{\"@id\":\"https:\/\/www.noticiasradioreflejos.com.ar\/2021\/evocaron-a-evita-en-sierra-de-la-ventana-2\/#breadcrumb\"},\"inLanguage\":\"es\",\"potentialAction\":[{\"@type\":\"ReadAction\",\"target\":[\"https:\/\/www.noticiasradioreflejos.com.ar\/2021\/evocaron-a-evita-en-sierra-de-la-ventana-2\/\"]}]},{\"@type\":\"ImageObject\",\"inLanguage\":\"es\",\"@id\":\"https:\/\/www.noticiasradioreflejos.com.ar\/2021\/evocaron-a-evita-en-sierra-de-la-ventana-2\/#primaryimage\",\"url\":\"http:\/\/farm5.staticflickr.com\/4291\/35361485804_dcbdd0bffd.jpg\",\"contentUrl\":\"http:\/\/farm5.staticflickr.com\/4291\/35361485804_dcbdd0bffd.jpg\"},{\"@type\":\"BreadcrumbList\",\"@id\":\"https:\/\/www.noticiasradioreflejos.com.ar\/2021\/evocaron-a-evita-en-sierra-de-la-ventana-2\/#breadcrumb\",\"itemListElement\":[{\"@type\":\"ListItem\",\"position\":1,\"name\":\"Portada\",\"item\":\"https:\/\/www.noticiasradioreflejos.com.ar\/2021\/\"},{\"@type\":\"ListItem\",\"position\":2,\"name\":\"Evocaron a \u00abEvita\u00bb en Sierra de la Ventana.\"}]},{\"@type\":\"WebSite\",\"@id\":\"https:\/\/www.noticiasradioreflejos.com.ar\/2021\/#website\",\"url\":\"https:\/\/www.noticiasradioreflejos.com.ar\/2021\/\",\"name\":\"Noticias Radio Reflejos\",\"description\":\"Las noticias de mi comarca\",\"potentialAction\":[{\"@type\":\"SearchAction\",\"target\":{\"@type\":\"EntryPoint\",\"urlTemplate\":\"https:\/\/www.noticiasradioreflejos.com.ar\/2021\/?s={search_term_string}\"},\"query-input\":{\"@type\":\"PropertyValueSpecification\",\"valueRequired\":true,\"valueName\":\"search_term_string\"}}],\"inLanguage\":\"es\"},{\"@type\":\"Person\",\"@id\":\"https:\/\/www.noticiasradioreflejos.com.ar\/2021\/#\/schema\/person\/ad82545263dcc5ec0996818884fd5fb1\",\"name\":\"Arnaldo Botto\",\"image\":{\"@type\":\"ImageObject\",\"inLanguage\":\"es\",\"@id\":\"https:\/\/www.noticiasradioreflejos.com.ar\/2021\/#\/schema\/person\/image\/\",\"url\":\"https:\/\/secure.gravatar.com\/avatar\/55cb5e37c1efa326397366e6974cb338056df65cb50e7d64d1cf314e87504837?s=96&d=mm&r=g\",\"contentUrl\":\"https:\/\/secure.gravatar.com\/avatar\/55cb5e37c1efa326397366e6974cb338056df65cb50e7d64d1cf314e87504837?s=96&d=mm&r=g\",\"caption\":\"Arnaldo Botto\"},\"url\":\"https:\/\/www.noticiasradioreflejos.com.ar\/2021\/author\/arnaldo\/\"}]}<\/script>\n<!-- \/ Yoast SEO plugin. -->","yoast_head_json":{"title":"Evocaron a \"Evita\" en Sierra de la Ventana. - Noticias Radio Reflejos","robots":{"index":"index","follow":"follow","max-snippet":"max-snippet:-1","max-image-preview":"max-image-preview:large","max-video-preview":"max-video-preview:-1"},"canonical":"https:\/\/www.noticiasradioreflejos.com.ar\/2021\/evocaron-a-evita-en-sierra-de-la-ventana-2\/","og_locale":"es_ES","og_type":"article","og_title":"Evocaron a \"Evita\" en Sierra de la Ventana. - Noticias Radio Reflejos","og_description":"La Plaza Eva Per\u00f3n de Sierra de la Ventana fue -como cada 26 de julio- el espacio de homenaje a Evita a 65 a\u00f1os de su paso a la inmortalidad, con la presencia de vecinos y militantes de la localidad y de localidades del distrito.","og_url":"https:\/\/www.noticiasradioreflejos.com.ar\/2021\/evocaron-a-evita-en-sierra-de-la-ventana-2\/","og_site_name":"Noticias Radio Reflejos","article_published_time":"2017-07-27T11:22:35+00:00","og_image":[{"url":"http:\/\/farm5.staticflickr.com\/4291\/35361485804_dcbdd0bffd.jpg","type":"","width":"","height":""}],"author":"Arnaldo Botto","twitter_card":"summary_large_image","schema":{"@context":"https:\/\/schema.org","@graph":[{"@type":"WebPage","@id":"https:\/\/www.noticiasradioreflejos.com.ar\/2021\/evocaron-a-evita-en-sierra-de-la-ventana-2\/","url":"https:\/\/www.noticiasradioreflejos.com.ar\/2021\/evocaron-a-evita-en-sierra-de-la-ventana-2\/","name":"Evocaron a \"Evita\" en Sierra de la Ventana. - Noticias Radio Reflejos","isPartOf":{"@id":"https:\/\/www.noticiasradioreflejos.com.ar\/2021\/#website"},"primaryImageOfPage":{"@id":"https:\/\/www.noticiasradioreflejos.com.ar\/2021\/evocaron-a-evita-en-sierra-de-la-ventana-2\/#primaryimage"},"image":{"@id":"https:\/\/www.noticiasradioreflejos.com.ar\/2021\/evocaron-a-evita-en-sierra-de-la-ventana-2\/#primaryimage"},"thumbnailUrl":"http:\/\/farm5.staticflickr.com\/4291\/35361485804_dcbdd0bffd.jpg","datePublished":"2017-07-27T11:22:35+00:00","author":{"@id":"https:\/\/www.noticiasradioreflejos.com.ar\/2021\/#\/schema\/person\/ad82545263dcc5ec0996818884fd5fb1"},"breadcrumb":{"@id":"https:\/\/www.noticiasradioreflejos.com.ar\/2021\/evocaron-a-evita-en-sierra-de-la-ventana-2\/#breadcrumb"},"inLanguage":"es","potentialAction":[{"@type":"ReadAction","target":["https:\/\/www.noticiasradioreflejos.com.ar\/2021\/evocaron-a-evita-en-sierra-de-la-ventana-2\/"]}]},{"@type":"ImageObject","inLanguage":"es","@id":"https:\/\/www.noticiasradioreflejos.com.ar\/2021\/evocaron-a-evita-en-sierra-de-la-ventana-2\/#primaryimage","url":"http:\/\/farm5.staticflickr.com\/4291\/35361485804_dcbdd0bffd.jpg","contentUrl":"http:\/\/farm5.staticflickr.com\/4291\/35361485804_dcbdd0bffd.jpg"},{"@type":"BreadcrumbList","@id":"https:\/\/www.noticiasradioreflejos.com.ar\/2021\/evocaron-a-evita-en-sierra-de-la-ventana-2\/#breadcrumb","itemListElement":[{"@type":"ListItem","position":1,"name":"Portada","item":"https:\/\/www.noticiasradioreflejos.com.ar\/2021\/"},{"@type":"ListItem","position":2,"name":"Evocaron a \u00abEvita\u00bb en Sierra de la Ventana."}]},{"@type":"WebSite","@id":"https:\/\/www.noticiasradioreflejos.com.ar\/2021\/#website","url":"https:\/\/www.noticiasradioreflejos.com.ar\/2021\/","name":"Noticias Radio Reflejos","description":"Las noticias de mi comarca","potentialAction":[{"@type":"SearchAction","target":{"@type":"EntryPoint","urlTemplate":"https:\/\/www.noticiasradioreflejos.com.ar\/2021\/?s={search_term_string}"},"query-input":{"@type":"PropertyValueSpecification","valueRequired":true,"valueName":"search_term_string"}}],"inLanguage":"es"},{"@type":"Person","@id":"https:\/\/www.noticiasradioreflejos.com.ar\/2021\/#\/schema\/person\/ad82545263dcc5ec0996818884fd5fb1","name":"Arnaldo Botto","image":{"@type":"ImageObject","inLanguage":"es","@id":"https:\/\/www.noticiasradioreflejos.com.ar\/2021\/#\/schema\/person\/image\/","url":"https:\/\/secure.gravatar.com\/avatar\/55cb5e37c1efa326397366e6974cb338056df65cb50e7d64d1cf314e87504837?s=96&d=mm&r=g","contentUrl":"https:\/\/secure.gravatar.com\/avatar\/55cb5e37c1efa326397366e6974cb338056df65cb50e7d64d1cf314e87504837?s=96&d=mm&r=g","caption":"Arnaldo Botto"},"url":"https:\/\/www.noticiasradioreflejos.com.ar\/2021\/author\/arnaldo\/"}]}},"_links":{"self":[{"href":"https:\/\/www.noticiasradioreflejos.com.ar\/2021\/wp-json\/wp\/v2\/posts\/54378","targetHints":{"allow":["GET"]}}],"collection":[{"href":"https:\/\/www.noticiasradioreflejos.com.ar\/2021\/wp-json\/wp\/v2\/posts"}],"about":[{"href":"https:\/\/www.noticiasradioreflejos.com.ar\/2021\/wp-json\/wp\/v2\/types\/post"}],"author":[{"embeddable":true,"href":"https:\/\/www.noticiasradioreflejos.com.ar\/2021\/wp-json\/wp\/v2\/users\/3"}],"replies":[{"embeddable":true,"href":"https:\/\/www.noticiasradioreflejos.com.ar\/2021\/wp-json\/wp\/v2\/comments?post=54378"}],"version-history":[{"count":0,"href":"https:\/\/www.noticiasradioreflejos.com.ar\/2021\/wp-json\/wp\/v2\/posts\/54378\/revisions"}],"wp:attachment":[{"href":"https:\/\/www.noticiasradioreflejos.com.ar\/2021\/wp-json\/wp\/v2\/media?parent=54378"}],"wp:term":[{"taxonomy":"category","embeddable":true,"href":"https:\/\/www.noticiasradioreflejos.com.ar\/2021\/wp-json\/wp\/v2\/categories?post=54378"},{"taxonomy":"post_tag","embeddable":true,"href":"https:\/\/www.noticiasradioreflejos.com.ar\/2021\/wp-json\/wp\/v2\/tags?post=54378"}],"curies":[{"name":"wp","href":"https:\/\/api.w.org\/{rel}","templated":true}]}}