{"id":54361,"date":"2017-07-07T18:01:12","date_gmt":"2017-07-07T21:01:12","guid":{"rendered":"http:\/\/www.noticiasradioreflejos.com.ar\/noticias\/?p=12005"},"modified":"2017-07-07T18:01:12","modified_gmt":"2017-07-07T21:01:12","slug":"si-o-si-se-tienen-que-vacunar-2","status":"publish","type":"post","link":"https:\/\/www.noticiasradioreflejos.com.ar\/2021\/si-o-si-se-tienen-que-vacunar-2\/","title":{"rendered":"\u00abSi o S\u00ed, se tienen que vacunar\u00bb"},"content":{"rendered":"<p><a href=\"http:\/\/www.noticiasradioreflejos.com.ar\/noticias\/wp-content\/uploads\/2017\/07\/Dr-Gustavo-Diaz.jpg\"><img loading=\"lazy\" decoding=\"async\" class=\"alignleft size-full wp-image-12030\" src=\"http:\/\/www.noticiasradioreflejos.com.ar\/noticias\/wp-content\/uploads\/2017\/07\/Dr-Gustavo-Diaz.jpg\" alt=\"Dr Gustavo Diaz\" width=\"400\" height=\"224\" \/><\/a>Tras la presentaci\u00f3n del escandaloso proyecto de ley de la Diputada oficialista <strong>Paula Urroz<\/strong>, que quiere terminar con las vacunas obligatorias, consultamos al Pediatra<strong> Dr. Gustavo Diaz<\/strong> para conocer su opini\u00f3n al respecto.<\/p>\n<p>Mientras toda la comunidad cient\u00edfica se expresa en contra del proyecto, quisimos conocer el pensamiento del Pediatra de Sierra de la Ventana y su respuestas fueron contundentes.<\/p>\n<p><!--more--><\/p>\n<p>\u00abTodas las sociedades cient\u00edficas se expresaron vehementemente, para que la poblaci\u00f3n no se confunda\u00bb expres\u00f3 el profesional de la salud en relaci\u00f3n al tema puntualizando: \u00abNo hay nada que prevenga las patolog\u00edas mas frecuentes que la vacunaci\u00f3n obligatoria\u00bb.<\/p>\n<p>La diputada nacional por la provincia de Buenos Aires, Paula Urroz, present\u00f3 la iniciativa hace un mes pero trascendi\u00f3 ahora. Pretende terminar con la obligatoriedad de la vacunaci\u00f3n a menores.\u00a0El Dr. Diaz destac\u00f3 que el calendario de vacunaci\u00f3n de Argentina \u00abes sumamente completo\u00bb y lo han convertido en el mejor de la Regi\u00f3n.<\/p>\n<p>\u00abLa vacunaci\u00f3n tiene como objetivo la prevenci\u00f3n y no hay nada que sea superior a esto\u00bb coment\u00f3 el pediatra serrano y asegur\u00f3:\u00bbLas vacunas no tienen efectos secundarios\u00bb.<br \/>\nEn una defensa ac\u00e9rrima en favor de la vacunaci\u00f3n libre y gratuita, Diaz manifest\u00f3 en nuestro programa: \u00abEs una medida que tenemos que hacer respetar todos los habitantes de la comunidad\u00bb<\/p>\n<p>Consultado al m\u00e9dico sobre los fundamentos que pudo tener la diputada oficialista para presentar este proyecto, Gustavo dice \u00abNo tiene ning\u00fan sustento cient\u00edfico\u00bb y dijo desconocer quienes impulsaron la iniciativa que se present\u00f3 como proyecto de ley en el congreso nacional.<\/p>\n<p>Tambi\u00e9n consultamos al Dr. Diaz en relaci\u00f3n a la cantidad de enfermedades respiratorias que se presentan en estos momentos y brind\u00f3 al respecto una amplia cantidad de sugerencias para evitar el contagio, principalmente a quienes son afectados por la gripe, la cu\u00e1l se espera que llegue al pico de casos para el mes de Agosto.<\/p>\n<p><iframe loading=\"lazy\" src=\"https:\/\/w.soundcloud.com\/player\/?url=https%3A\/\/api.soundcloud.com\/tracks\/332095798&amp;color=ff5500&amp;auto_play=false&amp;hide_related=false&amp;show_comments=true&amp;show_user=true&amp;show_reposts=false\" width=\"100%\" height=\"166\" frameborder=\"no\" scrolling=\"no\"><\/iframe><\/p>\n","protected":false},"excerpt":{"rendered":"<p>Tras la presentaci\u00f3n del escandaloso proyecto de ley de la Diputada oficialista Paula Urroz, que quiere terminar con las vacunas obligatorias, consultamos al Pediatra Dr. Gustavo Diaz para conocer su opini\u00f3n al respecto. Mientras toda la comunidad cient\u00edfica se expresa en contra del proyecto, quisimos conocer el pensamiento del Pediatra de Sierra de la Ventana [&hellip;]<\/p>\n","protected":false},"author":3,"featured_media":0,"comment_status":"closed","ping_status":"open","sticky":false,"template":"","format":"standard","meta":{"footnotes":""},"categories":[30],"tags":[],"class_list":["post-54361","post","type-post","status-publish","format-standard","hentry","category-salud"],"yoast_head":"<!-- This site is optimized with the Yoast SEO plugin v25.9 - https:\/\/yoast.com\/wordpress\/plugins\/seo\/ -->\n<title>&quot;Si o S\u00ed, se tienen que vacunar&quot; - Noticias Radio Reflejos<\/title>\n<meta name=\"robots\" content=\"index, follow, max-snippet:-1, max-image-preview:large, max-video-preview:-1\" \/>\n<link rel=\"canonical\" href=\"https:\/\/www.noticiasradioreflejos.com.ar\/2021\/si-o-si-se-tienen-que-vacunar-2\/\" \/>\n<meta property=\"og:locale\" content=\"es_ES\" \/>\n<meta property=\"og:type\" content=\"article\" \/>\n<meta property=\"og:title\" content=\"&quot;Si o S\u00ed, se tienen que vacunar&quot; - Noticias Radio Reflejos\" \/>\n<meta property=\"og:description\" content=\"Tras la presentaci\u00f3n del escandaloso proyecto de ley de la Diputada oficialista Paula Urroz, que quiere terminar con las vacunas obligatorias, consultamos al Pediatra Dr. Gustavo Diaz para conocer su opini\u00f3n al respecto. Mientras toda la comunidad cient\u00edfica se expresa en contra del proyecto, quisimos conocer el pensamiento del Pediatra de Sierra de la Ventana [&hellip;]\" \/>\n<meta property=\"og:url\" content=\"https:\/\/www.noticiasradioreflejos.com.ar\/2021\/si-o-si-se-tienen-que-vacunar-2\/\" \/>\n<meta property=\"og:site_name\" content=\"Noticias Radio Reflejos\" \/>\n<meta property=\"article:published_time\" content=\"2017-07-07T21:01:12+00:00\" \/>\n<meta property=\"og:image\" content=\"https:\/\/www.noticiasradioreflejos.com.ar\/2021\/wp-content\/uploads\/2021\/07\/logosol300x200.png\" \/>\n\t<meta property=\"og:image:width\" content=\"300\" \/>\n\t<meta property=\"og:image:height\" content=\"200\" \/>\n\t<meta property=\"og:image:type\" content=\"image\/png\" \/>\n<meta name=\"author\" content=\"Arnaldo Botto\" \/>\n<meta name=\"twitter:card\" content=\"summary_large_image\" \/>\n<script type=\"application\/ld+json\" class=\"yoast-schema-graph\">{\"@context\":\"https:\/\/schema.org\",\"@graph\":[{\"@type\":\"WebPage\",\"@id\":\"https:\/\/www.noticiasradioreflejos.com.ar\/2021\/si-o-si-se-tienen-que-vacunar-2\/\",\"url\":\"https:\/\/www.noticiasradioreflejos.com.ar\/2021\/si-o-si-se-tienen-que-vacunar-2\/\",\"name\":\"\\\"Si o S\u00ed, se tienen que vacunar\\\" - Noticias Radio Reflejos\",\"isPartOf\":{\"@id\":\"https:\/\/www.noticiasradioreflejos.com.ar\/2021\/#website\"},\"primaryImageOfPage\":{\"@id\":\"https:\/\/www.noticiasradioreflejos.com.ar\/2021\/si-o-si-se-tienen-que-vacunar-2\/#primaryimage\"},\"image\":{\"@id\":\"https:\/\/www.noticiasradioreflejos.com.ar\/2021\/si-o-si-se-tienen-que-vacunar-2\/#primaryimage\"},\"thumbnailUrl\":\"http:\/\/www.noticiasradioreflejos.com.ar\/noticias\/wp-content\/uploads\/2017\/07\/Dr-Gustavo-Diaz.jpg\",\"datePublished\":\"2017-07-07T21:01:12+00:00\",\"author\":{\"@id\":\"https:\/\/www.noticiasradioreflejos.com.ar\/2021\/#\/schema\/person\/ad82545263dcc5ec0996818884fd5fb1\"},\"breadcrumb\":{\"@id\":\"https:\/\/www.noticiasradioreflejos.com.ar\/2021\/si-o-si-se-tienen-que-vacunar-2\/#breadcrumb\"},\"inLanguage\":\"es\",\"potentialAction\":[{\"@type\":\"ReadAction\",\"target\":[\"https:\/\/www.noticiasradioreflejos.com.ar\/2021\/si-o-si-se-tienen-que-vacunar-2\/\"]}]},{\"@type\":\"ImageObject\",\"inLanguage\":\"es\",\"@id\":\"https:\/\/www.noticiasradioreflejos.com.ar\/2021\/si-o-si-se-tienen-que-vacunar-2\/#primaryimage\",\"url\":\"http:\/\/www.noticiasradioreflejos.com.ar\/noticias\/wp-content\/uploads\/2017\/07\/Dr-Gustavo-Diaz.jpg\",\"contentUrl\":\"http:\/\/www.noticiasradioreflejos.com.ar\/noticias\/wp-content\/uploads\/2017\/07\/Dr-Gustavo-Diaz.jpg\"},{\"@type\":\"BreadcrumbList\",\"@id\":\"https:\/\/www.noticiasradioreflejos.com.ar\/2021\/si-o-si-se-tienen-que-vacunar-2\/#breadcrumb\",\"itemListElement\":[{\"@type\":\"ListItem\",\"position\":1,\"name\":\"Portada\",\"item\":\"https:\/\/www.noticiasradioreflejos.com.ar\/2021\/\"},{\"@type\":\"ListItem\",\"position\":2,\"name\":\"\u00abSi o S\u00ed, se tienen que vacunar\u00bb\"}]},{\"@type\":\"WebSite\",\"@id\":\"https:\/\/www.noticiasradioreflejos.com.ar\/2021\/#website\",\"url\":\"https:\/\/www.noticiasradioreflejos.com.ar\/2021\/\",\"name\":\"Noticias Radio Reflejos\",\"description\":\"Las noticias de mi comarca\",\"potentialAction\":[{\"@type\":\"SearchAction\",\"target\":{\"@type\":\"EntryPoint\",\"urlTemplate\":\"https:\/\/www.noticiasradioreflejos.com.ar\/2021\/?s={search_term_string}\"},\"query-input\":{\"@type\":\"PropertyValueSpecification\",\"valueRequired\":true,\"valueName\":\"search_term_string\"}}],\"inLanguage\":\"es\"},{\"@type\":\"Person\",\"@id\":\"https:\/\/www.noticiasradioreflejos.com.ar\/2021\/#\/schema\/person\/ad82545263dcc5ec0996818884fd5fb1\",\"name\":\"Arnaldo Botto\",\"image\":{\"@type\":\"ImageObject\",\"inLanguage\":\"es\",\"@id\":\"https:\/\/www.noticiasradioreflejos.com.ar\/2021\/#\/schema\/person\/image\/\",\"url\":\"https:\/\/secure.gravatar.com\/avatar\/55cb5e37c1efa326397366e6974cb338056df65cb50e7d64d1cf314e87504837?s=96&d=mm&r=g\",\"contentUrl\":\"https:\/\/secure.gravatar.com\/avatar\/55cb5e37c1efa326397366e6974cb338056df65cb50e7d64d1cf314e87504837?s=96&d=mm&r=g\",\"caption\":\"Arnaldo Botto\"},\"url\":\"https:\/\/www.noticiasradioreflejos.com.ar\/2021\/author\/arnaldo\/\"}]}<\/script>\n<!-- \/ Yoast SEO plugin. -->","yoast_head_json":{"title":"\"Si o S\u00ed, se tienen que vacunar\" - Noticias Radio Reflejos","robots":{"index":"index","follow":"follow","max-snippet":"max-snippet:-1","max-image-preview":"max-image-preview:large","max-video-preview":"max-video-preview:-1"},"canonical":"https:\/\/www.noticiasradioreflejos.com.ar\/2021\/si-o-si-se-tienen-que-vacunar-2\/","og_locale":"es_ES","og_type":"article","og_title":"\"Si o S\u00ed, se tienen que vacunar\" - Noticias Radio Reflejos","og_description":"Tras la presentaci\u00f3n del escandaloso proyecto de ley de la Diputada oficialista Paula Urroz, que quiere terminar con las vacunas obligatorias, consultamos al Pediatra Dr. Gustavo Diaz para conocer su opini\u00f3n al respecto. Mientras toda la comunidad cient\u00edfica se expresa en contra del proyecto, quisimos conocer el pensamiento del Pediatra de Sierra de la Ventana [&hellip;]","og_url":"https:\/\/www.noticiasradioreflejos.com.ar\/2021\/si-o-si-se-tienen-que-vacunar-2\/","og_site_name":"Noticias Radio Reflejos","article_published_time":"2017-07-07T21:01:12+00:00","og_image":[{"width":300,"height":200,"url":"https:\/\/www.noticiasradioreflejos.com.ar\/2021\/wp-content\/uploads\/2021\/07\/logosol300x200.png","type":"image\/png"}],"author":"Arnaldo Botto","twitter_card":"summary_large_image","schema":{"@context":"https:\/\/schema.org","@graph":[{"@type":"WebPage","@id":"https:\/\/www.noticiasradioreflejos.com.ar\/2021\/si-o-si-se-tienen-que-vacunar-2\/","url":"https:\/\/www.noticiasradioreflejos.com.ar\/2021\/si-o-si-se-tienen-que-vacunar-2\/","name":"\"Si o S\u00ed, se tienen que vacunar\" - Noticias Radio Reflejos","isPartOf":{"@id":"https:\/\/www.noticiasradioreflejos.com.ar\/2021\/#website"},"primaryImageOfPage":{"@id":"https:\/\/www.noticiasradioreflejos.com.ar\/2021\/si-o-si-se-tienen-que-vacunar-2\/#primaryimage"},"image":{"@id":"https:\/\/www.noticiasradioreflejos.com.ar\/2021\/si-o-si-se-tienen-que-vacunar-2\/#primaryimage"},"thumbnailUrl":"http:\/\/www.noticiasradioreflejos.com.ar\/noticias\/wp-content\/uploads\/2017\/07\/Dr-Gustavo-Diaz.jpg","datePublished":"2017-07-07T21:01:12+00:00","author":{"@id":"https:\/\/www.noticiasradioreflejos.com.ar\/2021\/#\/schema\/person\/ad82545263dcc5ec0996818884fd5fb1"},"breadcrumb":{"@id":"https:\/\/www.noticiasradioreflejos.com.ar\/2021\/si-o-si-se-tienen-que-vacunar-2\/#breadcrumb"},"inLanguage":"es","potentialAction":[{"@type":"ReadAction","target":["https:\/\/www.noticiasradioreflejos.com.ar\/2021\/si-o-si-se-tienen-que-vacunar-2\/"]}]},{"@type":"ImageObject","inLanguage":"es","@id":"https:\/\/www.noticiasradioreflejos.com.ar\/2021\/si-o-si-se-tienen-que-vacunar-2\/#primaryimage","url":"http:\/\/www.noticiasradioreflejos.com.ar\/noticias\/wp-content\/uploads\/2017\/07\/Dr-Gustavo-Diaz.jpg","contentUrl":"http:\/\/www.noticiasradioreflejos.com.ar\/noticias\/wp-content\/uploads\/2017\/07\/Dr-Gustavo-Diaz.jpg"},{"@type":"BreadcrumbList","@id":"https:\/\/www.noticiasradioreflejos.com.ar\/2021\/si-o-si-se-tienen-que-vacunar-2\/#breadcrumb","itemListElement":[{"@type":"ListItem","position":1,"name":"Portada","item":"https:\/\/www.noticiasradioreflejos.com.ar\/2021\/"},{"@type":"ListItem","position":2,"name":"\u00abSi o S\u00ed, se tienen que vacunar\u00bb"}]},{"@type":"WebSite","@id":"https:\/\/www.noticiasradioreflejos.com.ar\/2021\/#website","url":"https:\/\/www.noticiasradioreflejos.com.ar\/2021\/","name":"Noticias Radio Reflejos","description":"Las noticias de mi comarca","potentialAction":[{"@type":"SearchAction","target":{"@type":"EntryPoint","urlTemplate":"https:\/\/www.noticiasradioreflejos.com.ar\/2021\/?s={search_term_string}"},"query-input":{"@type":"PropertyValueSpecification","valueRequired":true,"valueName":"search_term_string"}}],"inLanguage":"es"},{"@type":"Person","@id":"https:\/\/www.noticiasradioreflejos.com.ar\/2021\/#\/schema\/person\/ad82545263dcc5ec0996818884fd5fb1","name":"Arnaldo Botto","image":{"@type":"ImageObject","inLanguage":"es","@id":"https:\/\/www.noticiasradioreflejos.com.ar\/2021\/#\/schema\/person\/image\/","url":"https:\/\/secure.gravatar.com\/avatar\/55cb5e37c1efa326397366e6974cb338056df65cb50e7d64d1cf314e87504837?s=96&d=mm&r=g","contentUrl":"https:\/\/secure.gravatar.com\/avatar\/55cb5e37c1efa326397366e6974cb338056df65cb50e7d64d1cf314e87504837?s=96&d=mm&r=g","caption":"Arnaldo Botto"},"url":"https:\/\/www.noticiasradioreflejos.com.ar\/2021\/author\/arnaldo\/"}]}},"_links":{"self":[{"href":"https:\/\/www.noticiasradioreflejos.com.ar\/2021\/wp-json\/wp\/v2\/posts\/54361","targetHints":{"allow":["GET"]}}],"collection":[{"href":"https:\/\/www.noticiasradioreflejos.com.ar\/2021\/wp-json\/wp\/v2\/posts"}],"about":[{"href":"https:\/\/www.noticiasradioreflejos.com.ar\/2021\/wp-json\/wp\/v2\/types\/post"}],"author":[{"embeddable":true,"href":"https:\/\/www.noticiasradioreflejos.com.ar\/2021\/wp-json\/wp\/v2\/users\/3"}],"replies":[{"embeddable":true,"href":"https:\/\/www.noticiasradioreflejos.com.ar\/2021\/wp-json\/wp\/v2\/comments?post=54361"}],"version-history":[{"count":0,"href":"https:\/\/www.noticiasradioreflejos.com.ar\/2021\/wp-json\/wp\/v2\/posts\/54361\/revisions"}],"wp:attachment":[{"href":"https:\/\/www.noticiasradioreflejos.com.ar\/2021\/wp-json\/wp\/v2\/media?parent=54361"}],"wp:term":[{"taxonomy":"category","embeddable":true,"href":"https:\/\/www.noticiasradioreflejos.com.ar\/2021\/wp-json\/wp\/v2\/categories?post=54361"},{"taxonomy":"post_tag","embeddable":true,"href":"https:\/\/www.noticiasradioreflejos.com.ar\/2021\/wp-json\/wp\/v2\/tags?post=54361"}],"curies":[{"name":"wp","href":"https:\/\/api.w.org\/{rel}","templated":true}]}}