{"id":54348,"date":"2017-06-23T20:16:25","date_gmt":"2017-06-23T23:16:25","guid":{"rendered":"http:\/\/www.noticiasradioreflejos.com.ar\/noticias\/?p=11585"},"modified":"2017-06-23T20:16:25","modified_gmt":"2017-06-23T23:16:25","slug":"la-guarderia-municipal-funcionara-como-casa-del-ninopara-chicos-de-hasta-10-anos-2","status":"publish","type":"post","link":"https:\/\/www.noticiasradioreflejos.com.ar\/2021\/la-guarderia-municipal-funcionara-como-casa-del-ninopara-chicos-de-hasta-10-anos-2\/","title":{"rendered":"La guarder\u00eda municipal funcionar\u00e1 como \u00abCasa del Ni\u00f1o\u00bbpara chicos de hasta 10 a\u00f1os"},"content":{"rendered":"<p>Finalmente, lo que en un principio iba a funcionar como guarder\u00eda municipal ser\u00e1 una \u2018Casa del Ni\u00f1o\u2019, que comenzar\u00e1 a prestar servicio en el edificio de San Mart\u00edn al 200 (ex Juzgado de Paz) a partir del 1 de julio.<!--more--><\/p>\n<p>\u201cDebido a la baja inscripci\u00f3n que hemos tenido de ni\u00f1os de 45 d\u00edas y dos a\u00f1os para la guarder\u00eda municipal (s\u00f3lo tres anotados), decidimos hacer la \u2018Casa del Ni\u00f1o\u2019, lo que nos permitir\u00e1 tener a chicos de diferentes edades\u00bb, explic\u00f3 el intendente municipal, Sergio Bordoni.<br \/>\nLa nueva propuesta ser\u00e1 para el cuidado de ni\u00f1os de entre 45 d\u00edas y 10 a\u00f1os, que estar\u00e1n divididos en tres grupos: 45 d\u00edas a 2 a\u00f1os; 3 a 5 a\u00f1os; y 6 a 10.<br \/>\n\u201cLa capacidad m\u00e1xima por turno ser\u00e1 de 45 a 48\u201d, explic\u00f3 el jefe comunal.<br \/>\n\u201cPensamos que \u00edbamos a tener una inscripci\u00f3n masiva, pero hay m\u00e1s chicos m\u00e1s grandes que necesitan el servicio\u201d, indic\u00f3.<br \/>\nA prop\u00f3sito, afirm\u00f3 que \u201cmujeres que quer\u00edan salir a trabajar ten\u00edan que pagarle a un tercero para que le cuide a los hijos, lo que pr\u00e1cticamente era cambiar la plata, entonces terminaban yendo a Acci\u00f3n Social para ser asistidas\u201d. \u201cHay gente que quiere salir a trabajar y el proyecto apunta a ese tipo de personas\u201d, a\u00f1adi\u00f3.<br \/>\nEn cuanto a los puestos de trabajo que generar\u00e1 la \u2018Casa del Ni\u00f1o\u2019, Bordoni sostuvo que \u201csi llega a haber capacidad completa, se emplear\u00e1n entre ocho y diez personas\u201d.<br \/>\nEl lugar prestar\u00e1 servicio de 8 a 22.30 hs. Las reformas en el edificio fueron llevadas adelante por la Secretar\u00eda de Obras y Servicio P\u00fablicos, cuya titular, Gisela Lencinas, sostuvo que solo quedan algunos detalles para que la obra quede finalizada.<br \/>\n\u201cLa idea es que los chicos est\u00e9n en un lugar diferente y puedan tener un d\u00eda agradable, ya que no van a estar por varias horas en su casa y sin alg\u00fan familiar\u201d, explic\u00f3 respecto a la ambientaci\u00f3n de la guarder\u00eda.<\/p>\n<p>LA SEMANA QUE VIENE ARRANCA LA AMPLIACION DEL HOSPITAL<br \/>\nEn otro marco, Lencinas adelant\u00f3 que la semana que viene comenzar\u00e1 la segunda etapa de ampliaci\u00f3n del Hospital Municipal, con \u201cla construcci\u00f3n de la sala de hemoterapia, el laboratorio y los ba\u00f1os\u201d. \u201cPara la inauguraci\u00f3n de la primera etapa estamos esperando la visita de la Ministra de Salud de la Provincia, que si no puede venir no va a tener sentido la inauguraci\u00f3n. La idea es prestar el servicio.<br \/>\nAgencia de Desarrollo &#8211; Direcci\u00f3n de Comunicaci\u00f3n<\/p>\n","protected":false},"excerpt":{"rendered":"<p>Finalmente, lo que en un principio iba a funcionar como guarder\u00eda municipal ser\u00e1 una \u2018Casa del Ni\u00f1o\u2019, que comenzar\u00e1 a prestar servicio en el edificio de San Mart\u00edn al 200 (ex Juzgado de Paz) a partir del 1 de julio.<\/p>\n","protected":false},"author":3,"featured_media":0,"comment_status":"closed","ping_status":"open","sticky":false,"template":"","format":"standard","meta":{"footnotes":""},"categories":[28],"tags":[],"class_list":["post-54348","post","type-post","status-publish","format-standard","hentry","category-municipales"],"yoast_head":"<!-- This site is optimized with the Yoast SEO plugin v25.9 - https:\/\/yoast.com\/wordpress\/plugins\/seo\/ -->\n<title>La guarder\u00eda municipal funcionar\u00e1 como &quot;Casa del Ni\u00f1o&quot;para chicos de hasta 10 a\u00f1os - Noticias Radio Reflejos<\/title>\n<meta name=\"robots\" content=\"index, follow, max-snippet:-1, max-image-preview:large, max-video-preview:-1\" \/>\n<link rel=\"canonical\" href=\"https:\/\/www.noticiasradioreflejos.com.ar\/2021\/la-guarderia-municipal-funcionara-como-casa-del-ninopara-chicos-de-hasta-10-anos-2\/\" \/>\n<meta property=\"og:locale\" content=\"es_ES\" \/>\n<meta property=\"og:type\" content=\"article\" \/>\n<meta property=\"og:title\" content=\"La guarder\u00eda municipal funcionar\u00e1 como &quot;Casa del Ni\u00f1o&quot;para chicos de hasta 10 a\u00f1os - Noticias Radio Reflejos\" \/>\n<meta property=\"og:description\" content=\"Finalmente, lo que en un principio iba a funcionar como guarder\u00eda municipal ser\u00e1 una \u2018Casa del Ni\u00f1o\u2019, que comenzar\u00e1 a prestar servicio en el edificio de San Mart\u00edn al 200 (ex Juzgado de Paz) a partir del 1 de julio.\" \/>\n<meta property=\"og:url\" content=\"https:\/\/www.noticiasradioreflejos.com.ar\/2021\/la-guarderia-municipal-funcionara-como-casa-del-ninopara-chicos-de-hasta-10-anos-2\/\" \/>\n<meta property=\"og:site_name\" content=\"Noticias Radio Reflejos\" \/>\n<meta property=\"article:published_time\" content=\"2017-06-23T23:16:25+00:00\" \/>\n<meta property=\"og:image\" content=\"https:\/\/www.noticiasradioreflejos.com.ar\/2021\/wp-content\/uploads\/2021\/07\/logosol300x200.png\" \/>\n\t<meta property=\"og:image:width\" content=\"300\" \/>\n\t<meta property=\"og:image:height\" content=\"200\" \/>\n\t<meta property=\"og:image:type\" content=\"image\/png\" \/>\n<meta name=\"author\" content=\"Arnaldo Botto\" \/>\n<meta name=\"twitter:card\" content=\"summary_large_image\" \/>\n<script type=\"application\/ld+json\" class=\"yoast-schema-graph\">{\"@context\":\"https:\/\/schema.org\",\"@graph\":[{\"@type\":\"WebPage\",\"@id\":\"https:\/\/www.noticiasradioreflejos.com.ar\/2021\/la-guarderia-municipal-funcionara-como-casa-del-ninopara-chicos-de-hasta-10-anos-2\/\",\"url\":\"https:\/\/www.noticiasradioreflejos.com.ar\/2021\/la-guarderia-municipal-funcionara-como-casa-del-ninopara-chicos-de-hasta-10-anos-2\/\",\"name\":\"La guarder\u00eda municipal funcionar\u00e1 como \\\"Casa del Ni\u00f1o\\\"para chicos de hasta 10 a\u00f1os - Noticias Radio Reflejos\",\"isPartOf\":{\"@id\":\"https:\/\/www.noticiasradioreflejos.com.ar\/2021\/#website\"},\"datePublished\":\"2017-06-23T23:16:25+00:00\",\"author\":{\"@id\":\"https:\/\/www.noticiasradioreflejos.com.ar\/2021\/#\/schema\/person\/ad82545263dcc5ec0996818884fd5fb1\"},\"breadcrumb\":{\"@id\":\"https:\/\/www.noticiasradioreflejos.com.ar\/2021\/la-guarderia-municipal-funcionara-como-casa-del-ninopara-chicos-de-hasta-10-anos-2\/#breadcrumb\"},\"inLanguage\":\"es\",\"potentialAction\":[{\"@type\":\"ReadAction\",\"target\":[\"https:\/\/www.noticiasradioreflejos.com.ar\/2021\/la-guarderia-municipal-funcionara-como-casa-del-ninopara-chicos-de-hasta-10-anos-2\/\"]}]},{\"@type\":\"BreadcrumbList\",\"@id\":\"https:\/\/www.noticiasradioreflejos.com.ar\/2021\/la-guarderia-municipal-funcionara-como-casa-del-ninopara-chicos-de-hasta-10-anos-2\/#breadcrumb\",\"itemListElement\":[{\"@type\":\"ListItem\",\"position\":1,\"name\":\"Portada\",\"item\":\"https:\/\/www.noticiasradioreflejos.com.ar\/2021\/\"},{\"@type\":\"ListItem\",\"position\":2,\"name\":\"La guarder\u00eda municipal funcionar\u00e1 como \u00abCasa del Ni\u00f1o\u00bbpara chicos de hasta 10 a\u00f1os\"}]},{\"@type\":\"WebSite\",\"@id\":\"https:\/\/www.noticiasradioreflejos.com.ar\/2021\/#website\",\"url\":\"https:\/\/www.noticiasradioreflejos.com.ar\/2021\/\",\"name\":\"Noticias Radio Reflejos\",\"description\":\"Las noticias de mi comarca\",\"potentialAction\":[{\"@type\":\"SearchAction\",\"target\":{\"@type\":\"EntryPoint\",\"urlTemplate\":\"https:\/\/www.noticiasradioreflejos.com.ar\/2021\/?s={search_term_string}\"},\"query-input\":{\"@type\":\"PropertyValueSpecification\",\"valueRequired\":true,\"valueName\":\"search_term_string\"}}],\"inLanguage\":\"es\"},{\"@type\":\"Person\",\"@id\":\"https:\/\/www.noticiasradioreflejos.com.ar\/2021\/#\/schema\/person\/ad82545263dcc5ec0996818884fd5fb1\",\"name\":\"Arnaldo Botto\",\"image\":{\"@type\":\"ImageObject\",\"inLanguage\":\"es\",\"@id\":\"https:\/\/www.noticiasradioreflejos.com.ar\/2021\/#\/schema\/person\/image\/\",\"url\":\"https:\/\/secure.gravatar.com\/avatar\/55cb5e37c1efa326397366e6974cb338056df65cb50e7d64d1cf314e87504837?s=96&d=mm&r=g\",\"contentUrl\":\"https:\/\/secure.gravatar.com\/avatar\/55cb5e37c1efa326397366e6974cb338056df65cb50e7d64d1cf314e87504837?s=96&d=mm&r=g\",\"caption\":\"Arnaldo Botto\"},\"url\":\"https:\/\/www.noticiasradioreflejos.com.ar\/2021\/author\/arnaldo\/\"}]}<\/script>\n<!-- \/ Yoast SEO plugin. -->","yoast_head_json":{"title":"La guarder\u00eda municipal funcionar\u00e1 como \"Casa del Ni\u00f1o\"para chicos de hasta 10 a\u00f1os - Noticias Radio Reflejos","robots":{"index":"index","follow":"follow","max-snippet":"max-snippet:-1","max-image-preview":"max-image-preview:large","max-video-preview":"max-video-preview:-1"},"canonical":"https:\/\/www.noticiasradioreflejos.com.ar\/2021\/la-guarderia-municipal-funcionara-como-casa-del-ninopara-chicos-de-hasta-10-anos-2\/","og_locale":"es_ES","og_type":"article","og_title":"La guarder\u00eda municipal funcionar\u00e1 como \"Casa del Ni\u00f1o\"para chicos de hasta 10 a\u00f1os - Noticias Radio Reflejos","og_description":"Finalmente, lo que en un principio iba a funcionar como guarder\u00eda municipal ser\u00e1 una \u2018Casa del Ni\u00f1o\u2019, que comenzar\u00e1 a prestar servicio en el edificio de San Mart\u00edn al 200 (ex Juzgado de Paz) a partir del 1 de julio.","og_url":"https:\/\/www.noticiasradioreflejos.com.ar\/2021\/la-guarderia-municipal-funcionara-como-casa-del-ninopara-chicos-de-hasta-10-anos-2\/","og_site_name":"Noticias Radio Reflejos","article_published_time":"2017-06-23T23:16:25+00:00","og_image":[{"width":300,"height":200,"url":"https:\/\/www.noticiasradioreflejos.com.ar\/2021\/wp-content\/uploads\/2021\/07\/logosol300x200.png","type":"image\/png"}],"author":"Arnaldo Botto","twitter_card":"summary_large_image","schema":{"@context":"https:\/\/schema.org","@graph":[{"@type":"WebPage","@id":"https:\/\/www.noticiasradioreflejos.com.ar\/2021\/la-guarderia-municipal-funcionara-como-casa-del-ninopara-chicos-de-hasta-10-anos-2\/","url":"https:\/\/www.noticiasradioreflejos.com.ar\/2021\/la-guarderia-municipal-funcionara-como-casa-del-ninopara-chicos-de-hasta-10-anos-2\/","name":"La guarder\u00eda municipal funcionar\u00e1 como \"Casa del Ni\u00f1o\"para chicos de hasta 10 a\u00f1os - Noticias Radio Reflejos","isPartOf":{"@id":"https:\/\/www.noticiasradioreflejos.com.ar\/2021\/#website"},"datePublished":"2017-06-23T23:16:25+00:00","author":{"@id":"https:\/\/www.noticiasradioreflejos.com.ar\/2021\/#\/schema\/person\/ad82545263dcc5ec0996818884fd5fb1"},"breadcrumb":{"@id":"https:\/\/www.noticiasradioreflejos.com.ar\/2021\/la-guarderia-municipal-funcionara-como-casa-del-ninopara-chicos-de-hasta-10-anos-2\/#breadcrumb"},"inLanguage":"es","potentialAction":[{"@type":"ReadAction","target":["https:\/\/www.noticiasradioreflejos.com.ar\/2021\/la-guarderia-municipal-funcionara-como-casa-del-ninopara-chicos-de-hasta-10-anos-2\/"]}]},{"@type":"BreadcrumbList","@id":"https:\/\/www.noticiasradioreflejos.com.ar\/2021\/la-guarderia-municipal-funcionara-como-casa-del-ninopara-chicos-de-hasta-10-anos-2\/#breadcrumb","itemListElement":[{"@type":"ListItem","position":1,"name":"Portada","item":"https:\/\/www.noticiasradioreflejos.com.ar\/2021\/"},{"@type":"ListItem","position":2,"name":"La guarder\u00eda municipal funcionar\u00e1 como \u00abCasa del Ni\u00f1o\u00bbpara chicos de hasta 10 a\u00f1os"}]},{"@type":"WebSite","@id":"https:\/\/www.noticiasradioreflejos.com.ar\/2021\/#website","url":"https:\/\/www.noticiasradioreflejos.com.ar\/2021\/","name":"Noticias Radio Reflejos","description":"Las noticias de mi comarca","potentialAction":[{"@type":"SearchAction","target":{"@type":"EntryPoint","urlTemplate":"https:\/\/www.noticiasradioreflejos.com.ar\/2021\/?s={search_term_string}"},"query-input":{"@type":"PropertyValueSpecification","valueRequired":true,"valueName":"search_term_string"}}],"inLanguage":"es"},{"@type":"Person","@id":"https:\/\/www.noticiasradioreflejos.com.ar\/2021\/#\/schema\/person\/ad82545263dcc5ec0996818884fd5fb1","name":"Arnaldo Botto","image":{"@type":"ImageObject","inLanguage":"es","@id":"https:\/\/www.noticiasradioreflejos.com.ar\/2021\/#\/schema\/person\/image\/","url":"https:\/\/secure.gravatar.com\/avatar\/55cb5e37c1efa326397366e6974cb338056df65cb50e7d64d1cf314e87504837?s=96&d=mm&r=g","contentUrl":"https:\/\/secure.gravatar.com\/avatar\/55cb5e37c1efa326397366e6974cb338056df65cb50e7d64d1cf314e87504837?s=96&d=mm&r=g","caption":"Arnaldo Botto"},"url":"https:\/\/www.noticiasradioreflejos.com.ar\/2021\/author\/arnaldo\/"}]}},"_links":{"self":[{"href":"https:\/\/www.noticiasradioreflejos.com.ar\/2021\/wp-json\/wp\/v2\/posts\/54348","targetHints":{"allow":["GET"]}}],"collection":[{"href":"https:\/\/www.noticiasradioreflejos.com.ar\/2021\/wp-json\/wp\/v2\/posts"}],"about":[{"href":"https:\/\/www.noticiasradioreflejos.com.ar\/2021\/wp-json\/wp\/v2\/types\/post"}],"author":[{"embeddable":true,"href":"https:\/\/www.noticiasradioreflejos.com.ar\/2021\/wp-json\/wp\/v2\/users\/3"}],"replies":[{"embeddable":true,"href":"https:\/\/www.noticiasradioreflejos.com.ar\/2021\/wp-json\/wp\/v2\/comments?post=54348"}],"version-history":[{"count":0,"href":"https:\/\/www.noticiasradioreflejos.com.ar\/2021\/wp-json\/wp\/v2\/posts\/54348\/revisions"}],"wp:attachment":[{"href":"https:\/\/www.noticiasradioreflejos.com.ar\/2021\/wp-json\/wp\/v2\/media?parent=54348"}],"wp:term":[{"taxonomy":"category","embeddable":true,"href":"https:\/\/www.noticiasradioreflejos.com.ar\/2021\/wp-json\/wp\/v2\/categories?post=54348"},{"taxonomy":"post_tag","embeddable":true,"href":"https:\/\/www.noticiasradioreflejos.com.ar\/2021\/wp-json\/wp\/v2\/tags?post=54348"}],"curies":[{"name":"wp","href":"https:\/\/api.w.org\/{rel}","templated":true}]}}