{"id":54311,"date":"2017-05-09T13:35:41","date_gmt":"2017-05-09T16:35:41","guid":{"rendered":"http:\/\/noticiasradioreflejos.com.ar\/noticias\/?p=9963"},"modified":"2017-05-09T13:35:41","modified_gmt":"2017-05-09T16:35:41","slug":"como-estan-los-alimentos-hoy-nos-estan-envenenando-2","status":"publish","type":"post","link":"https:\/\/www.noticiasradioreflejos.com.ar\/2021\/como-estan-los-alimentos-hoy-nos-estan-envenenando-2\/","title":{"rendered":"\u00abComo est\u00e1n los alimentos hoy, nos est\u00e1n envenenando&#8230;! \u00ab"},"content":{"rendered":"<p><a title=\"Eleisegui en Canal 13\" href=\"http:\/\/farm5.staticflickr.com\/4158\/33746664703_bd209ea695.jpg\" rel=\"\"><img loading=\"lazy\" decoding=\"async\" class=\"alignleft\" style=\"float: left;\" title=\"Eleisegui en Canal 13\" src=\"http:\/\/farm5.staticflickr.com\/4158\/33746664703_bd209ea695.jpg\" alt=\"Eleisegui en Canal 13\" width=\"500\" height=\"300\" \/><\/a>Hoy en FM Reflejos, charlamos con <strong>Patricio Eleisegu<\/strong>i, escritor, periodista e investigador, autor del libro<strong>\u00abEnvenenados, una bomba qu\u00edmica nos extermina\u00bb<\/strong> y otros trabajos que informan sobre la forma en que se contamina la producci\u00f3n agr\u00edcola con las pr\u00e1cticas actuales \u00a0y las repercusiones que ha tenido con la nota publicada y difundida durante la semana pasada en muchos medio de nivel nacional.<\/p>\n<p>Con el t\u00edtulos \u00abComer veneno: el Estado argentino reconoce que frutas y verduras a la venta vienen con agroqu\u00edmicos\u00bb, Patricio mostr\u00f3 que <strong>:Expedientes del SENASA<\/strong> detallan operativos en los que se constat\u00f3 partidas fumigadas con hasta 22 pesticidas puestas a la venta en el Mercado Central porte\u00f1o y sus pares de Mar del Plata y La Plata. Peras, apio, mandarinas, manzanas, frutillas y zanahorias, entre los productos contaminados a niveles dram\u00e1ticos.<\/p>\n<p>El tema se instal\u00f3 fuertemente en los medios y ante la consulta de porque pasa esto, a pesar que hace\u00a0mas de una d\u00e9cada que recorre el pa\u00eds con informaci\u00f3n al respecto y presentado sus trabajos,\u00a0Eleisegui nos dice: \u00abaunque dicen que este es un pa\u00eds federal, la pr\u00e1ctica es que es muy unitario, lo que no pasa en Buenos\u00a0Aires, para los porte\u00f1os es algo lejano\u00bby puntualiza \u00abCuando vos les tocas la heladera, arranc\u00f3 la paranoia porte\u00f1a\u00bb.<!--more--><\/p>\n<p><iframe loading=\"lazy\" src=\"https:\/\/w.soundcloud.com\/player\/?url=https%3A\/\/api.soundcloud.com\/tracks\/321761334&amp;color=ff5500&amp;auto_play=false&amp;hide_related=false&amp;show_comments=true&amp;show_user=true&amp;show_reposts=false\" width=\"100%\" height=\"166\" frameborder=\"no\" scrolling=\"no\"><\/iframe><\/p>\n<p>Luego de describirnos como llega a elaborar este informe, el escritor nos brinda detalles de su investigaci\u00f3n, que\u00a0se encuentra publicado en su blog: <a href=\"http:\/\/el-galo.blogspot.com.ar\/\">\u00abEl blog de Patricio Eleisegui.\u00bb<\/a>\u00a0en donde encontramos lo siguiente:<\/p>\n<p>Casi el 98% de las partidas de peras ofertadas entre 2011 y 2013 en el Mercado Central de Bue nos Aires y sus similares de La Plata y General Pueyrred\u00f3n -Mar del Plata- dieron positivo en 20 variedades de insecticidas y fungicidas. Pr\u00e1cticamente el 93% de las muestras de apio monitoreadas en los mismos puntos evidenci\u00f3 restos de 16 agroqu\u00edmicos. M\u00e1s del 91% de las mandarinas que se comercializaron por entonces en estos tambi\u00e9n centros de distribuci\u00f3n presentaron trazas de otros 16 pesticidas.<\/p>\n<p>Las manzanas, otro ejemplo: el 85% de la fruta revel\u00f3 presencia de 22 tipos de insecticidas, fungicidas y acaricidas. El 76,6% de las muestras de frutilla expuso restos de 17 plaguicidas. De un total de 27 frutas, verduras y producciones similares relevadas, s\u00f3lo 4 variedades dieron 0 en contaminaci\u00f3n: cebolla, batata, yerba mate y almendras.<\/p>\n<p>Ya en 2016, una experiencia similar -aunque asentada de otra manera en distintos expedientes- fue m\u00e1s all\u00e1: ubic\u00f3 que el 65,4% de las partidas de apio puestas a la venta en los mismos sitios conten\u00eda concentraciones de, principalmente, insecticidas y fungicidas por encima de los LMR (L\u00edmites M\u00e1ximos de Residuos) que fija la normativa vigente en la Argentina para este tipo de alimentos.<\/p>\n<p>En total, se constat\u00f3 la presencia de 21 agroqu\u00edmicos s\u00f3lo en ese producto, entre ellos el insecticida endosulf\u00e1n, de uso prohibido en la Argentina desde mediados de 2013. En la zanahoria, el 62,5% de las muestras analizadas dio un resultado similar -6 principios activos, divididos entre insecticidas y fungicidas-.<\/p>\n<p>El pimiento no fue la excepci\u00f3n: el 50% de las muestras revel\u00f3 una concentraci\u00f3n de t\u00f3xicos que viola las pautas legales. Se ubicaron 3 pesticidas. En el caso de la frutilla, el 41,6% de la fruta analizada entre 2014 y 2016 tambi\u00e9n arroj\u00f3 como resultado una contaminaci\u00f3n superior a lo fijado por los LMR. Diecisiete agroqu\u00edmicos detectados. De 34 productos monitoreados, apenas 8 se ubicaron dentro de lo permitido. O sea, respetando los l\u00edmites prefijados. Eso s\u00ed, estos \u00faltimos expedientes no aclaran si en aquellos casos en los que no se violaron los LMR se detectaron o no trazas de agroqu\u00edmicos en la fruta y la verdura.<\/p>\n<p>Todo este detalle se encuentra volcado en sendos documentos del Servicio Nacional de Sanidad y Calidad Agroalimentaria (SENASA) a los que, por pedido legal, accedi\u00f3 la ONG ambientalista Naturaleza de Derechos y que fueron acercados a quien aqu\u00ed escribe en las \u00faltimas horas. El material dio origen a un art\u00edculo firmado por este periodista para el portal de noticias Adelanto 24.<\/p>\n<p>En concreto, los resultados revelan que el Estado argentino sabe que pr\u00e1cticamente el total de las frutas y verduras que se comercializan en el pa\u00eds se encuentra de alguna forma contaminado con agroqu\u00edmicos.<\/p>\n<p>\u00abLos datos forman parte de la respuesta de SENASA a un pedido de registros de controles que se hayan llevado a cabo en los \u00faltimos 5 a\u00f1os en el Mercado Central y los regionales de La Plata y Pueyrred\u00f3n. La realidad es que se trata de informaci\u00f3n contundente aunque incompleta: SENASA en ning\u00fan momento aclara las cantidades ubicadas en cada producto y qu\u00e9 decisi\u00f3n tom\u00f3 respecto del destino de tanta fruta y verdura contaminada\u00bb, coment\u00f3 Fernando Cabaleiro, abogado y titular de Naturaleza de Derechos.<\/p>\n<p>\u00abLas planillas que entreg\u00f3 el organismo corresponden a controles en 2013 y 2016. Y var\u00edan en la forma en que se asentaron los datos. En la primera experiencia SENASA expuso en detalle todos los casos positivos de contaminaci\u00f3n. Ya en el trabajo de 2016 se cuid\u00f3 y s\u00f3lo mencion\u00f3 a aquellos que superaron los l\u00edmites permitidos. Nunca precis\u00f3 si igual ubic\u00f3 agroqu\u00edmicos en las frutas y verduras que no violaron la pauta de toxicidad establecida\u00bb, agreg\u00f3.<\/p>\n<p>Seg\u00fan Cabaleiro, los datos fueron entregados s\u00f3lo cuando Naturaleza de Derechos dio un plazo con promesa anticipada de acci\u00f3n legal en caso de ser incumplido. \u00abAc\u00e1 es el propio Estado el que reconoce que las frutas y las verduras llegan a los mercados totalmente contaminadas. Igualmente, el SENASA contest\u00f3 con informaci\u00f3n parcial, muy mal elaborada. Eso expone que hay un desinter\u00e9s del mismo organismo respecto de lo que ocurre\u00bb, dijo a este periodista.<\/p>\n<p>Para el per\u00edodo 2014-2016, y como antes explic\u00f3 Cabaleiro, SENASA efectu\u00f3 una maniobra orientada a cubrir la desidia del organismo: dej\u00f3 de asentar el total de frutas y verduras contaminadas para, en cambio, s\u00f3lo exponer aquellos casos en los que s\u00ed constat\u00f3 una violaci\u00f3n a los l\u00edmites permitidos -asentados como \u00abNC\u00bb-.<\/p>\n<p>De todo lo expuesto, la manzana aparece como un caso a analizar de forma puntual por el copioso c\u00f3ctel con que se bombardea la fruta: 22 productos divididos entre acaricidas, fungicidas e insecticidas.<\/p>\n<p>Entre todos ellos, se destacan estos nombres:<\/p>\n<p>\u2022Acetamiprid: insecticida neonicotinoide de uso limitado en Europa por su capacidad para extinguir las poblaciones de abejas mel\u00edferas.<br \/>\n\u2022Acrinatrina: insecticida piretroide vinculado a la cipermetrina, letal para abejas y peces. Este \u00faltimo aparece como uno de los desarrollos que, en combinaci\u00f3n con otros pesticidas, viene originando casos de polineuropat\u00edas t\u00f3xicas y trastornos en el sistema nervioso perif\u00e9rico como el denunciado por Fabi\u00e1n Tomasi, ex empleado de una compa\u00f1\u00eda fumigadora de Basabilbaso, provincia de Entre R\u00edos.<br \/>\n\u2022Clorotalonil: fungicida, capaz de da\u00f1ar piel y ojos si se lo aplica sin protecci\u00f3n. T\u00f3xico para peces y cualquier organismo acu\u00e1tico en general.<br \/>\n\u2022Carbendazim: fungicida, muy cerca de prohibirse en Europa por su comprobado comportamiento de disruptor endocrino. Adem\u00e1s, su ingrediente activo, la carbendazima, puede afectar la fertilidad masculina.<br \/>\n\u2022Bifentrin: insecticida piretroide.<br \/>\n\u2022Carbaril: insecticida. Potencialmente cancer\u00edgeno para los humanos. Acaba con crust\u00e1ceos y abejas. En la actualidad, de uso prohibido en Gran Breta\u00f1a, Alemania, Suecia, Dinamarca y Austria, entre otros pa\u00edses. Un documento del Instituto Nacional de Tecnolog\u00eda Agropecuaria (INTA) publicado el 15 de octubre de 2013, y firmado por Mariela Curetti, ingeniera agr\u00f3noma de la Estaci\u00f3n Experimental Agropecuaria Alto Valle, reconoce: \u00abDe utilizarse este raleador, no debe olvidarse que se trata de un insecticida que afecta a las abejas y puede generar residuos en la fruta, una limitante especialmente en variedades de cosecha temprana como Gala.\u00bb<br \/>\n\u2022Clorpirifos: insecticida organofosforado. Uno de los plaguicidas m\u00e1s utilizados en la agricultura de la Argentina. Dow, su desarrolladora, fue multada en 1995 y 2003 por ocultar casi 250 casos de intoxicaci\u00f3n con ese agroqu\u00edmico s\u00f3lo en los Estados Unidos y continuar publicitando al insecticida como producto \u201cseguro\u201d. En la sumatoria de ambas sanciones, Dow culmin\u00f3 desembolsando a modo de pena m\u00e1s de 2,7 millones de d\u00f3lares. Ya en 2011, un estudio concretado por la universidad norteamericana de Columbia vincul\u00f3 al insecticida con numerosos casos de ni\u00f1os afectados con retrasos mentales y f\u00edsicos en zonas cercanas a Nueva York.<br \/>\n\u2022Fenazaquin: acaricida del grupo de las quinazolinas. Muy t\u00f3xico para peces y organismos acu\u00e1ticos en general. Mort\u00edfero para las abejas.<br \/>\n\u2022Fludioxonil: fungicida, extremadamente t\u00f3xico para organismos acu\u00e1ticos.<br \/>\n\u2022Iprodione: fungicida. Desde 1996, de uso prohibido para la producci\u00f3n de frutas finas como la cereza en todo Estados Unidos. En un contexto de alta exposici\u00f3n, cancer\u00edgeno para los humanos.<br \/>\n\u2022Malation: insecticida organofosforado. Disruptor endocrino.<br \/>\n\u2022Metilazinfos: insecticida organofosforado. Prohibido en la Argentina desde el 31 de marzo de este a\u00f1o. De alta toxicidad para humanos, aves e insectos en general.<br \/>\n\u2022Novaluron: insecticida, del grupo qu\u00edmico de las benzoilureas. Letal para abejas y organismos acu\u00e1ticos. Prohibido desde 2011 en buena parte de Europa.<br \/>\n\u2022Tiabendazol: fungicida, muy t\u00f3xico para peces y organismos acu\u00e1ticos en general.<br \/>\n\u2022Thiacloprid: insecticida neonicotinoide desarrollado por Bayer. De uso vetado por el grueso de los pa\u00edses de la Uni\u00f3n Europea por atentar contra la supervivencia de las abejas.<br \/>\n\u2022Tiametoxam: insecticida neonicotinoide. Restringido en Francia y Alemania por provocar lo mismo que el Thiacloprid.<\/p>\n<p>Semejante c\u00f3ctel, queda expuesto en los documentos de SENASA, forma parte de una cultura de producci\u00f3n atada a los agroqu\u00edmicos a la que no escapa pr\u00e1cticamente ning\u00fan cultivo. Tambi\u00e9n hay casos que asustan m\u00e1s que el espanto: en la r\u00facula, el organismo oficial ubic\u00f3 partidas contaminadas con DDT, un insecticida cancer\u00edgeno de uso prohibido en la Argentina desde 1990.<\/p>\n<p>\u00abLamentablemente, SENASA no especifica en la informaci\u00f3n remitida si todos los productos constatados pertenecen a diferentes partidas monitoreadas o si fueron ubicados juntos en una misma fruta o verdura. Los datos incompletos le suman m\u00e1s dramatismo a un resultado catastr\u00f3fico\u00bb, asegur\u00f3 Cabaleiro.<\/p>\n<p>Lo que sigue para Naturaleza de Derechos es un pedido a la Administraci\u00f3n Nacional de Medicamentos, Alimentos y Tecnolog\u00eda M\u00e9dica (ANMAT) para que este \u00faltimo organismo eval\u00fae la situaci\u00f3n qu\u00edmica de todos los alimentos desarrollados a partir de estas frutas y verduras.<\/p>\n<p>\u00abVamos a exigir que se constate si no hay agroqu\u00edmicos en productos como, por ejemplo, el pur\u00e9 de tomate, los enlatados, las conservas. La uva dio positivo en contaminaci\u00f3n \u00bfqu\u00e9 ocurre con el vino? En tanto los c\u00edtricos tambi\u00e9n encierran trazas \u00bfqu\u00e9 pasa con las mermeladas? \u00bfY con los jugos, las aguas saborizadas? Le vamos a exigir judicialmente a la ANMAT que se expida respecto de todos estos interrogantes\u00bb, anticip\u00f3 el entrevistado.<\/p>\n<p>Antes que sembrar el p\u00e1nico, la intenci\u00f3n del abogado es alentar el reclamo judicial de manera tal que SENASA no s\u00f3lo ajuste el control si no que, adem\u00e1s, haga p\u00fablico el resultado de cada uno de sus monitoreos, informe los c\u00f3cteles ubicados, y detalle el origen y destino de la mercader\u00eda contaminada. \u00abAc\u00e1 hay un Estado que est\u00e1 mirando para otro lado\u00bb, sintetiz\u00f3 Cabaleiro. Para tragedia de cada uno de nosotros, tiene toda la raz\u00f3n.<\/p>\n<p>Art\u00edculo de difusi\u00f3n o reproducci\u00f3n libre siempre que se mencione la fuente<br \/>\nPatricio Eleisegui<br \/>\nEmail: patricio.eleisegui@gmail.com<\/p>\n","protected":false},"excerpt":{"rendered":"<p>Hoy en FM Reflejos, charlamos con Patricio Eleisegui, escritor, periodista e investigador, autor del libro\u00abEnvenenados, una bomba qu\u00edmica nos extermina\u00bb y otros trabajos que informan sobre la forma en que se contamina la producci\u00f3n agr\u00edcola con las pr\u00e1cticas actuales \u00a0y las repercusiones que ha tenido con la nota publicada y difundida durante la semana pasada [&hellip;]<\/p>\n","protected":false},"author":3,"featured_media":0,"comment_status":"closed","ping_status":"open","sticky":false,"template":"","format":"standard","meta":{"footnotes":""},"categories":[30],"tags":[],"class_list":["post-54311","post","type-post","status-publish","format-standard","hentry","category-salud"],"yoast_head":"<!-- This site is optimized with the Yoast SEO plugin v25.9 - https:\/\/yoast.com\/wordpress\/plugins\/seo\/ -->\n<title>&quot;Como est\u00e1n los alimentos hoy, nos est\u00e1n envenenando...! &quot; - Noticias Radio Reflejos<\/title>\n<meta name=\"robots\" content=\"index, follow, max-snippet:-1, max-image-preview:large, max-video-preview:-1\" \/>\n<link rel=\"canonical\" href=\"https:\/\/www.noticiasradioreflejos.com.ar\/2021\/como-estan-los-alimentos-hoy-nos-estan-envenenando-2\/\" \/>\n<meta property=\"og:locale\" content=\"es_ES\" \/>\n<meta property=\"og:type\" content=\"article\" \/>\n<meta property=\"og:title\" content=\"&quot;Como est\u00e1n los alimentos hoy, nos est\u00e1n envenenando...! &quot; - Noticias Radio Reflejos\" \/>\n<meta property=\"og:description\" content=\"Hoy en FM Reflejos, charlamos con Patricio Eleisegui, escritor, periodista e investigador, autor del libro\u00abEnvenenados, una bomba qu\u00edmica nos extermina\u00bb y otros trabajos que informan sobre la forma en que se contamina la producci\u00f3n agr\u00edcola con las pr\u00e1cticas actuales \u00a0y las repercusiones que ha tenido con la nota publicada y difundida durante la semana pasada [&hellip;]\" \/>\n<meta property=\"og:url\" content=\"https:\/\/www.noticiasradioreflejos.com.ar\/2021\/como-estan-los-alimentos-hoy-nos-estan-envenenando-2\/\" \/>\n<meta property=\"og:site_name\" content=\"Noticias Radio Reflejos\" \/>\n<meta property=\"article:published_time\" content=\"2017-05-09T16:35:41+00:00\" \/>\n<meta property=\"og:image\" content=\"http:\/\/farm5.staticflickr.com\/4158\/33746664703_bd209ea695.jpg\" \/>\n<meta name=\"author\" content=\"Arnaldo Botto\" \/>\n<meta name=\"twitter:card\" content=\"summary_large_image\" \/>\n<script type=\"application\/ld+json\" class=\"yoast-schema-graph\">{\"@context\":\"https:\/\/schema.org\",\"@graph\":[{\"@type\":\"WebPage\",\"@id\":\"https:\/\/www.noticiasradioreflejos.com.ar\/2021\/como-estan-los-alimentos-hoy-nos-estan-envenenando-2\/\",\"url\":\"https:\/\/www.noticiasradioreflejos.com.ar\/2021\/como-estan-los-alimentos-hoy-nos-estan-envenenando-2\/\",\"name\":\"\\\"Como est\u00e1n los alimentos hoy, nos est\u00e1n envenenando...! \\\" - Noticias Radio Reflejos\",\"isPartOf\":{\"@id\":\"https:\/\/www.noticiasradioreflejos.com.ar\/2021\/#website\"},\"primaryImageOfPage\":{\"@id\":\"https:\/\/www.noticiasradioreflejos.com.ar\/2021\/como-estan-los-alimentos-hoy-nos-estan-envenenando-2\/#primaryimage\"},\"image\":{\"@id\":\"https:\/\/www.noticiasradioreflejos.com.ar\/2021\/como-estan-los-alimentos-hoy-nos-estan-envenenando-2\/#primaryimage\"},\"thumbnailUrl\":\"http:\/\/farm5.staticflickr.com\/4158\/33746664703_bd209ea695.jpg\",\"datePublished\":\"2017-05-09T16:35:41+00:00\",\"author\":{\"@id\":\"https:\/\/www.noticiasradioreflejos.com.ar\/2021\/#\/schema\/person\/ad82545263dcc5ec0996818884fd5fb1\"},\"breadcrumb\":{\"@id\":\"https:\/\/www.noticiasradioreflejos.com.ar\/2021\/como-estan-los-alimentos-hoy-nos-estan-envenenando-2\/#breadcrumb\"},\"inLanguage\":\"es\",\"potentialAction\":[{\"@type\":\"ReadAction\",\"target\":[\"https:\/\/www.noticiasradioreflejos.com.ar\/2021\/como-estan-los-alimentos-hoy-nos-estan-envenenando-2\/\"]}]},{\"@type\":\"ImageObject\",\"inLanguage\":\"es\",\"@id\":\"https:\/\/www.noticiasradioreflejos.com.ar\/2021\/como-estan-los-alimentos-hoy-nos-estan-envenenando-2\/#primaryimage\",\"url\":\"http:\/\/farm5.staticflickr.com\/4158\/33746664703_bd209ea695.jpg\",\"contentUrl\":\"http:\/\/farm5.staticflickr.com\/4158\/33746664703_bd209ea695.jpg\"},{\"@type\":\"BreadcrumbList\",\"@id\":\"https:\/\/www.noticiasradioreflejos.com.ar\/2021\/como-estan-los-alimentos-hoy-nos-estan-envenenando-2\/#breadcrumb\",\"itemListElement\":[{\"@type\":\"ListItem\",\"position\":1,\"name\":\"Portada\",\"item\":\"https:\/\/www.noticiasradioreflejos.com.ar\/2021\/\"},{\"@type\":\"ListItem\",\"position\":2,\"name\":\"\u00abComo est\u00e1n los alimentos hoy, nos est\u00e1n envenenando&#8230;! \u00ab\"}]},{\"@type\":\"WebSite\",\"@id\":\"https:\/\/www.noticiasradioreflejos.com.ar\/2021\/#website\",\"url\":\"https:\/\/www.noticiasradioreflejos.com.ar\/2021\/\",\"name\":\"Noticias Radio Reflejos\",\"description\":\"Las noticias de mi comarca\",\"potentialAction\":[{\"@type\":\"SearchAction\",\"target\":{\"@type\":\"EntryPoint\",\"urlTemplate\":\"https:\/\/www.noticiasradioreflejos.com.ar\/2021\/?s={search_term_string}\"},\"query-input\":{\"@type\":\"PropertyValueSpecification\",\"valueRequired\":true,\"valueName\":\"search_term_string\"}}],\"inLanguage\":\"es\"},{\"@type\":\"Person\",\"@id\":\"https:\/\/www.noticiasradioreflejos.com.ar\/2021\/#\/schema\/person\/ad82545263dcc5ec0996818884fd5fb1\",\"name\":\"Arnaldo Botto\",\"image\":{\"@type\":\"ImageObject\",\"inLanguage\":\"es\",\"@id\":\"https:\/\/www.noticiasradioreflejos.com.ar\/2021\/#\/schema\/person\/image\/\",\"url\":\"https:\/\/secure.gravatar.com\/avatar\/55cb5e37c1efa326397366e6974cb338056df65cb50e7d64d1cf314e87504837?s=96&d=mm&r=g\",\"contentUrl\":\"https:\/\/secure.gravatar.com\/avatar\/55cb5e37c1efa326397366e6974cb338056df65cb50e7d64d1cf314e87504837?s=96&d=mm&r=g\",\"caption\":\"Arnaldo Botto\"},\"url\":\"https:\/\/www.noticiasradioreflejos.com.ar\/2021\/author\/arnaldo\/\"}]}<\/script>\n<!-- \/ Yoast SEO plugin. -->","yoast_head_json":{"title":"\"Como est\u00e1n los alimentos hoy, nos est\u00e1n envenenando...! \" - Noticias Radio Reflejos","robots":{"index":"index","follow":"follow","max-snippet":"max-snippet:-1","max-image-preview":"max-image-preview:large","max-video-preview":"max-video-preview:-1"},"canonical":"https:\/\/www.noticiasradioreflejos.com.ar\/2021\/como-estan-los-alimentos-hoy-nos-estan-envenenando-2\/","og_locale":"es_ES","og_type":"article","og_title":"\"Como est\u00e1n los alimentos hoy, nos est\u00e1n envenenando...! \" - Noticias Radio Reflejos","og_description":"Hoy en FM Reflejos, charlamos con Patricio Eleisegui, escritor, periodista e investigador, autor del libro\u00abEnvenenados, una bomba qu\u00edmica nos extermina\u00bb y otros trabajos que informan sobre la forma en que se contamina la producci\u00f3n agr\u00edcola con las pr\u00e1cticas actuales \u00a0y las repercusiones que ha tenido con la nota publicada y difundida durante la semana pasada [&hellip;]","og_url":"https:\/\/www.noticiasradioreflejos.com.ar\/2021\/como-estan-los-alimentos-hoy-nos-estan-envenenando-2\/","og_site_name":"Noticias Radio Reflejos","article_published_time":"2017-05-09T16:35:41+00:00","og_image":[{"url":"http:\/\/farm5.staticflickr.com\/4158\/33746664703_bd209ea695.jpg","type":"","width":"","height":""}],"author":"Arnaldo Botto","twitter_card":"summary_large_image","schema":{"@context":"https:\/\/schema.org","@graph":[{"@type":"WebPage","@id":"https:\/\/www.noticiasradioreflejos.com.ar\/2021\/como-estan-los-alimentos-hoy-nos-estan-envenenando-2\/","url":"https:\/\/www.noticiasradioreflejos.com.ar\/2021\/como-estan-los-alimentos-hoy-nos-estan-envenenando-2\/","name":"\"Como est\u00e1n los alimentos hoy, nos est\u00e1n envenenando...! \" - Noticias Radio Reflejos","isPartOf":{"@id":"https:\/\/www.noticiasradioreflejos.com.ar\/2021\/#website"},"primaryImageOfPage":{"@id":"https:\/\/www.noticiasradioreflejos.com.ar\/2021\/como-estan-los-alimentos-hoy-nos-estan-envenenando-2\/#primaryimage"},"image":{"@id":"https:\/\/www.noticiasradioreflejos.com.ar\/2021\/como-estan-los-alimentos-hoy-nos-estan-envenenando-2\/#primaryimage"},"thumbnailUrl":"http:\/\/farm5.staticflickr.com\/4158\/33746664703_bd209ea695.jpg","datePublished":"2017-05-09T16:35:41+00:00","author":{"@id":"https:\/\/www.noticiasradioreflejos.com.ar\/2021\/#\/schema\/person\/ad82545263dcc5ec0996818884fd5fb1"},"breadcrumb":{"@id":"https:\/\/www.noticiasradioreflejos.com.ar\/2021\/como-estan-los-alimentos-hoy-nos-estan-envenenando-2\/#breadcrumb"},"inLanguage":"es","potentialAction":[{"@type":"ReadAction","target":["https:\/\/www.noticiasradioreflejos.com.ar\/2021\/como-estan-los-alimentos-hoy-nos-estan-envenenando-2\/"]}]},{"@type":"ImageObject","inLanguage":"es","@id":"https:\/\/www.noticiasradioreflejos.com.ar\/2021\/como-estan-los-alimentos-hoy-nos-estan-envenenando-2\/#primaryimage","url":"http:\/\/farm5.staticflickr.com\/4158\/33746664703_bd209ea695.jpg","contentUrl":"http:\/\/farm5.staticflickr.com\/4158\/33746664703_bd209ea695.jpg"},{"@type":"BreadcrumbList","@id":"https:\/\/www.noticiasradioreflejos.com.ar\/2021\/como-estan-los-alimentos-hoy-nos-estan-envenenando-2\/#breadcrumb","itemListElement":[{"@type":"ListItem","position":1,"name":"Portada","item":"https:\/\/www.noticiasradioreflejos.com.ar\/2021\/"},{"@type":"ListItem","position":2,"name":"\u00abComo est\u00e1n los alimentos hoy, nos est\u00e1n envenenando&#8230;! \u00ab"}]},{"@type":"WebSite","@id":"https:\/\/www.noticiasradioreflejos.com.ar\/2021\/#website","url":"https:\/\/www.noticiasradioreflejos.com.ar\/2021\/","name":"Noticias Radio Reflejos","description":"Las noticias de mi comarca","potentialAction":[{"@type":"SearchAction","target":{"@type":"EntryPoint","urlTemplate":"https:\/\/www.noticiasradioreflejos.com.ar\/2021\/?s={search_term_string}"},"query-input":{"@type":"PropertyValueSpecification","valueRequired":true,"valueName":"search_term_string"}}],"inLanguage":"es"},{"@type":"Person","@id":"https:\/\/www.noticiasradioreflejos.com.ar\/2021\/#\/schema\/person\/ad82545263dcc5ec0996818884fd5fb1","name":"Arnaldo Botto","image":{"@type":"ImageObject","inLanguage":"es","@id":"https:\/\/www.noticiasradioreflejos.com.ar\/2021\/#\/schema\/person\/image\/","url":"https:\/\/secure.gravatar.com\/avatar\/55cb5e37c1efa326397366e6974cb338056df65cb50e7d64d1cf314e87504837?s=96&d=mm&r=g","contentUrl":"https:\/\/secure.gravatar.com\/avatar\/55cb5e37c1efa326397366e6974cb338056df65cb50e7d64d1cf314e87504837?s=96&d=mm&r=g","caption":"Arnaldo Botto"},"url":"https:\/\/www.noticiasradioreflejos.com.ar\/2021\/author\/arnaldo\/"}]}},"_links":{"self":[{"href":"https:\/\/www.noticiasradioreflejos.com.ar\/2021\/wp-json\/wp\/v2\/posts\/54311","targetHints":{"allow":["GET"]}}],"collection":[{"href":"https:\/\/www.noticiasradioreflejos.com.ar\/2021\/wp-json\/wp\/v2\/posts"}],"about":[{"href":"https:\/\/www.noticiasradioreflejos.com.ar\/2021\/wp-json\/wp\/v2\/types\/post"}],"author":[{"embeddable":true,"href":"https:\/\/www.noticiasradioreflejos.com.ar\/2021\/wp-json\/wp\/v2\/users\/3"}],"replies":[{"embeddable":true,"href":"https:\/\/www.noticiasradioreflejos.com.ar\/2021\/wp-json\/wp\/v2\/comments?post=54311"}],"version-history":[{"count":0,"href":"https:\/\/www.noticiasradioreflejos.com.ar\/2021\/wp-json\/wp\/v2\/posts\/54311\/revisions"}],"wp:attachment":[{"href":"https:\/\/www.noticiasradioreflejos.com.ar\/2021\/wp-json\/wp\/v2\/media?parent=54311"}],"wp:term":[{"taxonomy":"category","embeddable":true,"href":"https:\/\/www.noticiasradioreflejos.com.ar\/2021\/wp-json\/wp\/v2\/categories?post=54311"},{"taxonomy":"post_tag","embeddable":true,"href":"https:\/\/www.noticiasradioreflejos.com.ar\/2021\/wp-json\/wp\/v2\/tags?post=54311"}],"curies":[{"name":"wp","href":"https:\/\/api.w.org\/{rel}","templated":true}]}}