{"id":54216,"date":"2017-02-09T20:31:13","date_gmt":"2017-02-09T23:31:13","guid":{"rendered":"http:\/\/noticiasradioreflejos.com.ar\/noticias\/?p=6764"},"modified":"2017-02-09T20:31:13","modified_gmt":"2017-02-09T23:31:13","slug":"beltza-para-nosotros-tiene-mucha-importancia-es-una-linda-historia-familiar-2","status":"publish","type":"post","link":"https:\/\/www.noticiasradioreflejos.com.ar\/2021\/beltza-para-nosotros-tiene-mucha-importancia-es-una-linda-historia-familiar-2\/","title":{"rendered":"BELTZA: \u00abPara nosotros tiene mucha importancia, es una linda historia familiar\u00bb."},"content":{"rendered":"<p>\u00abYo estuve viajando bastante los \u00faltimos 4 o 5 a\u00f1os, con muchas oportunidades de participar de la industria de la gastronom\u00eda en Nueva Zelanda, Australia y Dinamarca, y pude ir aprendiendo mucho, empap\u00e1ndome de muchas tendencias. Nos volvimos a Argentina para emprender, y fue ah\u00ed donde surgi\u00f3 esta idea de comida ambulante food truck que est\u00e1 de moda en todos lados, as\u00ed es que Villa Ventana nos pareci\u00f3 un lugar fant\u00e1stico para poder empezar\u00bb.<!--more--><\/p>\n<p>As\u00ed comienza Gast\u00f3n Dorcazberro la entrevista con nuestro medio, para contarnos este nuevo emprendimiento familiar llamado <strong>\u00abBELTZA\u00bb<\/strong>, las ganas de cada uno de los integrantes y c\u00f3mo llegaron a este lugar para realizar esta propuesta \u00fanica en Villa Ventana.<\/p>\n<p>\u00abCreo que nos lanzamos directamente; la familia, las costumbres nos han empujado, nos lanzamos de lleno y las expectativas son positivas. Tiene muy buena aceptaci\u00f3n , creo que la mayor\u00eda de la gente come al paso y nos representa un desaf\u00edo particular; si bien es todo baguetter\u00eda, es decir comida entre panes, sabemos que venimos influenciados por una propuesta pr\u00e1ctica en Eslovaquia y le anexamos la venta de cerdos, carne vacuna, hamburgesas. Es una propuesta desestructurada e informal\u00bb.<\/p>\n<p>Dorcazberro manifiesta lo que significa BELTZA y la idea fija sobre el estilo que le dieron junto a su hermana y a su novia a este lugar: \u00abEl lugar es agradable, frente a la plaza. Nos han recibido muy bien y cuando decidimos abrir Beltza mi hermana se subi\u00f3 a bordo, y <strong>\u00abBeltza significa negro en Vasco\u00bb<\/strong> y para nosotros es el nombre de nuestra primera mascota; es una linda historia y entre los 3 vamos armando una nueva identidad\u00bb.<\/p>\n<p>Maite, la menor de la familia Dorcazberro, se suma al relato y nos cuenta sus sensaciones: \u00abEl estilo de este lugar tiene que ver con el campamento. Con mi hermano nos gustaba hacer campamentos, de hecho tenemos mesas muy t\u00edpicas de camping, aprovechamos el entorno natural de Villa Ventana\u00bb.<\/p>\n<p>Gast\u00f3n acota: \u00abViaj\u00e9 por mucho lugares pero sigo encontrando este lugar fascinante y con mucha energ\u00eda. Y para m\u00ed la ubicaci\u00f3n cumple con las tres\u00a0reglas de la gastronom\u00eda: locaci\u00f3n, locaci\u00f3n, locaci\u00f3n y este es un lugar donde pasa todo el mundo, es la Avenida principal.<\/p>\n<p>Maite recuerda el camino recorrido para llegar hoy a contar con este lugar y comenta: \u00abEstuvimos cuatro meses antes en la preparaci\u00f3n del terreno, estaba todo forestado, si bien lo ten\u00edamos hab\u00eda que limpiarlo, compramos las m\u00e1quinas que hoy tenemos adentro, vimos el carro y lleva un dise\u00f1o que lo hicimos en Rosario, todo llev\u00f3 tiempo.\u00bb<\/p>\n<p>Maite se refiere al estilo femenino del lugar. \u00abEst\u00e1 el toque femenino: con Martina tenemos un gusto parecido y la est\u00e9tica es cl\u00e1sica. Si tengo que resaltar algo, es lo sorprendida que estoy con la gente que limpia lo que usa, nosotros no tenemos un servicio a la mesa, pero sin embargo nadie deja nada sobre la mesa, son muy limpios, todos tiran los que les sobra al tacho de la basura. Feliz y sorprendida de la conciencia de la gente\u00bb.<\/p>\n<p><strong>Beltza es un trabajo en equipo, cada uno tiene sus tareas, pero cuando terminan con lo suyo, se suman a ayudar al otro.\u00a0<\/strong><\/p>\n<p>&nbsp;<\/p>\n<p><iframe loading=\"lazy\" src=\"https:\/\/w.soundcloud.com\/player\/?url=https%3A\/\/api.soundcloud.com\/tracks\/306953596&amp;color=ff5500&amp;auto_play=false&amp;hide_related=false&amp;show_comments=true&amp;show_user=true&amp;show_reposts=false\" width=\"100%\" height=\"166\" frameborder=\"no\" scrolling=\"no\"><\/iframe><\/p>\n","protected":false},"excerpt":{"rendered":"<p>\u00abYo estuve viajando bastante los \u00faltimos 4 o 5 a\u00f1os, con muchas oportunidades de participar de la industria de la gastronom\u00eda en Nueva Zelanda, Australia y Dinamarca, y pude ir aprendiendo mucho, empap\u00e1ndome de muchas tendencias. Nos volvimos a Argentina para emprender, y fue ah\u00ed donde surgi\u00f3 esta idea de comida ambulante food truck que [&hellip;]<\/p>\n","protected":false},"author":3,"featured_media":0,"comment_status":"closed","ping_status":"open","sticky":false,"template":"","format":"standard","meta":{"footnotes":""},"categories":[26],"tags":[],"class_list":["post-54216","post","type-post","status-publish","format-standard","hentry","category-sociedad"],"yoast_head":"<!-- This site is optimized with the Yoast SEO plugin v25.9 - https:\/\/yoast.com\/wordpress\/plugins\/seo\/ -->\n<title>BELTZA: &quot;Para nosotros tiene mucha importancia, es una linda historia familiar&quot;. - Noticias Radio Reflejos<\/title>\n<meta name=\"robots\" content=\"index, follow, max-snippet:-1, max-image-preview:large, max-video-preview:-1\" \/>\n<link rel=\"canonical\" href=\"https:\/\/www.noticiasradioreflejos.com.ar\/2021\/beltza-para-nosotros-tiene-mucha-importancia-es-una-linda-historia-familiar-2\/\" \/>\n<meta property=\"og:locale\" content=\"es_ES\" \/>\n<meta property=\"og:type\" content=\"article\" \/>\n<meta property=\"og:title\" content=\"BELTZA: &quot;Para nosotros tiene mucha importancia, es una linda historia familiar&quot;. - Noticias Radio Reflejos\" \/>\n<meta property=\"og:description\" content=\"\u00abYo estuve viajando bastante los \u00faltimos 4 o 5 a\u00f1os, con muchas oportunidades de participar de la industria de la gastronom\u00eda en Nueva Zelanda, Australia y Dinamarca, y pude ir aprendiendo mucho, empap\u00e1ndome de muchas tendencias. Nos volvimos a Argentina para emprender, y fue ah\u00ed donde surgi\u00f3 esta idea de comida ambulante food truck que [&hellip;]\" \/>\n<meta property=\"og:url\" content=\"https:\/\/www.noticiasradioreflejos.com.ar\/2021\/beltza-para-nosotros-tiene-mucha-importancia-es-una-linda-historia-familiar-2\/\" \/>\n<meta property=\"og:site_name\" content=\"Noticias Radio Reflejos\" \/>\n<meta property=\"article:published_time\" content=\"2017-02-09T23:31:13+00:00\" \/>\n<meta property=\"og:image\" content=\"https:\/\/www.noticiasradioreflejos.com.ar\/2021\/wp-content\/uploads\/2021\/07\/logosol300x200.png\" \/>\n\t<meta property=\"og:image:width\" content=\"300\" \/>\n\t<meta property=\"og:image:height\" content=\"200\" \/>\n\t<meta property=\"og:image:type\" content=\"image\/png\" \/>\n<meta name=\"author\" content=\"Arnaldo Botto\" \/>\n<meta name=\"twitter:card\" content=\"summary_large_image\" \/>\n<script type=\"application\/ld+json\" class=\"yoast-schema-graph\">{\"@context\":\"https:\/\/schema.org\",\"@graph\":[{\"@type\":\"WebPage\",\"@id\":\"https:\/\/www.noticiasradioreflejos.com.ar\/2021\/beltza-para-nosotros-tiene-mucha-importancia-es-una-linda-historia-familiar-2\/\",\"url\":\"https:\/\/www.noticiasradioreflejos.com.ar\/2021\/beltza-para-nosotros-tiene-mucha-importancia-es-una-linda-historia-familiar-2\/\",\"name\":\"BELTZA: \\\"Para nosotros tiene mucha importancia, es una linda historia familiar\\\". - Noticias Radio Reflejos\",\"isPartOf\":{\"@id\":\"https:\/\/www.noticiasradioreflejos.com.ar\/2021\/#website\"},\"datePublished\":\"2017-02-09T23:31:13+00:00\",\"author\":{\"@id\":\"https:\/\/www.noticiasradioreflejos.com.ar\/2021\/#\/schema\/person\/ad82545263dcc5ec0996818884fd5fb1\"},\"breadcrumb\":{\"@id\":\"https:\/\/www.noticiasradioreflejos.com.ar\/2021\/beltza-para-nosotros-tiene-mucha-importancia-es-una-linda-historia-familiar-2\/#breadcrumb\"},\"inLanguage\":\"es\",\"potentialAction\":[{\"@type\":\"ReadAction\",\"target\":[\"https:\/\/www.noticiasradioreflejos.com.ar\/2021\/beltza-para-nosotros-tiene-mucha-importancia-es-una-linda-historia-familiar-2\/\"]}]},{\"@type\":\"BreadcrumbList\",\"@id\":\"https:\/\/www.noticiasradioreflejos.com.ar\/2021\/beltza-para-nosotros-tiene-mucha-importancia-es-una-linda-historia-familiar-2\/#breadcrumb\",\"itemListElement\":[{\"@type\":\"ListItem\",\"position\":1,\"name\":\"Portada\",\"item\":\"https:\/\/www.noticiasradioreflejos.com.ar\/2021\/\"},{\"@type\":\"ListItem\",\"position\":2,\"name\":\"BELTZA: \u00abPara nosotros tiene mucha importancia, es una linda historia familiar\u00bb.\"}]},{\"@type\":\"WebSite\",\"@id\":\"https:\/\/www.noticiasradioreflejos.com.ar\/2021\/#website\",\"url\":\"https:\/\/www.noticiasradioreflejos.com.ar\/2021\/\",\"name\":\"Noticias Radio Reflejos\",\"description\":\"Las noticias de mi comarca\",\"potentialAction\":[{\"@type\":\"SearchAction\",\"target\":{\"@type\":\"EntryPoint\",\"urlTemplate\":\"https:\/\/www.noticiasradioreflejos.com.ar\/2021\/?s={search_term_string}\"},\"query-input\":{\"@type\":\"PropertyValueSpecification\",\"valueRequired\":true,\"valueName\":\"search_term_string\"}}],\"inLanguage\":\"es\"},{\"@type\":\"Person\",\"@id\":\"https:\/\/www.noticiasradioreflejos.com.ar\/2021\/#\/schema\/person\/ad82545263dcc5ec0996818884fd5fb1\",\"name\":\"Arnaldo Botto\",\"image\":{\"@type\":\"ImageObject\",\"inLanguage\":\"es\",\"@id\":\"https:\/\/www.noticiasradioreflejos.com.ar\/2021\/#\/schema\/person\/image\/\",\"url\":\"https:\/\/secure.gravatar.com\/avatar\/55cb5e37c1efa326397366e6974cb338056df65cb50e7d64d1cf314e87504837?s=96&d=mm&r=g\",\"contentUrl\":\"https:\/\/secure.gravatar.com\/avatar\/55cb5e37c1efa326397366e6974cb338056df65cb50e7d64d1cf314e87504837?s=96&d=mm&r=g\",\"caption\":\"Arnaldo Botto\"},\"url\":\"https:\/\/www.noticiasradioreflejos.com.ar\/2021\/author\/arnaldo\/\"}]}<\/script>\n<!-- \/ Yoast SEO plugin. -->","yoast_head_json":{"title":"BELTZA: \"Para nosotros tiene mucha importancia, es una linda historia familiar\". - Noticias Radio Reflejos","robots":{"index":"index","follow":"follow","max-snippet":"max-snippet:-1","max-image-preview":"max-image-preview:large","max-video-preview":"max-video-preview:-1"},"canonical":"https:\/\/www.noticiasradioreflejos.com.ar\/2021\/beltza-para-nosotros-tiene-mucha-importancia-es-una-linda-historia-familiar-2\/","og_locale":"es_ES","og_type":"article","og_title":"BELTZA: \"Para nosotros tiene mucha importancia, es una linda historia familiar\". - Noticias Radio Reflejos","og_description":"\u00abYo estuve viajando bastante los \u00faltimos 4 o 5 a\u00f1os, con muchas oportunidades de participar de la industria de la gastronom\u00eda en Nueva Zelanda, Australia y Dinamarca, y pude ir aprendiendo mucho, empap\u00e1ndome de muchas tendencias. Nos volvimos a Argentina para emprender, y fue ah\u00ed donde surgi\u00f3 esta idea de comida ambulante food truck que [&hellip;]","og_url":"https:\/\/www.noticiasradioreflejos.com.ar\/2021\/beltza-para-nosotros-tiene-mucha-importancia-es-una-linda-historia-familiar-2\/","og_site_name":"Noticias Radio Reflejos","article_published_time":"2017-02-09T23:31:13+00:00","og_image":[{"width":300,"height":200,"url":"https:\/\/www.noticiasradioreflejos.com.ar\/2021\/wp-content\/uploads\/2021\/07\/logosol300x200.png","type":"image\/png"}],"author":"Arnaldo Botto","twitter_card":"summary_large_image","schema":{"@context":"https:\/\/schema.org","@graph":[{"@type":"WebPage","@id":"https:\/\/www.noticiasradioreflejos.com.ar\/2021\/beltza-para-nosotros-tiene-mucha-importancia-es-una-linda-historia-familiar-2\/","url":"https:\/\/www.noticiasradioreflejos.com.ar\/2021\/beltza-para-nosotros-tiene-mucha-importancia-es-una-linda-historia-familiar-2\/","name":"BELTZA: \"Para nosotros tiene mucha importancia, es una linda historia familiar\". - Noticias Radio Reflejos","isPartOf":{"@id":"https:\/\/www.noticiasradioreflejos.com.ar\/2021\/#website"},"datePublished":"2017-02-09T23:31:13+00:00","author":{"@id":"https:\/\/www.noticiasradioreflejos.com.ar\/2021\/#\/schema\/person\/ad82545263dcc5ec0996818884fd5fb1"},"breadcrumb":{"@id":"https:\/\/www.noticiasradioreflejos.com.ar\/2021\/beltza-para-nosotros-tiene-mucha-importancia-es-una-linda-historia-familiar-2\/#breadcrumb"},"inLanguage":"es","potentialAction":[{"@type":"ReadAction","target":["https:\/\/www.noticiasradioreflejos.com.ar\/2021\/beltza-para-nosotros-tiene-mucha-importancia-es-una-linda-historia-familiar-2\/"]}]},{"@type":"BreadcrumbList","@id":"https:\/\/www.noticiasradioreflejos.com.ar\/2021\/beltza-para-nosotros-tiene-mucha-importancia-es-una-linda-historia-familiar-2\/#breadcrumb","itemListElement":[{"@type":"ListItem","position":1,"name":"Portada","item":"https:\/\/www.noticiasradioreflejos.com.ar\/2021\/"},{"@type":"ListItem","position":2,"name":"BELTZA: \u00abPara nosotros tiene mucha importancia, es una linda historia familiar\u00bb."}]},{"@type":"WebSite","@id":"https:\/\/www.noticiasradioreflejos.com.ar\/2021\/#website","url":"https:\/\/www.noticiasradioreflejos.com.ar\/2021\/","name":"Noticias Radio Reflejos","description":"Las noticias de mi comarca","potentialAction":[{"@type":"SearchAction","target":{"@type":"EntryPoint","urlTemplate":"https:\/\/www.noticiasradioreflejos.com.ar\/2021\/?s={search_term_string}"},"query-input":{"@type":"PropertyValueSpecification","valueRequired":true,"valueName":"search_term_string"}}],"inLanguage":"es"},{"@type":"Person","@id":"https:\/\/www.noticiasradioreflejos.com.ar\/2021\/#\/schema\/person\/ad82545263dcc5ec0996818884fd5fb1","name":"Arnaldo Botto","image":{"@type":"ImageObject","inLanguage":"es","@id":"https:\/\/www.noticiasradioreflejos.com.ar\/2021\/#\/schema\/person\/image\/","url":"https:\/\/secure.gravatar.com\/avatar\/55cb5e37c1efa326397366e6974cb338056df65cb50e7d64d1cf314e87504837?s=96&d=mm&r=g","contentUrl":"https:\/\/secure.gravatar.com\/avatar\/55cb5e37c1efa326397366e6974cb338056df65cb50e7d64d1cf314e87504837?s=96&d=mm&r=g","caption":"Arnaldo Botto"},"url":"https:\/\/www.noticiasradioreflejos.com.ar\/2021\/author\/arnaldo\/"}]}},"_links":{"self":[{"href":"https:\/\/www.noticiasradioreflejos.com.ar\/2021\/wp-json\/wp\/v2\/posts\/54216","targetHints":{"allow":["GET"]}}],"collection":[{"href":"https:\/\/www.noticiasradioreflejos.com.ar\/2021\/wp-json\/wp\/v2\/posts"}],"about":[{"href":"https:\/\/www.noticiasradioreflejos.com.ar\/2021\/wp-json\/wp\/v2\/types\/post"}],"author":[{"embeddable":true,"href":"https:\/\/www.noticiasradioreflejos.com.ar\/2021\/wp-json\/wp\/v2\/users\/3"}],"replies":[{"embeddable":true,"href":"https:\/\/www.noticiasradioreflejos.com.ar\/2021\/wp-json\/wp\/v2\/comments?post=54216"}],"version-history":[{"count":0,"href":"https:\/\/www.noticiasradioreflejos.com.ar\/2021\/wp-json\/wp\/v2\/posts\/54216\/revisions"}],"wp:attachment":[{"href":"https:\/\/www.noticiasradioreflejos.com.ar\/2021\/wp-json\/wp\/v2\/media?parent=54216"}],"wp:term":[{"taxonomy":"category","embeddable":true,"href":"https:\/\/www.noticiasradioreflejos.com.ar\/2021\/wp-json\/wp\/v2\/categories?post=54216"},{"taxonomy":"post_tag","embeddable":true,"href":"https:\/\/www.noticiasradioreflejos.com.ar\/2021\/wp-json\/wp\/v2\/tags?post=54216"}],"curies":[{"name":"wp","href":"https:\/\/api.w.org\/{rel}","templated":true}]}}