{"id":54209,"date":"2017-01-31T21:43:40","date_gmt":"2017-02-01T00:43:40","guid":{"rendered":"http:\/\/noticiasradioreflejos.com.ar\/noticias\/?p=6464"},"modified":"2017-01-31T21:43:40","modified_gmt":"2017-02-01T00:43:40","slug":"wallace-es-la-entrada-a-un-buen-momento-2","status":"publish","type":"post","link":"https:\/\/www.noticiasradioreflejos.com.ar\/2021\/wallace-es-la-entrada-a-un-buen-momento-2\/","title":{"rendered":"\u00abWallace\u00bb es la entrada a un buen momento"},"content":{"rendered":"<p><strong><em>\u00abWallace es como un hijo, necesita mucha atenci\u00f3n, muchos cuidados y sobretodo que la gente misma pueda encontrar ese lugar ac\u00e1, para pasar el tiempo\u00bb.<\/em><\/strong><\/p>\n<p>Kevin Panero es uno de los due\u00f1os de Wallace, cervecer\u00eda pub que inaugur\u00f3 y abri\u00f3 sus puertas al p\u00fablico el s\u00e1bado 21 de enero.<!--more--><\/p>\n<p>\u00abWallace surge en el\u00a0cumplea\u00f1os de Palito, quer\u00edamos salir a tomar algo y nos pasaba que no ten\u00edamos ese lugar ac\u00e1 en la Villa ,y en Sierra pasaba lo mismo. Entonces pensamos que un lugar as\u00ed era lo que le faltaba a Villa Ventana.<\/p>\n<p>Kevin nos cuenta los detalles distintivos que marcan la diferencia del resto de los dem\u00e1s lugares: \u00abTiene un toque ingl\u00e9s, es un bar al estilo irland\u00e9s y el nombre Wallace surge de una charla en familia; no tiene un sentido en especial el nombre. Es un lugar c\u00e1lido con decoraci\u00f3n vintage, y hasta el momento los resultados son muy buenos.\u00bb<\/p>\n<p>Kevin es ciudadano de Villa Ventana. Si bien est\u00e1 residiendo en Capital por temas de estudios, vivi\u00f3 4 a\u00f1os en este lugar y guarda los mejores recuerdos. \u00abDesde los 16 a los 20 viv\u00ed ac\u00e1, recuerdo que vine de vacaciones cuando era chico y cuando lo conoc\u00ed me fascin\u00f3, hasta que termin\u00e9 viviendo ac\u00e1\u00bb.<\/p>\n<p>\u00abLos a\u00f1os que pas\u00e9 en este lugar fueron maravillosos. Es un cambio total de vida, estar ac\u00e1 te hace cl\u00edck la cabeza y si bien termin\u00e9 ac\u00e1 la secundaria, hoy estoy estudiando econom\u00eda en La Matanza\u00bb.<br \/>\n<iframe loading=\"lazy\" src=\"https:\/\/w.soundcloud.com\/player\/?url=https%3A\/\/api.soundcloud.com\/tracks\/305487811&amp;color=ff5500&amp;auto_play=false&amp;hide_related=false&amp;show_comments=true&amp;show_user=true&amp;show_reposts=false\" width=\"100%\" height=\"166\" frameborder=\"no\" scrolling=\"no\"><\/iframe><\/p>\n","protected":false},"excerpt":{"rendered":"<p>\u00abWallace es como un hijo, necesita mucha atenci\u00f3n, muchos cuidados y sobretodo que la gente misma pueda encontrar ese lugar ac\u00e1, para pasar el tiempo\u00bb. Kevin Panero es uno de los due\u00f1os de Wallace, cervecer\u00eda pub que inaugur\u00f3 y abri\u00f3 sus puertas al p\u00fablico el s\u00e1bado 21 de enero.<\/p>\n","protected":false},"author":3,"featured_media":0,"comment_status":"closed","ping_status":"closed","sticky":false,"template":"","format":"standard","meta":{"footnotes":""},"categories":[26],"tags":[],"class_list":["post-54209","post","type-post","status-publish","format-standard","hentry","category-sociedad"],"yoast_head":"<!-- This site is optimized with the Yoast SEO plugin v25.9 - https:\/\/yoast.com\/wordpress\/plugins\/seo\/ -->\n<title>&quot;Wallace&quot; es la entrada a un buen momento - Noticias Radio Reflejos<\/title>\n<meta name=\"robots\" content=\"index, follow, max-snippet:-1, max-image-preview:large, max-video-preview:-1\" \/>\n<link rel=\"canonical\" href=\"https:\/\/www.noticiasradioreflejos.com.ar\/2021\/wallace-es-la-entrada-a-un-buen-momento-2\/\" \/>\n<meta property=\"og:locale\" content=\"es_ES\" \/>\n<meta property=\"og:type\" content=\"article\" \/>\n<meta property=\"og:title\" content=\"&quot;Wallace&quot; es la entrada a un buen momento - Noticias Radio Reflejos\" \/>\n<meta property=\"og:description\" content=\"\u00abWallace es como un hijo, necesita mucha atenci\u00f3n, muchos cuidados y sobretodo que la gente misma pueda encontrar ese lugar ac\u00e1, para pasar el tiempo\u00bb. Kevin Panero es uno de los due\u00f1os de Wallace, cervecer\u00eda pub que inaugur\u00f3 y abri\u00f3 sus puertas al p\u00fablico el s\u00e1bado 21 de enero.\" \/>\n<meta property=\"og:url\" content=\"https:\/\/www.noticiasradioreflejos.com.ar\/2021\/wallace-es-la-entrada-a-un-buen-momento-2\/\" \/>\n<meta property=\"og:site_name\" content=\"Noticias Radio Reflejos\" \/>\n<meta property=\"article:published_time\" content=\"2017-02-01T00:43:40+00:00\" \/>\n<meta property=\"og:image\" content=\"https:\/\/www.noticiasradioreflejos.com.ar\/2021\/wp-content\/uploads\/2021\/07\/logosol300x200.png\" \/>\n\t<meta property=\"og:image:width\" content=\"300\" \/>\n\t<meta property=\"og:image:height\" content=\"200\" \/>\n\t<meta property=\"og:image:type\" content=\"image\/png\" \/>\n<meta name=\"author\" content=\"Arnaldo Botto\" \/>\n<meta name=\"twitter:card\" content=\"summary_large_image\" \/>\n<script type=\"application\/ld+json\" class=\"yoast-schema-graph\">{\"@context\":\"https:\/\/schema.org\",\"@graph\":[{\"@type\":\"WebPage\",\"@id\":\"https:\/\/www.noticiasradioreflejos.com.ar\/2021\/wallace-es-la-entrada-a-un-buen-momento-2\/\",\"url\":\"https:\/\/www.noticiasradioreflejos.com.ar\/2021\/wallace-es-la-entrada-a-un-buen-momento-2\/\",\"name\":\"\\\"Wallace\\\" es la entrada a un buen momento - Noticias Radio Reflejos\",\"isPartOf\":{\"@id\":\"https:\/\/www.noticiasradioreflejos.com.ar\/2021\/#website\"},\"datePublished\":\"2017-02-01T00:43:40+00:00\",\"author\":{\"@id\":\"https:\/\/www.noticiasradioreflejos.com.ar\/2021\/#\/schema\/person\/ad82545263dcc5ec0996818884fd5fb1\"},\"breadcrumb\":{\"@id\":\"https:\/\/www.noticiasradioreflejos.com.ar\/2021\/wallace-es-la-entrada-a-un-buen-momento-2\/#breadcrumb\"},\"inLanguage\":\"es\",\"potentialAction\":[{\"@type\":\"ReadAction\",\"target\":[\"https:\/\/www.noticiasradioreflejos.com.ar\/2021\/wallace-es-la-entrada-a-un-buen-momento-2\/\"]}]},{\"@type\":\"BreadcrumbList\",\"@id\":\"https:\/\/www.noticiasradioreflejos.com.ar\/2021\/wallace-es-la-entrada-a-un-buen-momento-2\/#breadcrumb\",\"itemListElement\":[{\"@type\":\"ListItem\",\"position\":1,\"name\":\"Portada\",\"item\":\"https:\/\/www.noticiasradioreflejos.com.ar\/2021\/\"},{\"@type\":\"ListItem\",\"position\":2,\"name\":\"\u00abWallace\u00bb es la entrada a un buen momento\"}]},{\"@type\":\"WebSite\",\"@id\":\"https:\/\/www.noticiasradioreflejos.com.ar\/2021\/#website\",\"url\":\"https:\/\/www.noticiasradioreflejos.com.ar\/2021\/\",\"name\":\"Noticias Radio Reflejos\",\"description\":\"Las noticias de mi comarca\",\"potentialAction\":[{\"@type\":\"SearchAction\",\"target\":{\"@type\":\"EntryPoint\",\"urlTemplate\":\"https:\/\/www.noticiasradioreflejos.com.ar\/2021\/?s={search_term_string}\"},\"query-input\":{\"@type\":\"PropertyValueSpecification\",\"valueRequired\":true,\"valueName\":\"search_term_string\"}}],\"inLanguage\":\"es\"},{\"@type\":\"Person\",\"@id\":\"https:\/\/www.noticiasradioreflejos.com.ar\/2021\/#\/schema\/person\/ad82545263dcc5ec0996818884fd5fb1\",\"name\":\"Arnaldo Botto\",\"image\":{\"@type\":\"ImageObject\",\"inLanguage\":\"es\",\"@id\":\"https:\/\/www.noticiasradioreflejos.com.ar\/2021\/#\/schema\/person\/image\/\",\"url\":\"https:\/\/secure.gravatar.com\/avatar\/55cb5e37c1efa326397366e6974cb338056df65cb50e7d64d1cf314e87504837?s=96&d=mm&r=g\",\"contentUrl\":\"https:\/\/secure.gravatar.com\/avatar\/55cb5e37c1efa326397366e6974cb338056df65cb50e7d64d1cf314e87504837?s=96&d=mm&r=g\",\"caption\":\"Arnaldo Botto\"},\"url\":\"https:\/\/www.noticiasradioreflejos.com.ar\/2021\/author\/arnaldo\/\"}]}<\/script>\n<!-- \/ Yoast SEO plugin. -->","yoast_head_json":{"title":"\"Wallace\" es la entrada a un buen momento - Noticias Radio Reflejos","robots":{"index":"index","follow":"follow","max-snippet":"max-snippet:-1","max-image-preview":"max-image-preview:large","max-video-preview":"max-video-preview:-1"},"canonical":"https:\/\/www.noticiasradioreflejos.com.ar\/2021\/wallace-es-la-entrada-a-un-buen-momento-2\/","og_locale":"es_ES","og_type":"article","og_title":"\"Wallace\" es la entrada a un buen momento - Noticias Radio Reflejos","og_description":"\u00abWallace es como un hijo, necesita mucha atenci\u00f3n, muchos cuidados y sobretodo que la gente misma pueda encontrar ese lugar ac\u00e1, para pasar el tiempo\u00bb. Kevin Panero es uno de los due\u00f1os de Wallace, cervecer\u00eda pub que inaugur\u00f3 y abri\u00f3 sus puertas al p\u00fablico el s\u00e1bado 21 de enero.","og_url":"https:\/\/www.noticiasradioreflejos.com.ar\/2021\/wallace-es-la-entrada-a-un-buen-momento-2\/","og_site_name":"Noticias Radio Reflejos","article_published_time":"2017-02-01T00:43:40+00:00","og_image":[{"width":300,"height":200,"url":"https:\/\/www.noticiasradioreflejos.com.ar\/2021\/wp-content\/uploads\/2021\/07\/logosol300x200.png","type":"image\/png"}],"author":"Arnaldo Botto","twitter_card":"summary_large_image","schema":{"@context":"https:\/\/schema.org","@graph":[{"@type":"WebPage","@id":"https:\/\/www.noticiasradioreflejos.com.ar\/2021\/wallace-es-la-entrada-a-un-buen-momento-2\/","url":"https:\/\/www.noticiasradioreflejos.com.ar\/2021\/wallace-es-la-entrada-a-un-buen-momento-2\/","name":"\"Wallace\" es la entrada a un buen momento - Noticias Radio Reflejos","isPartOf":{"@id":"https:\/\/www.noticiasradioreflejos.com.ar\/2021\/#website"},"datePublished":"2017-02-01T00:43:40+00:00","author":{"@id":"https:\/\/www.noticiasradioreflejos.com.ar\/2021\/#\/schema\/person\/ad82545263dcc5ec0996818884fd5fb1"},"breadcrumb":{"@id":"https:\/\/www.noticiasradioreflejos.com.ar\/2021\/wallace-es-la-entrada-a-un-buen-momento-2\/#breadcrumb"},"inLanguage":"es","potentialAction":[{"@type":"ReadAction","target":["https:\/\/www.noticiasradioreflejos.com.ar\/2021\/wallace-es-la-entrada-a-un-buen-momento-2\/"]}]},{"@type":"BreadcrumbList","@id":"https:\/\/www.noticiasradioreflejos.com.ar\/2021\/wallace-es-la-entrada-a-un-buen-momento-2\/#breadcrumb","itemListElement":[{"@type":"ListItem","position":1,"name":"Portada","item":"https:\/\/www.noticiasradioreflejos.com.ar\/2021\/"},{"@type":"ListItem","position":2,"name":"\u00abWallace\u00bb es la entrada a un buen momento"}]},{"@type":"WebSite","@id":"https:\/\/www.noticiasradioreflejos.com.ar\/2021\/#website","url":"https:\/\/www.noticiasradioreflejos.com.ar\/2021\/","name":"Noticias Radio Reflejos","description":"Las noticias de mi comarca","potentialAction":[{"@type":"SearchAction","target":{"@type":"EntryPoint","urlTemplate":"https:\/\/www.noticiasradioreflejos.com.ar\/2021\/?s={search_term_string}"},"query-input":{"@type":"PropertyValueSpecification","valueRequired":true,"valueName":"search_term_string"}}],"inLanguage":"es"},{"@type":"Person","@id":"https:\/\/www.noticiasradioreflejos.com.ar\/2021\/#\/schema\/person\/ad82545263dcc5ec0996818884fd5fb1","name":"Arnaldo Botto","image":{"@type":"ImageObject","inLanguage":"es","@id":"https:\/\/www.noticiasradioreflejos.com.ar\/2021\/#\/schema\/person\/image\/","url":"https:\/\/secure.gravatar.com\/avatar\/55cb5e37c1efa326397366e6974cb338056df65cb50e7d64d1cf314e87504837?s=96&d=mm&r=g","contentUrl":"https:\/\/secure.gravatar.com\/avatar\/55cb5e37c1efa326397366e6974cb338056df65cb50e7d64d1cf314e87504837?s=96&d=mm&r=g","caption":"Arnaldo Botto"},"url":"https:\/\/www.noticiasradioreflejos.com.ar\/2021\/author\/arnaldo\/"}]}},"_links":{"self":[{"href":"https:\/\/www.noticiasradioreflejos.com.ar\/2021\/wp-json\/wp\/v2\/posts\/54209","targetHints":{"allow":["GET"]}}],"collection":[{"href":"https:\/\/www.noticiasradioreflejos.com.ar\/2021\/wp-json\/wp\/v2\/posts"}],"about":[{"href":"https:\/\/www.noticiasradioreflejos.com.ar\/2021\/wp-json\/wp\/v2\/types\/post"}],"author":[{"embeddable":true,"href":"https:\/\/www.noticiasradioreflejos.com.ar\/2021\/wp-json\/wp\/v2\/users\/3"}],"replies":[{"embeddable":true,"href":"https:\/\/www.noticiasradioreflejos.com.ar\/2021\/wp-json\/wp\/v2\/comments?post=54209"}],"version-history":[{"count":0,"href":"https:\/\/www.noticiasradioreflejos.com.ar\/2021\/wp-json\/wp\/v2\/posts\/54209\/revisions"}],"wp:attachment":[{"href":"https:\/\/www.noticiasradioreflejos.com.ar\/2021\/wp-json\/wp\/v2\/media?parent=54209"}],"wp:term":[{"taxonomy":"category","embeddable":true,"href":"https:\/\/www.noticiasradioreflejos.com.ar\/2021\/wp-json\/wp\/v2\/categories?post=54209"},{"taxonomy":"post_tag","embeddable":true,"href":"https:\/\/www.noticiasradioreflejos.com.ar\/2021\/wp-json\/wp\/v2\/tags?post=54209"}],"curies":[{"name":"wp","href":"https:\/\/api.w.org\/{rel}","templated":true}]}}