{"id":54192,"date":"2017-01-19T16:47:10","date_gmt":"2017-01-19T19:47:10","guid":{"rendered":"http:\/\/noticiasradioreflejos.com.ar\/noticias\/?p=6070"},"modified":"2017-01-19T16:47:10","modified_gmt":"2017-01-19T19:47:10","slug":"yo-creo-que-este-ano-es-la-mejor-fiesta-que-vamos-a-tener-2","status":"publish","type":"post","link":"https:\/\/www.noticiasradioreflejos.com.ar\/2021\/yo-creo-que-este-ano-es-la-mejor-fiesta-que-vamos-a-tener-2\/","title":{"rendered":"\u00abYo creo que este a\u00f1o es la mejor fiesta que vamos a tener\u00bb"},"content":{"rendered":"<p>Mariela Bentosela Presidenta la Asociaci\u00f3n de Fomento de Villa Ventana dialogo con nuestro medio para adelantarnos los \u00faltimos detalles y preparativos que tendr\u00e1 la 25\u00b0 Fiesta de Plata de las Golondrinas.<!--more--><\/p>\n<p>\u00abTenemos mucha organizaci\u00f3n, las rifas llevan tiempo pero tenemos que tener todo acomodado. Estamos con muchas expectativas, tenemos muchos espect\u00e1culos de renombre, m\u00e1s numerosos puestos de comidas y artesanos. La idea es tener una fiesta grande\u00bb asegura Mariela en referencia a lo que se vera en la Plaza Salerno de la Villa este s\u00e1bado 21 y domingo 22.<\/p>\n<p>Ademas de llevar a cabo incansables tareas de cara a la fiesta, Mariela destaca que la Asociaci\u00f3n tendr\u00e1 su propio stand. \u00abLa Asociaci\u00f3n de Fomento va a tener su cantina como todos los a\u00f1os y va a vender choripan, panchos, papas frita y bebidas. Es el \u00fanico lugar que contar\u00e1 con la venta de bebidas y contaremos con 10 o 15 personas para la atenci\u00f3n.\u00bb<\/p>\n<p>Bentosela informa: \u00abPor suerte tenemos todo controlado, esta todo encaminado, estamos en el final de los d\u00edas pero gracias a dios tenemos mucho apoyo Municipal y por eso conseguimos cada una de las cosas que se presentan\u00bb.<\/p>\n<p>La fiesta comenzar\u00e1 el s\u00e1bado 21 a las 19:30 horas. Los preparativos comienzan ma\u00f1ana viernes 20 a las 9:00 horas con los detalles finales. Y el s\u00e1bado a las 8:00 horas se acomodan los puestos de artesanos y comidas. Bentosela agrega: \u00abSin duda va a ser una multitudinaria y gran fiesta\u00bb.<\/p>\n<p>\u00abYo creo que vamos a tener este a\u00f1o, la mejor fiesta. Vamos a tener muchas sorpresas, los esperamos a todos\u00bb finaliza Mariela.<\/p>\n<p>Gran apuesta la de Villa Ventana, el s\u00e1bado deleitara con aerotango que presenta un espect\u00e1culo jamas visto y el domingo el la Mosca cerrara el domingo.<br \/>\n<iframe loading=\"lazy\" src=\"https:\/\/w.soundcloud.com\/player\/?url=https%3A\/\/api.soundcloud.com\/tracks\/303492497&amp;color=ff5500&amp;auto_play=false&amp;hide_related=false&amp;show_comments=true&amp;show_user=true&amp;show_reposts=false\" width=\"100%\" height=\"166\" frameborder=\"no\" scrolling=\"no\"><\/iframe><\/p>\n","protected":false},"excerpt":{"rendered":"<p>Mariela Bentosela Presidenta la Asociaci\u00f3n de Fomento de Villa Ventana dialogo con nuestro medio para adelantarnos los \u00faltimos detalles y preparativos que tendr\u00e1 la 25\u00b0 Fiesta de Plata de las Golondrinas.<\/p>\n","protected":false},"author":3,"featured_media":0,"comment_status":"closed","ping_status":"open","sticky":false,"template":"","format":"standard","meta":{"footnotes":""},"categories":[26],"tags":[],"class_list":["post-54192","post","type-post","status-publish","format-standard","hentry","category-sociedad"],"yoast_head":"<!-- This site is optimized with the Yoast SEO plugin v25.9 - https:\/\/yoast.com\/wordpress\/plugins\/seo\/ -->\n<title>&quot;Yo creo que este a\u00f1o es la mejor fiesta que vamos a tener&quot; - Noticias Radio Reflejos<\/title>\n<meta name=\"robots\" content=\"index, follow, max-snippet:-1, max-image-preview:large, max-video-preview:-1\" \/>\n<link rel=\"canonical\" href=\"https:\/\/www.noticiasradioreflejos.com.ar\/2021\/yo-creo-que-este-ano-es-la-mejor-fiesta-que-vamos-a-tener-2\/\" \/>\n<meta property=\"og:locale\" content=\"es_ES\" \/>\n<meta property=\"og:type\" content=\"article\" \/>\n<meta property=\"og:title\" content=\"&quot;Yo creo que este a\u00f1o es la mejor fiesta que vamos a tener&quot; - Noticias Radio Reflejos\" \/>\n<meta property=\"og:description\" content=\"Mariela Bentosela Presidenta la Asociaci\u00f3n de Fomento de Villa Ventana dialogo con nuestro medio para adelantarnos los \u00faltimos detalles y preparativos que tendr\u00e1 la 25\u00b0 Fiesta de Plata de las Golondrinas.\" \/>\n<meta property=\"og:url\" content=\"https:\/\/www.noticiasradioreflejos.com.ar\/2021\/yo-creo-que-este-ano-es-la-mejor-fiesta-que-vamos-a-tener-2\/\" \/>\n<meta property=\"og:site_name\" content=\"Noticias Radio Reflejos\" \/>\n<meta property=\"article:published_time\" content=\"2017-01-19T19:47:10+00:00\" \/>\n<meta property=\"og:image\" content=\"https:\/\/www.noticiasradioreflejos.com.ar\/2021\/wp-content\/uploads\/2021\/07\/logosol300x200.png\" \/>\n\t<meta property=\"og:image:width\" content=\"300\" \/>\n\t<meta property=\"og:image:height\" content=\"200\" \/>\n\t<meta property=\"og:image:type\" content=\"image\/png\" \/>\n<meta name=\"author\" content=\"Arnaldo Botto\" \/>\n<meta name=\"twitter:card\" content=\"summary_large_image\" \/>\n<script type=\"application\/ld+json\" class=\"yoast-schema-graph\">{\"@context\":\"https:\/\/schema.org\",\"@graph\":[{\"@type\":\"WebPage\",\"@id\":\"https:\/\/www.noticiasradioreflejos.com.ar\/2021\/yo-creo-que-este-ano-es-la-mejor-fiesta-que-vamos-a-tener-2\/\",\"url\":\"https:\/\/www.noticiasradioreflejos.com.ar\/2021\/yo-creo-que-este-ano-es-la-mejor-fiesta-que-vamos-a-tener-2\/\",\"name\":\"\\\"Yo creo que este a\u00f1o es la mejor fiesta que vamos a tener\\\" - Noticias Radio Reflejos\",\"isPartOf\":{\"@id\":\"https:\/\/www.noticiasradioreflejos.com.ar\/2021\/#website\"},\"datePublished\":\"2017-01-19T19:47:10+00:00\",\"author\":{\"@id\":\"https:\/\/www.noticiasradioreflejos.com.ar\/2021\/#\/schema\/person\/ad82545263dcc5ec0996818884fd5fb1\"},\"breadcrumb\":{\"@id\":\"https:\/\/www.noticiasradioreflejos.com.ar\/2021\/yo-creo-que-este-ano-es-la-mejor-fiesta-que-vamos-a-tener-2\/#breadcrumb\"},\"inLanguage\":\"es\",\"potentialAction\":[{\"@type\":\"ReadAction\",\"target\":[\"https:\/\/www.noticiasradioreflejos.com.ar\/2021\/yo-creo-que-este-ano-es-la-mejor-fiesta-que-vamos-a-tener-2\/\"]}]},{\"@type\":\"BreadcrumbList\",\"@id\":\"https:\/\/www.noticiasradioreflejos.com.ar\/2021\/yo-creo-que-este-ano-es-la-mejor-fiesta-que-vamos-a-tener-2\/#breadcrumb\",\"itemListElement\":[{\"@type\":\"ListItem\",\"position\":1,\"name\":\"Portada\",\"item\":\"https:\/\/www.noticiasradioreflejos.com.ar\/2021\/\"},{\"@type\":\"ListItem\",\"position\":2,\"name\":\"\u00abYo creo que este a\u00f1o es la mejor fiesta que vamos a tener\u00bb\"}]},{\"@type\":\"WebSite\",\"@id\":\"https:\/\/www.noticiasradioreflejos.com.ar\/2021\/#website\",\"url\":\"https:\/\/www.noticiasradioreflejos.com.ar\/2021\/\",\"name\":\"Noticias Radio Reflejos\",\"description\":\"Las noticias de mi comarca\",\"potentialAction\":[{\"@type\":\"SearchAction\",\"target\":{\"@type\":\"EntryPoint\",\"urlTemplate\":\"https:\/\/www.noticiasradioreflejos.com.ar\/2021\/?s={search_term_string}\"},\"query-input\":{\"@type\":\"PropertyValueSpecification\",\"valueRequired\":true,\"valueName\":\"search_term_string\"}}],\"inLanguage\":\"es\"},{\"@type\":\"Person\",\"@id\":\"https:\/\/www.noticiasradioreflejos.com.ar\/2021\/#\/schema\/person\/ad82545263dcc5ec0996818884fd5fb1\",\"name\":\"Arnaldo Botto\",\"image\":{\"@type\":\"ImageObject\",\"inLanguage\":\"es\",\"@id\":\"https:\/\/www.noticiasradioreflejos.com.ar\/2021\/#\/schema\/person\/image\/\",\"url\":\"https:\/\/secure.gravatar.com\/avatar\/55cb5e37c1efa326397366e6974cb338056df65cb50e7d64d1cf314e87504837?s=96&d=mm&r=g\",\"contentUrl\":\"https:\/\/secure.gravatar.com\/avatar\/55cb5e37c1efa326397366e6974cb338056df65cb50e7d64d1cf314e87504837?s=96&d=mm&r=g\",\"caption\":\"Arnaldo Botto\"},\"url\":\"https:\/\/www.noticiasradioreflejos.com.ar\/2021\/author\/arnaldo\/\"}]}<\/script>\n<!-- \/ Yoast SEO plugin. -->","yoast_head_json":{"title":"\"Yo creo que este a\u00f1o es la mejor fiesta que vamos a tener\" - Noticias Radio Reflejos","robots":{"index":"index","follow":"follow","max-snippet":"max-snippet:-1","max-image-preview":"max-image-preview:large","max-video-preview":"max-video-preview:-1"},"canonical":"https:\/\/www.noticiasradioreflejos.com.ar\/2021\/yo-creo-que-este-ano-es-la-mejor-fiesta-que-vamos-a-tener-2\/","og_locale":"es_ES","og_type":"article","og_title":"\"Yo creo que este a\u00f1o es la mejor fiesta que vamos a tener\" - Noticias Radio Reflejos","og_description":"Mariela Bentosela Presidenta la Asociaci\u00f3n de Fomento de Villa Ventana dialogo con nuestro medio para adelantarnos los \u00faltimos detalles y preparativos que tendr\u00e1 la 25\u00b0 Fiesta de Plata de las Golondrinas.","og_url":"https:\/\/www.noticiasradioreflejos.com.ar\/2021\/yo-creo-que-este-ano-es-la-mejor-fiesta-que-vamos-a-tener-2\/","og_site_name":"Noticias Radio Reflejos","article_published_time":"2017-01-19T19:47:10+00:00","og_image":[{"width":300,"height":200,"url":"https:\/\/www.noticiasradioreflejos.com.ar\/2021\/wp-content\/uploads\/2021\/07\/logosol300x200.png","type":"image\/png"}],"author":"Arnaldo Botto","twitter_card":"summary_large_image","schema":{"@context":"https:\/\/schema.org","@graph":[{"@type":"WebPage","@id":"https:\/\/www.noticiasradioreflejos.com.ar\/2021\/yo-creo-que-este-ano-es-la-mejor-fiesta-que-vamos-a-tener-2\/","url":"https:\/\/www.noticiasradioreflejos.com.ar\/2021\/yo-creo-que-este-ano-es-la-mejor-fiesta-que-vamos-a-tener-2\/","name":"\"Yo creo que este a\u00f1o es la mejor fiesta que vamos a tener\" - Noticias Radio Reflejos","isPartOf":{"@id":"https:\/\/www.noticiasradioreflejos.com.ar\/2021\/#website"},"datePublished":"2017-01-19T19:47:10+00:00","author":{"@id":"https:\/\/www.noticiasradioreflejos.com.ar\/2021\/#\/schema\/person\/ad82545263dcc5ec0996818884fd5fb1"},"breadcrumb":{"@id":"https:\/\/www.noticiasradioreflejos.com.ar\/2021\/yo-creo-que-este-ano-es-la-mejor-fiesta-que-vamos-a-tener-2\/#breadcrumb"},"inLanguage":"es","potentialAction":[{"@type":"ReadAction","target":["https:\/\/www.noticiasradioreflejos.com.ar\/2021\/yo-creo-que-este-ano-es-la-mejor-fiesta-que-vamos-a-tener-2\/"]}]},{"@type":"BreadcrumbList","@id":"https:\/\/www.noticiasradioreflejos.com.ar\/2021\/yo-creo-que-este-ano-es-la-mejor-fiesta-que-vamos-a-tener-2\/#breadcrumb","itemListElement":[{"@type":"ListItem","position":1,"name":"Portada","item":"https:\/\/www.noticiasradioreflejos.com.ar\/2021\/"},{"@type":"ListItem","position":2,"name":"\u00abYo creo que este a\u00f1o es la mejor fiesta que vamos a tener\u00bb"}]},{"@type":"WebSite","@id":"https:\/\/www.noticiasradioreflejos.com.ar\/2021\/#website","url":"https:\/\/www.noticiasradioreflejos.com.ar\/2021\/","name":"Noticias Radio Reflejos","description":"Las noticias de mi comarca","potentialAction":[{"@type":"SearchAction","target":{"@type":"EntryPoint","urlTemplate":"https:\/\/www.noticiasradioreflejos.com.ar\/2021\/?s={search_term_string}"},"query-input":{"@type":"PropertyValueSpecification","valueRequired":true,"valueName":"search_term_string"}}],"inLanguage":"es"},{"@type":"Person","@id":"https:\/\/www.noticiasradioreflejos.com.ar\/2021\/#\/schema\/person\/ad82545263dcc5ec0996818884fd5fb1","name":"Arnaldo Botto","image":{"@type":"ImageObject","inLanguage":"es","@id":"https:\/\/www.noticiasradioreflejos.com.ar\/2021\/#\/schema\/person\/image\/","url":"https:\/\/secure.gravatar.com\/avatar\/55cb5e37c1efa326397366e6974cb338056df65cb50e7d64d1cf314e87504837?s=96&d=mm&r=g","contentUrl":"https:\/\/secure.gravatar.com\/avatar\/55cb5e37c1efa326397366e6974cb338056df65cb50e7d64d1cf314e87504837?s=96&d=mm&r=g","caption":"Arnaldo Botto"},"url":"https:\/\/www.noticiasradioreflejos.com.ar\/2021\/author\/arnaldo\/"}]}},"_links":{"self":[{"href":"https:\/\/www.noticiasradioreflejos.com.ar\/2021\/wp-json\/wp\/v2\/posts\/54192","targetHints":{"allow":["GET"]}}],"collection":[{"href":"https:\/\/www.noticiasradioreflejos.com.ar\/2021\/wp-json\/wp\/v2\/posts"}],"about":[{"href":"https:\/\/www.noticiasradioreflejos.com.ar\/2021\/wp-json\/wp\/v2\/types\/post"}],"author":[{"embeddable":true,"href":"https:\/\/www.noticiasradioreflejos.com.ar\/2021\/wp-json\/wp\/v2\/users\/3"}],"replies":[{"embeddable":true,"href":"https:\/\/www.noticiasradioreflejos.com.ar\/2021\/wp-json\/wp\/v2\/comments?post=54192"}],"version-history":[{"count":0,"href":"https:\/\/www.noticiasradioreflejos.com.ar\/2021\/wp-json\/wp\/v2\/posts\/54192\/revisions"}],"wp:attachment":[{"href":"https:\/\/www.noticiasradioreflejos.com.ar\/2021\/wp-json\/wp\/v2\/media?parent=54192"}],"wp:term":[{"taxonomy":"category","embeddable":true,"href":"https:\/\/www.noticiasradioreflejos.com.ar\/2021\/wp-json\/wp\/v2\/categories?post=54192"},{"taxonomy":"post_tag","embeddable":true,"href":"https:\/\/www.noticiasradioreflejos.com.ar\/2021\/wp-json\/wp\/v2\/tags?post=54192"}],"curies":[{"name":"wp","href":"https:\/\/api.w.org\/{rel}","templated":true}]}}