{"id":54191,"date":"2017-01-19T12:57:12","date_gmt":"2017-01-19T15:57:12","guid":{"rendered":"http:\/\/noticiasradioreflejos.com.ar\/noticias\/?p=6068"},"modified":"2017-01-19T12:57:12","modified_gmt":"2017-01-19T15:57:12","slug":"se-transformo-en-una-necesidad-venir-a-villa-ventana-2","status":"publish","type":"post","link":"https:\/\/www.noticiasradioreflejos.com.ar\/2021\/se-transformo-en-una-necesidad-venir-a-villa-ventana-2\/","title":{"rendered":"\u00abSe transform\u00f3 en una necesidad venir a Villa Ventana\u00bb"},"content":{"rendered":"<p>Patricia Cassoli vive en Capital pero a\u00f1o tras a\u00f1o elige y sigue siendo la primera opci\u00f3n venir a disfrutar unos d\u00edas a Villa Ventana, lugar que conoce desde el 1997 gracias a un amigo y al cual la vida asiduamente la sigue trayendo.<!--more--><\/p>\n<p>\u00abNosotros conocimos este lugar por nuestro amigo m\u00e9dico que vive en Bah\u00eda Blanca, como a el le gustaba nos hicieron conocer y nos gusto. Es un lugar muy tranquilo, con mucha vegetaci\u00f3n, p\u00e1jaros y aunque este lleno de gente, uno no se da cuenta y siempre se ve solo por la paz y la tranquilidad\u00bb comenta Patricia quien detalla como se siente cada vez que viene a estas tierras.<\/p>\n<p>Patricia como tantos otros aprovechan la soledad del lugar: \u00abCuando el lugar es tranquilo uno se puede concentrar m\u00e1s, nosotros optamos por la actividad f\u00edsica, caminatas en diferentes lugares y lo m\u00e1s valioso detenerse en cada lugar, con un nuevo \u00e1rbol, p\u00e1jaro, eso nos gusta hacer ac\u00e1\u00bb.<\/p>\n<p>Sin embargo define como se vive en la gran ciudad: \u00abEs un abismo la vida de ac\u00e1 con aquella de all\u00e1, es salvaje, nos hace correr todo el tiempo, trabajar mucho, ac\u00e1 la diferencia es que uno duerme de otra manera, uno puede relajarse m\u00e1s. Hsta la energ\u00eda que uno encuentra es muy diferente, conectarse con uno mismo con el placer de sentarse a comer tranquilo disfrutando de peque\u00f1as cosas\u00bb.<\/p>\n<p>Patricia es profesora de Educaci\u00f3n F\u00edsica y especialista en psicomotricidad, para ser espec\u00edficos se dedica a trabajar con gente que tenga problemas de columna, gente que tiene dificultades, y sufre dolores.<\/p>\n<p>Patricia para finalizar define a Villa Ventana como el lugar que: \u00abCreci\u00f3 mucho y que se transforma en una necesidad de volver a\u00f1o tras a\u00f1o\u00bb.<br \/>\n<iframe loading=\"lazy\" src=\"https:\/\/w.soundcloud.com\/player\/?url=https%3A\/\/api.soundcloud.com\/tracks\/303489913&amp;color=ff5500&amp;auto_play=false&amp;hide_related=false&amp;show_comments=true&amp;show_user=true&amp;show_reposts=false\" width=\"100%\" height=\"166\" frameborder=\"no\" scrolling=\"no\"><\/iframe><\/p>\n","protected":false},"excerpt":{"rendered":"<p>Patricia Cassoli vive en Capital pero a\u00f1o tras a\u00f1o elige y sigue siendo la primera opci\u00f3n venir a disfrutar unos d\u00edas a Villa Ventana, lugar que conoce desde el 1997 gracias a un amigo y al cual la vida asiduamente la sigue trayendo.<\/p>\n","protected":false},"author":3,"featured_media":0,"comment_status":"closed","ping_status":"open","sticky":false,"template":"","format":"standard","meta":{"footnotes":""},"categories":[26],"tags":[],"class_list":["post-54191","post","type-post","status-publish","format-standard","hentry","category-sociedad"],"yoast_head":"<!-- This site is optimized with the Yoast SEO plugin v25.9 - https:\/\/yoast.com\/wordpress\/plugins\/seo\/ -->\n<title>&quot;Se transform\u00f3 en una necesidad venir a Villa Ventana&quot; - Noticias Radio Reflejos<\/title>\n<meta name=\"robots\" content=\"index, follow, max-snippet:-1, max-image-preview:large, max-video-preview:-1\" \/>\n<link rel=\"canonical\" href=\"https:\/\/www.noticiasradioreflejos.com.ar\/2021\/se-transformo-en-una-necesidad-venir-a-villa-ventana-2\/\" \/>\n<meta property=\"og:locale\" content=\"es_ES\" \/>\n<meta property=\"og:type\" content=\"article\" \/>\n<meta property=\"og:title\" content=\"&quot;Se transform\u00f3 en una necesidad venir a Villa Ventana&quot; - Noticias Radio Reflejos\" \/>\n<meta property=\"og:description\" content=\"Patricia Cassoli vive en Capital pero a\u00f1o tras a\u00f1o elige y sigue siendo la primera opci\u00f3n venir a disfrutar unos d\u00edas a Villa Ventana, lugar que conoce desde el 1997 gracias a un amigo y al cual la vida asiduamente la sigue trayendo.\" \/>\n<meta property=\"og:url\" content=\"https:\/\/www.noticiasradioreflejos.com.ar\/2021\/se-transformo-en-una-necesidad-venir-a-villa-ventana-2\/\" \/>\n<meta property=\"og:site_name\" content=\"Noticias Radio Reflejos\" \/>\n<meta property=\"article:published_time\" content=\"2017-01-19T15:57:12+00:00\" \/>\n<meta property=\"og:image\" content=\"https:\/\/www.noticiasradioreflejos.com.ar\/2021\/wp-content\/uploads\/2021\/07\/logosol300x200.png\" \/>\n\t<meta property=\"og:image:width\" content=\"300\" \/>\n\t<meta property=\"og:image:height\" content=\"200\" \/>\n\t<meta property=\"og:image:type\" content=\"image\/png\" \/>\n<meta name=\"author\" content=\"Arnaldo Botto\" \/>\n<meta name=\"twitter:card\" content=\"summary_large_image\" \/>\n<script type=\"application\/ld+json\" class=\"yoast-schema-graph\">{\"@context\":\"https:\/\/schema.org\",\"@graph\":[{\"@type\":\"WebPage\",\"@id\":\"https:\/\/www.noticiasradioreflejos.com.ar\/2021\/se-transformo-en-una-necesidad-venir-a-villa-ventana-2\/\",\"url\":\"https:\/\/www.noticiasradioreflejos.com.ar\/2021\/se-transformo-en-una-necesidad-venir-a-villa-ventana-2\/\",\"name\":\"\\\"Se transform\u00f3 en una necesidad venir a Villa Ventana\\\" - Noticias Radio Reflejos\",\"isPartOf\":{\"@id\":\"https:\/\/www.noticiasradioreflejos.com.ar\/2021\/#website\"},\"datePublished\":\"2017-01-19T15:57:12+00:00\",\"author\":{\"@id\":\"https:\/\/www.noticiasradioreflejos.com.ar\/2021\/#\/schema\/person\/ad82545263dcc5ec0996818884fd5fb1\"},\"breadcrumb\":{\"@id\":\"https:\/\/www.noticiasradioreflejos.com.ar\/2021\/se-transformo-en-una-necesidad-venir-a-villa-ventana-2\/#breadcrumb\"},\"inLanguage\":\"es\",\"potentialAction\":[{\"@type\":\"ReadAction\",\"target\":[\"https:\/\/www.noticiasradioreflejos.com.ar\/2021\/se-transformo-en-una-necesidad-venir-a-villa-ventana-2\/\"]}]},{\"@type\":\"BreadcrumbList\",\"@id\":\"https:\/\/www.noticiasradioreflejos.com.ar\/2021\/se-transformo-en-una-necesidad-venir-a-villa-ventana-2\/#breadcrumb\",\"itemListElement\":[{\"@type\":\"ListItem\",\"position\":1,\"name\":\"Portada\",\"item\":\"https:\/\/www.noticiasradioreflejos.com.ar\/2021\/\"},{\"@type\":\"ListItem\",\"position\":2,\"name\":\"\u00abSe transform\u00f3 en una necesidad venir a Villa Ventana\u00bb\"}]},{\"@type\":\"WebSite\",\"@id\":\"https:\/\/www.noticiasradioreflejos.com.ar\/2021\/#website\",\"url\":\"https:\/\/www.noticiasradioreflejos.com.ar\/2021\/\",\"name\":\"Noticias Radio Reflejos\",\"description\":\"Las noticias de mi comarca\",\"potentialAction\":[{\"@type\":\"SearchAction\",\"target\":{\"@type\":\"EntryPoint\",\"urlTemplate\":\"https:\/\/www.noticiasradioreflejos.com.ar\/2021\/?s={search_term_string}\"},\"query-input\":{\"@type\":\"PropertyValueSpecification\",\"valueRequired\":true,\"valueName\":\"search_term_string\"}}],\"inLanguage\":\"es\"},{\"@type\":\"Person\",\"@id\":\"https:\/\/www.noticiasradioreflejos.com.ar\/2021\/#\/schema\/person\/ad82545263dcc5ec0996818884fd5fb1\",\"name\":\"Arnaldo Botto\",\"image\":{\"@type\":\"ImageObject\",\"inLanguage\":\"es\",\"@id\":\"https:\/\/www.noticiasradioreflejos.com.ar\/2021\/#\/schema\/person\/image\/\",\"url\":\"https:\/\/secure.gravatar.com\/avatar\/55cb5e37c1efa326397366e6974cb338056df65cb50e7d64d1cf314e87504837?s=96&d=mm&r=g\",\"contentUrl\":\"https:\/\/secure.gravatar.com\/avatar\/55cb5e37c1efa326397366e6974cb338056df65cb50e7d64d1cf314e87504837?s=96&d=mm&r=g\",\"caption\":\"Arnaldo Botto\"},\"url\":\"https:\/\/www.noticiasradioreflejos.com.ar\/2021\/author\/arnaldo\/\"}]}<\/script>\n<!-- \/ Yoast SEO plugin. -->","yoast_head_json":{"title":"\"Se transform\u00f3 en una necesidad venir a Villa Ventana\" - Noticias Radio Reflejos","robots":{"index":"index","follow":"follow","max-snippet":"max-snippet:-1","max-image-preview":"max-image-preview:large","max-video-preview":"max-video-preview:-1"},"canonical":"https:\/\/www.noticiasradioreflejos.com.ar\/2021\/se-transformo-en-una-necesidad-venir-a-villa-ventana-2\/","og_locale":"es_ES","og_type":"article","og_title":"\"Se transform\u00f3 en una necesidad venir a Villa Ventana\" - Noticias Radio Reflejos","og_description":"Patricia Cassoli vive en Capital pero a\u00f1o tras a\u00f1o elige y sigue siendo la primera opci\u00f3n venir a disfrutar unos d\u00edas a Villa Ventana, lugar que conoce desde el 1997 gracias a un amigo y al cual la vida asiduamente la sigue trayendo.","og_url":"https:\/\/www.noticiasradioreflejos.com.ar\/2021\/se-transformo-en-una-necesidad-venir-a-villa-ventana-2\/","og_site_name":"Noticias Radio Reflejos","article_published_time":"2017-01-19T15:57:12+00:00","og_image":[{"width":300,"height":200,"url":"https:\/\/www.noticiasradioreflejos.com.ar\/2021\/wp-content\/uploads\/2021\/07\/logosol300x200.png","type":"image\/png"}],"author":"Arnaldo Botto","twitter_card":"summary_large_image","schema":{"@context":"https:\/\/schema.org","@graph":[{"@type":"WebPage","@id":"https:\/\/www.noticiasradioreflejos.com.ar\/2021\/se-transformo-en-una-necesidad-venir-a-villa-ventana-2\/","url":"https:\/\/www.noticiasradioreflejos.com.ar\/2021\/se-transformo-en-una-necesidad-venir-a-villa-ventana-2\/","name":"\"Se transform\u00f3 en una necesidad venir a Villa Ventana\" - Noticias Radio Reflejos","isPartOf":{"@id":"https:\/\/www.noticiasradioreflejos.com.ar\/2021\/#website"},"datePublished":"2017-01-19T15:57:12+00:00","author":{"@id":"https:\/\/www.noticiasradioreflejos.com.ar\/2021\/#\/schema\/person\/ad82545263dcc5ec0996818884fd5fb1"},"breadcrumb":{"@id":"https:\/\/www.noticiasradioreflejos.com.ar\/2021\/se-transformo-en-una-necesidad-venir-a-villa-ventana-2\/#breadcrumb"},"inLanguage":"es","potentialAction":[{"@type":"ReadAction","target":["https:\/\/www.noticiasradioreflejos.com.ar\/2021\/se-transformo-en-una-necesidad-venir-a-villa-ventana-2\/"]}]},{"@type":"BreadcrumbList","@id":"https:\/\/www.noticiasradioreflejos.com.ar\/2021\/se-transformo-en-una-necesidad-venir-a-villa-ventana-2\/#breadcrumb","itemListElement":[{"@type":"ListItem","position":1,"name":"Portada","item":"https:\/\/www.noticiasradioreflejos.com.ar\/2021\/"},{"@type":"ListItem","position":2,"name":"\u00abSe transform\u00f3 en una necesidad venir a Villa Ventana\u00bb"}]},{"@type":"WebSite","@id":"https:\/\/www.noticiasradioreflejos.com.ar\/2021\/#website","url":"https:\/\/www.noticiasradioreflejos.com.ar\/2021\/","name":"Noticias Radio Reflejos","description":"Las noticias de mi comarca","potentialAction":[{"@type":"SearchAction","target":{"@type":"EntryPoint","urlTemplate":"https:\/\/www.noticiasradioreflejos.com.ar\/2021\/?s={search_term_string}"},"query-input":{"@type":"PropertyValueSpecification","valueRequired":true,"valueName":"search_term_string"}}],"inLanguage":"es"},{"@type":"Person","@id":"https:\/\/www.noticiasradioreflejos.com.ar\/2021\/#\/schema\/person\/ad82545263dcc5ec0996818884fd5fb1","name":"Arnaldo Botto","image":{"@type":"ImageObject","inLanguage":"es","@id":"https:\/\/www.noticiasradioreflejos.com.ar\/2021\/#\/schema\/person\/image\/","url":"https:\/\/secure.gravatar.com\/avatar\/55cb5e37c1efa326397366e6974cb338056df65cb50e7d64d1cf314e87504837?s=96&d=mm&r=g","contentUrl":"https:\/\/secure.gravatar.com\/avatar\/55cb5e37c1efa326397366e6974cb338056df65cb50e7d64d1cf314e87504837?s=96&d=mm&r=g","caption":"Arnaldo Botto"},"url":"https:\/\/www.noticiasradioreflejos.com.ar\/2021\/author\/arnaldo\/"}]}},"_links":{"self":[{"href":"https:\/\/www.noticiasradioreflejos.com.ar\/2021\/wp-json\/wp\/v2\/posts\/54191","targetHints":{"allow":["GET"]}}],"collection":[{"href":"https:\/\/www.noticiasradioreflejos.com.ar\/2021\/wp-json\/wp\/v2\/posts"}],"about":[{"href":"https:\/\/www.noticiasradioreflejos.com.ar\/2021\/wp-json\/wp\/v2\/types\/post"}],"author":[{"embeddable":true,"href":"https:\/\/www.noticiasradioreflejos.com.ar\/2021\/wp-json\/wp\/v2\/users\/3"}],"replies":[{"embeddable":true,"href":"https:\/\/www.noticiasradioreflejos.com.ar\/2021\/wp-json\/wp\/v2\/comments?post=54191"}],"version-history":[{"count":0,"href":"https:\/\/www.noticiasradioreflejos.com.ar\/2021\/wp-json\/wp\/v2\/posts\/54191\/revisions"}],"wp:attachment":[{"href":"https:\/\/www.noticiasradioreflejos.com.ar\/2021\/wp-json\/wp\/v2\/media?parent=54191"}],"wp:term":[{"taxonomy":"category","embeddable":true,"href":"https:\/\/www.noticiasradioreflejos.com.ar\/2021\/wp-json\/wp\/v2\/categories?post=54191"},{"taxonomy":"post_tag","embeddable":true,"href":"https:\/\/www.noticiasradioreflejos.com.ar\/2021\/wp-json\/wp\/v2\/tags?post=54191"}],"curies":[{"name":"wp","href":"https:\/\/api.w.org\/{rel}","templated":true}]}}