{"id":54190,"date":"2017-01-19T13:42:49","date_gmt":"2017-01-19T16:42:49","guid":{"rendered":"http:\/\/noticiasradioreflejos.com.ar\/noticias\/?p=6064"},"modified":"2017-01-19T13:42:49","modified_gmt":"2017-01-19T16:42:49","slug":"generan-panico-mas-de-lo-que-produce-la-picadura-de-un-alacran-asegura-el-dr-gustavo-diaz-2","status":"publish","type":"post","link":"https:\/\/www.noticiasradioreflejos.com.ar\/2021\/generan-panico-mas-de-lo-que-produce-la-picadura-de-un-alacran-asegura-el-dr-gustavo-diaz-2\/","title":{"rendered":"\u00abGeneran p\u00e1nico, m\u00e1s de lo que produce la picadura de un alacr\u00e1n\u00bb,asegura el Dr. Gustavo D\u00edaz."},"content":{"rendered":"<p><a title=\"Dr Gustavo Diaz\" href=\"http:\/\/farm1.staticflickr.com\/401\/32366643646_809644d97e.jpg\" rel=\"\"><img loading=\"lazy\" decoding=\"async\" class=\"alignleft\" style=\"float: left;\" title=\"Dr Gustavo Diaz\" src=\"http:\/\/farm1.staticflickr.com\/401\/32366643646_809644d97e.jpg\" alt=\"Dr Gustavo Diaz\" width=\"400\" height=\"224\" \/><\/a>El <strong>Jefe de la Unidad Sanitaria de Sierra de la Ventana, Dr. Gustavo D\u00edaz,<\/strong> describe las acciones a realizar en caso de ser picados por alacranes y tambi\u00e9n nos informa sobre la cantidad y peligrosidad de estos ar\u00e1cnidos, que son parte de nuestra fauna cotidiana.<br \/>\n\u00abEste ar\u00e1cnido tiene la caracter\u00edstica de ser frecuente en nuestra zona y tiene que ver con las altas temperaturas\u00bb, dec\u00eda el Dr. D\u00edaz en la charla telef\u00f3nica que mantuvimos durante la ma\u00f1ana de nuestra radio.<br \/>\nPero tambi\u00e9n lleva tranquilidad a los pobladores al asegurar: \u00abEl pron\u00f3stico de la picadura del alacr\u00e1n <strong>(Bothriurus bonariensis)<\/strong> , que es el que tenemos en la zona, es bueno. S\u00f3lo produce reacciones al\u00e9rgicas\u00bb .<!--more--><\/p>\n<p>Lo diferencia r\u00e1pidamente del alacr\u00e1n<strong> Tityus trivittatus<\/strong>, que es el que abunda en C\u00f3rdoba, y es el que produjo el caso del chico de Palermo que estuvo internado con peligro sobre su vida por ser picado en el cuello.<br \/>\nEl m\u00e9dico y Jefe de Salud en la localidad destac\u00f3: <strong>\u00abEn l\u00edneas generales cuando aparecen estos insectos generan p\u00e1nico, m\u00e1s de lo que produce la picadura de un alacr\u00e1n.\u00bb<\/strong><\/p>\n<p><iframe loading=\"lazy\" src=\"https:\/\/w.soundcloud.com\/player\/?url=https%3A\/\/api.soundcloud.com\/tracks\/303505710&amp;color=ff5500&amp;auto_play=false&amp;hide_related=false&amp;show_comments=true&amp;show_user=true&amp;show_reposts=false\" width=\"100%\" height=\"166\" frameborder=\"no\" scrolling=\"no\"><\/iframe><\/p>\n<p>&nbsp;<\/p>\n<p>Video con recomendaciones:<\/p>\n<p>&nbsp;<\/p>\n<div style=\"width: 400px;\" class=\"wp-video\"><video class=\"wp-video-shortcode\" id=\"video-54190-1\" width=\"400\" height=\"224\" preload=\"metadata\" controls=\"controls\"><source type=\"video\/mp4\" src=\"http:\/\/noticiasradioreflejos.com.ar\/noticias\/wp-content\/uploads\/2017\/01\/VID-20170118-WA0006.mp4?_=1\" \/><a href=\"http:\/\/noticiasradioreflejos.com.ar\/noticias\/wp-content\/uploads\/2017\/01\/VID-20170118-WA0006.mp4\">http:\/\/noticiasradioreflejos.com.ar\/noticias\/wp-content\/uploads\/2017\/01\/VID-20170118-WA0006.mp4<\/a><\/video><\/div>\n<p>&nbsp;<\/p>\n<p><strong>Lo que ten\u00e9s que saber sobre los \u00abalacranes\u00bb:<\/strong><\/p>\n<p>Todos los alacranes inoculan veneno cuando atacan, pero la peligrosidad del veneno depende de la especie.<\/p>\n<p><a title=\"tityus-trivittatus\" href=\"http:\/\/farm1.staticflickr.com\/381\/32366315816_74c77b04a9.jpg\" rel=\"\"><img loading=\"lazy\" decoding=\"async\" class=\"alignleft\" style=\"float: left;\" title=\"tityus-trivittatus\" src=\"http:\/\/farm1.staticflickr.com\/381\/32366315816_74c77b04a9.jpg\" alt=\"tityus-trivittatus\" width=\"500\" height=\"348\" \/><\/a>El g\u00e9nero \u201cTityus\u201d (foto) es el de mayor inter\u00e9s sanitario por ser el m\u00e1s peligroso para la salud humana, y se diferencia del \u201cbothrius\u201d por tener tres l\u00edneas longitudinales m\u00e1s oscuras en el dorso, pinzas m\u00e1s largas y delgadas y un aguij\u00f3n y p\u00faa en la cola que aparenta doble aguij\u00f3n.<\/p>\n<p>&nbsp;<\/p>\n<p>La mayor\u00eda de las picaduras producen s\u00f3lo manifestaciones locales; es decir, en el sitio de aguijonamiento aparece un\u00a0<strong>dolor punzante e intenso<\/strong> que puede extenderse hacia regiones cercanas. Asimismo, puede aparecer una leve inflamaci\u00f3n y sensaci\u00f3n de hormigueo. En ocasiones se suma sudoraci\u00f3n localizada y algunas contracciones musculares puntuales en el \u00e1rea afectada. <strong>Los cuadros graves o letales se han presentado en picadura de especies de escorpiones del g\u00e9nero \u201cTityus\u201d, ya que su veneno tiene efecto neurot\u00f3xico<\/strong>. En estos casos, a los s\u00edntomas locales se les agregan manifestaciones por compromiso del sistema nervioso aut\u00f3nomo. En la mayor\u00eda de los casos, las v\u00edctimas son ni\u00f1os menores de 12 a\u00f1os.<\/p>\n<p>Los primeros s\u00edntomas son ardor, dolor y enrojecimiento en la zona. En beb\u00e9s y ni\u00f1os hay que prestar atenci\u00f3n al llanto sin motivo aparente. Estos signos deben llevarnos a la consulta en forma inmediata. El cuadro puede agravarse progresivamente con taquicardia, dificultad respiratoria y v\u00f3mitos.<\/p>\n<p>Lo recomendado es consultar inmediatamente al centro de salud m\u00e1s cercano. Se pueden aplicar compresas fr\u00edas o hielo en la zona de la picadura, esto contribuir\u00e1 a calmar el dolor y producir\u00e1 vasoconstricci\u00f3n. Cuando s\u00f3lo se presentan manifestaciones en la zona del aguijonamiento, el equipo de salud realizar\u00e1 tratamiento del dolor, vacunaci\u00f3n contra el t\u00e9tanos si fuera necesario y observar\u00e1 al accidentado durante un per\u00edodo de aproximadamente seis horas.<strong> Cuando el cuadro es m\u00e1s grave, es necesaria la internaci\u00f3n para un monitoreo continuo y control estricto, y la aplicaci\u00f3n precoz del antiveneno.<\/strong> Si es posible, se recomienda llevar el alacr\u00e1n en un frasco para reconocer la especie.<\/p>\n<p>Las consecuencias de los aguijonamientos m\u00faltiples dependen de la relaci\u00f3n del peso de la v\u00edctima y la cantidad de veneno inoculado, por ello los ni\u00f1os de corta edad son m\u00e1s susceptibles a presentar cuadros graves. Si los ataques fueron realizados por el mismo animal, en cada inoculaci\u00f3n la dosis de veneno es menor (salvo que haya transcurrido tiempo para que el alacr\u00e1n haya producido veneno para un nuevo ataque).<\/p>\n<p>Se recomienda eliminar sitios donde puedan ocultarse los alacranes, como lugares h\u00famedos, c\u00e1lidos y sombr\u00edos dentro y alrededor de la casa (escombros, le\u00f1a, malezas); colocar mallas anti insectos en las rejillas y resumideros del hogar; instalar burletes y mosquiteros en las puertas y ventanas y se aconseja tapar grietas que hubieran en paredes y pisos. Otras sugerencias: alejar las camas del contacto con las paredes o ventanas; sellar las c\u00e1maras de cloacas; revisar y sacudir la ropa, media y calzados antes de usarlos; inspeccionar la cama antes de acostarse; evitar caminar descalzo; no dormir en el suelo; controlar criaderos de insectos (como cucarachas) alimento de los alacranes.<\/p>\n<p>La picadura de los alacranes del g\u00e9nero \u201cTityus\u201d puede ser especialmente peligrosa en ni\u00f1os, ancianos y personas con problemas de salud preexistentes, como hipertensos, cardi\u00f3patas o diab\u00e9ticos. En el caso de los ni\u00f1os, el tama\u00f1o corporal del accidentado es importante porque aquellos de menor peso son m\u00e1s sensibles a igual dosis de veneno inoculada.<\/p>\n","protected":false},"excerpt":{"rendered":"<p>El Jefe de la Unidad Sanitaria de Sierra de la Ventana, Dr. Gustavo D\u00edaz, describe las acciones a realizar en caso de ser picados por alacranes y tambi\u00e9n nos informa sobre la cantidad y peligrosidad de estos ar\u00e1cnidos, que son parte de nuestra fauna cotidiana. \u00abEste ar\u00e1cnido tiene la caracter\u00edstica de ser frecuente en nuestra [&hellip;]<\/p>\n","protected":false},"author":3,"featured_media":0,"comment_status":"closed","ping_status":"open","sticky":false,"template":"","format":"standard","meta":{"footnotes":""},"categories":[30],"tags":[],"class_list":["post-54190","post","type-post","status-publish","format-standard","hentry","category-salud"],"yoast_head":"<!-- This site is optimized with the Yoast SEO plugin v25.9 - https:\/\/yoast.com\/wordpress\/plugins\/seo\/ -->\n<title>&quot;Generan p\u00e1nico, m\u00e1s de lo que produce la picadura de un alacr\u00e1n&quot;,asegura el Dr. Gustavo D\u00edaz. - Noticias Radio Reflejos<\/title>\n<meta name=\"robots\" content=\"index, follow, max-snippet:-1, max-image-preview:large, max-video-preview:-1\" \/>\n<link rel=\"canonical\" href=\"https:\/\/www.noticiasradioreflejos.com.ar\/2021\/generan-panico-mas-de-lo-que-produce-la-picadura-de-un-alacran-asegura-el-dr-gustavo-diaz-2\/\" \/>\n<meta property=\"og:locale\" content=\"es_ES\" \/>\n<meta property=\"og:type\" content=\"article\" \/>\n<meta property=\"og:title\" content=\"&quot;Generan p\u00e1nico, m\u00e1s de lo que produce la picadura de un alacr\u00e1n&quot;,asegura el Dr. Gustavo D\u00edaz. - Noticias Radio Reflejos\" \/>\n<meta property=\"og:description\" content=\"El Jefe de la Unidad Sanitaria de Sierra de la Ventana, Dr. Gustavo D\u00edaz, describe las acciones a realizar en caso de ser picados por alacranes y tambi\u00e9n nos informa sobre la cantidad y peligrosidad de estos ar\u00e1cnidos, que son parte de nuestra fauna cotidiana. \u00abEste ar\u00e1cnido tiene la caracter\u00edstica de ser frecuente en nuestra [&hellip;]\" \/>\n<meta property=\"og:url\" content=\"https:\/\/www.noticiasradioreflejos.com.ar\/2021\/generan-panico-mas-de-lo-que-produce-la-picadura-de-un-alacran-asegura-el-dr-gustavo-diaz-2\/\" \/>\n<meta property=\"og:site_name\" content=\"Noticias Radio Reflejos\" \/>\n<meta property=\"article:published_time\" content=\"2017-01-19T16:42:49+00:00\" \/>\n<meta property=\"og:image\" content=\"http:\/\/farm1.staticflickr.com\/401\/32366643646_809644d97e.jpg\" \/>\n<meta name=\"author\" content=\"Arnaldo Botto\" \/>\n<meta name=\"twitter:card\" content=\"summary_large_image\" \/>\n<script type=\"application\/ld+json\" class=\"yoast-schema-graph\">{\"@context\":\"https:\/\/schema.org\",\"@graph\":[{\"@type\":\"WebPage\",\"@id\":\"https:\/\/www.noticiasradioreflejos.com.ar\/2021\/generan-panico-mas-de-lo-que-produce-la-picadura-de-un-alacran-asegura-el-dr-gustavo-diaz-2\/\",\"url\":\"https:\/\/www.noticiasradioreflejos.com.ar\/2021\/generan-panico-mas-de-lo-que-produce-la-picadura-de-un-alacran-asegura-el-dr-gustavo-diaz-2\/\",\"name\":\"\\\"Generan p\u00e1nico, m\u00e1s de lo que produce la picadura de un alacr\u00e1n\\\",asegura el Dr. Gustavo D\u00edaz. - Noticias Radio Reflejos\",\"isPartOf\":{\"@id\":\"https:\/\/www.noticiasradioreflejos.com.ar\/2021\/#website\"},\"primaryImageOfPage\":{\"@id\":\"https:\/\/www.noticiasradioreflejos.com.ar\/2021\/generan-panico-mas-de-lo-que-produce-la-picadura-de-un-alacran-asegura-el-dr-gustavo-diaz-2\/#primaryimage\"},\"image\":{\"@id\":\"https:\/\/www.noticiasradioreflejos.com.ar\/2021\/generan-panico-mas-de-lo-que-produce-la-picadura-de-un-alacran-asegura-el-dr-gustavo-diaz-2\/#primaryimage\"},\"thumbnailUrl\":\"http:\/\/farm1.staticflickr.com\/401\/32366643646_809644d97e.jpg\",\"datePublished\":\"2017-01-19T16:42:49+00:00\",\"author\":{\"@id\":\"https:\/\/www.noticiasradioreflejos.com.ar\/2021\/#\/schema\/person\/ad82545263dcc5ec0996818884fd5fb1\"},\"breadcrumb\":{\"@id\":\"https:\/\/www.noticiasradioreflejos.com.ar\/2021\/generan-panico-mas-de-lo-que-produce-la-picadura-de-un-alacran-asegura-el-dr-gustavo-diaz-2\/#breadcrumb\"},\"inLanguage\":\"es\",\"potentialAction\":[{\"@type\":\"ReadAction\",\"target\":[\"https:\/\/www.noticiasradioreflejos.com.ar\/2021\/generan-panico-mas-de-lo-que-produce-la-picadura-de-un-alacran-asegura-el-dr-gustavo-diaz-2\/\"]}]},{\"@type\":\"ImageObject\",\"inLanguage\":\"es\",\"@id\":\"https:\/\/www.noticiasradioreflejos.com.ar\/2021\/generan-panico-mas-de-lo-que-produce-la-picadura-de-un-alacran-asegura-el-dr-gustavo-diaz-2\/#primaryimage\",\"url\":\"http:\/\/farm1.staticflickr.com\/401\/32366643646_809644d97e.jpg\",\"contentUrl\":\"http:\/\/farm1.staticflickr.com\/401\/32366643646_809644d97e.jpg\"},{\"@type\":\"BreadcrumbList\",\"@id\":\"https:\/\/www.noticiasradioreflejos.com.ar\/2021\/generan-panico-mas-de-lo-que-produce-la-picadura-de-un-alacran-asegura-el-dr-gustavo-diaz-2\/#breadcrumb\",\"itemListElement\":[{\"@type\":\"ListItem\",\"position\":1,\"name\":\"Portada\",\"item\":\"https:\/\/www.noticiasradioreflejos.com.ar\/2021\/\"},{\"@type\":\"ListItem\",\"position\":2,\"name\":\"\u00abGeneran p\u00e1nico, m\u00e1s de lo que produce la picadura de un alacr\u00e1n\u00bb,asegura el Dr. Gustavo D\u00edaz.\"}]},{\"@type\":\"WebSite\",\"@id\":\"https:\/\/www.noticiasradioreflejos.com.ar\/2021\/#website\",\"url\":\"https:\/\/www.noticiasradioreflejos.com.ar\/2021\/\",\"name\":\"Noticias Radio Reflejos\",\"description\":\"Las noticias de mi comarca\",\"potentialAction\":[{\"@type\":\"SearchAction\",\"target\":{\"@type\":\"EntryPoint\",\"urlTemplate\":\"https:\/\/www.noticiasradioreflejos.com.ar\/2021\/?s={search_term_string}\"},\"query-input\":{\"@type\":\"PropertyValueSpecification\",\"valueRequired\":true,\"valueName\":\"search_term_string\"}}],\"inLanguage\":\"es\"},{\"@type\":\"Person\",\"@id\":\"https:\/\/www.noticiasradioreflejos.com.ar\/2021\/#\/schema\/person\/ad82545263dcc5ec0996818884fd5fb1\",\"name\":\"Arnaldo Botto\",\"image\":{\"@type\":\"ImageObject\",\"inLanguage\":\"es\",\"@id\":\"https:\/\/www.noticiasradioreflejos.com.ar\/2021\/#\/schema\/person\/image\/\",\"url\":\"https:\/\/secure.gravatar.com\/avatar\/55cb5e37c1efa326397366e6974cb338056df65cb50e7d64d1cf314e87504837?s=96&d=mm&r=g\",\"contentUrl\":\"https:\/\/secure.gravatar.com\/avatar\/55cb5e37c1efa326397366e6974cb338056df65cb50e7d64d1cf314e87504837?s=96&d=mm&r=g\",\"caption\":\"Arnaldo Botto\"},\"url\":\"https:\/\/www.noticiasradioreflejos.com.ar\/2021\/author\/arnaldo\/\"}]}<\/script>\n<!-- \/ Yoast SEO plugin. -->","yoast_head_json":{"title":"\"Generan p\u00e1nico, m\u00e1s de lo que produce la picadura de un alacr\u00e1n\",asegura el Dr. Gustavo D\u00edaz. - Noticias Radio Reflejos","robots":{"index":"index","follow":"follow","max-snippet":"max-snippet:-1","max-image-preview":"max-image-preview:large","max-video-preview":"max-video-preview:-1"},"canonical":"https:\/\/www.noticiasradioreflejos.com.ar\/2021\/generan-panico-mas-de-lo-que-produce-la-picadura-de-un-alacran-asegura-el-dr-gustavo-diaz-2\/","og_locale":"es_ES","og_type":"article","og_title":"\"Generan p\u00e1nico, m\u00e1s de lo que produce la picadura de un alacr\u00e1n\",asegura el Dr. Gustavo D\u00edaz. - Noticias Radio Reflejos","og_description":"El Jefe de la Unidad Sanitaria de Sierra de la Ventana, Dr. Gustavo D\u00edaz, describe las acciones a realizar en caso de ser picados por alacranes y tambi\u00e9n nos informa sobre la cantidad y peligrosidad de estos ar\u00e1cnidos, que son parte de nuestra fauna cotidiana. \u00abEste ar\u00e1cnido tiene la caracter\u00edstica de ser frecuente en nuestra [&hellip;]","og_url":"https:\/\/www.noticiasradioreflejos.com.ar\/2021\/generan-panico-mas-de-lo-que-produce-la-picadura-de-un-alacran-asegura-el-dr-gustavo-diaz-2\/","og_site_name":"Noticias Radio Reflejos","article_published_time":"2017-01-19T16:42:49+00:00","og_image":[{"url":"http:\/\/farm1.staticflickr.com\/401\/32366643646_809644d97e.jpg","type":"","width":"","height":""}],"author":"Arnaldo Botto","twitter_card":"summary_large_image","schema":{"@context":"https:\/\/schema.org","@graph":[{"@type":"WebPage","@id":"https:\/\/www.noticiasradioreflejos.com.ar\/2021\/generan-panico-mas-de-lo-que-produce-la-picadura-de-un-alacran-asegura-el-dr-gustavo-diaz-2\/","url":"https:\/\/www.noticiasradioreflejos.com.ar\/2021\/generan-panico-mas-de-lo-que-produce-la-picadura-de-un-alacran-asegura-el-dr-gustavo-diaz-2\/","name":"\"Generan p\u00e1nico, m\u00e1s de lo que produce la picadura de un alacr\u00e1n\",asegura el Dr. Gustavo D\u00edaz. - Noticias Radio Reflejos","isPartOf":{"@id":"https:\/\/www.noticiasradioreflejos.com.ar\/2021\/#website"},"primaryImageOfPage":{"@id":"https:\/\/www.noticiasradioreflejos.com.ar\/2021\/generan-panico-mas-de-lo-que-produce-la-picadura-de-un-alacran-asegura-el-dr-gustavo-diaz-2\/#primaryimage"},"image":{"@id":"https:\/\/www.noticiasradioreflejos.com.ar\/2021\/generan-panico-mas-de-lo-que-produce-la-picadura-de-un-alacran-asegura-el-dr-gustavo-diaz-2\/#primaryimage"},"thumbnailUrl":"http:\/\/farm1.staticflickr.com\/401\/32366643646_809644d97e.jpg","datePublished":"2017-01-19T16:42:49+00:00","author":{"@id":"https:\/\/www.noticiasradioreflejos.com.ar\/2021\/#\/schema\/person\/ad82545263dcc5ec0996818884fd5fb1"},"breadcrumb":{"@id":"https:\/\/www.noticiasradioreflejos.com.ar\/2021\/generan-panico-mas-de-lo-que-produce-la-picadura-de-un-alacran-asegura-el-dr-gustavo-diaz-2\/#breadcrumb"},"inLanguage":"es","potentialAction":[{"@type":"ReadAction","target":["https:\/\/www.noticiasradioreflejos.com.ar\/2021\/generan-panico-mas-de-lo-que-produce-la-picadura-de-un-alacran-asegura-el-dr-gustavo-diaz-2\/"]}]},{"@type":"ImageObject","inLanguage":"es","@id":"https:\/\/www.noticiasradioreflejos.com.ar\/2021\/generan-panico-mas-de-lo-que-produce-la-picadura-de-un-alacran-asegura-el-dr-gustavo-diaz-2\/#primaryimage","url":"http:\/\/farm1.staticflickr.com\/401\/32366643646_809644d97e.jpg","contentUrl":"http:\/\/farm1.staticflickr.com\/401\/32366643646_809644d97e.jpg"},{"@type":"BreadcrumbList","@id":"https:\/\/www.noticiasradioreflejos.com.ar\/2021\/generan-panico-mas-de-lo-que-produce-la-picadura-de-un-alacran-asegura-el-dr-gustavo-diaz-2\/#breadcrumb","itemListElement":[{"@type":"ListItem","position":1,"name":"Portada","item":"https:\/\/www.noticiasradioreflejos.com.ar\/2021\/"},{"@type":"ListItem","position":2,"name":"\u00abGeneran p\u00e1nico, m\u00e1s de lo que produce la picadura de un alacr\u00e1n\u00bb,asegura el Dr. Gustavo D\u00edaz."}]},{"@type":"WebSite","@id":"https:\/\/www.noticiasradioreflejos.com.ar\/2021\/#website","url":"https:\/\/www.noticiasradioreflejos.com.ar\/2021\/","name":"Noticias Radio Reflejos","description":"Las noticias de mi comarca","potentialAction":[{"@type":"SearchAction","target":{"@type":"EntryPoint","urlTemplate":"https:\/\/www.noticiasradioreflejos.com.ar\/2021\/?s={search_term_string}"},"query-input":{"@type":"PropertyValueSpecification","valueRequired":true,"valueName":"search_term_string"}}],"inLanguage":"es"},{"@type":"Person","@id":"https:\/\/www.noticiasradioreflejos.com.ar\/2021\/#\/schema\/person\/ad82545263dcc5ec0996818884fd5fb1","name":"Arnaldo Botto","image":{"@type":"ImageObject","inLanguage":"es","@id":"https:\/\/www.noticiasradioreflejos.com.ar\/2021\/#\/schema\/person\/image\/","url":"https:\/\/secure.gravatar.com\/avatar\/55cb5e37c1efa326397366e6974cb338056df65cb50e7d64d1cf314e87504837?s=96&d=mm&r=g","contentUrl":"https:\/\/secure.gravatar.com\/avatar\/55cb5e37c1efa326397366e6974cb338056df65cb50e7d64d1cf314e87504837?s=96&d=mm&r=g","caption":"Arnaldo Botto"},"url":"https:\/\/www.noticiasradioreflejos.com.ar\/2021\/author\/arnaldo\/"}]}},"_links":{"self":[{"href":"https:\/\/www.noticiasradioreflejos.com.ar\/2021\/wp-json\/wp\/v2\/posts\/54190","targetHints":{"allow":["GET"]}}],"collection":[{"href":"https:\/\/www.noticiasradioreflejos.com.ar\/2021\/wp-json\/wp\/v2\/posts"}],"about":[{"href":"https:\/\/www.noticiasradioreflejos.com.ar\/2021\/wp-json\/wp\/v2\/types\/post"}],"author":[{"embeddable":true,"href":"https:\/\/www.noticiasradioreflejos.com.ar\/2021\/wp-json\/wp\/v2\/users\/3"}],"replies":[{"embeddable":true,"href":"https:\/\/www.noticiasradioreflejos.com.ar\/2021\/wp-json\/wp\/v2\/comments?post=54190"}],"version-history":[{"count":0,"href":"https:\/\/www.noticiasradioreflejos.com.ar\/2021\/wp-json\/wp\/v2\/posts\/54190\/revisions"}],"wp:attachment":[{"href":"https:\/\/www.noticiasradioreflejos.com.ar\/2021\/wp-json\/wp\/v2\/media?parent=54190"}],"wp:term":[{"taxonomy":"category","embeddable":true,"href":"https:\/\/www.noticiasradioreflejos.com.ar\/2021\/wp-json\/wp\/v2\/categories?post=54190"},{"taxonomy":"post_tag","embeddable":true,"href":"https:\/\/www.noticiasradioreflejos.com.ar\/2021\/wp-json\/wp\/v2\/tags?post=54190"}],"curies":[{"name":"wp","href":"https:\/\/api.w.org\/{rel}","templated":true}]}}