{"id":54181,"date":"2017-01-06T17:37:02","date_gmt":"2017-01-06T20:37:02","guid":{"rendered":"http:\/\/noticiasradioreflejos.com.ar\/noticias\/?p=5616"},"modified":"2017-01-06T17:37:02","modified_gmt":"2017-01-06T20:37:02","slug":"agasajo-a-adriana-en-la-53-fiesta-de-reyes-de-sierra-de-la-ventana-2","status":"publish","type":"post","link":"https:\/\/www.noticiasradioreflejos.com.ar\/2021\/agasajo-a-adriana-en-la-53-fiesta-de-reyes-de-sierra-de-la-ventana-2\/","title":{"rendered":"Agasajo a \u00abAdriana\u00bb En La 53\u00b0 Fiesta de reyes de Sierra de la Ventana"},"content":{"rendered":"<p>La noche del 5 de enero particip\u00e9 de la m\u00e1gica Fiesta Provincial de Reyes, uno de los eventos m\u00e1s convocantes de la regi\u00f3n tur\u00edstica serrana, en Sierra de la Ve<span class=\"m_-7367887508947886833gmail-text_exposed_show\">ntana.<\/span><!--more--><\/p>\n<p><span class=\"m_-7367887508947886833gmail-text_exposed_show\">Junto a mis compa\u00f1eros del Frente Renovador Carlos Dana y Jorge Sim\u00f3n pudimos disfrutar junto a miles de personas de varios espect\u00e1culos dirigidos a la comunidad, pero especialmente preparados para un maravilloso p\u00fablico infantil.<\/span><\/p>\n<p><span class=\"m_-7367887508947886833gmail-text_exposed_show\"><br \/>\nVer sus caritas de satisfacci\u00f3n, alegr\u00eda y asombro con la presencia de los reyes y un fant\u00e1stico show de fuegos artificiales nos reconforta en lo mas profundo de nuestros corazones.<br \/>\nQuiero felicitar y agradecer a los organizadores y al intendente municipal de TORNQUIST la posibilidad de permitirnos saludar y entregar un reconocimiento y un presente desde el Frente Renovador a la cantautora Adriana Szusterman, estrella de las canciones infantiles que m\u00e1s admiran nuestros chicos, siempre comprometida con su crecimiento en un marco de felicidad.<\/span><\/p>\n<p><span class=\"m_-7367887508947886833gmail-text_exposed_show\"><br \/>\nEs de destacar ese compromiso en cuestiones vinculadas a la prevenci\u00f3n de situaciones que ponen en riesgo a la ni\u00f1ez ya que Adriana a participado activamente en las campa\u00f1as de concientizacion sobre Grooming, uno de los flagelos m\u00e1s actuales que acechan a los m\u00e1s peque\u00f1os y que puede prevenirse con acciones concretas desde el estado destinadas a informar y preparar tanto a adultos como a ni\u00f1os y j\u00f3venes sobre el manejo correcto de las redes sociales para no ser victimas de situaciones que puedan afectar su integridad f\u00edsica, sexual y psicol\u00f3gica.<\/span><\/p>\n<div><strong><span style=\"color: #666666; font-family: helvetica, arial, sans-serif;\">Diputada Mar\u00eda Marta Corrado<\/span><\/strong><\/div>\n","protected":false},"excerpt":{"rendered":"<p>La noche del 5 de enero particip\u00e9 de la m\u00e1gica Fiesta Provincial de Reyes, uno de los eventos m\u00e1s convocantes de la regi\u00f3n tur\u00edstica serrana, en Sierra de la Ventana.<\/p>\n","protected":false},"author":3,"featured_media":0,"comment_status":"closed","ping_status":"open","sticky":false,"template":"","format":"standard","meta":{"footnotes":""},"categories":[26],"tags":[],"class_list":["post-54181","post","type-post","status-publish","format-standard","hentry","category-sociedad"],"yoast_head":"<!-- This site is optimized with the Yoast SEO plugin v25.9 - https:\/\/yoast.com\/wordpress\/plugins\/seo\/ -->\n<title>Agasajo a &quot;Adriana&quot; En La 53\u00b0 Fiesta de reyes de Sierra de la Ventana - Noticias Radio Reflejos<\/title>\n<meta name=\"robots\" content=\"index, follow, max-snippet:-1, max-image-preview:large, max-video-preview:-1\" \/>\n<link rel=\"canonical\" href=\"https:\/\/www.noticiasradioreflejos.com.ar\/2021\/agasajo-a-adriana-en-la-53-fiesta-de-reyes-de-sierra-de-la-ventana-2\/\" \/>\n<meta property=\"og:locale\" content=\"es_ES\" \/>\n<meta property=\"og:type\" content=\"article\" \/>\n<meta property=\"og:title\" content=\"Agasajo a &quot;Adriana&quot; En La 53\u00b0 Fiesta de reyes de Sierra de la Ventana - Noticias Radio Reflejos\" \/>\n<meta property=\"og:description\" content=\"La noche del 5 de enero particip\u00e9 de la m\u00e1gica Fiesta Provincial de Reyes, uno de los eventos m\u00e1s convocantes de la regi\u00f3n tur\u00edstica serrana, en Sierra de la Ventana.\" \/>\n<meta property=\"og:url\" content=\"https:\/\/www.noticiasradioreflejos.com.ar\/2021\/agasajo-a-adriana-en-la-53-fiesta-de-reyes-de-sierra-de-la-ventana-2\/\" \/>\n<meta property=\"og:site_name\" content=\"Noticias Radio Reflejos\" \/>\n<meta property=\"article:published_time\" content=\"2017-01-06T20:37:02+00:00\" \/>\n<meta property=\"og:image\" content=\"https:\/\/www.noticiasradioreflejos.com.ar\/2021\/wp-content\/uploads\/2021\/07\/logosol300x200.png\" \/>\n\t<meta property=\"og:image:width\" content=\"300\" \/>\n\t<meta property=\"og:image:height\" content=\"200\" \/>\n\t<meta property=\"og:image:type\" content=\"image\/png\" \/>\n<meta name=\"author\" content=\"Arnaldo Botto\" \/>\n<meta name=\"twitter:card\" content=\"summary_large_image\" \/>\n<script type=\"application\/ld+json\" class=\"yoast-schema-graph\">{\"@context\":\"https:\/\/schema.org\",\"@graph\":[{\"@type\":\"WebPage\",\"@id\":\"https:\/\/www.noticiasradioreflejos.com.ar\/2021\/agasajo-a-adriana-en-la-53-fiesta-de-reyes-de-sierra-de-la-ventana-2\/\",\"url\":\"https:\/\/www.noticiasradioreflejos.com.ar\/2021\/agasajo-a-adriana-en-la-53-fiesta-de-reyes-de-sierra-de-la-ventana-2\/\",\"name\":\"Agasajo a \\\"Adriana\\\" En La 53\u00b0 Fiesta de reyes de Sierra de la Ventana - Noticias Radio Reflejos\",\"isPartOf\":{\"@id\":\"https:\/\/www.noticiasradioreflejos.com.ar\/2021\/#website\"},\"datePublished\":\"2017-01-06T20:37:02+00:00\",\"author\":{\"@id\":\"https:\/\/www.noticiasradioreflejos.com.ar\/2021\/#\/schema\/person\/ad82545263dcc5ec0996818884fd5fb1\"},\"breadcrumb\":{\"@id\":\"https:\/\/www.noticiasradioreflejos.com.ar\/2021\/agasajo-a-adriana-en-la-53-fiesta-de-reyes-de-sierra-de-la-ventana-2\/#breadcrumb\"},\"inLanguage\":\"es\",\"potentialAction\":[{\"@type\":\"ReadAction\",\"target\":[\"https:\/\/www.noticiasradioreflejos.com.ar\/2021\/agasajo-a-adriana-en-la-53-fiesta-de-reyes-de-sierra-de-la-ventana-2\/\"]}]},{\"@type\":\"BreadcrumbList\",\"@id\":\"https:\/\/www.noticiasradioreflejos.com.ar\/2021\/agasajo-a-adriana-en-la-53-fiesta-de-reyes-de-sierra-de-la-ventana-2\/#breadcrumb\",\"itemListElement\":[{\"@type\":\"ListItem\",\"position\":1,\"name\":\"Portada\",\"item\":\"https:\/\/www.noticiasradioreflejos.com.ar\/2021\/\"},{\"@type\":\"ListItem\",\"position\":2,\"name\":\"Agasajo a \u00abAdriana\u00bb En La 53\u00b0 Fiesta de reyes de Sierra de la Ventana\"}]},{\"@type\":\"WebSite\",\"@id\":\"https:\/\/www.noticiasradioreflejos.com.ar\/2021\/#website\",\"url\":\"https:\/\/www.noticiasradioreflejos.com.ar\/2021\/\",\"name\":\"Noticias Radio Reflejos\",\"description\":\"Las noticias de mi comarca\",\"potentialAction\":[{\"@type\":\"SearchAction\",\"target\":{\"@type\":\"EntryPoint\",\"urlTemplate\":\"https:\/\/www.noticiasradioreflejos.com.ar\/2021\/?s={search_term_string}\"},\"query-input\":{\"@type\":\"PropertyValueSpecification\",\"valueRequired\":true,\"valueName\":\"search_term_string\"}}],\"inLanguage\":\"es\"},{\"@type\":\"Person\",\"@id\":\"https:\/\/www.noticiasradioreflejos.com.ar\/2021\/#\/schema\/person\/ad82545263dcc5ec0996818884fd5fb1\",\"name\":\"Arnaldo Botto\",\"image\":{\"@type\":\"ImageObject\",\"inLanguage\":\"es\",\"@id\":\"https:\/\/www.noticiasradioreflejos.com.ar\/2021\/#\/schema\/person\/image\/\",\"url\":\"https:\/\/secure.gravatar.com\/avatar\/55cb5e37c1efa326397366e6974cb338056df65cb50e7d64d1cf314e87504837?s=96&d=mm&r=g\",\"contentUrl\":\"https:\/\/secure.gravatar.com\/avatar\/55cb5e37c1efa326397366e6974cb338056df65cb50e7d64d1cf314e87504837?s=96&d=mm&r=g\",\"caption\":\"Arnaldo Botto\"},\"url\":\"https:\/\/www.noticiasradioreflejos.com.ar\/2021\/author\/arnaldo\/\"}]}<\/script>\n<!-- \/ Yoast SEO plugin. -->","yoast_head_json":{"title":"Agasajo a \"Adriana\" En La 53\u00b0 Fiesta de reyes de Sierra de la Ventana - Noticias Radio Reflejos","robots":{"index":"index","follow":"follow","max-snippet":"max-snippet:-1","max-image-preview":"max-image-preview:large","max-video-preview":"max-video-preview:-1"},"canonical":"https:\/\/www.noticiasradioreflejos.com.ar\/2021\/agasajo-a-adriana-en-la-53-fiesta-de-reyes-de-sierra-de-la-ventana-2\/","og_locale":"es_ES","og_type":"article","og_title":"Agasajo a \"Adriana\" En La 53\u00b0 Fiesta de reyes de Sierra de la Ventana - Noticias Radio Reflejos","og_description":"La noche del 5 de enero particip\u00e9 de la m\u00e1gica Fiesta Provincial de Reyes, uno de los eventos m\u00e1s convocantes de la regi\u00f3n tur\u00edstica serrana, en Sierra de la Ventana.","og_url":"https:\/\/www.noticiasradioreflejos.com.ar\/2021\/agasajo-a-adriana-en-la-53-fiesta-de-reyes-de-sierra-de-la-ventana-2\/","og_site_name":"Noticias Radio Reflejos","article_published_time":"2017-01-06T20:37:02+00:00","og_image":[{"width":300,"height":200,"url":"https:\/\/www.noticiasradioreflejos.com.ar\/2021\/wp-content\/uploads\/2021\/07\/logosol300x200.png","type":"image\/png"}],"author":"Arnaldo Botto","twitter_card":"summary_large_image","schema":{"@context":"https:\/\/schema.org","@graph":[{"@type":"WebPage","@id":"https:\/\/www.noticiasradioreflejos.com.ar\/2021\/agasajo-a-adriana-en-la-53-fiesta-de-reyes-de-sierra-de-la-ventana-2\/","url":"https:\/\/www.noticiasradioreflejos.com.ar\/2021\/agasajo-a-adriana-en-la-53-fiesta-de-reyes-de-sierra-de-la-ventana-2\/","name":"Agasajo a \"Adriana\" En La 53\u00b0 Fiesta de reyes de Sierra de la Ventana - Noticias Radio Reflejos","isPartOf":{"@id":"https:\/\/www.noticiasradioreflejos.com.ar\/2021\/#website"},"datePublished":"2017-01-06T20:37:02+00:00","author":{"@id":"https:\/\/www.noticiasradioreflejos.com.ar\/2021\/#\/schema\/person\/ad82545263dcc5ec0996818884fd5fb1"},"breadcrumb":{"@id":"https:\/\/www.noticiasradioreflejos.com.ar\/2021\/agasajo-a-adriana-en-la-53-fiesta-de-reyes-de-sierra-de-la-ventana-2\/#breadcrumb"},"inLanguage":"es","potentialAction":[{"@type":"ReadAction","target":["https:\/\/www.noticiasradioreflejos.com.ar\/2021\/agasajo-a-adriana-en-la-53-fiesta-de-reyes-de-sierra-de-la-ventana-2\/"]}]},{"@type":"BreadcrumbList","@id":"https:\/\/www.noticiasradioreflejos.com.ar\/2021\/agasajo-a-adriana-en-la-53-fiesta-de-reyes-de-sierra-de-la-ventana-2\/#breadcrumb","itemListElement":[{"@type":"ListItem","position":1,"name":"Portada","item":"https:\/\/www.noticiasradioreflejos.com.ar\/2021\/"},{"@type":"ListItem","position":2,"name":"Agasajo a \u00abAdriana\u00bb En La 53\u00b0 Fiesta de reyes de Sierra de la Ventana"}]},{"@type":"WebSite","@id":"https:\/\/www.noticiasradioreflejos.com.ar\/2021\/#website","url":"https:\/\/www.noticiasradioreflejos.com.ar\/2021\/","name":"Noticias Radio Reflejos","description":"Las noticias de mi comarca","potentialAction":[{"@type":"SearchAction","target":{"@type":"EntryPoint","urlTemplate":"https:\/\/www.noticiasradioreflejos.com.ar\/2021\/?s={search_term_string}"},"query-input":{"@type":"PropertyValueSpecification","valueRequired":true,"valueName":"search_term_string"}}],"inLanguage":"es"},{"@type":"Person","@id":"https:\/\/www.noticiasradioreflejos.com.ar\/2021\/#\/schema\/person\/ad82545263dcc5ec0996818884fd5fb1","name":"Arnaldo Botto","image":{"@type":"ImageObject","inLanguage":"es","@id":"https:\/\/www.noticiasradioreflejos.com.ar\/2021\/#\/schema\/person\/image\/","url":"https:\/\/secure.gravatar.com\/avatar\/55cb5e37c1efa326397366e6974cb338056df65cb50e7d64d1cf314e87504837?s=96&d=mm&r=g","contentUrl":"https:\/\/secure.gravatar.com\/avatar\/55cb5e37c1efa326397366e6974cb338056df65cb50e7d64d1cf314e87504837?s=96&d=mm&r=g","caption":"Arnaldo Botto"},"url":"https:\/\/www.noticiasradioreflejos.com.ar\/2021\/author\/arnaldo\/"}]}},"_links":{"self":[{"href":"https:\/\/www.noticiasradioreflejos.com.ar\/2021\/wp-json\/wp\/v2\/posts\/54181","targetHints":{"allow":["GET"]}}],"collection":[{"href":"https:\/\/www.noticiasradioreflejos.com.ar\/2021\/wp-json\/wp\/v2\/posts"}],"about":[{"href":"https:\/\/www.noticiasradioreflejos.com.ar\/2021\/wp-json\/wp\/v2\/types\/post"}],"author":[{"embeddable":true,"href":"https:\/\/www.noticiasradioreflejos.com.ar\/2021\/wp-json\/wp\/v2\/users\/3"}],"replies":[{"embeddable":true,"href":"https:\/\/www.noticiasradioreflejos.com.ar\/2021\/wp-json\/wp\/v2\/comments?post=54181"}],"version-history":[{"count":0,"href":"https:\/\/www.noticiasradioreflejos.com.ar\/2021\/wp-json\/wp\/v2\/posts\/54181\/revisions"}],"wp:attachment":[{"href":"https:\/\/www.noticiasradioreflejos.com.ar\/2021\/wp-json\/wp\/v2\/media?parent=54181"}],"wp:term":[{"taxonomy":"category","embeddable":true,"href":"https:\/\/www.noticiasradioreflejos.com.ar\/2021\/wp-json\/wp\/v2\/categories?post=54181"},{"taxonomy":"post_tag","embeddable":true,"href":"https:\/\/www.noticiasradioreflejos.com.ar\/2021\/wp-json\/wp\/v2\/tags?post=54181"}],"curies":[{"name":"wp","href":"https:\/\/api.w.org\/{rel}","templated":true}]}}