{"id":54115,"date":"2021-03-17T16:39:57","date_gmt":"2021-03-17T16:39:57","guid":{"rendered":"http:\/\/www.noticiasradioreflejos.com.ar\/noticias\/?p=54115"},"modified":"2021-04-28T20:33:03","modified_gmt":"2021-04-28T20:33:03","slug":"invitando-a-todos-los-ninos-y-ninas-del-distritos-a-ver-algo-que-nunca-sucede-bruno-zacconi","status":"publish","type":"post","link":"https:\/\/www.noticiasradioreflejos.com.ar\/2021\/invitando-a-todos-los-ninos-y-ninas-del-distritos-a-ver-algo-que-nunca-sucede-bruno-zacconi\/","title":{"rendered":"\u00abInvitando a todos los ni\u00f1os y ni\u00f1as del distritos a ver algo que nunca sucede\u00bb &#8211; Bruno Zacconi"},"content":{"rendered":"<p>El\u00a0\u00a0Director de Juventud, G\u00e9nero y Diversidad de Tornquist Municipio, utiliza el espacio de la radio para informar acerca de<a href=\"http:\/\/www.noticiasradioreflejos.com.ar\/noticias\/index.php\/2021\/03\/17\/salir-a-jugar-el-show-de-zamba-y-nina-y-mas-espectaculos-infantiles-este-viernes-en-saldungaray\/\" target=\"_blank\" rel=\"noopener\"><strong> \u2018Salir a Jugar\u00bb . Un d\u00eda para que la ciudad sea de las infancias\u2019<\/strong><\/a>, el programa impulsado por la Secretar\u00eda Nacional de Ni\u00f1ez, Adolescencia y Familia, al que adhiri\u00f3 Tornquist Municipio para realizarlo en <strong>Saldungaray<\/strong>.<br \/>\n<!--more--><\/p>\n<p>El evento tomar\u00e1 lugar en el predio del ferrocarril de Saldungaray. \u00abLa idea es hacerla en ese predio por una cuesti\u00f3n sanitaria y porque es un espacio p\u00fablico abierto que nos permite que la gente se mueva en burbujas sanitarias\u00bb explic\u00f3 Bruno la raz\u00f3n por la cual eligieron esa locaci\u00f3n.<\/p>\n<p>Coment\u00f3 que el evento ser\u00e1 muy concurrido. A continuaci\u00f3n el cronograma de presentaciones a partir de las 16:30hs:<br \/>\n<span style=\"color: #808000; background-color: #ccffcc;\"><strong>&#8211; El show del Mago Fede<\/strong><\/span><br \/>\n<span style=\"color: #808000; background-color: #ccffcc;\"><strong> &#8211; Murga de Saldungaray<\/strong><\/span><br \/>\n<span style=\"color: #808000; background-color: #ccffcc;\"><strong> &#8211; Zumba para ni\u00f1os y ni\u00f1as<\/strong><\/span><br \/>\n<span style=\"color: #808000; background-color: #ccffcc;\"><strong> &#8211; Florinda<\/strong><\/span><br \/>\n<span style=\"color: #808000; background-color: #ccffcc;\"><strong> &#8211; M de Musas<\/strong><\/span><br \/>\n<span style=\"color: #808000; background-color: #ccffcc;\"><strong> &#8211; El Show de Zamba y Nina (Paka Paka)<\/strong><\/span><\/p>\n<p>\u00abEntusiasmados con la concurrencia de gente, invitando a todos los ni\u00f1os y ni\u00f1as del distritos a ver algo que nunca sucede, que vengan desde Buenos Aires a hacer un show tan importante\u00bb expres\u00f3 Bruno. Aclar\u00f3 que la entrada ser\u00e1 libre y gratuita \u00abpara que todos los ni\u00f1os y ni\u00f1as puedan disfrutar de los espacios p\u00fablicos, y que los espacios p\u00fablicos un d\u00eda sean exclusivamente para ellos\u00bb.<\/p>\n<p>Coment\u00f3 que este se trata de un evento que estaba planificado para Febrero pero que, por distintas razones, entre ellas el Covid, se tuvo que postergar, confirm\u00e1ndose para este Viernes 19 de Marzo.<\/p>\n<p>El evento contar\u00e1 con un patio gastron\u00f3mico para que todos los que asistan al mismo puedan disfrutar de algo rico para comer mientras ve los shows.<\/p>\n<p>Nota completa a continuaci\u00f3n:<br \/>\n<iframe loading=\"lazy\" src=\"https:\/\/w.soundcloud.com\/player\/?url=https%3A\/\/api.soundcloud.com\/tracks\/1009810705&amp;color=%23ff5500&amp;auto_play=false&amp;hide_related=false&amp;show_comments=true&amp;show_user=true&amp;show_reposts=false&amp;show_teaser=true\" width=\"100%\" height=\"166\" frameborder=\"no\" scrolling=\"no\"><\/iframe><\/p>\n<div style=\"font-size: 10px; color: #cccccc; line-break: anywhere; word-break: normal; overflow: hidden; white-space: nowrap; text-overflow: ellipsis; font-family: Interstate,Lucida Grande,Lucida Sans Unicode,Lucida Sans,Garuda,Verdana,Tahoma,sans-serif; font-weight: 100;\"><a style=\"color: #cccccc; text-decoration: none;\" title=\"fmreflejos 103.7\" href=\"https:\/\/soundcloud.com\/fmreflejos-103-7\" target=\"_blank\" rel=\"noopener\">fmreflejos 103.7<\/a> \u00b7 <a style=\"color: #cccccc; text-decoration: none;\" title=\"Nota Bruno Zacconi\" href=\"https:\/\/soundcloud.com\/fmreflejos-103-7\/nota-bruno-zacconi\" target=\"_blank\" rel=\"noopener\">Nota Bruno Zacconi<\/a><\/div>\n<p><a title=\"Salir a Jugar 19-3\" href=\"https:\/\/www.flickr.com\/photos\/182279889@N02\/51046516216\/in\/dateposted-public\/\" data-flickr-embed=\"true\"><img loading=\"lazy\" decoding=\"async\" src=\"https:\/\/live.staticflickr.com\/65535\/51046516216_5455483772_c.jpg\" alt=\"Salir a Jugar 19-3\" width=\"800\" height=\"800\" \/><\/a><script src=\"\/\/embedr.flickr.com\/assets\/client-code.js\" async=\"\" charset=\"utf-8\"><\/script><\/p>\n","protected":false},"excerpt":{"rendered":"<p>El\u00a0\u00a0Director de Juventud, G\u00e9nero y Diversidad de Tornquist Municipio, utiliza el espacio de la radio para informar acerca de \u2018Salir a Jugar\u00bb . Un d\u00eda para que la ciudad sea de las infancias\u2019, el programa impulsado por la Secretar\u00eda Nacional de Ni\u00f1ez, Adolescencia y Familia, al que adhiri\u00f3 Tornquist Municipio para realizarlo en Saldungaray.<\/p>\n","protected":false},"author":3,"featured_media":0,"comment_status":"closed","ping_status":"open","sticky":false,"template":"","format":"standard","meta":{"footnotes":""},"categories":[35],"tags":[48],"class_list":["post-54115","post","type-post","status-publish","format-standard","hentry","category-cultura","tag-destacada"],"yoast_head":"<!-- This site is optimized with the Yoast SEO plugin v25.9 - https:\/\/yoast.com\/wordpress\/plugins\/seo\/ -->\n<title>&quot;Invitando a todos los ni\u00f1os y ni\u00f1as del distritos a ver algo que nunca sucede&quot; - Bruno Zacconi - Noticias Radio Reflejos<\/title>\n<meta name=\"robots\" content=\"index, follow, max-snippet:-1, max-image-preview:large, max-video-preview:-1\" \/>\n<link rel=\"canonical\" href=\"https:\/\/www.noticiasradioreflejos.com.ar\/2021\/invitando-a-todos-los-ninos-y-ninas-del-distritos-a-ver-algo-que-nunca-sucede-bruno-zacconi\/\" \/>\n<meta property=\"og:locale\" content=\"es_ES\" \/>\n<meta property=\"og:type\" content=\"article\" \/>\n<meta property=\"og:title\" content=\"&quot;Invitando a todos los ni\u00f1os y ni\u00f1as del distritos a ver algo que nunca sucede&quot; - Bruno Zacconi - Noticias Radio Reflejos\" \/>\n<meta property=\"og:description\" content=\"El\u00a0\u00a0Director de Juventud, G\u00e9nero y Diversidad de Tornquist Municipio, utiliza el espacio de la radio para informar acerca de \u2018Salir a Jugar\u00bb . Un d\u00eda para que la ciudad sea de las infancias\u2019, el programa impulsado por la Secretar\u00eda Nacional de Ni\u00f1ez, Adolescencia y Familia, al que adhiri\u00f3 Tornquist Municipio para realizarlo en Saldungaray.\" \/>\n<meta property=\"og:url\" content=\"https:\/\/www.noticiasradioreflejos.com.ar\/2021\/invitando-a-todos-los-ninos-y-ninas-del-distritos-a-ver-algo-que-nunca-sucede-bruno-zacconi\/\" \/>\n<meta property=\"og:site_name\" content=\"Noticias Radio Reflejos\" \/>\n<meta property=\"article:published_time\" content=\"2021-03-17T16:39:57+00:00\" \/>\n<meta property=\"article:modified_time\" content=\"2021-04-28T20:33:03+00:00\" \/>\n<meta property=\"og:image\" content=\"https:\/\/live.staticflickr.com\/65535\/51046516216_5455483772_c.jpg\" \/>\n<meta name=\"author\" content=\"Arnaldo Botto\" \/>\n<meta name=\"twitter:card\" content=\"summary_large_image\" \/>\n<script type=\"application\/ld+json\" class=\"yoast-schema-graph\">{\"@context\":\"https:\/\/schema.org\",\"@graph\":[{\"@type\":\"WebPage\",\"@id\":\"https:\/\/www.noticiasradioreflejos.com.ar\/2021\/invitando-a-todos-los-ninos-y-ninas-del-distritos-a-ver-algo-que-nunca-sucede-bruno-zacconi\/\",\"url\":\"https:\/\/www.noticiasradioreflejos.com.ar\/2021\/invitando-a-todos-los-ninos-y-ninas-del-distritos-a-ver-algo-que-nunca-sucede-bruno-zacconi\/\",\"name\":\"\\\"Invitando a todos los ni\u00f1os y ni\u00f1as del distritos a ver algo que nunca sucede\\\" - Bruno Zacconi - Noticias Radio Reflejos\",\"isPartOf\":{\"@id\":\"https:\/\/www.noticiasradioreflejos.com.ar\/2021\/#website\"},\"primaryImageOfPage\":{\"@id\":\"https:\/\/www.noticiasradioreflejos.com.ar\/2021\/invitando-a-todos-los-ninos-y-ninas-del-distritos-a-ver-algo-que-nunca-sucede-bruno-zacconi\/#primaryimage\"},\"image\":{\"@id\":\"https:\/\/www.noticiasradioreflejos.com.ar\/2021\/invitando-a-todos-los-ninos-y-ninas-del-distritos-a-ver-algo-que-nunca-sucede-bruno-zacconi\/#primaryimage\"},\"thumbnailUrl\":\"https:\/\/live.staticflickr.com\/65535\/51046516216_5455483772_c.jpg\",\"datePublished\":\"2021-03-17T16:39:57+00:00\",\"dateModified\":\"2021-04-28T20:33:03+00:00\",\"author\":{\"@id\":\"https:\/\/www.noticiasradioreflejos.com.ar\/2021\/#\/schema\/person\/ad82545263dcc5ec0996818884fd5fb1\"},\"breadcrumb\":{\"@id\":\"https:\/\/www.noticiasradioreflejos.com.ar\/2021\/invitando-a-todos-los-ninos-y-ninas-del-distritos-a-ver-algo-que-nunca-sucede-bruno-zacconi\/#breadcrumb\"},\"inLanguage\":\"es\",\"potentialAction\":[{\"@type\":\"ReadAction\",\"target\":[\"https:\/\/www.noticiasradioreflejos.com.ar\/2021\/invitando-a-todos-los-ninos-y-ninas-del-distritos-a-ver-algo-que-nunca-sucede-bruno-zacconi\/\"]}]},{\"@type\":\"ImageObject\",\"inLanguage\":\"es\",\"@id\":\"https:\/\/www.noticiasradioreflejos.com.ar\/2021\/invitando-a-todos-los-ninos-y-ninas-del-distritos-a-ver-algo-que-nunca-sucede-bruno-zacconi\/#primaryimage\",\"url\":\"https:\/\/live.staticflickr.com\/65535\/51046516216_5455483772_c.jpg\",\"contentUrl\":\"https:\/\/live.staticflickr.com\/65535\/51046516216_5455483772_c.jpg\"},{\"@type\":\"BreadcrumbList\",\"@id\":\"https:\/\/www.noticiasradioreflejos.com.ar\/2021\/invitando-a-todos-los-ninos-y-ninas-del-distritos-a-ver-algo-que-nunca-sucede-bruno-zacconi\/#breadcrumb\",\"itemListElement\":[{\"@type\":\"ListItem\",\"position\":1,\"name\":\"Portada\",\"item\":\"https:\/\/www.noticiasradioreflejos.com.ar\/2021\/\"},{\"@type\":\"ListItem\",\"position\":2,\"name\":\"\u00abInvitando a todos los ni\u00f1os y ni\u00f1as del distritos a ver algo que nunca sucede\u00bb &#8211; Bruno Zacconi\"}]},{\"@type\":\"WebSite\",\"@id\":\"https:\/\/www.noticiasradioreflejos.com.ar\/2021\/#website\",\"url\":\"https:\/\/www.noticiasradioreflejos.com.ar\/2021\/\",\"name\":\"Noticias Radio Reflejos\",\"description\":\"Las noticias de mi comarca\",\"potentialAction\":[{\"@type\":\"SearchAction\",\"target\":{\"@type\":\"EntryPoint\",\"urlTemplate\":\"https:\/\/www.noticiasradioreflejos.com.ar\/2021\/?s={search_term_string}\"},\"query-input\":{\"@type\":\"PropertyValueSpecification\",\"valueRequired\":true,\"valueName\":\"search_term_string\"}}],\"inLanguage\":\"es\"},{\"@type\":\"Person\",\"@id\":\"https:\/\/www.noticiasradioreflejos.com.ar\/2021\/#\/schema\/person\/ad82545263dcc5ec0996818884fd5fb1\",\"name\":\"Arnaldo Botto\",\"image\":{\"@type\":\"ImageObject\",\"inLanguage\":\"es\",\"@id\":\"https:\/\/www.noticiasradioreflejos.com.ar\/2021\/#\/schema\/person\/image\/\",\"url\":\"https:\/\/secure.gravatar.com\/avatar\/55cb5e37c1efa326397366e6974cb338056df65cb50e7d64d1cf314e87504837?s=96&d=mm&r=g\",\"contentUrl\":\"https:\/\/secure.gravatar.com\/avatar\/55cb5e37c1efa326397366e6974cb338056df65cb50e7d64d1cf314e87504837?s=96&d=mm&r=g\",\"caption\":\"Arnaldo Botto\"},\"url\":\"https:\/\/www.noticiasradioreflejos.com.ar\/2021\/author\/arnaldo\/\"}]}<\/script>\n<!-- \/ Yoast SEO plugin. -->","yoast_head_json":{"title":"\"Invitando a todos los ni\u00f1os y ni\u00f1as del distritos a ver algo que nunca sucede\" - Bruno Zacconi - Noticias Radio Reflejos","robots":{"index":"index","follow":"follow","max-snippet":"max-snippet:-1","max-image-preview":"max-image-preview:large","max-video-preview":"max-video-preview:-1"},"canonical":"https:\/\/www.noticiasradioreflejos.com.ar\/2021\/invitando-a-todos-los-ninos-y-ninas-del-distritos-a-ver-algo-que-nunca-sucede-bruno-zacconi\/","og_locale":"es_ES","og_type":"article","og_title":"\"Invitando a todos los ni\u00f1os y ni\u00f1as del distritos a ver algo que nunca sucede\" - Bruno Zacconi - Noticias Radio Reflejos","og_description":"El\u00a0\u00a0Director de Juventud, G\u00e9nero y Diversidad de Tornquist Municipio, utiliza el espacio de la radio para informar acerca de \u2018Salir a Jugar\u00bb . Un d\u00eda para que la ciudad sea de las infancias\u2019, el programa impulsado por la Secretar\u00eda Nacional de Ni\u00f1ez, Adolescencia y Familia, al que adhiri\u00f3 Tornquist Municipio para realizarlo en Saldungaray.","og_url":"https:\/\/www.noticiasradioreflejos.com.ar\/2021\/invitando-a-todos-los-ninos-y-ninas-del-distritos-a-ver-algo-que-nunca-sucede-bruno-zacconi\/","og_site_name":"Noticias Radio Reflejos","article_published_time":"2021-03-17T16:39:57+00:00","article_modified_time":"2021-04-28T20:33:03+00:00","og_image":[{"url":"https:\/\/live.staticflickr.com\/65535\/51046516216_5455483772_c.jpg","type":"","width":"","height":""}],"author":"Arnaldo Botto","twitter_card":"summary_large_image","schema":{"@context":"https:\/\/schema.org","@graph":[{"@type":"WebPage","@id":"https:\/\/www.noticiasradioreflejos.com.ar\/2021\/invitando-a-todos-los-ninos-y-ninas-del-distritos-a-ver-algo-que-nunca-sucede-bruno-zacconi\/","url":"https:\/\/www.noticiasradioreflejos.com.ar\/2021\/invitando-a-todos-los-ninos-y-ninas-del-distritos-a-ver-algo-que-nunca-sucede-bruno-zacconi\/","name":"\"Invitando a todos los ni\u00f1os y ni\u00f1as del distritos a ver algo que nunca sucede\" - Bruno Zacconi - Noticias Radio Reflejos","isPartOf":{"@id":"https:\/\/www.noticiasradioreflejos.com.ar\/2021\/#website"},"primaryImageOfPage":{"@id":"https:\/\/www.noticiasradioreflejos.com.ar\/2021\/invitando-a-todos-los-ninos-y-ninas-del-distritos-a-ver-algo-que-nunca-sucede-bruno-zacconi\/#primaryimage"},"image":{"@id":"https:\/\/www.noticiasradioreflejos.com.ar\/2021\/invitando-a-todos-los-ninos-y-ninas-del-distritos-a-ver-algo-que-nunca-sucede-bruno-zacconi\/#primaryimage"},"thumbnailUrl":"https:\/\/live.staticflickr.com\/65535\/51046516216_5455483772_c.jpg","datePublished":"2021-03-17T16:39:57+00:00","dateModified":"2021-04-28T20:33:03+00:00","author":{"@id":"https:\/\/www.noticiasradioreflejos.com.ar\/2021\/#\/schema\/person\/ad82545263dcc5ec0996818884fd5fb1"},"breadcrumb":{"@id":"https:\/\/www.noticiasradioreflejos.com.ar\/2021\/invitando-a-todos-los-ninos-y-ninas-del-distritos-a-ver-algo-que-nunca-sucede-bruno-zacconi\/#breadcrumb"},"inLanguage":"es","potentialAction":[{"@type":"ReadAction","target":["https:\/\/www.noticiasradioreflejos.com.ar\/2021\/invitando-a-todos-los-ninos-y-ninas-del-distritos-a-ver-algo-que-nunca-sucede-bruno-zacconi\/"]}]},{"@type":"ImageObject","inLanguage":"es","@id":"https:\/\/www.noticiasradioreflejos.com.ar\/2021\/invitando-a-todos-los-ninos-y-ninas-del-distritos-a-ver-algo-que-nunca-sucede-bruno-zacconi\/#primaryimage","url":"https:\/\/live.staticflickr.com\/65535\/51046516216_5455483772_c.jpg","contentUrl":"https:\/\/live.staticflickr.com\/65535\/51046516216_5455483772_c.jpg"},{"@type":"BreadcrumbList","@id":"https:\/\/www.noticiasradioreflejos.com.ar\/2021\/invitando-a-todos-los-ninos-y-ninas-del-distritos-a-ver-algo-que-nunca-sucede-bruno-zacconi\/#breadcrumb","itemListElement":[{"@type":"ListItem","position":1,"name":"Portada","item":"https:\/\/www.noticiasradioreflejos.com.ar\/2021\/"},{"@type":"ListItem","position":2,"name":"\u00abInvitando a todos los ni\u00f1os y ni\u00f1as del distritos a ver algo que nunca sucede\u00bb &#8211; Bruno Zacconi"}]},{"@type":"WebSite","@id":"https:\/\/www.noticiasradioreflejos.com.ar\/2021\/#website","url":"https:\/\/www.noticiasradioreflejos.com.ar\/2021\/","name":"Noticias Radio Reflejos","description":"Las noticias de mi comarca","potentialAction":[{"@type":"SearchAction","target":{"@type":"EntryPoint","urlTemplate":"https:\/\/www.noticiasradioreflejos.com.ar\/2021\/?s={search_term_string}"},"query-input":{"@type":"PropertyValueSpecification","valueRequired":true,"valueName":"search_term_string"}}],"inLanguage":"es"},{"@type":"Person","@id":"https:\/\/www.noticiasradioreflejos.com.ar\/2021\/#\/schema\/person\/ad82545263dcc5ec0996818884fd5fb1","name":"Arnaldo Botto","image":{"@type":"ImageObject","inLanguage":"es","@id":"https:\/\/www.noticiasradioreflejos.com.ar\/2021\/#\/schema\/person\/image\/","url":"https:\/\/secure.gravatar.com\/avatar\/55cb5e37c1efa326397366e6974cb338056df65cb50e7d64d1cf314e87504837?s=96&d=mm&r=g","contentUrl":"https:\/\/secure.gravatar.com\/avatar\/55cb5e37c1efa326397366e6974cb338056df65cb50e7d64d1cf314e87504837?s=96&d=mm&r=g","caption":"Arnaldo Botto"},"url":"https:\/\/www.noticiasradioreflejos.com.ar\/2021\/author\/arnaldo\/"}]}},"_links":{"self":[{"href":"https:\/\/www.noticiasradioreflejos.com.ar\/2021\/wp-json\/wp\/v2\/posts\/54115","targetHints":{"allow":["GET"]}}],"collection":[{"href":"https:\/\/www.noticiasradioreflejos.com.ar\/2021\/wp-json\/wp\/v2\/posts"}],"about":[{"href":"https:\/\/www.noticiasradioreflejos.com.ar\/2021\/wp-json\/wp\/v2\/types\/post"}],"author":[{"embeddable":true,"href":"https:\/\/www.noticiasradioreflejos.com.ar\/2021\/wp-json\/wp\/v2\/users\/3"}],"replies":[{"embeddable":true,"href":"https:\/\/www.noticiasradioreflejos.com.ar\/2021\/wp-json\/wp\/v2\/comments?post=54115"}],"version-history":[{"count":1,"href":"https:\/\/www.noticiasradioreflejos.com.ar\/2021\/wp-json\/wp\/v2\/posts\/54115\/revisions"}],"predecessor-version":[{"id":55191,"href":"https:\/\/www.noticiasradioreflejos.com.ar\/2021\/wp-json\/wp\/v2\/posts\/54115\/revisions\/55191"}],"wp:attachment":[{"href":"https:\/\/www.noticiasradioreflejos.com.ar\/2021\/wp-json\/wp\/v2\/media?parent=54115"}],"wp:term":[{"taxonomy":"category","embeddable":true,"href":"https:\/\/www.noticiasradioreflejos.com.ar\/2021\/wp-json\/wp\/v2\/categories?post=54115"},{"taxonomy":"post_tag","embeddable":true,"href":"https:\/\/www.noticiasradioreflejos.com.ar\/2021\/wp-json\/wp\/v2\/tags?post=54115"}],"curies":[{"name":"wp","href":"https:\/\/api.w.org\/{rel}","templated":true}]}}