{"id":54111,"date":"2021-03-17T16:26:53","date_gmt":"2021-03-17T16:26:53","guid":{"rendered":"http:\/\/www.noticiasradioreflejos.com.ar\/noticias\/?p=54111"},"modified":"2021-04-28T20:33:23","modified_gmt":"2021-04-28T20:33:23","slug":"fauna-flora-y-arqueologia-en-huella-ancha-a-beneficio-de-el-junquero","status":"publish","type":"post","link":"https:\/\/www.noticiasradioreflejos.com.ar\/2021\/fauna-flora-y-arqueologia-en-huella-ancha-a-beneficio-de-el-junquero\/","title":{"rendered":"Fauna, flora y arqueolog\u00eda en \u00abHuella Ancha\u00bb a beneficio de \u00abEl Junquero\u00bb."},"content":{"rendered":"<p>Este domingo 21 de marzo a beneficio de la instituci\u00f3n educativa de Villa La Arcadia,\u00a0 se realizar\u00e1 una excursi\u00f3n dentro del Parque Provincial Ernesto Tornquist.\u00a0 Esta ma\u00f1ana conversamos con <strong>Samanta Cairo<\/strong>, profesional participante de la Escuela \u00abEl Junquero\u00bb. Samanta en esta nota invita a los oyentes a disfrutar de un paseo a \u00abHuella Ancha \u00bb .<!--more--><\/p>\n<p>\u00abVamos a hacer un paseo a Huella Ancha, se ingresa por la base del cerro Bah\u00eda Blanca. La convocatoria es a las 11 de la ma\u00f1ana, nos encontrar\u00edamos ah\u00ed para hacer el paseo\u00bb inform\u00f3 Samanta al comienzo de la nota. Resalt\u00f3 que es necesario que los interesados hagan su reserva para el paseo ya que hay un determinado cupo de personas por d\u00eda.<\/p>\n<p>\u00abEs una caminata leve, desde 5 a\u00f1os hasta adultos mayores lo pueden hacer porque no hay exigencia f\u00edsica\u00bb destac\u00f3 Samanta. La idea es caminar por adentro de la reserva unos 3 o 4 km donde se visitar\u00e1 un sitio arqueol\u00f3gico, haciendo paradas en funci\u00f3n de lo que la gente quiera preguntar. Luego, se almuerza al costado de un arroyo y, si la gente quiere caminar un poco m\u00e1s, se camina por ese sendero y se pega la vuelta.<\/p>\n<p>La excursi\u00f3n tiene un costo de $300 por persona, que ir\u00e1 a beneficio de El Junquero, instituci\u00f3n educativa de Villa La Arcadia.<\/p>\n<p>Nota completa a continuaci\u00f3n:<br \/>\n<iframe loading=\"lazy\" src=\"https:\/\/w.soundcloud.com\/player\/?url=https%3A\/\/api.soundcloud.com\/tracks\/1009797889&amp;color=%23ff5500&amp;auto_play=false&amp;hide_related=false&amp;show_comments=true&amp;show_user=true&amp;show_reposts=false&amp;show_teaser=true\" width=\"100%\" height=\"166\" frameborder=\"no\" scrolling=\"no\"><\/iframe><\/p>\n<div style=\"font-size: 10px; color: #cccccc; line-break: anywhere; word-break: normal; overflow: hidden; white-space: nowrap; text-overflow: ellipsis; font-family: Interstate,Lucida Grande,Lucida Sans Unicode,Lucida Sans,Garuda,Verdana,Tahoma,sans-serif; font-weight: 100;\"><a style=\"color: #cccccc; text-decoration: none;\" title=\"fmreflejos 103.7\" href=\"https:\/\/soundcloud.com\/fmreflejos-103-7\" target=\"_blank\" rel=\"noopener\">fmreflejos 103.7<\/a> \u00b7 <a style=\"color: #cccccc; text-decoration: none;\" title=\"Nota Samanta Cairo\" href=\"https:\/\/soundcloud.com\/fmreflejos-103-7\/nota-samanta-cairo\" target=\"_blank\" rel=\"noopener\">Nota Samanta Cairo<\/a><\/div>\n<p><a title=\"WhatsApp Image 2021-03-16 at 15.18.25\" href=\"https:\/\/www.flickr.com\/photos\/182279889@N02\/51047101601\/in\/dateposted-public\/\" data-flickr-embed=\"true\"><img loading=\"lazy\" decoding=\"async\" src=\"https:\/\/live.staticflickr.com\/65535\/51047101601_17bb6d7bee_c.jpg\" alt=\"WhatsApp Image 2021-03-16 at 15.18.25\" width=\"591\" height=\"800\" \/><\/a><script src=\"\/\/embedr.flickr.com\/assets\/client-code.js\" async=\"\" charset=\"utf-8\"><\/script><\/p>\n","protected":false},"excerpt":{"rendered":"<p>Este domingo 21 de marzo a beneficio de la instituci\u00f3n educativa de Villa La Arcadia,\u00a0 se realizar\u00e1 una excursi\u00f3n dentro del Parque Provincial Ernesto Tornquist.\u00a0 Esta ma\u00f1ana conversamos con Samanta Cairo, profesional participante de la Escuela \u00abEl Junquero\u00bb. Samanta en esta nota invita a los oyentes a disfrutar de un paseo a \u00abHuella Ancha \u00bb [&hellip;]<\/p>\n","protected":false},"author":3,"featured_media":0,"comment_status":"closed","ping_status":"open","sticky":false,"template":"","format":"standard","meta":{"footnotes":""},"categories":[34,33],"tags":[48],"class_list":["post-54111","post","type-post","status-publish","format-standard","hentry","category-educacion","category-turismo","tag-destacada"],"yoast_head":"<!-- This site is optimized with the Yoast SEO plugin v25.9 - https:\/\/yoast.com\/wordpress\/plugins\/seo\/ -->\n<title>Fauna, flora y arqueolog\u00eda en &quot;Huella Ancha&quot; a beneficio de &quot;El Junquero&quot;. - Noticias Radio Reflejos<\/title>\n<meta name=\"robots\" content=\"index, follow, max-snippet:-1, max-image-preview:large, max-video-preview:-1\" \/>\n<link rel=\"canonical\" href=\"https:\/\/www.noticiasradioreflejos.com.ar\/2021\/fauna-flora-y-arqueologia-en-huella-ancha-a-beneficio-de-el-junquero\/\" \/>\n<meta property=\"og:locale\" content=\"es_ES\" \/>\n<meta property=\"og:type\" content=\"article\" \/>\n<meta property=\"og:title\" content=\"Fauna, flora y arqueolog\u00eda en &quot;Huella Ancha&quot; a beneficio de &quot;El Junquero&quot;. - Noticias Radio Reflejos\" \/>\n<meta property=\"og:description\" content=\"Este domingo 21 de marzo a beneficio de la instituci\u00f3n educativa de Villa La Arcadia,\u00a0 se realizar\u00e1 una excursi\u00f3n dentro del Parque Provincial Ernesto Tornquist.\u00a0 Esta ma\u00f1ana conversamos con Samanta Cairo, profesional participante de la Escuela \u00abEl Junquero\u00bb. Samanta en esta nota invita a los oyentes a disfrutar de un paseo a \u00abHuella Ancha \u00bb [&hellip;]\" \/>\n<meta property=\"og:url\" content=\"https:\/\/www.noticiasradioreflejos.com.ar\/2021\/fauna-flora-y-arqueologia-en-huella-ancha-a-beneficio-de-el-junquero\/\" \/>\n<meta property=\"og:site_name\" content=\"Noticias Radio Reflejos\" \/>\n<meta property=\"article:published_time\" content=\"2021-03-17T16:26:53+00:00\" \/>\n<meta property=\"article:modified_time\" content=\"2021-04-28T20:33:23+00:00\" \/>\n<meta property=\"og:image\" content=\"https:\/\/live.staticflickr.com\/65535\/51047101601_17bb6d7bee_c.jpg\" \/>\n<meta name=\"author\" content=\"Arnaldo Botto\" \/>\n<meta name=\"twitter:card\" content=\"summary_large_image\" \/>\n<script type=\"application\/ld+json\" class=\"yoast-schema-graph\">{\"@context\":\"https:\/\/schema.org\",\"@graph\":[{\"@type\":\"WebPage\",\"@id\":\"https:\/\/www.noticiasradioreflejos.com.ar\/2021\/fauna-flora-y-arqueologia-en-huella-ancha-a-beneficio-de-el-junquero\/\",\"url\":\"https:\/\/www.noticiasradioreflejos.com.ar\/2021\/fauna-flora-y-arqueologia-en-huella-ancha-a-beneficio-de-el-junquero\/\",\"name\":\"Fauna, flora y arqueolog\u00eda en \\\"Huella Ancha\\\" a beneficio de \\\"El Junquero\\\". - Noticias Radio Reflejos\",\"isPartOf\":{\"@id\":\"https:\/\/www.noticiasradioreflejos.com.ar\/2021\/#website\"},\"primaryImageOfPage\":{\"@id\":\"https:\/\/www.noticiasradioreflejos.com.ar\/2021\/fauna-flora-y-arqueologia-en-huella-ancha-a-beneficio-de-el-junquero\/#primaryimage\"},\"image\":{\"@id\":\"https:\/\/www.noticiasradioreflejos.com.ar\/2021\/fauna-flora-y-arqueologia-en-huella-ancha-a-beneficio-de-el-junquero\/#primaryimage\"},\"thumbnailUrl\":\"https:\/\/live.staticflickr.com\/65535\/51047101601_17bb6d7bee_c.jpg\",\"datePublished\":\"2021-03-17T16:26:53+00:00\",\"dateModified\":\"2021-04-28T20:33:23+00:00\",\"author\":{\"@id\":\"https:\/\/www.noticiasradioreflejos.com.ar\/2021\/#\/schema\/person\/ad82545263dcc5ec0996818884fd5fb1\"},\"breadcrumb\":{\"@id\":\"https:\/\/www.noticiasradioreflejos.com.ar\/2021\/fauna-flora-y-arqueologia-en-huella-ancha-a-beneficio-de-el-junquero\/#breadcrumb\"},\"inLanguage\":\"es\",\"potentialAction\":[{\"@type\":\"ReadAction\",\"target\":[\"https:\/\/www.noticiasradioreflejos.com.ar\/2021\/fauna-flora-y-arqueologia-en-huella-ancha-a-beneficio-de-el-junquero\/\"]}]},{\"@type\":\"ImageObject\",\"inLanguage\":\"es\",\"@id\":\"https:\/\/www.noticiasradioreflejos.com.ar\/2021\/fauna-flora-y-arqueologia-en-huella-ancha-a-beneficio-de-el-junquero\/#primaryimage\",\"url\":\"https:\/\/live.staticflickr.com\/65535\/51047101601_17bb6d7bee_c.jpg\",\"contentUrl\":\"https:\/\/live.staticflickr.com\/65535\/51047101601_17bb6d7bee_c.jpg\"},{\"@type\":\"BreadcrumbList\",\"@id\":\"https:\/\/www.noticiasradioreflejos.com.ar\/2021\/fauna-flora-y-arqueologia-en-huella-ancha-a-beneficio-de-el-junquero\/#breadcrumb\",\"itemListElement\":[{\"@type\":\"ListItem\",\"position\":1,\"name\":\"Portada\",\"item\":\"https:\/\/www.noticiasradioreflejos.com.ar\/2021\/\"},{\"@type\":\"ListItem\",\"position\":2,\"name\":\"Fauna, flora y arqueolog\u00eda en \u00abHuella Ancha\u00bb a beneficio de \u00abEl Junquero\u00bb.\"}]},{\"@type\":\"WebSite\",\"@id\":\"https:\/\/www.noticiasradioreflejos.com.ar\/2021\/#website\",\"url\":\"https:\/\/www.noticiasradioreflejos.com.ar\/2021\/\",\"name\":\"Noticias Radio Reflejos\",\"description\":\"Las noticias de mi comarca\",\"potentialAction\":[{\"@type\":\"SearchAction\",\"target\":{\"@type\":\"EntryPoint\",\"urlTemplate\":\"https:\/\/www.noticiasradioreflejos.com.ar\/2021\/?s={search_term_string}\"},\"query-input\":{\"@type\":\"PropertyValueSpecification\",\"valueRequired\":true,\"valueName\":\"search_term_string\"}}],\"inLanguage\":\"es\"},{\"@type\":\"Person\",\"@id\":\"https:\/\/www.noticiasradioreflejos.com.ar\/2021\/#\/schema\/person\/ad82545263dcc5ec0996818884fd5fb1\",\"name\":\"Arnaldo Botto\",\"image\":{\"@type\":\"ImageObject\",\"inLanguage\":\"es\",\"@id\":\"https:\/\/www.noticiasradioreflejos.com.ar\/2021\/#\/schema\/person\/image\/\",\"url\":\"https:\/\/secure.gravatar.com\/avatar\/55cb5e37c1efa326397366e6974cb338056df65cb50e7d64d1cf314e87504837?s=96&d=mm&r=g\",\"contentUrl\":\"https:\/\/secure.gravatar.com\/avatar\/55cb5e37c1efa326397366e6974cb338056df65cb50e7d64d1cf314e87504837?s=96&d=mm&r=g\",\"caption\":\"Arnaldo Botto\"},\"url\":\"https:\/\/www.noticiasradioreflejos.com.ar\/2021\/author\/arnaldo\/\"}]}<\/script>\n<!-- \/ Yoast SEO plugin. -->","yoast_head_json":{"title":"Fauna, flora y arqueolog\u00eda en \"Huella Ancha\" a beneficio de \"El Junquero\". - Noticias Radio Reflejos","robots":{"index":"index","follow":"follow","max-snippet":"max-snippet:-1","max-image-preview":"max-image-preview:large","max-video-preview":"max-video-preview:-1"},"canonical":"https:\/\/www.noticiasradioreflejos.com.ar\/2021\/fauna-flora-y-arqueologia-en-huella-ancha-a-beneficio-de-el-junquero\/","og_locale":"es_ES","og_type":"article","og_title":"Fauna, flora y arqueolog\u00eda en \"Huella Ancha\" a beneficio de \"El Junquero\". - Noticias Radio Reflejos","og_description":"Este domingo 21 de marzo a beneficio de la instituci\u00f3n educativa de Villa La Arcadia,\u00a0 se realizar\u00e1 una excursi\u00f3n dentro del Parque Provincial Ernesto Tornquist.\u00a0 Esta ma\u00f1ana conversamos con Samanta Cairo, profesional participante de la Escuela \u00abEl Junquero\u00bb. Samanta en esta nota invita a los oyentes a disfrutar de un paseo a \u00abHuella Ancha \u00bb [&hellip;]","og_url":"https:\/\/www.noticiasradioreflejos.com.ar\/2021\/fauna-flora-y-arqueologia-en-huella-ancha-a-beneficio-de-el-junquero\/","og_site_name":"Noticias Radio Reflejos","article_published_time":"2021-03-17T16:26:53+00:00","article_modified_time":"2021-04-28T20:33:23+00:00","og_image":[{"url":"https:\/\/live.staticflickr.com\/65535\/51047101601_17bb6d7bee_c.jpg","type":"","width":"","height":""}],"author":"Arnaldo Botto","twitter_card":"summary_large_image","schema":{"@context":"https:\/\/schema.org","@graph":[{"@type":"WebPage","@id":"https:\/\/www.noticiasradioreflejos.com.ar\/2021\/fauna-flora-y-arqueologia-en-huella-ancha-a-beneficio-de-el-junquero\/","url":"https:\/\/www.noticiasradioreflejos.com.ar\/2021\/fauna-flora-y-arqueologia-en-huella-ancha-a-beneficio-de-el-junquero\/","name":"Fauna, flora y arqueolog\u00eda en \"Huella Ancha\" a beneficio de \"El Junquero\". - Noticias Radio Reflejos","isPartOf":{"@id":"https:\/\/www.noticiasradioreflejos.com.ar\/2021\/#website"},"primaryImageOfPage":{"@id":"https:\/\/www.noticiasradioreflejos.com.ar\/2021\/fauna-flora-y-arqueologia-en-huella-ancha-a-beneficio-de-el-junquero\/#primaryimage"},"image":{"@id":"https:\/\/www.noticiasradioreflejos.com.ar\/2021\/fauna-flora-y-arqueologia-en-huella-ancha-a-beneficio-de-el-junquero\/#primaryimage"},"thumbnailUrl":"https:\/\/live.staticflickr.com\/65535\/51047101601_17bb6d7bee_c.jpg","datePublished":"2021-03-17T16:26:53+00:00","dateModified":"2021-04-28T20:33:23+00:00","author":{"@id":"https:\/\/www.noticiasradioreflejos.com.ar\/2021\/#\/schema\/person\/ad82545263dcc5ec0996818884fd5fb1"},"breadcrumb":{"@id":"https:\/\/www.noticiasradioreflejos.com.ar\/2021\/fauna-flora-y-arqueologia-en-huella-ancha-a-beneficio-de-el-junquero\/#breadcrumb"},"inLanguage":"es","potentialAction":[{"@type":"ReadAction","target":["https:\/\/www.noticiasradioreflejos.com.ar\/2021\/fauna-flora-y-arqueologia-en-huella-ancha-a-beneficio-de-el-junquero\/"]}]},{"@type":"ImageObject","inLanguage":"es","@id":"https:\/\/www.noticiasradioreflejos.com.ar\/2021\/fauna-flora-y-arqueologia-en-huella-ancha-a-beneficio-de-el-junquero\/#primaryimage","url":"https:\/\/live.staticflickr.com\/65535\/51047101601_17bb6d7bee_c.jpg","contentUrl":"https:\/\/live.staticflickr.com\/65535\/51047101601_17bb6d7bee_c.jpg"},{"@type":"BreadcrumbList","@id":"https:\/\/www.noticiasradioreflejos.com.ar\/2021\/fauna-flora-y-arqueologia-en-huella-ancha-a-beneficio-de-el-junquero\/#breadcrumb","itemListElement":[{"@type":"ListItem","position":1,"name":"Portada","item":"https:\/\/www.noticiasradioreflejos.com.ar\/2021\/"},{"@type":"ListItem","position":2,"name":"Fauna, flora y arqueolog\u00eda en \u00abHuella Ancha\u00bb a beneficio de \u00abEl Junquero\u00bb."}]},{"@type":"WebSite","@id":"https:\/\/www.noticiasradioreflejos.com.ar\/2021\/#website","url":"https:\/\/www.noticiasradioreflejos.com.ar\/2021\/","name":"Noticias Radio Reflejos","description":"Las noticias de mi comarca","potentialAction":[{"@type":"SearchAction","target":{"@type":"EntryPoint","urlTemplate":"https:\/\/www.noticiasradioreflejos.com.ar\/2021\/?s={search_term_string}"},"query-input":{"@type":"PropertyValueSpecification","valueRequired":true,"valueName":"search_term_string"}}],"inLanguage":"es"},{"@type":"Person","@id":"https:\/\/www.noticiasradioreflejos.com.ar\/2021\/#\/schema\/person\/ad82545263dcc5ec0996818884fd5fb1","name":"Arnaldo Botto","image":{"@type":"ImageObject","inLanguage":"es","@id":"https:\/\/www.noticiasradioreflejos.com.ar\/2021\/#\/schema\/person\/image\/","url":"https:\/\/secure.gravatar.com\/avatar\/55cb5e37c1efa326397366e6974cb338056df65cb50e7d64d1cf314e87504837?s=96&d=mm&r=g","contentUrl":"https:\/\/secure.gravatar.com\/avatar\/55cb5e37c1efa326397366e6974cb338056df65cb50e7d64d1cf314e87504837?s=96&d=mm&r=g","caption":"Arnaldo Botto"},"url":"https:\/\/www.noticiasradioreflejos.com.ar\/2021\/author\/arnaldo\/"}]}},"_links":{"self":[{"href":"https:\/\/www.noticiasradioreflejos.com.ar\/2021\/wp-json\/wp\/v2\/posts\/54111","targetHints":{"allow":["GET"]}}],"collection":[{"href":"https:\/\/www.noticiasradioreflejos.com.ar\/2021\/wp-json\/wp\/v2\/posts"}],"about":[{"href":"https:\/\/www.noticiasradioreflejos.com.ar\/2021\/wp-json\/wp\/v2\/types\/post"}],"author":[{"embeddable":true,"href":"https:\/\/www.noticiasradioreflejos.com.ar\/2021\/wp-json\/wp\/v2\/users\/3"}],"replies":[{"embeddable":true,"href":"https:\/\/www.noticiasradioreflejos.com.ar\/2021\/wp-json\/wp\/v2\/comments?post=54111"}],"version-history":[{"count":1,"href":"https:\/\/www.noticiasradioreflejos.com.ar\/2021\/wp-json\/wp\/v2\/posts\/54111\/revisions"}],"predecessor-version":[{"id":55192,"href":"https:\/\/www.noticiasradioreflejos.com.ar\/2021\/wp-json\/wp\/v2\/posts\/54111\/revisions\/55192"}],"wp:attachment":[{"href":"https:\/\/www.noticiasradioreflejos.com.ar\/2021\/wp-json\/wp\/v2\/media?parent=54111"}],"wp:term":[{"taxonomy":"category","embeddable":true,"href":"https:\/\/www.noticiasradioreflejos.com.ar\/2021\/wp-json\/wp\/v2\/categories?post=54111"},{"taxonomy":"post_tag","embeddable":true,"href":"https:\/\/www.noticiasradioreflejos.com.ar\/2021\/wp-json\/wp\/v2\/tags?post=54111"}],"curies":[{"name":"wp","href":"https:\/\/api.w.org\/{rel}","templated":true}]}}