{"id":54109,"date":"2021-03-17T16:17:17","date_gmt":"2021-03-17T16:17:17","guid":{"rendered":"http:\/\/www.noticiasradioreflejos.com.ar\/noticias\/?p=54109"},"modified":"2021-04-28T20:34:06","modified_gmt":"2021-04-28T20:34:06","slug":"el-subcomite-de-sierra-de-la-ventana-estara-habilitado-el-domingo-21-para-las-elecciones-internas-de-la-ucr","status":"publish","type":"post","link":"https:\/\/www.noticiasradioreflejos.com.ar\/2021\/el-subcomite-de-sierra-de-la-ventana-estara-habilitado-el-domingo-21-para-las-elecciones-internas-de-la-ucr\/","title":{"rendered":"El Subcomit\u00e9 de Sierra de la Ventana estar\u00e1 habilitado el domingo 21 para las elecciones internas de la UCR."},"content":{"rendered":"<p><strong>Sandra Kiffer<\/strong> es la Presidenta del Subcomit\u00e9 de la<strong> UCR de Sierra de la Ventana<\/strong> y esta ma\u00f1ana estuvimos conversando con ella para que nos cuente c\u00f3mo se desarrollar\u00e1n las elecciones internas\u00a0en la Pcia de Buenos Aires del pr\u00f3ximo domingo 21 de marzo.<!--more--><\/p>\n<p>\u00abEl Domingo 21 de Marzo de 8 a 18hs los esperamos a todos los afiliados de la UCR a participar de este acto electoral que le hace tanto bien al partido\u00bb inform\u00f3 Sandra al comenzar la nota. Sostiene que est\u00e1 bueno que ocurran estas elecciones internas ya que movilizan al afiliado y lo invita a participar.<\/p>\n<p>En el Subcomit\u00e9 de Sierra de la Ventana hay 134 afiliados a la UCR y 850 empadronados para votar en todo Tornquist. Sandra coment\u00f3 que en Septiembre del 2020, movilizados por la necesidad de tener un espacio donde poder expresar sus ideas pol\u00edticas, lograron hacer la reapertura del Subcomit\u00e9 gracias a que una afiliada les prest\u00f3 el local.<\/p>\n<p>\u00abDesde que abrimos, comenzamos a revisar el padr\u00f3n, a visitar a los afiliados y esperamos la visita a todo aquel que quiera participar y se quiera sumar. Sabemos que hay una necesidad en la gente que quiere ser escuchada\u00bb. Sandra comunic\u00f3 que el subcomit\u00e9 se encuentra abierto todos los S\u00e1bados a partir de las 18:30hs para quien quiera acercarse. El mismo funcionar\u00e1 como un nexo entre Sierra de la Ventana y el comit\u00e9 de Tornquist.<\/p>\n<p>\u00abEs muy probable que los afiliados de todos los distritos puedan votar en cualquiera de las localidades, siempre y cuando no hayan votado en su lugar de residencia\u00bb explic\u00f3 Sandra c\u00f3mo ser\u00e1n las condiciones de voto.<\/p>\n<p>Este Domingo los afiliados encontrar\u00e1n dos listas: la Lista 23 y la Lista 14. \u00abEn nuestra comisi\u00f3n hay diferentes opiniones, entonces le damos la libertad al afiliado de que pueda acercarse y elegir la opci\u00f3n que mejor lo represente\u00bb expres\u00f3 la Presidenta del subcomit\u00e9.<\/p>\n<p><strong>Nota completa a continuaci\u00f3n:<\/strong><br \/>\n<iframe loading=\"lazy\" src=\"https:\/\/w.soundcloud.com\/player\/?url=https%3A\/\/api.soundcloud.com\/tracks\/1009796440&amp;color=%23ff5500&amp;auto_play=false&amp;hide_related=false&amp;show_comments=true&amp;show_user=true&amp;show_reposts=false&amp;show_teaser=true\" width=\"100%\" height=\"166\" frameborder=\"no\" scrolling=\"no\"><\/iframe><\/p>\n<div style=\"font-size: 10px; color: #cccccc; line-break: anywhere; word-break: normal; overflow: hidden; white-space: nowrap; text-overflow: ellipsis; font-family: Interstate,Lucida Grande,Lucida Sans Unicode,Lucida Sans,Garuda,Verdana,Tahoma,sans-serif; font-weight: 100;\"><a style=\"color: #cccccc; text-decoration: none;\" title=\"fmreflejos 103.7\" href=\"https:\/\/soundcloud.com\/fmreflejos-103-7\" target=\"_blank\" rel=\"noopener\">fmreflejos 103.7<\/a> \u00b7 <a style=\"color: #cccccc; text-decoration: none;\" title=\"Nota Sandra Kiffer\" href=\"https:\/\/soundcloud.com\/fmreflejos-103-7\/nota-sandra-kiffer\" target=\"_blank\" rel=\"noopener\">Nota Sandra Kiffer<\/a><\/div>\n","protected":false},"excerpt":{"rendered":"<p>Sandra Kiffer es la Presidenta del Subcomit\u00e9 de la UCR de Sierra de la Ventana y esta ma\u00f1ana estuvimos conversando con ella para que nos cuente c\u00f3mo se desarrollar\u00e1n las elecciones internas\u00a0en la Pcia de Buenos Aires del pr\u00f3ximo domingo 21 de marzo.<\/p>\n","protected":false},"author":3,"featured_media":0,"comment_status":"closed","ping_status":"open","sticky":false,"template":"","format":"standard","meta":{"footnotes":""},"categories":[24],"tags":[48],"class_list":["post-54109","post","type-post","status-publish","format-standard","hentry","category-politica","tag-destacada"],"yoast_head":"<!-- This site is optimized with the Yoast SEO plugin v25.9 - https:\/\/yoast.com\/wordpress\/plugins\/seo\/ -->\n<title>El Subcomit\u00e9 de Sierra de la Ventana estar\u00e1 habilitado el domingo 21 para las elecciones internas de la UCR. - Noticias Radio Reflejos<\/title>\n<meta name=\"robots\" content=\"index, follow, max-snippet:-1, max-image-preview:large, max-video-preview:-1\" \/>\n<link rel=\"canonical\" href=\"https:\/\/www.noticiasradioreflejos.com.ar\/2021\/el-subcomite-de-sierra-de-la-ventana-estara-habilitado-el-domingo-21-para-las-elecciones-internas-de-la-ucr\/\" \/>\n<meta property=\"og:locale\" content=\"es_ES\" \/>\n<meta property=\"og:type\" content=\"article\" \/>\n<meta property=\"og:title\" content=\"El Subcomit\u00e9 de Sierra de la Ventana estar\u00e1 habilitado el domingo 21 para las elecciones internas de la UCR. - Noticias Radio Reflejos\" \/>\n<meta property=\"og:description\" content=\"Sandra Kiffer es la Presidenta del Subcomit\u00e9 de la UCR de Sierra de la Ventana y esta ma\u00f1ana estuvimos conversando con ella para que nos cuente c\u00f3mo se desarrollar\u00e1n las elecciones internas\u00a0en la Pcia de Buenos Aires del pr\u00f3ximo domingo 21 de marzo.\" \/>\n<meta property=\"og:url\" content=\"https:\/\/www.noticiasradioreflejos.com.ar\/2021\/el-subcomite-de-sierra-de-la-ventana-estara-habilitado-el-domingo-21-para-las-elecciones-internas-de-la-ucr\/\" \/>\n<meta property=\"og:site_name\" content=\"Noticias Radio Reflejos\" \/>\n<meta property=\"article:published_time\" content=\"2021-03-17T16:17:17+00:00\" \/>\n<meta property=\"article:modified_time\" content=\"2021-04-28T20:34:06+00:00\" \/>\n<meta property=\"og:image\" content=\"https:\/\/www.noticiasradioreflejos.com.ar\/2021\/wp-content\/uploads\/2021\/07\/logosol300x200.png\" \/>\n\t<meta property=\"og:image:width\" content=\"300\" \/>\n\t<meta property=\"og:image:height\" content=\"200\" \/>\n\t<meta property=\"og:image:type\" content=\"image\/png\" \/>\n<meta name=\"author\" content=\"Arnaldo Botto\" \/>\n<meta name=\"twitter:card\" content=\"summary_large_image\" \/>\n<script type=\"application\/ld+json\" class=\"yoast-schema-graph\">{\"@context\":\"https:\/\/schema.org\",\"@graph\":[{\"@type\":\"WebPage\",\"@id\":\"https:\/\/www.noticiasradioreflejos.com.ar\/2021\/el-subcomite-de-sierra-de-la-ventana-estara-habilitado-el-domingo-21-para-las-elecciones-internas-de-la-ucr\/\",\"url\":\"https:\/\/www.noticiasradioreflejos.com.ar\/2021\/el-subcomite-de-sierra-de-la-ventana-estara-habilitado-el-domingo-21-para-las-elecciones-internas-de-la-ucr\/\",\"name\":\"El Subcomit\u00e9 de Sierra de la Ventana estar\u00e1 habilitado el domingo 21 para las elecciones internas de la UCR. - Noticias Radio Reflejos\",\"isPartOf\":{\"@id\":\"https:\/\/www.noticiasradioreflejos.com.ar\/2021\/#website\"},\"datePublished\":\"2021-03-17T16:17:17+00:00\",\"dateModified\":\"2021-04-28T20:34:06+00:00\",\"author\":{\"@id\":\"https:\/\/www.noticiasradioreflejos.com.ar\/2021\/#\/schema\/person\/ad82545263dcc5ec0996818884fd5fb1\"},\"breadcrumb\":{\"@id\":\"https:\/\/www.noticiasradioreflejos.com.ar\/2021\/el-subcomite-de-sierra-de-la-ventana-estara-habilitado-el-domingo-21-para-las-elecciones-internas-de-la-ucr\/#breadcrumb\"},\"inLanguage\":\"es\",\"potentialAction\":[{\"@type\":\"ReadAction\",\"target\":[\"https:\/\/www.noticiasradioreflejos.com.ar\/2021\/el-subcomite-de-sierra-de-la-ventana-estara-habilitado-el-domingo-21-para-las-elecciones-internas-de-la-ucr\/\"]}]},{\"@type\":\"BreadcrumbList\",\"@id\":\"https:\/\/www.noticiasradioreflejos.com.ar\/2021\/el-subcomite-de-sierra-de-la-ventana-estara-habilitado-el-domingo-21-para-las-elecciones-internas-de-la-ucr\/#breadcrumb\",\"itemListElement\":[{\"@type\":\"ListItem\",\"position\":1,\"name\":\"Portada\",\"item\":\"https:\/\/www.noticiasradioreflejos.com.ar\/2021\/\"},{\"@type\":\"ListItem\",\"position\":2,\"name\":\"El Subcomit\u00e9 de Sierra de la Ventana estar\u00e1 habilitado el domingo 21 para las elecciones internas de la UCR.\"}]},{\"@type\":\"WebSite\",\"@id\":\"https:\/\/www.noticiasradioreflejos.com.ar\/2021\/#website\",\"url\":\"https:\/\/www.noticiasradioreflejos.com.ar\/2021\/\",\"name\":\"Noticias Radio Reflejos\",\"description\":\"Las noticias de mi comarca\",\"potentialAction\":[{\"@type\":\"SearchAction\",\"target\":{\"@type\":\"EntryPoint\",\"urlTemplate\":\"https:\/\/www.noticiasradioreflejos.com.ar\/2021\/?s={search_term_string}\"},\"query-input\":{\"@type\":\"PropertyValueSpecification\",\"valueRequired\":true,\"valueName\":\"search_term_string\"}}],\"inLanguage\":\"es\"},{\"@type\":\"Person\",\"@id\":\"https:\/\/www.noticiasradioreflejos.com.ar\/2021\/#\/schema\/person\/ad82545263dcc5ec0996818884fd5fb1\",\"name\":\"Arnaldo Botto\",\"image\":{\"@type\":\"ImageObject\",\"inLanguage\":\"es\",\"@id\":\"https:\/\/www.noticiasradioreflejos.com.ar\/2021\/#\/schema\/person\/image\/\",\"url\":\"https:\/\/secure.gravatar.com\/avatar\/55cb5e37c1efa326397366e6974cb338056df65cb50e7d64d1cf314e87504837?s=96&d=mm&r=g\",\"contentUrl\":\"https:\/\/secure.gravatar.com\/avatar\/55cb5e37c1efa326397366e6974cb338056df65cb50e7d64d1cf314e87504837?s=96&d=mm&r=g\",\"caption\":\"Arnaldo Botto\"},\"url\":\"https:\/\/www.noticiasradioreflejos.com.ar\/2021\/author\/arnaldo\/\"}]}<\/script>\n<!-- \/ Yoast SEO plugin. -->","yoast_head_json":{"title":"El Subcomit\u00e9 de Sierra de la Ventana estar\u00e1 habilitado el domingo 21 para las elecciones internas de la UCR. - Noticias Radio Reflejos","robots":{"index":"index","follow":"follow","max-snippet":"max-snippet:-1","max-image-preview":"max-image-preview:large","max-video-preview":"max-video-preview:-1"},"canonical":"https:\/\/www.noticiasradioreflejos.com.ar\/2021\/el-subcomite-de-sierra-de-la-ventana-estara-habilitado-el-domingo-21-para-las-elecciones-internas-de-la-ucr\/","og_locale":"es_ES","og_type":"article","og_title":"El Subcomit\u00e9 de Sierra de la Ventana estar\u00e1 habilitado el domingo 21 para las elecciones internas de la UCR. - Noticias Radio Reflejos","og_description":"Sandra Kiffer es la Presidenta del Subcomit\u00e9 de la UCR de Sierra de la Ventana y esta ma\u00f1ana estuvimos conversando con ella para que nos cuente c\u00f3mo se desarrollar\u00e1n las elecciones internas\u00a0en la Pcia de Buenos Aires del pr\u00f3ximo domingo 21 de marzo.","og_url":"https:\/\/www.noticiasradioreflejos.com.ar\/2021\/el-subcomite-de-sierra-de-la-ventana-estara-habilitado-el-domingo-21-para-las-elecciones-internas-de-la-ucr\/","og_site_name":"Noticias Radio Reflejos","article_published_time":"2021-03-17T16:17:17+00:00","article_modified_time":"2021-04-28T20:34:06+00:00","og_image":[{"width":300,"height":200,"url":"https:\/\/www.noticiasradioreflejos.com.ar\/2021\/wp-content\/uploads\/2021\/07\/logosol300x200.png","type":"image\/png"}],"author":"Arnaldo Botto","twitter_card":"summary_large_image","schema":{"@context":"https:\/\/schema.org","@graph":[{"@type":"WebPage","@id":"https:\/\/www.noticiasradioreflejos.com.ar\/2021\/el-subcomite-de-sierra-de-la-ventana-estara-habilitado-el-domingo-21-para-las-elecciones-internas-de-la-ucr\/","url":"https:\/\/www.noticiasradioreflejos.com.ar\/2021\/el-subcomite-de-sierra-de-la-ventana-estara-habilitado-el-domingo-21-para-las-elecciones-internas-de-la-ucr\/","name":"El Subcomit\u00e9 de Sierra de la Ventana estar\u00e1 habilitado el domingo 21 para las elecciones internas de la UCR. - Noticias Radio Reflejos","isPartOf":{"@id":"https:\/\/www.noticiasradioreflejos.com.ar\/2021\/#website"},"datePublished":"2021-03-17T16:17:17+00:00","dateModified":"2021-04-28T20:34:06+00:00","author":{"@id":"https:\/\/www.noticiasradioreflejos.com.ar\/2021\/#\/schema\/person\/ad82545263dcc5ec0996818884fd5fb1"},"breadcrumb":{"@id":"https:\/\/www.noticiasradioreflejos.com.ar\/2021\/el-subcomite-de-sierra-de-la-ventana-estara-habilitado-el-domingo-21-para-las-elecciones-internas-de-la-ucr\/#breadcrumb"},"inLanguage":"es","potentialAction":[{"@type":"ReadAction","target":["https:\/\/www.noticiasradioreflejos.com.ar\/2021\/el-subcomite-de-sierra-de-la-ventana-estara-habilitado-el-domingo-21-para-las-elecciones-internas-de-la-ucr\/"]}]},{"@type":"BreadcrumbList","@id":"https:\/\/www.noticiasradioreflejos.com.ar\/2021\/el-subcomite-de-sierra-de-la-ventana-estara-habilitado-el-domingo-21-para-las-elecciones-internas-de-la-ucr\/#breadcrumb","itemListElement":[{"@type":"ListItem","position":1,"name":"Portada","item":"https:\/\/www.noticiasradioreflejos.com.ar\/2021\/"},{"@type":"ListItem","position":2,"name":"El Subcomit\u00e9 de Sierra de la Ventana estar\u00e1 habilitado el domingo 21 para las elecciones internas de la UCR."}]},{"@type":"WebSite","@id":"https:\/\/www.noticiasradioreflejos.com.ar\/2021\/#website","url":"https:\/\/www.noticiasradioreflejos.com.ar\/2021\/","name":"Noticias Radio Reflejos","description":"Las noticias de mi comarca","potentialAction":[{"@type":"SearchAction","target":{"@type":"EntryPoint","urlTemplate":"https:\/\/www.noticiasradioreflejos.com.ar\/2021\/?s={search_term_string}"},"query-input":{"@type":"PropertyValueSpecification","valueRequired":true,"valueName":"search_term_string"}}],"inLanguage":"es"},{"@type":"Person","@id":"https:\/\/www.noticiasradioreflejos.com.ar\/2021\/#\/schema\/person\/ad82545263dcc5ec0996818884fd5fb1","name":"Arnaldo Botto","image":{"@type":"ImageObject","inLanguage":"es","@id":"https:\/\/www.noticiasradioreflejos.com.ar\/2021\/#\/schema\/person\/image\/","url":"https:\/\/secure.gravatar.com\/avatar\/55cb5e37c1efa326397366e6974cb338056df65cb50e7d64d1cf314e87504837?s=96&d=mm&r=g","contentUrl":"https:\/\/secure.gravatar.com\/avatar\/55cb5e37c1efa326397366e6974cb338056df65cb50e7d64d1cf314e87504837?s=96&d=mm&r=g","caption":"Arnaldo Botto"},"url":"https:\/\/www.noticiasradioreflejos.com.ar\/2021\/author\/arnaldo\/"}]}},"_links":{"self":[{"href":"https:\/\/www.noticiasradioreflejos.com.ar\/2021\/wp-json\/wp\/v2\/posts\/54109","targetHints":{"allow":["GET"]}}],"collection":[{"href":"https:\/\/www.noticiasradioreflejos.com.ar\/2021\/wp-json\/wp\/v2\/posts"}],"about":[{"href":"https:\/\/www.noticiasradioreflejos.com.ar\/2021\/wp-json\/wp\/v2\/types\/post"}],"author":[{"embeddable":true,"href":"https:\/\/www.noticiasradioreflejos.com.ar\/2021\/wp-json\/wp\/v2\/users\/3"}],"replies":[{"embeddable":true,"href":"https:\/\/www.noticiasradioreflejos.com.ar\/2021\/wp-json\/wp\/v2\/comments?post=54109"}],"version-history":[{"count":1,"href":"https:\/\/www.noticiasradioreflejos.com.ar\/2021\/wp-json\/wp\/v2\/posts\/54109\/revisions"}],"predecessor-version":[{"id":55193,"href":"https:\/\/www.noticiasradioreflejos.com.ar\/2021\/wp-json\/wp\/v2\/posts\/54109\/revisions\/55193"}],"wp:attachment":[{"href":"https:\/\/www.noticiasradioreflejos.com.ar\/2021\/wp-json\/wp\/v2\/media?parent=54109"}],"wp:term":[{"taxonomy":"category","embeddable":true,"href":"https:\/\/www.noticiasradioreflejos.com.ar\/2021\/wp-json\/wp\/v2\/categories?post=54109"},{"taxonomy":"post_tag","embeddable":true,"href":"https:\/\/www.noticiasradioreflejos.com.ar\/2021\/wp-json\/wp\/v2\/tags?post=54109"}],"curies":[{"name":"wp","href":"https:\/\/api.w.org\/{rel}","templated":true}]}}