{"id":54099,"date":"2021-03-17T14:08:22","date_gmt":"2021-03-17T17:08:22","guid":{"rendered":"http:\/\/www.noticiasradioreflejos.com.ar\/noticias\/?p=54099"},"modified":"2021-03-17T14:08:22","modified_gmt":"2021-03-17T17:08:22","slug":"posse-la-ucr-fue-sometida-a-una-sumision-no-fuimos-ni-socios-menores-en-jxc","status":"publish","type":"post","link":"https:\/\/www.noticiasradioreflejos.com.ar\/2021\/posse-la-ucr-fue-sometida-a-una-sumision-no-fuimos-ni-socios-menores-en-jxc\/","title":{"rendered":"Posse: \u00abLa UCR fue sometida a una sumisi\u00f3n; no fuimos ni socios menores en JxC\u00bb"},"content":{"rendered":"<p>El pr\u00f3ximo domingo, el intendente de San Isidro competir\u00e1 en la interna del radicalismo bonaerense como candidato a presidir el Comit\u00e9 Provincia, con una lista llamada \u201cProtagonismo Radical\u201d.<!--more--><\/p>\n<div id=\"image\" class=\"image\"><img decoding=\"async\" title=\"Gustavo Posse competir\u00e1 en la interna del radicalismo bonaerense, como candidato a presidir el Comit\u00e9 Provincia.\" src=\"https:\/\/www.telam.com.ar\/advf\/imagenes\/2021\/03\/6051f9dc5d5df_1004x565.jpg\" alt=\"Gustavo Posse competir\u00e1 en la interna del radicalismo bonaerense, como candidato a presidir el Comit\u00e9 Provincia.\" \/><\/p>\n<div class=\"epigrafe\">Gustavo Posse competir\u00e1 en la interna del radicalismo bonaerense, como candidato a presidir el Comit\u00e9 Provincia.<\/div>\n<\/div>\n<p>El\u00a0<strong>intendente de San Isidro, Gustavo Posse<\/strong>, asegur\u00f3 este mi\u00e9rcoles que dentro de la coalici\u00f3n Juntos por el Cambio, con el PRO, los radicales no fueron \u201cni socios menores\u00bb y dijo que el radicalismo fue \u00absometido a una sumisi\u00f3n, a un servilismo que nunca se hab\u00eda visto\u00bb dado que les \u00absaqueaban las listas\u201d.<\/p>\n<p>\u201cEsto no es culpa del PRO, pero ocurre cuando uno no marca el l\u00edmite. El radicalismo est\u00e1 hecho para conducir, no para ser manejado\u201d, afirm\u00f3 Posse esta ma\u00f1ana en declaraciones a Radio 10.<\/p>\n<p>En ese marco, el jefe comunal agreg\u00f3: \u201c<strong>Nos saqueaban las listas del radicalismo a mano de dirigentes que no ten\u00edan representaci\u00f3n, saqueaban las listas y cambiaban los domicilios de las personas<\/strong>\u201d para que pudieran ser candidatos.<\/p>\n<p>Posse competir\u00e1 el\u00a0<strong>pr\u00f3ximo domingo en la interna del radicalismo bonaerense como candidato a presidir el Comit\u00e9 Provincia<\/strong>, con una lista llamada \u201cProtagonismo Radical\u201d.<\/p>\n<blockquote><p>\u201cEl peso del radicalismo convoca a la realizaci\u00f3n de un frente, no nos podemos dividir en una constelaci\u00f3n de partido\u00bb<\/p>\n<div class=\"sign\">GUSTAVO POSSE<\/div>\n<\/blockquote>\n<p>El jefe comunal sanisidrense, con el apoyo del senador nacional Mart\u00edn Lousteau y de los dirigentes hist\u00f3ricos Federico Storani y Juan Manuel Casella, competir\u00e1 contra la lista del oficialismo, encabezada por el diputado provincial Maximiliano Abad, quien est\u00e1 respaldado por el exvicegobernador bonaerense Daniel Salvador.<\/p>\n<p>\u201cBuscamos que el radicalismo salga del esquema perverso por el cual dirigentes nacionales de otras provincias compiten en Buenos Aires, ya que el radicalismo fue entregado en la provincia de Buenos Aires\u201d, argument\u00f3 hoy Posse.<\/p>\n<p>\u201cRatificamos Juntos por el Cambio pero\u00a0<strong>reformulamos la relaci\u00f3n con Juntos por el Cambio, y el radicalismo pasa a ser socio pleno y convocante<\/strong>, un socio que est\u00e1 en condiciones de sostener un frente\u201d, argument\u00f3,<\/p>\n<p>En este sentido, indic\u00f3 que \u201cel radicalismo no se baja de los postulados de salud p\u00fablica, de educaci\u00f3n p\u00fablica, de defensa contra las importaciones indiscriminadas\u201d.<\/p>\n<blockquote class=\"small-left\"><p>\u00abEn el partido hay una reconstrucci\u00f3n\u201d<\/p>\n<div class=\"sign\"><strong>GUSTAVO POSSE<\/strong><\/div>\n<\/blockquote>\n<p>Ante una consulta sobre si el radicalismo deber\u00eda volver a presentarse como partido propio, por fuera de Juntos por el Cambio, dijo que \u201cel mundo hoy no es un mundo de bipartidismo sino que cada partido importante arma un frente\u201d.<\/p>\n<p>\u201cEl peso del radicalismo convoca a la realizaci\u00f3n de un frente, ya que no nos podemos dividir en una constelaci\u00f3n de partidos que van a elecciones. Lo que pasa es que primero nos costaba hacer un frente, y despu\u00e9s la conducci\u00f3n nos regal\u00f3\u201d, interpret\u00f3.<\/p>\n<p>Dijo, asimismo, que en el partido hay \u201cuna reconstrucci\u00f3n\u201d y\u00a0<strong>cit\u00f3 lo ocurrido recientemente en la interna de la UCR en C\u00f3rdoba, donde la lista apoyada por Mart\u00edn Lousteau perdi\u00f3 por pocos votos<\/strong>\u00a0ante la respaldada por Mario Negri.<\/p>\n<p>\u201cSon los vientos que vienen de C\u00f3rdoba. Algunos popes del partido quisieron armar una lista y algunos dijeron &#8216;que defina el afiliado&#8217;. As\u00ed se arm\u00f3 una lista en menos de una semana que perdi\u00f3 por poco y seguramente va a ganar en las PASO\u201d, concluy\u00f3.<\/p><\/div>\n<\/div>\n<\/div>\n<\/div>\n<\/div>\n","protected":false},"excerpt":{"rendered":"<p>El pr\u00f3ximo domingo, el intendente de San Isidro competir\u00e1 en la interna del radicalismo bonaerense como candidato a presidir el Comit\u00e9 Provincia, con una lista llamada \u201cProtagonismo Radical\u201d.<\/p>\n","protected":false},"author":3,"featured_media":0,"comment_status":"closed","ping_status":"open","sticky":false,"template":"","format":"standard","meta":{"footnotes":""},"categories":[24],"tags":[],"class_list":["post-54099","post","type-post","status-publish","format-standard","hentry","category-politica"],"yoast_head":"<!-- This site is optimized with the Yoast SEO plugin v25.9 - https:\/\/yoast.com\/wordpress\/plugins\/seo\/ -->\n<title>Posse: &quot;La UCR fue sometida a una sumisi\u00f3n; no fuimos ni socios menores en JxC&quot; - Noticias Radio Reflejos<\/title>\n<meta name=\"robots\" content=\"index, follow, max-snippet:-1, max-image-preview:large, max-video-preview:-1\" \/>\n<link rel=\"canonical\" href=\"https:\/\/www.noticiasradioreflejos.com.ar\/2021\/posse-la-ucr-fue-sometida-a-una-sumision-no-fuimos-ni-socios-menores-en-jxc\/\" \/>\n<meta property=\"og:locale\" content=\"es_ES\" \/>\n<meta property=\"og:type\" content=\"article\" \/>\n<meta property=\"og:title\" content=\"Posse: &quot;La UCR fue sometida a una sumisi\u00f3n; no fuimos ni socios menores en JxC&quot; - Noticias Radio Reflejos\" \/>\n<meta property=\"og:description\" content=\"El pr\u00f3ximo domingo, el intendente de San Isidro competir\u00e1 en la interna del radicalismo bonaerense como candidato a presidir el Comit\u00e9 Provincia, con una lista llamada \u201cProtagonismo Radical\u201d.\" \/>\n<meta property=\"og:url\" content=\"https:\/\/www.noticiasradioreflejos.com.ar\/2021\/posse-la-ucr-fue-sometida-a-una-sumision-no-fuimos-ni-socios-menores-en-jxc\/\" \/>\n<meta property=\"og:site_name\" content=\"Noticias Radio Reflejos\" \/>\n<meta property=\"article:published_time\" content=\"2021-03-17T17:08:22+00:00\" \/>\n<meta property=\"og:image\" content=\"https:\/\/www.telam.com.ar\/advf\/imagenes\/2021\/03\/6051f9dc5d5df_1004x565.jpg\" \/>\n<meta name=\"author\" content=\"Arnaldo Botto\" \/>\n<meta name=\"twitter:card\" content=\"summary_large_image\" \/>\n<script type=\"application\/ld+json\" class=\"yoast-schema-graph\">{\"@context\":\"https:\/\/schema.org\",\"@graph\":[{\"@type\":\"WebPage\",\"@id\":\"https:\/\/www.noticiasradioreflejos.com.ar\/2021\/posse-la-ucr-fue-sometida-a-una-sumision-no-fuimos-ni-socios-menores-en-jxc\/\",\"url\":\"https:\/\/www.noticiasradioreflejos.com.ar\/2021\/posse-la-ucr-fue-sometida-a-una-sumision-no-fuimos-ni-socios-menores-en-jxc\/\",\"name\":\"Posse: \\\"La UCR fue sometida a una sumisi\u00f3n; no fuimos ni socios menores en JxC\\\" - Noticias Radio Reflejos\",\"isPartOf\":{\"@id\":\"https:\/\/www.noticiasradioreflejos.com.ar\/2021\/#website\"},\"primaryImageOfPage\":{\"@id\":\"https:\/\/www.noticiasradioreflejos.com.ar\/2021\/posse-la-ucr-fue-sometida-a-una-sumision-no-fuimos-ni-socios-menores-en-jxc\/#primaryimage\"},\"image\":{\"@id\":\"https:\/\/www.noticiasradioreflejos.com.ar\/2021\/posse-la-ucr-fue-sometida-a-una-sumision-no-fuimos-ni-socios-menores-en-jxc\/#primaryimage\"},\"thumbnailUrl\":\"https:\/\/www.telam.com.ar\/advf\/imagenes\/2021\/03\/6051f9dc5d5df_1004x565.jpg\",\"datePublished\":\"2021-03-17T17:08:22+00:00\",\"author\":{\"@id\":\"https:\/\/www.noticiasradioreflejos.com.ar\/2021\/#\/schema\/person\/ad82545263dcc5ec0996818884fd5fb1\"},\"breadcrumb\":{\"@id\":\"https:\/\/www.noticiasradioreflejos.com.ar\/2021\/posse-la-ucr-fue-sometida-a-una-sumision-no-fuimos-ni-socios-menores-en-jxc\/#breadcrumb\"},\"inLanguage\":\"es\",\"potentialAction\":[{\"@type\":\"ReadAction\",\"target\":[\"https:\/\/www.noticiasradioreflejos.com.ar\/2021\/posse-la-ucr-fue-sometida-a-una-sumision-no-fuimos-ni-socios-menores-en-jxc\/\"]}]},{\"@type\":\"ImageObject\",\"inLanguage\":\"es\",\"@id\":\"https:\/\/www.noticiasradioreflejos.com.ar\/2021\/posse-la-ucr-fue-sometida-a-una-sumision-no-fuimos-ni-socios-menores-en-jxc\/#primaryimage\",\"url\":\"https:\/\/www.telam.com.ar\/advf\/imagenes\/2021\/03\/6051f9dc5d5df_1004x565.jpg\",\"contentUrl\":\"https:\/\/www.telam.com.ar\/advf\/imagenes\/2021\/03\/6051f9dc5d5df_1004x565.jpg\"},{\"@type\":\"BreadcrumbList\",\"@id\":\"https:\/\/www.noticiasradioreflejos.com.ar\/2021\/posse-la-ucr-fue-sometida-a-una-sumision-no-fuimos-ni-socios-menores-en-jxc\/#breadcrumb\",\"itemListElement\":[{\"@type\":\"ListItem\",\"position\":1,\"name\":\"Portada\",\"item\":\"https:\/\/www.noticiasradioreflejos.com.ar\/2021\/\"},{\"@type\":\"ListItem\",\"position\":2,\"name\":\"Posse: \u00abLa UCR fue sometida a una sumisi\u00f3n; no fuimos ni socios menores en JxC\u00bb\"}]},{\"@type\":\"WebSite\",\"@id\":\"https:\/\/www.noticiasradioreflejos.com.ar\/2021\/#website\",\"url\":\"https:\/\/www.noticiasradioreflejos.com.ar\/2021\/\",\"name\":\"Noticias Radio Reflejos\",\"description\":\"Las noticias de mi comarca\",\"potentialAction\":[{\"@type\":\"SearchAction\",\"target\":{\"@type\":\"EntryPoint\",\"urlTemplate\":\"https:\/\/www.noticiasradioreflejos.com.ar\/2021\/?s={search_term_string}\"},\"query-input\":{\"@type\":\"PropertyValueSpecification\",\"valueRequired\":true,\"valueName\":\"search_term_string\"}}],\"inLanguage\":\"es\"},{\"@type\":\"Person\",\"@id\":\"https:\/\/www.noticiasradioreflejos.com.ar\/2021\/#\/schema\/person\/ad82545263dcc5ec0996818884fd5fb1\",\"name\":\"Arnaldo Botto\",\"image\":{\"@type\":\"ImageObject\",\"inLanguage\":\"es\",\"@id\":\"https:\/\/www.noticiasradioreflejos.com.ar\/2021\/#\/schema\/person\/image\/\",\"url\":\"https:\/\/secure.gravatar.com\/avatar\/55cb5e37c1efa326397366e6974cb338056df65cb50e7d64d1cf314e87504837?s=96&d=mm&r=g\",\"contentUrl\":\"https:\/\/secure.gravatar.com\/avatar\/55cb5e37c1efa326397366e6974cb338056df65cb50e7d64d1cf314e87504837?s=96&d=mm&r=g\",\"caption\":\"Arnaldo Botto\"},\"url\":\"https:\/\/www.noticiasradioreflejos.com.ar\/2021\/author\/arnaldo\/\"}]}<\/script>\n<!-- \/ Yoast SEO plugin. -->","yoast_head_json":{"title":"Posse: \"La UCR fue sometida a una sumisi\u00f3n; no fuimos ni socios menores en JxC\" - Noticias Radio Reflejos","robots":{"index":"index","follow":"follow","max-snippet":"max-snippet:-1","max-image-preview":"max-image-preview:large","max-video-preview":"max-video-preview:-1"},"canonical":"https:\/\/www.noticiasradioreflejos.com.ar\/2021\/posse-la-ucr-fue-sometida-a-una-sumision-no-fuimos-ni-socios-menores-en-jxc\/","og_locale":"es_ES","og_type":"article","og_title":"Posse: \"La UCR fue sometida a una sumisi\u00f3n; no fuimos ni socios menores en JxC\" - Noticias Radio Reflejos","og_description":"El pr\u00f3ximo domingo, el intendente de San Isidro competir\u00e1 en la interna del radicalismo bonaerense como candidato a presidir el Comit\u00e9 Provincia, con una lista llamada \u201cProtagonismo Radical\u201d.","og_url":"https:\/\/www.noticiasradioreflejos.com.ar\/2021\/posse-la-ucr-fue-sometida-a-una-sumision-no-fuimos-ni-socios-menores-en-jxc\/","og_site_name":"Noticias Radio Reflejos","article_published_time":"2021-03-17T17:08:22+00:00","og_image":[{"url":"https:\/\/www.telam.com.ar\/advf\/imagenes\/2021\/03\/6051f9dc5d5df_1004x565.jpg","type":"","width":"","height":""}],"author":"Arnaldo Botto","twitter_card":"summary_large_image","schema":{"@context":"https:\/\/schema.org","@graph":[{"@type":"WebPage","@id":"https:\/\/www.noticiasradioreflejos.com.ar\/2021\/posse-la-ucr-fue-sometida-a-una-sumision-no-fuimos-ni-socios-menores-en-jxc\/","url":"https:\/\/www.noticiasradioreflejos.com.ar\/2021\/posse-la-ucr-fue-sometida-a-una-sumision-no-fuimos-ni-socios-menores-en-jxc\/","name":"Posse: \"La UCR fue sometida a una sumisi\u00f3n; no fuimos ni socios menores en JxC\" - Noticias Radio Reflejos","isPartOf":{"@id":"https:\/\/www.noticiasradioreflejos.com.ar\/2021\/#website"},"primaryImageOfPage":{"@id":"https:\/\/www.noticiasradioreflejos.com.ar\/2021\/posse-la-ucr-fue-sometida-a-una-sumision-no-fuimos-ni-socios-menores-en-jxc\/#primaryimage"},"image":{"@id":"https:\/\/www.noticiasradioreflejos.com.ar\/2021\/posse-la-ucr-fue-sometida-a-una-sumision-no-fuimos-ni-socios-menores-en-jxc\/#primaryimage"},"thumbnailUrl":"https:\/\/www.telam.com.ar\/advf\/imagenes\/2021\/03\/6051f9dc5d5df_1004x565.jpg","datePublished":"2021-03-17T17:08:22+00:00","author":{"@id":"https:\/\/www.noticiasradioreflejos.com.ar\/2021\/#\/schema\/person\/ad82545263dcc5ec0996818884fd5fb1"},"breadcrumb":{"@id":"https:\/\/www.noticiasradioreflejos.com.ar\/2021\/posse-la-ucr-fue-sometida-a-una-sumision-no-fuimos-ni-socios-menores-en-jxc\/#breadcrumb"},"inLanguage":"es","potentialAction":[{"@type":"ReadAction","target":["https:\/\/www.noticiasradioreflejos.com.ar\/2021\/posse-la-ucr-fue-sometida-a-una-sumision-no-fuimos-ni-socios-menores-en-jxc\/"]}]},{"@type":"ImageObject","inLanguage":"es","@id":"https:\/\/www.noticiasradioreflejos.com.ar\/2021\/posse-la-ucr-fue-sometida-a-una-sumision-no-fuimos-ni-socios-menores-en-jxc\/#primaryimage","url":"https:\/\/www.telam.com.ar\/advf\/imagenes\/2021\/03\/6051f9dc5d5df_1004x565.jpg","contentUrl":"https:\/\/www.telam.com.ar\/advf\/imagenes\/2021\/03\/6051f9dc5d5df_1004x565.jpg"},{"@type":"BreadcrumbList","@id":"https:\/\/www.noticiasradioreflejos.com.ar\/2021\/posse-la-ucr-fue-sometida-a-una-sumision-no-fuimos-ni-socios-menores-en-jxc\/#breadcrumb","itemListElement":[{"@type":"ListItem","position":1,"name":"Portada","item":"https:\/\/www.noticiasradioreflejos.com.ar\/2021\/"},{"@type":"ListItem","position":2,"name":"Posse: \u00abLa UCR fue sometida a una sumisi\u00f3n; no fuimos ni socios menores en JxC\u00bb"}]},{"@type":"WebSite","@id":"https:\/\/www.noticiasradioreflejos.com.ar\/2021\/#website","url":"https:\/\/www.noticiasradioreflejos.com.ar\/2021\/","name":"Noticias Radio Reflejos","description":"Las noticias de mi comarca","potentialAction":[{"@type":"SearchAction","target":{"@type":"EntryPoint","urlTemplate":"https:\/\/www.noticiasradioreflejos.com.ar\/2021\/?s={search_term_string}"},"query-input":{"@type":"PropertyValueSpecification","valueRequired":true,"valueName":"search_term_string"}}],"inLanguage":"es"},{"@type":"Person","@id":"https:\/\/www.noticiasradioreflejos.com.ar\/2021\/#\/schema\/person\/ad82545263dcc5ec0996818884fd5fb1","name":"Arnaldo Botto","image":{"@type":"ImageObject","inLanguage":"es","@id":"https:\/\/www.noticiasradioreflejos.com.ar\/2021\/#\/schema\/person\/image\/","url":"https:\/\/secure.gravatar.com\/avatar\/55cb5e37c1efa326397366e6974cb338056df65cb50e7d64d1cf314e87504837?s=96&d=mm&r=g","contentUrl":"https:\/\/secure.gravatar.com\/avatar\/55cb5e37c1efa326397366e6974cb338056df65cb50e7d64d1cf314e87504837?s=96&d=mm&r=g","caption":"Arnaldo Botto"},"url":"https:\/\/www.noticiasradioreflejos.com.ar\/2021\/author\/arnaldo\/"}]}},"_links":{"self":[{"href":"https:\/\/www.noticiasradioreflejos.com.ar\/2021\/wp-json\/wp\/v2\/posts\/54099","targetHints":{"allow":["GET"]}}],"collection":[{"href":"https:\/\/www.noticiasradioreflejos.com.ar\/2021\/wp-json\/wp\/v2\/posts"}],"about":[{"href":"https:\/\/www.noticiasradioreflejos.com.ar\/2021\/wp-json\/wp\/v2\/types\/post"}],"author":[{"embeddable":true,"href":"https:\/\/www.noticiasradioreflejos.com.ar\/2021\/wp-json\/wp\/v2\/users\/3"}],"replies":[{"embeddable":true,"href":"https:\/\/www.noticiasradioreflejos.com.ar\/2021\/wp-json\/wp\/v2\/comments?post=54099"}],"version-history":[{"count":0,"href":"https:\/\/www.noticiasradioreflejos.com.ar\/2021\/wp-json\/wp\/v2\/posts\/54099\/revisions"}],"wp:attachment":[{"href":"https:\/\/www.noticiasradioreflejos.com.ar\/2021\/wp-json\/wp\/v2\/media?parent=54099"}],"wp:term":[{"taxonomy":"category","embeddable":true,"href":"https:\/\/www.noticiasradioreflejos.com.ar\/2021\/wp-json\/wp\/v2\/categories?post=54099"},{"taxonomy":"post_tag","embeddable":true,"href":"https:\/\/www.noticiasradioreflejos.com.ar\/2021\/wp-json\/wp\/v2\/tags?post=54099"}],"curies":[{"name":"wp","href":"https:\/\/api.w.org\/{rel}","templated":true}]}}