{"id":54097,"date":"2021-03-17T14:05:07","date_gmt":"2021-03-17T17:05:07","guid":{"rendered":"http:\/\/www.noticiasradioreflejos.com.ar\/noticias\/?p=54097"},"modified":"2021-03-17T14:05:07","modified_gmt":"2021-03-17T17:05:07","slug":"cordoba-detectaron-variantes-del-coronavirus-de-reino-unido-y-manaos-en-tres-pacientes","status":"publish","type":"post","link":"https:\/\/www.noticiasradioreflejos.com.ar\/2021\/cordoba-detectaron-variantes-del-coronavirus-de-reino-unido-y-manaos-en-tres-pacientes\/","title":{"rendered":"C\u00f3rdoba: detectaron variantes del coronavirus de Reino Unido y Manaos en tres pacientes"},"content":{"rendered":"<p>Los casos fueron detectados a partir de investigaciones realizadas por el Laboratorio Central provincial, el Instituto de Virolog\u00eda de la Universidad Nacional de C\u00f3rdoba, en el marco del Proyecto PAIS del Consorcio Argentino de Gen\u00f3mica de SARS-CoV-2.<!--more--><\/p>\n<div id=\"image\" class=\"image\"><img decoding=\"async\" title=\"La investigaci\u00f3n tiene como objetivo caracterizar gen\u00e9ticamente el virus, su evoluci\u00f3n viral y monitorear la aparici\u00f3n de variantes.\" src=\"https:\/\/www.telam.com.ar\/advf\/imagenes\/2020\/04\/5e9f4c5bdc180_1004x565.jpg\" alt=\"La investigaci\u00f3n tiene como objetivo caracterizar gen\u00e9ticamente el virus, su evoluci\u00f3n viral y monitorear la aparici\u00f3n de variantes.\" \/><\/p>\n<div class=\"epigrafe\">La investigaci\u00f3n tiene como objetivo caracterizar gen\u00e9ticamente el virus, su evoluci\u00f3n viral y monitorear la aparici\u00f3n de variantes.<\/div>\n<\/div>\n<p>El\u00a0<strong>Ministerio de Salud de C\u00f3rdoba inform\u00f3 que se detectaron en la provincia variantes del virus SARS-CoV-2<\/strong>\u00a0que corresponden a las del Reino Unido en dos casos y a la de Manaos en otro, todos en personas que regresaron de viajes al exterior.<\/p>\n<p>La<strong><a href=\"https:\/\/www.cba.gov.ar\/covid-19-salud-detecto-variantes-emergentes-de-sars-cov-2\/\" target=\"_blank\" rel=\"noopener\">\u00a0informaci\u00f3n que publica el sitio web oficial de Casa de Gobierno\u00a0<\/a><\/strong>detalla que los tres casos fueron detectados a partir de investigaciones realizadas por el Laboratorio Central provincial, el Instituto de Virolog\u00eda de la Universidad Nacional de C\u00f3rdoba (UNC), en el marco del Proyecto PAIS del Consorcio Argentino de Gen\u00f3mica de SARS-CoV-2.<\/p>\n<p>Esas b\u00fasquedas se llevan adelante con el objetivo de caracterizar gen\u00e9ticamente el virus, conocer su evoluci\u00f3n viral y monitorear la aparici\u00f3n de nuevas variantes con cambios gen\u00f3micos de importancia biol\u00f3gica, explic\u00f3 el informe.<\/p>\n<p>\u00abLas investigaciones permitieron detectar\u00a0<strong>dos casos correspondientes a la variante de Reino Unido y un caso correspondiente a la variante de Manaos<\/strong>\u201d, agreg\u00f3 el texto.<\/p>\n<p>La secretaria de Prevenci\u00f3n y Promoci\u00f3n de la Salud, Gabriela Barb\u00e1s, consider\u00f3 que el hallazgo \u201c<strong>no es sin\u00f3nimo de transmisi\u00f3n de esta nueva variante sino de detecci\u00f3n oportuna, gracias al trabajo constante del equipo<\/strong>\u201d que \u201cviene monitoreando la circulaci\u00f3n de estas variantes en todo el territorio cordob\u00e9s\u201d.<\/p>\n<p>Barb\u00e1s sostuvo que los resultados de la investigaci\u00f3n \u201cvan a permitir reevaluar las estrategias de las personas que regresan al pa\u00eds, como as\u00ed tambi\u00e9n reiterarle a la comunidad que, si vuelve del exterior, se haga el test al ingresar a la provincia, permanezcan en aislamiento estricto durante 10 d\u00edas y, antes del alta, vuelva a realizarse la prueba de PCR\u201d.<\/p><\/div>\n<\/div>\n<\/div>\n<\/div>\n<\/div>\n","protected":false},"excerpt":{"rendered":"<p>Los casos fueron detectados a partir de investigaciones realizadas por el Laboratorio Central provincial, el Instituto de Virolog\u00eda de la Universidad Nacional de C\u00f3rdoba, en el marco del Proyecto PAIS del Consorcio Argentino de Gen\u00f3mica de SARS-CoV-2.<\/p>\n","protected":false},"author":3,"featured_media":0,"comment_status":"closed","ping_status":"open","sticky":false,"template":"","format":"standard","meta":{"footnotes":""},"categories":[30],"tags":[],"class_list":["post-54097","post","type-post","status-publish","format-standard","hentry","category-salud"],"yoast_head":"<!-- This site is optimized with the Yoast SEO plugin v25.9 - https:\/\/yoast.com\/wordpress\/plugins\/seo\/ -->\n<title>C\u00f3rdoba: detectaron variantes del coronavirus de Reino Unido y Manaos en tres pacientes - Noticias Radio Reflejos<\/title>\n<meta name=\"robots\" content=\"index, follow, max-snippet:-1, max-image-preview:large, max-video-preview:-1\" \/>\n<link rel=\"canonical\" href=\"https:\/\/www.noticiasradioreflejos.com.ar\/2021\/cordoba-detectaron-variantes-del-coronavirus-de-reino-unido-y-manaos-en-tres-pacientes\/\" \/>\n<meta property=\"og:locale\" content=\"es_ES\" \/>\n<meta property=\"og:type\" content=\"article\" \/>\n<meta property=\"og:title\" content=\"C\u00f3rdoba: detectaron variantes del coronavirus de Reino Unido y Manaos en tres pacientes - Noticias Radio Reflejos\" \/>\n<meta property=\"og:description\" content=\"Los casos fueron detectados a partir de investigaciones realizadas por el Laboratorio Central provincial, el Instituto de Virolog\u00eda de la Universidad Nacional de C\u00f3rdoba, en el marco del Proyecto PAIS del Consorcio Argentino de Gen\u00f3mica de SARS-CoV-2.\" \/>\n<meta property=\"og:url\" content=\"https:\/\/www.noticiasradioreflejos.com.ar\/2021\/cordoba-detectaron-variantes-del-coronavirus-de-reino-unido-y-manaos-en-tres-pacientes\/\" \/>\n<meta property=\"og:site_name\" content=\"Noticias Radio Reflejos\" \/>\n<meta property=\"article:published_time\" content=\"2021-03-17T17:05:07+00:00\" \/>\n<meta property=\"og:image\" content=\"https:\/\/www.telam.com.ar\/advf\/imagenes\/2020\/04\/5e9f4c5bdc180_1004x565.jpg\" \/>\n<meta name=\"author\" content=\"Arnaldo Botto\" \/>\n<meta name=\"twitter:card\" content=\"summary_large_image\" \/>\n<script type=\"application\/ld+json\" class=\"yoast-schema-graph\">{\"@context\":\"https:\/\/schema.org\",\"@graph\":[{\"@type\":\"WebPage\",\"@id\":\"https:\/\/www.noticiasradioreflejos.com.ar\/2021\/cordoba-detectaron-variantes-del-coronavirus-de-reino-unido-y-manaos-en-tres-pacientes\/\",\"url\":\"https:\/\/www.noticiasradioreflejos.com.ar\/2021\/cordoba-detectaron-variantes-del-coronavirus-de-reino-unido-y-manaos-en-tres-pacientes\/\",\"name\":\"C\u00f3rdoba: detectaron variantes del coronavirus de Reino Unido y Manaos en tres pacientes - Noticias Radio Reflejos\",\"isPartOf\":{\"@id\":\"https:\/\/www.noticiasradioreflejos.com.ar\/2021\/#website\"},\"primaryImageOfPage\":{\"@id\":\"https:\/\/www.noticiasradioreflejos.com.ar\/2021\/cordoba-detectaron-variantes-del-coronavirus-de-reino-unido-y-manaos-en-tres-pacientes\/#primaryimage\"},\"image\":{\"@id\":\"https:\/\/www.noticiasradioreflejos.com.ar\/2021\/cordoba-detectaron-variantes-del-coronavirus-de-reino-unido-y-manaos-en-tres-pacientes\/#primaryimage\"},\"thumbnailUrl\":\"https:\/\/www.telam.com.ar\/advf\/imagenes\/2020\/04\/5e9f4c5bdc180_1004x565.jpg\",\"datePublished\":\"2021-03-17T17:05:07+00:00\",\"author\":{\"@id\":\"https:\/\/www.noticiasradioreflejos.com.ar\/2021\/#\/schema\/person\/ad82545263dcc5ec0996818884fd5fb1\"},\"breadcrumb\":{\"@id\":\"https:\/\/www.noticiasradioreflejos.com.ar\/2021\/cordoba-detectaron-variantes-del-coronavirus-de-reino-unido-y-manaos-en-tres-pacientes\/#breadcrumb\"},\"inLanguage\":\"es\",\"potentialAction\":[{\"@type\":\"ReadAction\",\"target\":[\"https:\/\/www.noticiasradioreflejos.com.ar\/2021\/cordoba-detectaron-variantes-del-coronavirus-de-reino-unido-y-manaos-en-tres-pacientes\/\"]}]},{\"@type\":\"ImageObject\",\"inLanguage\":\"es\",\"@id\":\"https:\/\/www.noticiasradioreflejos.com.ar\/2021\/cordoba-detectaron-variantes-del-coronavirus-de-reino-unido-y-manaos-en-tres-pacientes\/#primaryimage\",\"url\":\"https:\/\/www.telam.com.ar\/advf\/imagenes\/2020\/04\/5e9f4c5bdc180_1004x565.jpg\",\"contentUrl\":\"https:\/\/www.telam.com.ar\/advf\/imagenes\/2020\/04\/5e9f4c5bdc180_1004x565.jpg\"},{\"@type\":\"BreadcrumbList\",\"@id\":\"https:\/\/www.noticiasradioreflejos.com.ar\/2021\/cordoba-detectaron-variantes-del-coronavirus-de-reino-unido-y-manaos-en-tres-pacientes\/#breadcrumb\",\"itemListElement\":[{\"@type\":\"ListItem\",\"position\":1,\"name\":\"Portada\",\"item\":\"https:\/\/www.noticiasradioreflejos.com.ar\/2021\/\"},{\"@type\":\"ListItem\",\"position\":2,\"name\":\"C\u00f3rdoba: detectaron variantes del coronavirus de Reino Unido y Manaos en tres pacientes\"}]},{\"@type\":\"WebSite\",\"@id\":\"https:\/\/www.noticiasradioreflejos.com.ar\/2021\/#website\",\"url\":\"https:\/\/www.noticiasradioreflejos.com.ar\/2021\/\",\"name\":\"Noticias Radio Reflejos\",\"description\":\"Las noticias de mi comarca\",\"potentialAction\":[{\"@type\":\"SearchAction\",\"target\":{\"@type\":\"EntryPoint\",\"urlTemplate\":\"https:\/\/www.noticiasradioreflejos.com.ar\/2021\/?s={search_term_string}\"},\"query-input\":{\"@type\":\"PropertyValueSpecification\",\"valueRequired\":true,\"valueName\":\"search_term_string\"}}],\"inLanguage\":\"es\"},{\"@type\":\"Person\",\"@id\":\"https:\/\/www.noticiasradioreflejos.com.ar\/2021\/#\/schema\/person\/ad82545263dcc5ec0996818884fd5fb1\",\"name\":\"Arnaldo Botto\",\"image\":{\"@type\":\"ImageObject\",\"inLanguage\":\"es\",\"@id\":\"https:\/\/www.noticiasradioreflejos.com.ar\/2021\/#\/schema\/person\/image\/\",\"url\":\"https:\/\/secure.gravatar.com\/avatar\/55cb5e37c1efa326397366e6974cb338056df65cb50e7d64d1cf314e87504837?s=96&d=mm&r=g\",\"contentUrl\":\"https:\/\/secure.gravatar.com\/avatar\/55cb5e37c1efa326397366e6974cb338056df65cb50e7d64d1cf314e87504837?s=96&d=mm&r=g\",\"caption\":\"Arnaldo Botto\"},\"url\":\"https:\/\/www.noticiasradioreflejos.com.ar\/2021\/author\/arnaldo\/\"}]}<\/script>\n<!-- \/ Yoast SEO plugin. -->","yoast_head_json":{"title":"C\u00f3rdoba: detectaron variantes del coronavirus de Reino Unido y Manaos en tres pacientes - Noticias Radio Reflejos","robots":{"index":"index","follow":"follow","max-snippet":"max-snippet:-1","max-image-preview":"max-image-preview:large","max-video-preview":"max-video-preview:-1"},"canonical":"https:\/\/www.noticiasradioreflejos.com.ar\/2021\/cordoba-detectaron-variantes-del-coronavirus-de-reino-unido-y-manaos-en-tres-pacientes\/","og_locale":"es_ES","og_type":"article","og_title":"C\u00f3rdoba: detectaron variantes del coronavirus de Reino Unido y Manaos en tres pacientes - Noticias Radio Reflejos","og_description":"Los casos fueron detectados a partir de investigaciones realizadas por el Laboratorio Central provincial, el Instituto de Virolog\u00eda de la Universidad Nacional de C\u00f3rdoba, en el marco del Proyecto PAIS del Consorcio Argentino de Gen\u00f3mica de SARS-CoV-2.","og_url":"https:\/\/www.noticiasradioreflejos.com.ar\/2021\/cordoba-detectaron-variantes-del-coronavirus-de-reino-unido-y-manaos-en-tres-pacientes\/","og_site_name":"Noticias Radio Reflejos","article_published_time":"2021-03-17T17:05:07+00:00","og_image":[{"url":"https:\/\/www.telam.com.ar\/advf\/imagenes\/2020\/04\/5e9f4c5bdc180_1004x565.jpg","type":"","width":"","height":""}],"author":"Arnaldo Botto","twitter_card":"summary_large_image","schema":{"@context":"https:\/\/schema.org","@graph":[{"@type":"WebPage","@id":"https:\/\/www.noticiasradioreflejos.com.ar\/2021\/cordoba-detectaron-variantes-del-coronavirus-de-reino-unido-y-manaos-en-tres-pacientes\/","url":"https:\/\/www.noticiasradioreflejos.com.ar\/2021\/cordoba-detectaron-variantes-del-coronavirus-de-reino-unido-y-manaos-en-tres-pacientes\/","name":"C\u00f3rdoba: detectaron variantes del coronavirus de Reino Unido y Manaos en tres pacientes - Noticias Radio Reflejos","isPartOf":{"@id":"https:\/\/www.noticiasradioreflejos.com.ar\/2021\/#website"},"primaryImageOfPage":{"@id":"https:\/\/www.noticiasradioreflejos.com.ar\/2021\/cordoba-detectaron-variantes-del-coronavirus-de-reino-unido-y-manaos-en-tres-pacientes\/#primaryimage"},"image":{"@id":"https:\/\/www.noticiasradioreflejos.com.ar\/2021\/cordoba-detectaron-variantes-del-coronavirus-de-reino-unido-y-manaos-en-tres-pacientes\/#primaryimage"},"thumbnailUrl":"https:\/\/www.telam.com.ar\/advf\/imagenes\/2020\/04\/5e9f4c5bdc180_1004x565.jpg","datePublished":"2021-03-17T17:05:07+00:00","author":{"@id":"https:\/\/www.noticiasradioreflejos.com.ar\/2021\/#\/schema\/person\/ad82545263dcc5ec0996818884fd5fb1"},"breadcrumb":{"@id":"https:\/\/www.noticiasradioreflejos.com.ar\/2021\/cordoba-detectaron-variantes-del-coronavirus-de-reino-unido-y-manaos-en-tres-pacientes\/#breadcrumb"},"inLanguage":"es","potentialAction":[{"@type":"ReadAction","target":["https:\/\/www.noticiasradioreflejos.com.ar\/2021\/cordoba-detectaron-variantes-del-coronavirus-de-reino-unido-y-manaos-en-tres-pacientes\/"]}]},{"@type":"ImageObject","inLanguage":"es","@id":"https:\/\/www.noticiasradioreflejos.com.ar\/2021\/cordoba-detectaron-variantes-del-coronavirus-de-reino-unido-y-manaos-en-tres-pacientes\/#primaryimage","url":"https:\/\/www.telam.com.ar\/advf\/imagenes\/2020\/04\/5e9f4c5bdc180_1004x565.jpg","contentUrl":"https:\/\/www.telam.com.ar\/advf\/imagenes\/2020\/04\/5e9f4c5bdc180_1004x565.jpg"},{"@type":"BreadcrumbList","@id":"https:\/\/www.noticiasradioreflejos.com.ar\/2021\/cordoba-detectaron-variantes-del-coronavirus-de-reino-unido-y-manaos-en-tres-pacientes\/#breadcrumb","itemListElement":[{"@type":"ListItem","position":1,"name":"Portada","item":"https:\/\/www.noticiasradioreflejos.com.ar\/2021\/"},{"@type":"ListItem","position":2,"name":"C\u00f3rdoba: detectaron variantes del coronavirus de Reino Unido y Manaos en tres pacientes"}]},{"@type":"WebSite","@id":"https:\/\/www.noticiasradioreflejos.com.ar\/2021\/#website","url":"https:\/\/www.noticiasradioreflejos.com.ar\/2021\/","name":"Noticias Radio Reflejos","description":"Las noticias de mi comarca","potentialAction":[{"@type":"SearchAction","target":{"@type":"EntryPoint","urlTemplate":"https:\/\/www.noticiasradioreflejos.com.ar\/2021\/?s={search_term_string}"},"query-input":{"@type":"PropertyValueSpecification","valueRequired":true,"valueName":"search_term_string"}}],"inLanguage":"es"},{"@type":"Person","@id":"https:\/\/www.noticiasradioreflejos.com.ar\/2021\/#\/schema\/person\/ad82545263dcc5ec0996818884fd5fb1","name":"Arnaldo Botto","image":{"@type":"ImageObject","inLanguage":"es","@id":"https:\/\/www.noticiasradioreflejos.com.ar\/2021\/#\/schema\/person\/image\/","url":"https:\/\/secure.gravatar.com\/avatar\/55cb5e37c1efa326397366e6974cb338056df65cb50e7d64d1cf314e87504837?s=96&d=mm&r=g","contentUrl":"https:\/\/secure.gravatar.com\/avatar\/55cb5e37c1efa326397366e6974cb338056df65cb50e7d64d1cf314e87504837?s=96&d=mm&r=g","caption":"Arnaldo Botto"},"url":"https:\/\/www.noticiasradioreflejos.com.ar\/2021\/author\/arnaldo\/"}]}},"_links":{"self":[{"href":"https:\/\/www.noticiasradioreflejos.com.ar\/2021\/wp-json\/wp\/v2\/posts\/54097","targetHints":{"allow":["GET"]}}],"collection":[{"href":"https:\/\/www.noticiasradioreflejos.com.ar\/2021\/wp-json\/wp\/v2\/posts"}],"about":[{"href":"https:\/\/www.noticiasradioreflejos.com.ar\/2021\/wp-json\/wp\/v2\/types\/post"}],"author":[{"embeddable":true,"href":"https:\/\/www.noticiasradioreflejos.com.ar\/2021\/wp-json\/wp\/v2\/users\/3"}],"replies":[{"embeddable":true,"href":"https:\/\/www.noticiasradioreflejos.com.ar\/2021\/wp-json\/wp\/v2\/comments?post=54097"}],"version-history":[{"count":0,"href":"https:\/\/www.noticiasradioreflejos.com.ar\/2021\/wp-json\/wp\/v2\/posts\/54097\/revisions"}],"wp:attachment":[{"href":"https:\/\/www.noticiasradioreflejos.com.ar\/2021\/wp-json\/wp\/v2\/media?parent=54097"}],"wp:term":[{"taxonomy":"category","embeddable":true,"href":"https:\/\/www.noticiasradioreflejos.com.ar\/2021\/wp-json\/wp\/v2\/categories?post=54097"},{"taxonomy":"post_tag","embeddable":true,"href":"https:\/\/www.noticiasradioreflejos.com.ar\/2021\/wp-json\/wp\/v2\/tags?post=54097"}],"curies":[{"name":"wp","href":"https:\/\/api.w.org\/{rel}","templated":true}]}}