{"id":54054,"date":"2021-03-17T11:37:47","date_gmt":"2021-03-17T14:37:47","guid":{"rendered":"http:\/\/www.noticiasradioreflejos.com.ar\/noticias\/?p=54054"},"modified":"2021-03-17T11:37:47","modified_gmt":"2021-03-17T14:37:47","slug":"esto-de-llevarle-el-teatro-a-la-gente-es-lo-que-el-publico-mas-agradece-viviana-saccone","status":"publish","type":"post","link":"https:\/\/www.noticiasradioreflejos.com.ar\/2021\/esto-de-llevarle-el-teatro-a-la-gente-es-lo-que-el-publico-mas-agradece-viviana-saccone\/","title":{"rendered":"\u00abEsto de llevarle el teatro a la gente es lo que el p\u00fablico m\u00e1s agradece\u00bb &#8211; Viviana Saccone"},"content":{"rendered":"<p>El d\u00eda 21 de Marzo se presenta la obra teatral \u00abDivinos Divorcios\u00bb. Conversamos con la protagonista de la comedia que\u00a0 estar\u00e1\u00a0 el pr\u00f3ximo Domingo en el Teatro Rodolfo Funke.<!--more--><\/p>\n<p>\u00abEs una comedia muy divertida, muy \u00e1cida, que trata las desventuras de un matrimonio que, despu\u00e9s de 20 a\u00f1os de estar juntos, deciden divorciarse y lo quieren hacer con un gran festejo\u00bb coment\u00f3 Viviana un poco de lo que se trata la obra.<\/p>\n<p>Mencion\u00f3 que est\u00e1n muy contentos de estar recorriendo el pa\u00eds con este espect\u00e1culo y cuenta que el recibimiento que les est\u00e1 brindando la gente pasada la cuarentena es muy c\u00e1lido. \u00abEsto de llevarle el teatro a la gente es lo que el p\u00fablico m\u00e1s agradece\u00bb expres\u00f3.<\/p>\n<p><a title=\"EUF43VDMZ5ECNDWFRMPNY2AHGE\" href=\"https:\/\/www.flickr.com\/photos\/182279889@N02\/51025915352\/in\/dateposted-public\/\" data-flickr-embed=\"true\"><img loading=\"lazy\" decoding=\"async\" src=\"https:\/\/live.staticflickr.com\/65535\/51025915352_be626f87da_c.jpg\" alt=\"EUF43VDMZ5ECNDWFRMPNY2AHGE\" width=\"768\" height=\"432\" \/><\/a><script src=\"\/\/embedr.flickr.com\/assets\/client-code.js\" async=\"\" charset=\"utf-8\"><\/script><\/p>\n<p>Viviana sostiene que el gran \u00e9xito que ha tenido la obra, en comparaci\u00f3n a muchas que no han triunfado esta temporada, se debe al hecho de que son ellos quienes se trasladan y llevan la obra al p\u00fablico. \u00abLa obra fue muy premiada, pero a la vez, muy acompa\u00f1ada por el p\u00fablico, el p\u00fablico termina haciendo el espect\u00e1culo\u00bb.<\/p>\n<p>\u00abEl teatro se va haciendo y uno va descubriendo el personaje permanentemente. Desde que iniciamos, a todo lo que hemos ido recorriendo, el personaje va ganando cada vez m\u00e1s terreno por sobre el actor. Uno empieza a comprender motivos m\u00e1s profundos, eso es lo que nos enriquece arriba del escenario\u00bb expres\u00f3 Viviana alegremente.<\/p>\n<p>La actriz inform\u00f3 que la idea del productor es continuar con las funciones hasta Octubre.<\/p>\n<p>\u00abQuiero decirle a la gente que vaya con total confianza al teatro. Hay ventilaci\u00f3n, se usa barbijo y hay distanciamiento\u00bb transmiti\u00f3 finalmente.<\/p>\n<p>Nota completa a continuaci\u00f3n:<br \/>\n<iframe loading=\"lazy\" src=\"https:\/\/w.soundcloud.com\/player\/?url=https%3A\/\/api.soundcloud.com\/tracks\/1009043317&amp;color=%23ff5500&amp;auto_play=false&amp;hide_related=false&amp;show_comments=true&amp;show_user=true&amp;show_reposts=false&amp;show_teaser=true\" width=\"100%\" height=\"166\" frameborder=\"no\" scrolling=\"no\"><\/iframe><\/p>\n<div style=\"font-size: 10px; color: #cccccc; line-break: anywhere; word-break: normal; overflow: hidden; white-space: nowrap; text-overflow: ellipsis; font-family: Interstate,Lucida Grande,Lucida Sans Unicode,Lucida Sans,Garuda,Verdana,Tahoma,sans-serif; font-weight: 100;\"><a style=\"color: #cccccc; text-decoration: none;\" title=\"fmreflejos 103.7\" href=\"https:\/\/soundcloud.com\/fmreflejos-103-7\" target=\"_blank\" rel=\"noopener\">fmreflejos 103.7<\/a> \u00b7 <a style=\"color: #cccccc; text-decoration: none;\" title=\"Nota Viviana Saccone\" href=\"https:\/\/soundcloud.com\/fmreflejos-103-7\/nota-viviana-saccone\" target=\"_blank\" rel=\"noopener\">Nota Viviana Saccone<\/a><\/div>\n","protected":false},"excerpt":{"rendered":"<p>El d\u00eda 21 de Marzo se presenta la obra teatral \u00abDivinos Divorcios\u00bb. Conversamos con la protagonista de la comedia que\u00a0 estar\u00e1\u00a0 el pr\u00f3ximo Domingo en el Teatro Rodolfo Funke.<\/p>\n","protected":false},"author":3,"featured_media":0,"comment_status":"closed","ping_status":"open","sticky":false,"template":"","format":"standard","meta":{"footnotes":""},"categories":[35],"tags":[32],"class_list":["post-54054","post","type-post","status-publish","format-standard","hentry","category-cultura","tag-destacado"],"yoast_head":"<!-- This site is optimized with the Yoast SEO plugin v25.9 - https:\/\/yoast.com\/wordpress\/plugins\/seo\/ -->\n<title>&quot;Esto de llevarle el teatro a la gente es lo que el p\u00fablico m\u00e1s agradece&quot; - Viviana Saccone - Noticias Radio Reflejos<\/title>\n<meta name=\"robots\" content=\"index, follow, max-snippet:-1, max-image-preview:large, max-video-preview:-1\" \/>\n<link rel=\"canonical\" href=\"https:\/\/www.noticiasradioreflejos.com.ar\/2021\/esto-de-llevarle-el-teatro-a-la-gente-es-lo-que-el-publico-mas-agradece-viviana-saccone\/\" \/>\n<meta property=\"og:locale\" content=\"es_ES\" \/>\n<meta property=\"og:type\" content=\"article\" \/>\n<meta property=\"og:title\" content=\"&quot;Esto de llevarle el teatro a la gente es lo que el p\u00fablico m\u00e1s agradece&quot; - Viviana Saccone - Noticias Radio Reflejos\" \/>\n<meta property=\"og:description\" content=\"El d\u00eda 21 de Marzo se presenta la obra teatral \u00abDivinos Divorcios\u00bb. Conversamos con la protagonista de la comedia que\u00a0 estar\u00e1\u00a0 el pr\u00f3ximo Domingo en el Teatro Rodolfo Funke.\" \/>\n<meta property=\"og:url\" content=\"https:\/\/www.noticiasradioreflejos.com.ar\/2021\/esto-de-llevarle-el-teatro-a-la-gente-es-lo-que-el-publico-mas-agradece-viviana-saccone\/\" \/>\n<meta property=\"og:site_name\" content=\"Noticias Radio Reflejos\" \/>\n<meta property=\"article:published_time\" content=\"2021-03-17T14:37:47+00:00\" \/>\n<meta property=\"og:image\" content=\"https:\/\/live.staticflickr.com\/65535\/51025915352_be626f87da_c.jpg\" \/>\n<meta name=\"author\" content=\"Arnaldo Botto\" \/>\n<meta name=\"twitter:card\" content=\"summary_large_image\" \/>\n<script type=\"application\/ld+json\" class=\"yoast-schema-graph\">{\"@context\":\"https:\/\/schema.org\",\"@graph\":[{\"@type\":\"WebPage\",\"@id\":\"https:\/\/www.noticiasradioreflejos.com.ar\/2021\/esto-de-llevarle-el-teatro-a-la-gente-es-lo-que-el-publico-mas-agradece-viviana-saccone\/\",\"url\":\"https:\/\/www.noticiasradioreflejos.com.ar\/2021\/esto-de-llevarle-el-teatro-a-la-gente-es-lo-que-el-publico-mas-agradece-viviana-saccone\/\",\"name\":\"\\\"Esto de llevarle el teatro a la gente es lo que el p\u00fablico m\u00e1s agradece\\\" - Viviana Saccone - Noticias Radio Reflejos\",\"isPartOf\":{\"@id\":\"https:\/\/www.noticiasradioreflejos.com.ar\/2021\/#website\"},\"primaryImageOfPage\":{\"@id\":\"https:\/\/www.noticiasradioreflejos.com.ar\/2021\/esto-de-llevarle-el-teatro-a-la-gente-es-lo-que-el-publico-mas-agradece-viviana-saccone\/#primaryimage\"},\"image\":{\"@id\":\"https:\/\/www.noticiasradioreflejos.com.ar\/2021\/esto-de-llevarle-el-teatro-a-la-gente-es-lo-que-el-publico-mas-agradece-viviana-saccone\/#primaryimage\"},\"thumbnailUrl\":\"https:\/\/live.staticflickr.com\/65535\/51025915352_be626f87da_c.jpg\",\"datePublished\":\"2021-03-17T14:37:47+00:00\",\"author\":{\"@id\":\"https:\/\/www.noticiasradioreflejos.com.ar\/2021\/#\/schema\/person\/ad82545263dcc5ec0996818884fd5fb1\"},\"breadcrumb\":{\"@id\":\"https:\/\/www.noticiasradioreflejos.com.ar\/2021\/esto-de-llevarle-el-teatro-a-la-gente-es-lo-que-el-publico-mas-agradece-viviana-saccone\/#breadcrumb\"},\"inLanguage\":\"es\",\"potentialAction\":[{\"@type\":\"ReadAction\",\"target\":[\"https:\/\/www.noticiasradioreflejos.com.ar\/2021\/esto-de-llevarle-el-teatro-a-la-gente-es-lo-que-el-publico-mas-agradece-viviana-saccone\/\"]}]},{\"@type\":\"ImageObject\",\"inLanguage\":\"es\",\"@id\":\"https:\/\/www.noticiasradioreflejos.com.ar\/2021\/esto-de-llevarle-el-teatro-a-la-gente-es-lo-que-el-publico-mas-agradece-viviana-saccone\/#primaryimage\",\"url\":\"https:\/\/live.staticflickr.com\/65535\/51025915352_be626f87da_c.jpg\",\"contentUrl\":\"https:\/\/live.staticflickr.com\/65535\/51025915352_be626f87da_c.jpg\"},{\"@type\":\"BreadcrumbList\",\"@id\":\"https:\/\/www.noticiasradioreflejos.com.ar\/2021\/esto-de-llevarle-el-teatro-a-la-gente-es-lo-que-el-publico-mas-agradece-viviana-saccone\/#breadcrumb\",\"itemListElement\":[{\"@type\":\"ListItem\",\"position\":1,\"name\":\"Portada\",\"item\":\"https:\/\/www.noticiasradioreflejos.com.ar\/2021\/\"},{\"@type\":\"ListItem\",\"position\":2,\"name\":\"\u00abEsto de llevarle el teatro a la gente es lo que el p\u00fablico m\u00e1s agradece\u00bb &#8211; Viviana Saccone\"}]},{\"@type\":\"WebSite\",\"@id\":\"https:\/\/www.noticiasradioreflejos.com.ar\/2021\/#website\",\"url\":\"https:\/\/www.noticiasradioreflejos.com.ar\/2021\/\",\"name\":\"Noticias Radio Reflejos\",\"description\":\"Las noticias de mi comarca\",\"potentialAction\":[{\"@type\":\"SearchAction\",\"target\":{\"@type\":\"EntryPoint\",\"urlTemplate\":\"https:\/\/www.noticiasradioreflejos.com.ar\/2021\/?s={search_term_string}\"},\"query-input\":{\"@type\":\"PropertyValueSpecification\",\"valueRequired\":true,\"valueName\":\"search_term_string\"}}],\"inLanguage\":\"es\"},{\"@type\":\"Person\",\"@id\":\"https:\/\/www.noticiasradioreflejos.com.ar\/2021\/#\/schema\/person\/ad82545263dcc5ec0996818884fd5fb1\",\"name\":\"Arnaldo Botto\",\"image\":{\"@type\":\"ImageObject\",\"inLanguage\":\"es\",\"@id\":\"https:\/\/www.noticiasradioreflejos.com.ar\/2021\/#\/schema\/person\/image\/\",\"url\":\"https:\/\/secure.gravatar.com\/avatar\/55cb5e37c1efa326397366e6974cb338056df65cb50e7d64d1cf314e87504837?s=96&d=mm&r=g\",\"contentUrl\":\"https:\/\/secure.gravatar.com\/avatar\/55cb5e37c1efa326397366e6974cb338056df65cb50e7d64d1cf314e87504837?s=96&d=mm&r=g\",\"caption\":\"Arnaldo Botto\"},\"url\":\"https:\/\/www.noticiasradioreflejos.com.ar\/2021\/author\/arnaldo\/\"}]}<\/script>\n<!-- \/ Yoast SEO plugin. -->","yoast_head_json":{"title":"\"Esto de llevarle el teatro a la gente es lo que el p\u00fablico m\u00e1s agradece\" - Viviana Saccone - Noticias Radio Reflejos","robots":{"index":"index","follow":"follow","max-snippet":"max-snippet:-1","max-image-preview":"max-image-preview:large","max-video-preview":"max-video-preview:-1"},"canonical":"https:\/\/www.noticiasradioreflejos.com.ar\/2021\/esto-de-llevarle-el-teatro-a-la-gente-es-lo-que-el-publico-mas-agradece-viviana-saccone\/","og_locale":"es_ES","og_type":"article","og_title":"\"Esto de llevarle el teatro a la gente es lo que el p\u00fablico m\u00e1s agradece\" - Viviana Saccone - Noticias Radio Reflejos","og_description":"El d\u00eda 21 de Marzo se presenta la obra teatral \u00abDivinos Divorcios\u00bb. Conversamos con la protagonista de la comedia que\u00a0 estar\u00e1\u00a0 el pr\u00f3ximo Domingo en el Teatro Rodolfo Funke.","og_url":"https:\/\/www.noticiasradioreflejos.com.ar\/2021\/esto-de-llevarle-el-teatro-a-la-gente-es-lo-que-el-publico-mas-agradece-viviana-saccone\/","og_site_name":"Noticias Radio Reflejos","article_published_time":"2021-03-17T14:37:47+00:00","og_image":[{"url":"https:\/\/live.staticflickr.com\/65535\/51025915352_be626f87da_c.jpg","type":"","width":"","height":""}],"author":"Arnaldo Botto","twitter_card":"summary_large_image","schema":{"@context":"https:\/\/schema.org","@graph":[{"@type":"WebPage","@id":"https:\/\/www.noticiasradioreflejos.com.ar\/2021\/esto-de-llevarle-el-teatro-a-la-gente-es-lo-que-el-publico-mas-agradece-viviana-saccone\/","url":"https:\/\/www.noticiasradioreflejos.com.ar\/2021\/esto-de-llevarle-el-teatro-a-la-gente-es-lo-que-el-publico-mas-agradece-viviana-saccone\/","name":"\"Esto de llevarle el teatro a la gente es lo que el p\u00fablico m\u00e1s agradece\" - Viviana Saccone - Noticias Radio Reflejos","isPartOf":{"@id":"https:\/\/www.noticiasradioreflejos.com.ar\/2021\/#website"},"primaryImageOfPage":{"@id":"https:\/\/www.noticiasradioreflejos.com.ar\/2021\/esto-de-llevarle-el-teatro-a-la-gente-es-lo-que-el-publico-mas-agradece-viviana-saccone\/#primaryimage"},"image":{"@id":"https:\/\/www.noticiasradioreflejos.com.ar\/2021\/esto-de-llevarle-el-teatro-a-la-gente-es-lo-que-el-publico-mas-agradece-viviana-saccone\/#primaryimage"},"thumbnailUrl":"https:\/\/live.staticflickr.com\/65535\/51025915352_be626f87da_c.jpg","datePublished":"2021-03-17T14:37:47+00:00","author":{"@id":"https:\/\/www.noticiasradioreflejos.com.ar\/2021\/#\/schema\/person\/ad82545263dcc5ec0996818884fd5fb1"},"breadcrumb":{"@id":"https:\/\/www.noticiasradioreflejos.com.ar\/2021\/esto-de-llevarle-el-teatro-a-la-gente-es-lo-que-el-publico-mas-agradece-viviana-saccone\/#breadcrumb"},"inLanguage":"es","potentialAction":[{"@type":"ReadAction","target":["https:\/\/www.noticiasradioreflejos.com.ar\/2021\/esto-de-llevarle-el-teatro-a-la-gente-es-lo-que-el-publico-mas-agradece-viviana-saccone\/"]}]},{"@type":"ImageObject","inLanguage":"es","@id":"https:\/\/www.noticiasradioreflejos.com.ar\/2021\/esto-de-llevarle-el-teatro-a-la-gente-es-lo-que-el-publico-mas-agradece-viviana-saccone\/#primaryimage","url":"https:\/\/live.staticflickr.com\/65535\/51025915352_be626f87da_c.jpg","contentUrl":"https:\/\/live.staticflickr.com\/65535\/51025915352_be626f87da_c.jpg"},{"@type":"BreadcrumbList","@id":"https:\/\/www.noticiasradioreflejos.com.ar\/2021\/esto-de-llevarle-el-teatro-a-la-gente-es-lo-que-el-publico-mas-agradece-viviana-saccone\/#breadcrumb","itemListElement":[{"@type":"ListItem","position":1,"name":"Portada","item":"https:\/\/www.noticiasradioreflejos.com.ar\/2021\/"},{"@type":"ListItem","position":2,"name":"\u00abEsto de llevarle el teatro a la gente es lo que el p\u00fablico m\u00e1s agradece\u00bb &#8211; Viviana Saccone"}]},{"@type":"WebSite","@id":"https:\/\/www.noticiasradioreflejos.com.ar\/2021\/#website","url":"https:\/\/www.noticiasradioreflejos.com.ar\/2021\/","name":"Noticias Radio Reflejos","description":"Las noticias de mi comarca","potentialAction":[{"@type":"SearchAction","target":{"@type":"EntryPoint","urlTemplate":"https:\/\/www.noticiasradioreflejos.com.ar\/2021\/?s={search_term_string}"},"query-input":{"@type":"PropertyValueSpecification","valueRequired":true,"valueName":"search_term_string"}}],"inLanguage":"es"},{"@type":"Person","@id":"https:\/\/www.noticiasradioreflejos.com.ar\/2021\/#\/schema\/person\/ad82545263dcc5ec0996818884fd5fb1","name":"Arnaldo Botto","image":{"@type":"ImageObject","inLanguage":"es","@id":"https:\/\/www.noticiasradioreflejos.com.ar\/2021\/#\/schema\/person\/image\/","url":"https:\/\/secure.gravatar.com\/avatar\/55cb5e37c1efa326397366e6974cb338056df65cb50e7d64d1cf314e87504837?s=96&d=mm&r=g","contentUrl":"https:\/\/secure.gravatar.com\/avatar\/55cb5e37c1efa326397366e6974cb338056df65cb50e7d64d1cf314e87504837?s=96&d=mm&r=g","caption":"Arnaldo Botto"},"url":"https:\/\/www.noticiasradioreflejos.com.ar\/2021\/author\/arnaldo\/"}]}},"_links":{"self":[{"href":"https:\/\/www.noticiasradioreflejos.com.ar\/2021\/wp-json\/wp\/v2\/posts\/54054","targetHints":{"allow":["GET"]}}],"collection":[{"href":"https:\/\/www.noticiasradioreflejos.com.ar\/2021\/wp-json\/wp\/v2\/posts"}],"about":[{"href":"https:\/\/www.noticiasradioreflejos.com.ar\/2021\/wp-json\/wp\/v2\/types\/post"}],"author":[{"embeddable":true,"href":"https:\/\/www.noticiasradioreflejos.com.ar\/2021\/wp-json\/wp\/v2\/users\/3"}],"replies":[{"embeddable":true,"href":"https:\/\/www.noticiasradioreflejos.com.ar\/2021\/wp-json\/wp\/v2\/comments?post=54054"}],"version-history":[{"count":0,"href":"https:\/\/www.noticiasradioreflejos.com.ar\/2021\/wp-json\/wp\/v2\/posts\/54054\/revisions"}],"wp:attachment":[{"href":"https:\/\/www.noticiasradioreflejos.com.ar\/2021\/wp-json\/wp\/v2\/media?parent=54054"}],"wp:term":[{"taxonomy":"category","embeddable":true,"href":"https:\/\/www.noticiasradioreflejos.com.ar\/2021\/wp-json\/wp\/v2\/categories?post=54054"},{"taxonomy":"post_tag","embeddable":true,"href":"https:\/\/www.noticiasradioreflejos.com.ar\/2021\/wp-json\/wp\/v2\/tags?post=54054"}],"curies":[{"name":"wp","href":"https:\/\/api.w.org\/{rel}","templated":true}]}}