{"id":53945,"date":"2021-03-15T17:12:20","date_gmt":"2021-03-15T20:12:20","guid":{"rendered":"http:\/\/www.noticiasradioreflejos.com.ar\/noticias\/?p=53945"},"modified":"2021-03-15T17:12:20","modified_gmt":"2021-03-15T20:12:20","slug":"olfato-intuicion-y-decision-de-sabueso-como-detuvo-maximiliano-fogel-al-delincuente-que-abrumaba-a-la-region","status":"publish","type":"post","link":"https:\/\/www.noticiasradioreflejos.com.ar\/2021\/olfato-intuicion-y-decision-de-sabueso-como-detuvo-maximiliano-fogel-al-delincuente-que-abrumaba-a-la-region\/","title":{"rendered":"Olfato, intuici\u00f3n y decisi\u00f3n de \u00abSabueso\u00bb &#8211; C\u00f3mo detuvo Maximiliano Fogel al delincuente que abrumaba a la regi\u00f3n."},"content":{"rendered":"<p>A ra\u00edz de la captura de\u00a0anoche en Villa Ventana\u00a0de\u00a0<strong>Juan Mario Gerling<\/strong>, autor de los hechos delictivos ocurridos sobre la ruta 76, conversamos con<strong> Maximiliano Fogel<\/strong>.\u00a0 El <strong>Jefe de Polic\u00eda de Sierra de la Ventana<\/strong> fue en persona quien detuvo al peligroso delincuente que perpetr\u00f3 varios asaltos a mano armada en la Comarca.<!--more--><br \/>\nRefiri\u00e9ndose al asalto a turistas perpetrado el 27 de febrero pasado: \u00abNo es jurisdicci\u00f3n nuestra, es del partido de Coronel Su\u00e1rez, pero colaboramos con ese hecho porque era muy cerca de Sierra de la Ventana y la gente estaba preocupada\u00bb, as\u00ed explic\u00f3 Maximiliano por qu\u00e9 intervino la polic\u00eda de Sierra de la Ventana.<\/p>\n<p>Coment\u00f3 que, hasta el fin de semana, no hab\u00edan indicios del protagonista del hecho. \u00abHab\u00eda que tratar de establecer el o los autores del hecho\u00bb.<br \/>\n<a title=\"WhatsApp-Image-2021-03-14-at-12.30.27-2\" href=\"https:\/\/www.flickr.com\/photos\/182279889@N02\/51038348788\/in\/dateposted-public\/\" data-flickr-embed=\"true\"><img loading=\"lazy\" decoding=\"async\" src=\"https:\/\/live.staticflickr.com\/65535\/51038348788_1466fbc7d4_c.jpg\" alt=\"WhatsApp-Image-2021-03-14-at-12.30.27-2\" width=\"450\" height=\"800\" \/><\/a><script src=\"\/\/embedr.flickr.com\/assets\/client-code.js\" async=\"\" charset=\"utf-8\"><\/script><\/p>\n<p>\u00abEsta investigaci\u00f3n surge a ra\u00edz del segundo hecho, en frente a la Papelera de Tornquist. Ah\u00ed toda la jefatura comunal comenz\u00f3 a investigar\u00bb mencion\u00f3. Maximiliano explic\u00f3 que pudieron dar con el autor del hecho porque ya se hab\u00eda conocido el modus operandi de atracos similares ocurridos en San Eloy, en el que el delincuente ya hab\u00eda sido detenido. Adem\u00e1s, una de las familias v\u00edctimas de lo ocurrido, pudo describirlo detalladamente, lo que ayud\u00f3 a dar con la persona correcta.<\/p>\n<p>\u00abSe realiz\u00f3 adem\u00e1s un trabajo de campo donde se supo que \u00e9l ten\u00eda vinculaci\u00f3n con una mujer de Villa Ventana. Es su hija, que se encuentra trabajando ah\u00ed. Ellos son oriundos de Coronel Pringles\u00bb, continu\u00f3 desarrollando la informaci\u00f3n recabada. Coment\u00f3 que a ra\u00edz de esa informaci\u00f3n se prosigui\u00f3 a pedir una orden de allanamiento.<\/p>\n<p><a title=\"159512971_435953367634593_2667922672975639396_n\" href=\"https:\/\/www.flickr.com\/photos\/182279889@N02\/51035781877\/in\/dateposted-public\/\" data-flickr-embed=\"true\"><img loading=\"lazy\" decoding=\"async\" src=\"https:\/\/live.staticflickr.com\/65535\/51035781877_7c985e6d4f_c.jpg\" alt=\"159512971_435953367634593_2667922672975639396_n\" width=\"450\" height=\"800\" \/><\/a><script src=\"\/\/embedr.flickr.com\/assets\/client-code.js\" async=\"\" charset=\"utf-8\"><\/script><\/p>\n<p>Maximiliano cont\u00f3 que se trata de una persona peligrosa, que aunque no haya tratado a sus v\u00edctimas de manera violenta, se ha baleado con los oficiales en m\u00e1s de una oportunidad en el pasado. \u00abAl momento de detenerlo \u00e9ramos 5, ya hab\u00edamos previsto la situaci\u00f3n\u00bb, expres\u00f3.<\/p>\n<p>Tambi\u00e9n coment\u00f3 que en todo el operativo de captura trabajaron muchos oficiales incluyendo la gente de Tornquist, Sierra de la Ventana, Villa Ventana y San Andr\u00e9s, incluyendo personas que se encontraban de franco y fueron a dar una mano.<\/p>\n<p>\u00abSe lo logra aprehender regresando a la casa y en su poder ten\u00eda el arma y el dinero que hab\u00eda sustra\u00eddo en los dos hechos acontecidos en el partido de Tornquist\u00bb.<\/p>\n<p>Maximiliano, al finalizar la nota, aprovecha para agradecer a su personal, al Jefe Comunal y a la comunidad de Sierra de la Ventana. \u00abSiempre desde el primer momento han confiado en el trabajo nuestro, y a pesar de los hechos que estaban ocurriendo sobre la ruta, en ning\u00fan momento dudaron de nuestro trabajo\u00bb.<\/p>\n<p><strong>Nota completa a continuaci\u00f3n:<\/strong><br \/>\n<iframe loading=\"lazy\" src=\"https:\/\/w.soundcloud.com\/player\/?url=https%3A\/\/api.soundcloud.com\/tracks\/1007372086&amp;color=%23ff5500&amp;auto_play=false&amp;hide_related=false&amp;show_comments=true&amp;show_user=true&amp;show_reposts=false&amp;show_teaser=true\" width=\"100%\" height=\"166\" frameborder=\"no\" scrolling=\"no\"><\/iframe><\/p>\n<div style=\"font-size: 10px; color: #cccccc; line-break: anywhere; word-break: normal; overflow: hidden; white-space: nowrap; text-overflow: ellipsis; font-family: Interstate,Lucida Grande,Lucida Sans Unicode,Lucida Sans,Garuda,Verdana,Tahoma,sans-serif; font-weight: 100;\"><a style=\"color: #cccccc; text-decoration: none;\" title=\"fmreflejos 103.7\" href=\"https:\/\/soundcloud.com\/fmreflejos-103-7\" target=\"_blank\" rel=\"noopener\">fmreflejos 103.7<\/a> \u00b7 <a style=\"color: #cccccc; text-decoration: none;\" title=\"Nota Maxi Fogel - Detenci\u00f3n de Juan Mario Gerling\" href=\"https:\/\/soundcloud.com\/fmreflejos-103-7\/nota-maxi-fogel-2\" target=\"_blank\" rel=\"noopener\">Nota Maxi Fogel &#8211; Detenci\u00f3n de Juan Mario Gerling<\/a><\/div>\n","protected":false},"excerpt":{"rendered":"<p>A ra\u00edz de la captura de\u00a0anoche en Villa Ventana\u00a0de\u00a0Juan Mario Gerling, autor de los hechos delictivos ocurridos sobre la ruta 76, conversamos con Maximiliano Fogel.\u00a0 El Jefe de Polic\u00eda de Sierra de la Ventana fue en persona quien detuvo al peligroso delincuente que perpetr\u00f3 varios asaltos a mano armada en la Comarca.<\/p>\n","protected":false},"author":3,"featured_media":0,"comment_status":"closed","ping_status":"open","sticky":false,"template":"","format":"standard","meta":{"footnotes":""},"categories":[29],"tags":[],"class_list":["post-53945","post","type-post","status-publish","format-standard","hentry","category-policiales"],"yoast_head":"<!-- This site is optimized with the Yoast SEO plugin v25.9 - https:\/\/yoast.com\/wordpress\/plugins\/seo\/ -->\n<title>Olfato, intuici\u00f3n y decisi\u00f3n de &quot;Sabueso&quot; - C\u00f3mo detuvo Maximiliano Fogel al delincuente que abrumaba a la regi\u00f3n. - Noticias Radio Reflejos<\/title>\n<meta name=\"robots\" content=\"index, follow, max-snippet:-1, max-image-preview:large, max-video-preview:-1\" \/>\n<link rel=\"canonical\" href=\"https:\/\/www.noticiasradioreflejos.com.ar\/2021\/olfato-intuicion-y-decision-de-sabueso-como-detuvo-maximiliano-fogel-al-delincuente-que-abrumaba-a-la-region\/\" \/>\n<meta property=\"og:locale\" content=\"es_ES\" \/>\n<meta property=\"og:type\" content=\"article\" \/>\n<meta property=\"og:title\" content=\"Olfato, intuici\u00f3n y decisi\u00f3n de &quot;Sabueso&quot; - C\u00f3mo detuvo Maximiliano Fogel al delincuente que abrumaba a la regi\u00f3n. - Noticias Radio Reflejos\" \/>\n<meta property=\"og:description\" content=\"A ra\u00edz de la captura de\u00a0anoche en Villa Ventana\u00a0de\u00a0Juan Mario Gerling, autor de los hechos delictivos ocurridos sobre la ruta 76, conversamos con Maximiliano Fogel.\u00a0 El Jefe de Polic\u00eda de Sierra de la Ventana fue en persona quien detuvo al peligroso delincuente que perpetr\u00f3 varios asaltos a mano armada en la Comarca.\" \/>\n<meta property=\"og:url\" content=\"https:\/\/www.noticiasradioreflejos.com.ar\/2021\/olfato-intuicion-y-decision-de-sabueso-como-detuvo-maximiliano-fogel-al-delincuente-que-abrumaba-a-la-region\/\" \/>\n<meta property=\"og:site_name\" content=\"Noticias Radio Reflejos\" \/>\n<meta property=\"article:published_time\" content=\"2021-03-15T20:12:20+00:00\" \/>\n<meta property=\"og:image\" content=\"https:\/\/live.staticflickr.com\/65535\/51038348788_1466fbc7d4_c.jpg\" \/>\n<meta name=\"author\" content=\"Arnaldo Botto\" \/>\n<meta name=\"twitter:card\" content=\"summary_large_image\" \/>\n<script type=\"application\/ld+json\" class=\"yoast-schema-graph\">{\"@context\":\"https:\/\/schema.org\",\"@graph\":[{\"@type\":\"WebPage\",\"@id\":\"https:\/\/www.noticiasradioreflejos.com.ar\/2021\/olfato-intuicion-y-decision-de-sabueso-como-detuvo-maximiliano-fogel-al-delincuente-que-abrumaba-a-la-region\/\",\"url\":\"https:\/\/www.noticiasradioreflejos.com.ar\/2021\/olfato-intuicion-y-decision-de-sabueso-como-detuvo-maximiliano-fogel-al-delincuente-que-abrumaba-a-la-region\/\",\"name\":\"Olfato, intuici\u00f3n y decisi\u00f3n de \\\"Sabueso\\\" - C\u00f3mo detuvo Maximiliano Fogel al delincuente que abrumaba a la regi\u00f3n. - Noticias Radio Reflejos\",\"isPartOf\":{\"@id\":\"https:\/\/www.noticiasradioreflejos.com.ar\/2021\/#website\"},\"primaryImageOfPage\":{\"@id\":\"https:\/\/www.noticiasradioreflejos.com.ar\/2021\/olfato-intuicion-y-decision-de-sabueso-como-detuvo-maximiliano-fogel-al-delincuente-que-abrumaba-a-la-region\/#primaryimage\"},\"image\":{\"@id\":\"https:\/\/www.noticiasradioreflejos.com.ar\/2021\/olfato-intuicion-y-decision-de-sabueso-como-detuvo-maximiliano-fogel-al-delincuente-que-abrumaba-a-la-region\/#primaryimage\"},\"thumbnailUrl\":\"https:\/\/live.staticflickr.com\/65535\/51038348788_1466fbc7d4_c.jpg\",\"datePublished\":\"2021-03-15T20:12:20+00:00\",\"author\":{\"@id\":\"https:\/\/www.noticiasradioreflejos.com.ar\/2021\/#\/schema\/person\/ad82545263dcc5ec0996818884fd5fb1\"},\"breadcrumb\":{\"@id\":\"https:\/\/www.noticiasradioreflejos.com.ar\/2021\/olfato-intuicion-y-decision-de-sabueso-como-detuvo-maximiliano-fogel-al-delincuente-que-abrumaba-a-la-region\/#breadcrumb\"},\"inLanguage\":\"es\",\"potentialAction\":[{\"@type\":\"ReadAction\",\"target\":[\"https:\/\/www.noticiasradioreflejos.com.ar\/2021\/olfato-intuicion-y-decision-de-sabueso-como-detuvo-maximiliano-fogel-al-delincuente-que-abrumaba-a-la-region\/\"]}]},{\"@type\":\"ImageObject\",\"inLanguage\":\"es\",\"@id\":\"https:\/\/www.noticiasradioreflejos.com.ar\/2021\/olfato-intuicion-y-decision-de-sabueso-como-detuvo-maximiliano-fogel-al-delincuente-que-abrumaba-a-la-region\/#primaryimage\",\"url\":\"https:\/\/live.staticflickr.com\/65535\/51038348788_1466fbc7d4_c.jpg\",\"contentUrl\":\"https:\/\/live.staticflickr.com\/65535\/51038348788_1466fbc7d4_c.jpg\"},{\"@type\":\"BreadcrumbList\",\"@id\":\"https:\/\/www.noticiasradioreflejos.com.ar\/2021\/olfato-intuicion-y-decision-de-sabueso-como-detuvo-maximiliano-fogel-al-delincuente-que-abrumaba-a-la-region\/#breadcrumb\",\"itemListElement\":[{\"@type\":\"ListItem\",\"position\":1,\"name\":\"Portada\",\"item\":\"https:\/\/www.noticiasradioreflejos.com.ar\/2021\/\"},{\"@type\":\"ListItem\",\"position\":2,\"name\":\"Olfato, intuici\u00f3n y decisi\u00f3n de \u00abSabueso\u00bb &#8211; C\u00f3mo detuvo Maximiliano Fogel al delincuente que abrumaba a la regi\u00f3n.\"}]},{\"@type\":\"WebSite\",\"@id\":\"https:\/\/www.noticiasradioreflejos.com.ar\/2021\/#website\",\"url\":\"https:\/\/www.noticiasradioreflejos.com.ar\/2021\/\",\"name\":\"Noticias Radio Reflejos\",\"description\":\"Las noticias de mi comarca\",\"potentialAction\":[{\"@type\":\"SearchAction\",\"target\":{\"@type\":\"EntryPoint\",\"urlTemplate\":\"https:\/\/www.noticiasradioreflejos.com.ar\/2021\/?s={search_term_string}\"},\"query-input\":{\"@type\":\"PropertyValueSpecification\",\"valueRequired\":true,\"valueName\":\"search_term_string\"}}],\"inLanguage\":\"es\"},{\"@type\":\"Person\",\"@id\":\"https:\/\/www.noticiasradioreflejos.com.ar\/2021\/#\/schema\/person\/ad82545263dcc5ec0996818884fd5fb1\",\"name\":\"Arnaldo Botto\",\"image\":{\"@type\":\"ImageObject\",\"inLanguage\":\"es\",\"@id\":\"https:\/\/www.noticiasradioreflejos.com.ar\/2021\/#\/schema\/person\/image\/\",\"url\":\"https:\/\/secure.gravatar.com\/avatar\/55cb5e37c1efa326397366e6974cb338056df65cb50e7d64d1cf314e87504837?s=96&d=mm&r=g\",\"contentUrl\":\"https:\/\/secure.gravatar.com\/avatar\/55cb5e37c1efa326397366e6974cb338056df65cb50e7d64d1cf314e87504837?s=96&d=mm&r=g\",\"caption\":\"Arnaldo Botto\"},\"url\":\"https:\/\/www.noticiasradioreflejos.com.ar\/2021\/author\/arnaldo\/\"}]}<\/script>\n<!-- \/ Yoast SEO plugin. -->","yoast_head_json":{"title":"Olfato, intuici\u00f3n y decisi\u00f3n de \"Sabueso\" - C\u00f3mo detuvo Maximiliano Fogel al delincuente que abrumaba a la regi\u00f3n. - Noticias Radio Reflejos","robots":{"index":"index","follow":"follow","max-snippet":"max-snippet:-1","max-image-preview":"max-image-preview:large","max-video-preview":"max-video-preview:-1"},"canonical":"https:\/\/www.noticiasradioreflejos.com.ar\/2021\/olfato-intuicion-y-decision-de-sabueso-como-detuvo-maximiliano-fogel-al-delincuente-que-abrumaba-a-la-region\/","og_locale":"es_ES","og_type":"article","og_title":"Olfato, intuici\u00f3n y decisi\u00f3n de \"Sabueso\" - C\u00f3mo detuvo Maximiliano Fogel al delincuente que abrumaba a la regi\u00f3n. - Noticias Radio Reflejos","og_description":"A ra\u00edz de la captura de\u00a0anoche en Villa Ventana\u00a0de\u00a0Juan Mario Gerling, autor de los hechos delictivos ocurridos sobre la ruta 76, conversamos con Maximiliano Fogel.\u00a0 El Jefe de Polic\u00eda de Sierra de la Ventana fue en persona quien detuvo al peligroso delincuente que perpetr\u00f3 varios asaltos a mano armada en la Comarca.","og_url":"https:\/\/www.noticiasradioreflejos.com.ar\/2021\/olfato-intuicion-y-decision-de-sabueso-como-detuvo-maximiliano-fogel-al-delincuente-que-abrumaba-a-la-region\/","og_site_name":"Noticias Radio Reflejos","article_published_time":"2021-03-15T20:12:20+00:00","og_image":[{"url":"https:\/\/live.staticflickr.com\/65535\/51038348788_1466fbc7d4_c.jpg","type":"","width":"","height":""}],"author":"Arnaldo Botto","twitter_card":"summary_large_image","schema":{"@context":"https:\/\/schema.org","@graph":[{"@type":"WebPage","@id":"https:\/\/www.noticiasradioreflejos.com.ar\/2021\/olfato-intuicion-y-decision-de-sabueso-como-detuvo-maximiliano-fogel-al-delincuente-que-abrumaba-a-la-region\/","url":"https:\/\/www.noticiasradioreflejos.com.ar\/2021\/olfato-intuicion-y-decision-de-sabueso-como-detuvo-maximiliano-fogel-al-delincuente-que-abrumaba-a-la-region\/","name":"Olfato, intuici\u00f3n y decisi\u00f3n de \"Sabueso\" - C\u00f3mo detuvo Maximiliano Fogel al delincuente que abrumaba a la regi\u00f3n. - Noticias Radio Reflejos","isPartOf":{"@id":"https:\/\/www.noticiasradioreflejos.com.ar\/2021\/#website"},"primaryImageOfPage":{"@id":"https:\/\/www.noticiasradioreflejos.com.ar\/2021\/olfato-intuicion-y-decision-de-sabueso-como-detuvo-maximiliano-fogel-al-delincuente-que-abrumaba-a-la-region\/#primaryimage"},"image":{"@id":"https:\/\/www.noticiasradioreflejos.com.ar\/2021\/olfato-intuicion-y-decision-de-sabueso-como-detuvo-maximiliano-fogel-al-delincuente-que-abrumaba-a-la-region\/#primaryimage"},"thumbnailUrl":"https:\/\/live.staticflickr.com\/65535\/51038348788_1466fbc7d4_c.jpg","datePublished":"2021-03-15T20:12:20+00:00","author":{"@id":"https:\/\/www.noticiasradioreflejos.com.ar\/2021\/#\/schema\/person\/ad82545263dcc5ec0996818884fd5fb1"},"breadcrumb":{"@id":"https:\/\/www.noticiasradioreflejos.com.ar\/2021\/olfato-intuicion-y-decision-de-sabueso-como-detuvo-maximiliano-fogel-al-delincuente-que-abrumaba-a-la-region\/#breadcrumb"},"inLanguage":"es","potentialAction":[{"@type":"ReadAction","target":["https:\/\/www.noticiasradioreflejos.com.ar\/2021\/olfato-intuicion-y-decision-de-sabueso-como-detuvo-maximiliano-fogel-al-delincuente-que-abrumaba-a-la-region\/"]}]},{"@type":"ImageObject","inLanguage":"es","@id":"https:\/\/www.noticiasradioreflejos.com.ar\/2021\/olfato-intuicion-y-decision-de-sabueso-como-detuvo-maximiliano-fogel-al-delincuente-que-abrumaba-a-la-region\/#primaryimage","url":"https:\/\/live.staticflickr.com\/65535\/51038348788_1466fbc7d4_c.jpg","contentUrl":"https:\/\/live.staticflickr.com\/65535\/51038348788_1466fbc7d4_c.jpg"},{"@type":"BreadcrumbList","@id":"https:\/\/www.noticiasradioreflejos.com.ar\/2021\/olfato-intuicion-y-decision-de-sabueso-como-detuvo-maximiliano-fogel-al-delincuente-que-abrumaba-a-la-region\/#breadcrumb","itemListElement":[{"@type":"ListItem","position":1,"name":"Portada","item":"https:\/\/www.noticiasradioreflejos.com.ar\/2021\/"},{"@type":"ListItem","position":2,"name":"Olfato, intuici\u00f3n y decisi\u00f3n de \u00abSabueso\u00bb &#8211; C\u00f3mo detuvo Maximiliano Fogel al delincuente que abrumaba a la regi\u00f3n."}]},{"@type":"WebSite","@id":"https:\/\/www.noticiasradioreflejos.com.ar\/2021\/#website","url":"https:\/\/www.noticiasradioreflejos.com.ar\/2021\/","name":"Noticias Radio Reflejos","description":"Las noticias de mi comarca","potentialAction":[{"@type":"SearchAction","target":{"@type":"EntryPoint","urlTemplate":"https:\/\/www.noticiasradioreflejos.com.ar\/2021\/?s={search_term_string}"},"query-input":{"@type":"PropertyValueSpecification","valueRequired":true,"valueName":"search_term_string"}}],"inLanguage":"es"},{"@type":"Person","@id":"https:\/\/www.noticiasradioreflejos.com.ar\/2021\/#\/schema\/person\/ad82545263dcc5ec0996818884fd5fb1","name":"Arnaldo Botto","image":{"@type":"ImageObject","inLanguage":"es","@id":"https:\/\/www.noticiasradioreflejos.com.ar\/2021\/#\/schema\/person\/image\/","url":"https:\/\/secure.gravatar.com\/avatar\/55cb5e37c1efa326397366e6974cb338056df65cb50e7d64d1cf314e87504837?s=96&d=mm&r=g","contentUrl":"https:\/\/secure.gravatar.com\/avatar\/55cb5e37c1efa326397366e6974cb338056df65cb50e7d64d1cf314e87504837?s=96&d=mm&r=g","caption":"Arnaldo Botto"},"url":"https:\/\/www.noticiasradioreflejos.com.ar\/2021\/author\/arnaldo\/"}]}},"_links":{"self":[{"href":"https:\/\/www.noticiasradioreflejos.com.ar\/2021\/wp-json\/wp\/v2\/posts\/53945","targetHints":{"allow":["GET"]}}],"collection":[{"href":"https:\/\/www.noticiasradioreflejos.com.ar\/2021\/wp-json\/wp\/v2\/posts"}],"about":[{"href":"https:\/\/www.noticiasradioreflejos.com.ar\/2021\/wp-json\/wp\/v2\/types\/post"}],"author":[{"embeddable":true,"href":"https:\/\/www.noticiasradioreflejos.com.ar\/2021\/wp-json\/wp\/v2\/users\/3"}],"replies":[{"embeddable":true,"href":"https:\/\/www.noticiasradioreflejos.com.ar\/2021\/wp-json\/wp\/v2\/comments?post=53945"}],"version-history":[{"count":0,"href":"https:\/\/www.noticiasradioreflejos.com.ar\/2021\/wp-json\/wp\/v2\/posts\/53945\/revisions"}],"wp:attachment":[{"href":"https:\/\/www.noticiasradioreflejos.com.ar\/2021\/wp-json\/wp\/v2\/media?parent=53945"}],"wp:term":[{"taxonomy":"category","embeddable":true,"href":"https:\/\/www.noticiasradioreflejos.com.ar\/2021\/wp-json\/wp\/v2\/categories?post=53945"},{"taxonomy":"post_tag","embeddable":true,"href":"https:\/\/www.noticiasradioreflejos.com.ar\/2021\/wp-json\/wp\/v2\/tags?post=53945"}],"curies":[{"name":"wp","href":"https:\/\/api.w.org\/{rel}","templated":true}]}}