{"id":53942,"date":"2021-03-15T14:49:53","date_gmt":"2021-03-15T17:49:53","guid":{"rendered":"http:\/\/www.noticiasradioreflejos.com.ar\/noticias\/?p=53942"},"modified":"2021-03-15T14:49:53","modified_gmt":"2021-03-15T17:49:53","slug":"el-municipio-distinguio-la-labor-policial-del-ultimo-fin-de-semana","status":"publish","type":"post","link":"https:\/\/www.noticiasradioreflejos.com.ar\/2021\/el-municipio-distinguio-la-labor-policial-del-ultimo-fin-de-semana\/","title":{"rendered":"El municipio distingui\u00f3 la labor policial del \u00faltimo fin de semana"},"content":{"rendered":"<p>Mediante la Resoluci\u00f3n 02\/2021, este lunes el municipio de Tornquist distingui\u00f3 la labor policial frente a los hechos delictivos de los \u00faltimos d\u00edas en el distrito, que concluy\u00f3 con la aprehensi\u00f3n del autor de los il\u00edcitos.<!--more--><\/p>\n<p>En ese marco, el intendente municipal interino, Sebasti\u00e1n Bassi, y el Secretario de Gobierno y Seguridad, Ezequiel Gabella, hicieron entrega de un reconocimiento al Oficial Inspector Maximiliano Fogel y al Comisario Inspector Jorge Maffioli, quienes estuvieron al mando de los distintos cuerpos de seguridad de los procedimientos.<\/p>\n<p><a data-flickr-embed=\"true\" href=\"https:\/\/www.flickr.com\/photos\/182279889@N02\/51040391482\/in\/dateposted-public\/\" title=\"Distincion a policias (3)\"><img loading=\"lazy\" decoding=\"async\" src=\"https:\/\/live.staticflickr.com\/65535\/51040391482_26d32f2192_c.jpg\" width=\"800\" height=\"534\" alt=\"Distincion a policias (3)\"><\/a><script async src=\"\/\/embedr.flickr.com\/assets\/client-code.js\" charset=\"utf-8\"><\/script><\/p>\n<p>Los funcionarios municipales expresaron a los oficiales su agradecimiento por el eficaz trabajo realizado, gracias al cual se obtuvo la r\u00e1pida resoluci\u00f3n de los actos delictivos y, as\u00ed, llevar tranquilidad, orden y seguridad a los vecinos del partido de Tornquist.<\/p>\n<p><a data-flickr-embed=\"true\" href=\"https:\/\/www.flickr.com\/photos\/182279889@N02\/51040299136\/in\/dateposted-public\/\" title=\"Distincion a policias (2)\"><img loading=\"lazy\" decoding=\"async\" src=\"https:\/\/live.staticflickr.com\/65535\/51040299136_901ed93317_c.jpg\" width=\"800\" height=\"534\" alt=\"Distincion a policias (2)\"><\/a><script async src=\"\/\/embedr.flickr.com\/assets\/client-code.js\" charset=\"utf-8\"><\/script><\/p>\n","protected":false},"excerpt":{"rendered":"<p>Mediante la Resoluci\u00f3n 02\/2021, este lunes el municipio de Tornquist distingui\u00f3 la labor policial frente a los hechos delictivos de los \u00faltimos d\u00edas en el distrito, que concluy\u00f3 con la aprehensi\u00f3n del autor de los il\u00edcitos.<\/p>\n","protected":false},"author":3,"featured_media":0,"comment_status":"closed","ping_status":"open","sticky":false,"template":"","format":"standard","meta":{"footnotes":""},"categories":[28,29],"tags":[],"class_list":["post-53942","post","type-post","status-publish","format-standard","hentry","category-municipales","category-policiales"],"yoast_head":"<!-- This site is optimized with the Yoast SEO plugin v25.9 - https:\/\/yoast.com\/wordpress\/plugins\/seo\/ -->\n<title>El municipio distingui\u00f3 la labor policial del \u00faltimo fin de semana - Noticias Radio Reflejos<\/title>\n<meta name=\"robots\" content=\"index, follow, max-snippet:-1, max-image-preview:large, max-video-preview:-1\" \/>\n<link rel=\"canonical\" href=\"https:\/\/www.noticiasradioreflejos.com.ar\/2021\/el-municipio-distinguio-la-labor-policial-del-ultimo-fin-de-semana\/\" \/>\n<meta property=\"og:locale\" content=\"es_ES\" \/>\n<meta property=\"og:type\" content=\"article\" \/>\n<meta property=\"og:title\" content=\"El municipio distingui\u00f3 la labor policial del \u00faltimo fin de semana - Noticias Radio Reflejos\" \/>\n<meta property=\"og:description\" content=\"Mediante la Resoluci\u00f3n 02\/2021, este lunes el municipio de Tornquist distingui\u00f3 la labor policial frente a los hechos delictivos de los \u00faltimos d\u00edas en el distrito, que concluy\u00f3 con la aprehensi\u00f3n del autor de los il\u00edcitos.\" \/>\n<meta property=\"og:url\" content=\"https:\/\/www.noticiasradioreflejos.com.ar\/2021\/el-municipio-distinguio-la-labor-policial-del-ultimo-fin-de-semana\/\" \/>\n<meta property=\"og:site_name\" content=\"Noticias Radio Reflejos\" \/>\n<meta property=\"article:published_time\" content=\"2021-03-15T17:49:53+00:00\" \/>\n<meta property=\"og:image\" content=\"https:\/\/live.staticflickr.com\/65535\/51040391482_26d32f2192_c.jpg\" \/>\n<meta name=\"author\" content=\"Arnaldo Botto\" \/>\n<meta name=\"twitter:card\" content=\"summary_large_image\" \/>\n<script type=\"application\/ld+json\" class=\"yoast-schema-graph\">{\"@context\":\"https:\/\/schema.org\",\"@graph\":[{\"@type\":\"WebPage\",\"@id\":\"https:\/\/www.noticiasradioreflejos.com.ar\/2021\/el-municipio-distinguio-la-labor-policial-del-ultimo-fin-de-semana\/\",\"url\":\"https:\/\/www.noticiasradioreflejos.com.ar\/2021\/el-municipio-distinguio-la-labor-policial-del-ultimo-fin-de-semana\/\",\"name\":\"El municipio distingui\u00f3 la labor policial del \u00faltimo fin de semana - Noticias Radio Reflejos\",\"isPartOf\":{\"@id\":\"https:\/\/www.noticiasradioreflejos.com.ar\/2021\/#website\"},\"primaryImageOfPage\":{\"@id\":\"https:\/\/www.noticiasradioreflejos.com.ar\/2021\/el-municipio-distinguio-la-labor-policial-del-ultimo-fin-de-semana\/#primaryimage\"},\"image\":{\"@id\":\"https:\/\/www.noticiasradioreflejos.com.ar\/2021\/el-municipio-distinguio-la-labor-policial-del-ultimo-fin-de-semana\/#primaryimage\"},\"thumbnailUrl\":\"https:\/\/live.staticflickr.com\/65535\/51040391482_26d32f2192_c.jpg\",\"datePublished\":\"2021-03-15T17:49:53+00:00\",\"author\":{\"@id\":\"https:\/\/www.noticiasradioreflejos.com.ar\/2021\/#\/schema\/person\/ad82545263dcc5ec0996818884fd5fb1\"},\"breadcrumb\":{\"@id\":\"https:\/\/www.noticiasradioreflejos.com.ar\/2021\/el-municipio-distinguio-la-labor-policial-del-ultimo-fin-de-semana\/#breadcrumb\"},\"inLanguage\":\"es\",\"potentialAction\":[{\"@type\":\"ReadAction\",\"target\":[\"https:\/\/www.noticiasradioreflejos.com.ar\/2021\/el-municipio-distinguio-la-labor-policial-del-ultimo-fin-de-semana\/\"]}]},{\"@type\":\"ImageObject\",\"inLanguage\":\"es\",\"@id\":\"https:\/\/www.noticiasradioreflejos.com.ar\/2021\/el-municipio-distinguio-la-labor-policial-del-ultimo-fin-de-semana\/#primaryimage\",\"url\":\"https:\/\/live.staticflickr.com\/65535\/51040391482_26d32f2192_c.jpg\",\"contentUrl\":\"https:\/\/live.staticflickr.com\/65535\/51040391482_26d32f2192_c.jpg\"},{\"@type\":\"BreadcrumbList\",\"@id\":\"https:\/\/www.noticiasradioreflejos.com.ar\/2021\/el-municipio-distinguio-la-labor-policial-del-ultimo-fin-de-semana\/#breadcrumb\",\"itemListElement\":[{\"@type\":\"ListItem\",\"position\":1,\"name\":\"Portada\",\"item\":\"https:\/\/www.noticiasradioreflejos.com.ar\/2021\/\"},{\"@type\":\"ListItem\",\"position\":2,\"name\":\"El municipio distingui\u00f3 la labor policial del \u00faltimo fin de semana\"}]},{\"@type\":\"WebSite\",\"@id\":\"https:\/\/www.noticiasradioreflejos.com.ar\/2021\/#website\",\"url\":\"https:\/\/www.noticiasradioreflejos.com.ar\/2021\/\",\"name\":\"Noticias Radio Reflejos\",\"description\":\"Las noticias de mi comarca\",\"potentialAction\":[{\"@type\":\"SearchAction\",\"target\":{\"@type\":\"EntryPoint\",\"urlTemplate\":\"https:\/\/www.noticiasradioreflejos.com.ar\/2021\/?s={search_term_string}\"},\"query-input\":{\"@type\":\"PropertyValueSpecification\",\"valueRequired\":true,\"valueName\":\"search_term_string\"}}],\"inLanguage\":\"es\"},{\"@type\":\"Person\",\"@id\":\"https:\/\/www.noticiasradioreflejos.com.ar\/2021\/#\/schema\/person\/ad82545263dcc5ec0996818884fd5fb1\",\"name\":\"Arnaldo Botto\",\"image\":{\"@type\":\"ImageObject\",\"inLanguage\":\"es\",\"@id\":\"https:\/\/www.noticiasradioreflejos.com.ar\/2021\/#\/schema\/person\/image\/\",\"url\":\"https:\/\/secure.gravatar.com\/avatar\/55cb5e37c1efa326397366e6974cb338056df65cb50e7d64d1cf314e87504837?s=96&d=mm&r=g\",\"contentUrl\":\"https:\/\/secure.gravatar.com\/avatar\/55cb5e37c1efa326397366e6974cb338056df65cb50e7d64d1cf314e87504837?s=96&d=mm&r=g\",\"caption\":\"Arnaldo Botto\"},\"url\":\"https:\/\/www.noticiasradioreflejos.com.ar\/2021\/author\/arnaldo\/\"}]}<\/script>\n<!-- \/ Yoast SEO plugin. -->","yoast_head_json":{"title":"El municipio distingui\u00f3 la labor policial del \u00faltimo fin de semana - Noticias Radio Reflejos","robots":{"index":"index","follow":"follow","max-snippet":"max-snippet:-1","max-image-preview":"max-image-preview:large","max-video-preview":"max-video-preview:-1"},"canonical":"https:\/\/www.noticiasradioreflejos.com.ar\/2021\/el-municipio-distinguio-la-labor-policial-del-ultimo-fin-de-semana\/","og_locale":"es_ES","og_type":"article","og_title":"El municipio distingui\u00f3 la labor policial del \u00faltimo fin de semana - Noticias Radio Reflejos","og_description":"Mediante la Resoluci\u00f3n 02\/2021, este lunes el municipio de Tornquist distingui\u00f3 la labor policial frente a los hechos delictivos de los \u00faltimos d\u00edas en el distrito, que concluy\u00f3 con la aprehensi\u00f3n del autor de los il\u00edcitos.","og_url":"https:\/\/www.noticiasradioreflejos.com.ar\/2021\/el-municipio-distinguio-la-labor-policial-del-ultimo-fin-de-semana\/","og_site_name":"Noticias Radio Reflejos","article_published_time":"2021-03-15T17:49:53+00:00","og_image":[{"url":"https:\/\/live.staticflickr.com\/65535\/51040391482_26d32f2192_c.jpg","type":"","width":"","height":""}],"author":"Arnaldo Botto","twitter_card":"summary_large_image","schema":{"@context":"https:\/\/schema.org","@graph":[{"@type":"WebPage","@id":"https:\/\/www.noticiasradioreflejos.com.ar\/2021\/el-municipio-distinguio-la-labor-policial-del-ultimo-fin-de-semana\/","url":"https:\/\/www.noticiasradioreflejos.com.ar\/2021\/el-municipio-distinguio-la-labor-policial-del-ultimo-fin-de-semana\/","name":"El municipio distingui\u00f3 la labor policial del \u00faltimo fin de semana - Noticias Radio Reflejos","isPartOf":{"@id":"https:\/\/www.noticiasradioreflejos.com.ar\/2021\/#website"},"primaryImageOfPage":{"@id":"https:\/\/www.noticiasradioreflejos.com.ar\/2021\/el-municipio-distinguio-la-labor-policial-del-ultimo-fin-de-semana\/#primaryimage"},"image":{"@id":"https:\/\/www.noticiasradioreflejos.com.ar\/2021\/el-municipio-distinguio-la-labor-policial-del-ultimo-fin-de-semana\/#primaryimage"},"thumbnailUrl":"https:\/\/live.staticflickr.com\/65535\/51040391482_26d32f2192_c.jpg","datePublished":"2021-03-15T17:49:53+00:00","author":{"@id":"https:\/\/www.noticiasradioreflejos.com.ar\/2021\/#\/schema\/person\/ad82545263dcc5ec0996818884fd5fb1"},"breadcrumb":{"@id":"https:\/\/www.noticiasradioreflejos.com.ar\/2021\/el-municipio-distinguio-la-labor-policial-del-ultimo-fin-de-semana\/#breadcrumb"},"inLanguage":"es","potentialAction":[{"@type":"ReadAction","target":["https:\/\/www.noticiasradioreflejos.com.ar\/2021\/el-municipio-distinguio-la-labor-policial-del-ultimo-fin-de-semana\/"]}]},{"@type":"ImageObject","inLanguage":"es","@id":"https:\/\/www.noticiasradioreflejos.com.ar\/2021\/el-municipio-distinguio-la-labor-policial-del-ultimo-fin-de-semana\/#primaryimage","url":"https:\/\/live.staticflickr.com\/65535\/51040391482_26d32f2192_c.jpg","contentUrl":"https:\/\/live.staticflickr.com\/65535\/51040391482_26d32f2192_c.jpg"},{"@type":"BreadcrumbList","@id":"https:\/\/www.noticiasradioreflejos.com.ar\/2021\/el-municipio-distinguio-la-labor-policial-del-ultimo-fin-de-semana\/#breadcrumb","itemListElement":[{"@type":"ListItem","position":1,"name":"Portada","item":"https:\/\/www.noticiasradioreflejos.com.ar\/2021\/"},{"@type":"ListItem","position":2,"name":"El municipio distingui\u00f3 la labor policial del \u00faltimo fin de semana"}]},{"@type":"WebSite","@id":"https:\/\/www.noticiasradioreflejos.com.ar\/2021\/#website","url":"https:\/\/www.noticiasradioreflejos.com.ar\/2021\/","name":"Noticias Radio Reflejos","description":"Las noticias de mi comarca","potentialAction":[{"@type":"SearchAction","target":{"@type":"EntryPoint","urlTemplate":"https:\/\/www.noticiasradioreflejos.com.ar\/2021\/?s={search_term_string}"},"query-input":{"@type":"PropertyValueSpecification","valueRequired":true,"valueName":"search_term_string"}}],"inLanguage":"es"},{"@type":"Person","@id":"https:\/\/www.noticiasradioreflejos.com.ar\/2021\/#\/schema\/person\/ad82545263dcc5ec0996818884fd5fb1","name":"Arnaldo Botto","image":{"@type":"ImageObject","inLanguage":"es","@id":"https:\/\/www.noticiasradioreflejos.com.ar\/2021\/#\/schema\/person\/image\/","url":"https:\/\/secure.gravatar.com\/avatar\/55cb5e37c1efa326397366e6974cb338056df65cb50e7d64d1cf314e87504837?s=96&d=mm&r=g","contentUrl":"https:\/\/secure.gravatar.com\/avatar\/55cb5e37c1efa326397366e6974cb338056df65cb50e7d64d1cf314e87504837?s=96&d=mm&r=g","caption":"Arnaldo Botto"},"url":"https:\/\/www.noticiasradioreflejos.com.ar\/2021\/author\/arnaldo\/"}]}},"_links":{"self":[{"href":"https:\/\/www.noticiasradioreflejos.com.ar\/2021\/wp-json\/wp\/v2\/posts\/53942","targetHints":{"allow":["GET"]}}],"collection":[{"href":"https:\/\/www.noticiasradioreflejos.com.ar\/2021\/wp-json\/wp\/v2\/posts"}],"about":[{"href":"https:\/\/www.noticiasradioreflejos.com.ar\/2021\/wp-json\/wp\/v2\/types\/post"}],"author":[{"embeddable":true,"href":"https:\/\/www.noticiasradioreflejos.com.ar\/2021\/wp-json\/wp\/v2\/users\/3"}],"replies":[{"embeddable":true,"href":"https:\/\/www.noticiasradioreflejos.com.ar\/2021\/wp-json\/wp\/v2\/comments?post=53942"}],"version-history":[{"count":0,"href":"https:\/\/www.noticiasradioreflejos.com.ar\/2021\/wp-json\/wp\/v2\/posts\/53942\/revisions"}],"wp:attachment":[{"href":"https:\/\/www.noticiasradioreflejos.com.ar\/2021\/wp-json\/wp\/v2\/media?parent=53942"}],"wp:term":[{"taxonomy":"category","embeddable":true,"href":"https:\/\/www.noticiasradioreflejos.com.ar\/2021\/wp-json\/wp\/v2\/categories?post=53942"},{"taxonomy":"post_tag","embeddable":true,"href":"https:\/\/www.noticiasradioreflejos.com.ar\/2021\/wp-json\/wp\/v2\/tags?post=53942"}],"curies":[{"name":"wp","href":"https:\/\/api.w.org\/{rel}","templated":true}]}}