{"id":53932,"date":"2021-03-15T14:24:47","date_gmt":"2021-03-15T17:24:47","guid":{"rendered":"http:\/\/www.noticiasradioreflejos.com.ar\/noticias\/?p=53932"},"modified":"2021-03-15T14:24:47","modified_gmt":"2021-03-15T17:24:47","slug":"mil-obras-los-violentos-tiran-piedras-nosotros-tiramos-obras-y-llevamos-vacunas","status":"publish","type":"post","link":"https:\/\/www.noticiasradioreflejos.com.ar\/2021\/mil-obras-los-violentos-tiran-piedras-nosotros-tiramos-obras-y-llevamos-vacunas\/","title":{"rendered":"Mil Obras: \u00abLos violentos tiran piedras, nosotros tiramos obras y llevamos vacunas\u00bb"},"content":{"rendered":"<p>Alberto Fern\u00e1ndez dej\u00f3 inauguradas desde Almirante Brown\u00a030 obras en 11 provincias por una inversi\u00f3n de 9.772 millones de pesos.<!--more--><\/p>\n<div id=\"image\" class=\"image\"><\/div>\n<p>El presidente, Alberto Fern\u00e1ndez, dijo este lunes que mientras \u00ablos violentos tiran piedras\u00bb, su Gobierno lleva \u00abobras y vacunas\u00bb, recomend\u00f3 que \u00abnada ni nadie\u00bb desv\u00ede al pa\u00eds \u00abde este camino\u00bb y pidi\u00f3 que las \u00abdiferencias no nos enfrenten\u00bb a los argentinos.<\/p>\n<p><strong>\u00abLos violentos tiran piedras, nosotros tiramos obras. Los violentos tiran piedras y nosotros llevamos vacunas. Los violentos tiran piedras y nosotros tiramos amor a la gente\u00bb<\/strong>, expres\u00f3 Fern\u00e1ndez, en referencia a la agresi\u00f3n que \u00e9l y su comitiva sufrieron cuando recorr\u00edan la zona afectada por los incendios en Chubut.<\/p>\n<p><strong>La Argentina est\u00e1 \u00aben el 90 por ciento del mundo que consigue vacunas\u00bb porque desde el Gobierno nacional se ha \u00abtrabajado incansablemente para conseguirlas\u00bb, mientras la oposici\u00f3n los acusaba de \u00abquerer envenenar a la gente\u00bb<\/strong>, continu\u00f3<\/p>\n<p>El jefe de Estado hizo estas declaraciones al encabezar, en el partido bonaerense de Almirante Brown, el acto de presentaci\u00f3n de las primeras 1.000 obras p\u00fablicas que ya se encuentran en ejecuci\u00f3n en toda la Argentina y que implican una inversi\u00f3n de 556.780 millones de pesos.<\/p>\n<p>El mandatario destac\u00f3 la inversi\u00f3n en obras p\u00fablicas que realiz\u00f3 el Gobierno nacional, cuyo monto es similar a lo que debi\u00f3 haber pagado este a\u00f1o Argentina al FMI merced a la deuda contra\u00edda por la gesti\u00f3n macrista, y reiter\u00f3 que \u00abno\u00bb va a acordar con ese organismo \u00aba costa de los argentinos\u00bb.<\/p>\n<p>En este sentido, cuestion\u00f3 a quienes eligieron \u00abel camino f\u00e1cil de endeudarse y olvidarse de la gente.<\/p>\n<p>La actividad comenz\u00f3 pasado el mediod\u00eda e implic\u00f3 comunicaciones por teleconferencia con el municipio de Hurlingham y las provincias de Misiones, C\u00f3rdoba, Catamarca y Neuqu\u00e9n, y por Zoom con los y las intendentes de 25 ciudades de diferentes localidades del pa\u00eds.<\/p>\n<div id=\"image\" class=\"image\">\n<p><img decoding=\"async\" title=\"El gobernador de Buenos Aires tambi\u00e9n particip\u00f3 del acto.\" src=\"https:\/\/www.telam.com.ar\/advf\/imagenes\/2021\/03\/604f87e8778fd_1004x565.jpg\" alt=\"El gobernador de Buenos Aires tambi\u00e9n particip\u00f3 del acto.\" \/><\/p>\n<div class=\"epigrafe\">El gobernador de Buenos Aires tambi\u00e9n particip\u00f3 del acto.<\/div>\n<\/div>\n<p>En el acto, Fern\u00e1ndez dej\u00f3 inauguradas 30 obras en 11 provincias por una inversi\u00f3n de 9.772 millones de pesos.Asimismo, puso en marcha el Instituto Superior de Formaci\u00f3n Docente N\u00ba41, que se encuentra en Adrogu\u00e9.<\/p>\n<p>Fern\u00e1ndez estuvo acompa\u00f1ado por el gobernador bonaerense, Axel Kicillof, el intendente local Mariano Cascallares y el ministro de Obras P\u00fablicas, Gabriel Katopodis.<\/p>\n<p>Tambi\u00e9n estuvieron el ministro de Educaci\u00f3n, Nicol\u00e1s Trotta y la directora General de Cultura y Educaci\u00f3n de la provincia de Buenos Aires, Agustina Vila, y la directora del establecimiento educativo, Susana Elola.<\/p>\n","protected":false},"excerpt":{"rendered":"<p>Alberto Fern\u00e1ndez dej\u00f3 inauguradas desde Almirante Brown\u00a030 obras en 11 provincias por una inversi\u00f3n de 9.772 millones de pesos.<\/p>\n","protected":false},"author":3,"featured_media":0,"comment_status":"closed","ping_status":"open","sticky":false,"template":"","format":"standard","meta":{"footnotes":""},"categories":[24],"tags":[],"class_list":["post-53932","post","type-post","status-publish","format-standard","hentry","category-politica"],"yoast_head":"<!-- This site is optimized with the Yoast SEO plugin v25.9 - https:\/\/yoast.com\/wordpress\/plugins\/seo\/ -->\n<title>Mil Obras: &quot;Los violentos tiran piedras, nosotros tiramos obras y llevamos vacunas&quot; - Noticias Radio Reflejos<\/title>\n<meta name=\"robots\" content=\"index, follow, max-snippet:-1, max-image-preview:large, max-video-preview:-1\" \/>\n<link rel=\"canonical\" href=\"https:\/\/www.noticiasradioreflejos.com.ar\/2021\/mil-obras-los-violentos-tiran-piedras-nosotros-tiramos-obras-y-llevamos-vacunas\/\" \/>\n<meta property=\"og:locale\" content=\"es_ES\" \/>\n<meta property=\"og:type\" content=\"article\" \/>\n<meta property=\"og:title\" content=\"Mil Obras: &quot;Los violentos tiran piedras, nosotros tiramos obras y llevamos vacunas&quot; - Noticias Radio Reflejos\" \/>\n<meta property=\"og:description\" content=\"Alberto Fern\u00e1ndez dej\u00f3 inauguradas desde Almirante Brown\u00a030 obras en 11 provincias por una inversi\u00f3n de 9.772 millones de pesos.\" \/>\n<meta property=\"og:url\" content=\"https:\/\/www.noticiasradioreflejos.com.ar\/2021\/mil-obras-los-violentos-tiran-piedras-nosotros-tiramos-obras-y-llevamos-vacunas\/\" \/>\n<meta property=\"og:site_name\" content=\"Noticias Radio Reflejos\" \/>\n<meta property=\"article:published_time\" content=\"2021-03-15T17:24:47+00:00\" \/>\n<meta property=\"og:image\" content=\"https:\/\/www.telam.com.ar\/advf\/imagenes\/2021\/03\/604f87e8778fd_1004x565.jpg\" \/>\n<meta name=\"author\" content=\"Arnaldo Botto\" \/>\n<meta name=\"twitter:card\" content=\"summary_large_image\" \/>\n<script type=\"application\/ld+json\" class=\"yoast-schema-graph\">{\"@context\":\"https:\/\/schema.org\",\"@graph\":[{\"@type\":\"WebPage\",\"@id\":\"https:\/\/www.noticiasradioreflejos.com.ar\/2021\/mil-obras-los-violentos-tiran-piedras-nosotros-tiramos-obras-y-llevamos-vacunas\/\",\"url\":\"https:\/\/www.noticiasradioreflejos.com.ar\/2021\/mil-obras-los-violentos-tiran-piedras-nosotros-tiramos-obras-y-llevamos-vacunas\/\",\"name\":\"Mil Obras: \\\"Los violentos tiran piedras, nosotros tiramos obras y llevamos vacunas\\\" - Noticias Radio Reflejos\",\"isPartOf\":{\"@id\":\"https:\/\/www.noticiasradioreflejos.com.ar\/2021\/#website\"},\"primaryImageOfPage\":{\"@id\":\"https:\/\/www.noticiasradioreflejos.com.ar\/2021\/mil-obras-los-violentos-tiran-piedras-nosotros-tiramos-obras-y-llevamos-vacunas\/#primaryimage\"},\"image\":{\"@id\":\"https:\/\/www.noticiasradioreflejos.com.ar\/2021\/mil-obras-los-violentos-tiran-piedras-nosotros-tiramos-obras-y-llevamos-vacunas\/#primaryimage\"},\"thumbnailUrl\":\"https:\/\/www.telam.com.ar\/advf\/imagenes\/2021\/03\/604f87e8778fd_1004x565.jpg\",\"datePublished\":\"2021-03-15T17:24:47+00:00\",\"author\":{\"@id\":\"https:\/\/www.noticiasradioreflejos.com.ar\/2021\/#\/schema\/person\/ad82545263dcc5ec0996818884fd5fb1\"},\"breadcrumb\":{\"@id\":\"https:\/\/www.noticiasradioreflejos.com.ar\/2021\/mil-obras-los-violentos-tiran-piedras-nosotros-tiramos-obras-y-llevamos-vacunas\/#breadcrumb\"},\"inLanguage\":\"es\",\"potentialAction\":[{\"@type\":\"ReadAction\",\"target\":[\"https:\/\/www.noticiasradioreflejos.com.ar\/2021\/mil-obras-los-violentos-tiran-piedras-nosotros-tiramos-obras-y-llevamos-vacunas\/\"]}]},{\"@type\":\"ImageObject\",\"inLanguage\":\"es\",\"@id\":\"https:\/\/www.noticiasradioreflejos.com.ar\/2021\/mil-obras-los-violentos-tiran-piedras-nosotros-tiramos-obras-y-llevamos-vacunas\/#primaryimage\",\"url\":\"https:\/\/www.telam.com.ar\/advf\/imagenes\/2021\/03\/604f87e8778fd_1004x565.jpg\",\"contentUrl\":\"https:\/\/www.telam.com.ar\/advf\/imagenes\/2021\/03\/604f87e8778fd_1004x565.jpg\"},{\"@type\":\"BreadcrumbList\",\"@id\":\"https:\/\/www.noticiasradioreflejos.com.ar\/2021\/mil-obras-los-violentos-tiran-piedras-nosotros-tiramos-obras-y-llevamos-vacunas\/#breadcrumb\",\"itemListElement\":[{\"@type\":\"ListItem\",\"position\":1,\"name\":\"Portada\",\"item\":\"https:\/\/www.noticiasradioreflejos.com.ar\/2021\/\"},{\"@type\":\"ListItem\",\"position\":2,\"name\":\"Mil Obras: \u00abLos violentos tiran piedras, nosotros tiramos obras y llevamos vacunas\u00bb\"}]},{\"@type\":\"WebSite\",\"@id\":\"https:\/\/www.noticiasradioreflejos.com.ar\/2021\/#website\",\"url\":\"https:\/\/www.noticiasradioreflejos.com.ar\/2021\/\",\"name\":\"Noticias Radio Reflejos\",\"description\":\"Las noticias de mi comarca\",\"potentialAction\":[{\"@type\":\"SearchAction\",\"target\":{\"@type\":\"EntryPoint\",\"urlTemplate\":\"https:\/\/www.noticiasradioreflejos.com.ar\/2021\/?s={search_term_string}\"},\"query-input\":{\"@type\":\"PropertyValueSpecification\",\"valueRequired\":true,\"valueName\":\"search_term_string\"}}],\"inLanguage\":\"es\"},{\"@type\":\"Person\",\"@id\":\"https:\/\/www.noticiasradioreflejos.com.ar\/2021\/#\/schema\/person\/ad82545263dcc5ec0996818884fd5fb1\",\"name\":\"Arnaldo Botto\",\"image\":{\"@type\":\"ImageObject\",\"inLanguage\":\"es\",\"@id\":\"https:\/\/www.noticiasradioreflejos.com.ar\/2021\/#\/schema\/person\/image\/\",\"url\":\"https:\/\/secure.gravatar.com\/avatar\/55cb5e37c1efa326397366e6974cb338056df65cb50e7d64d1cf314e87504837?s=96&d=mm&r=g\",\"contentUrl\":\"https:\/\/secure.gravatar.com\/avatar\/55cb5e37c1efa326397366e6974cb338056df65cb50e7d64d1cf314e87504837?s=96&d=mm&r=g\",\"caption\":\"Arnaldo Botto\"},\"url\":\"https:\/\/www.noticiasradioreflejos.com.ar\/2021\/author\/arnaldo\/\"}]}<\/script>\n<!-- \/ Yoast SEO plugin. -->","yoast_head_json":{"title":"Mil Obras: \"Los violentos tiran piedras, nosotros tiramos obras y llevamos vacunas\" - Noticias Radio Reflejos","robots":{"index":"index","follow":"follow","max-snippet":"max-snippet:-1","max-image-preview":"max-image-preview:large","max-video-preview":"max-video-preview:-1"},"canonical":"https:\/\/www.noticiasradioreflejos.com.ar\/2021\/mil-obras-los-violentos-tiran-piedras-nosotros-tiramos-obras-y-llevamos-vacunas\/","og_locale":"es_ES","og_type":"article","og_title":"Mil Obras: \"Los violentos tiran piedras, nosotros tiramos obras y llevamos vacunas\" - Noticias Radio Reflejos","og_description":"Alberto Fern\u00e1ndez dej\u00f3 inauguradas desde Almirante Brown\u00a030 obras en 11 provincias por una inversi\u00f3n de 9.772 millones de pesos.","og_url":"https:\/\/www.noticiasradioreflejos.com.ar\/2021\/mil-obras-los-violentos-tiran-piedras-nosotros-tiramos-obras-y-llevamos-vacunas\/","og_site_name":"Noticias Radio Reflejos","article_published_time":"2021-03-15T17:24:47+00:00","og_image":[{"url":"https:\/\/www.telam.com.ar\/advf\/imagenes\/2021\/03\/604f87e8778fd_1004x565.jpg","type":"","width":"","height":""}],"author":"Arnaldo Botto","twitter_card":"summary_large_image","schema":{"@context":"https:\/\/schema.org","@graph":[{"@type":"WebPage","@id":"https:\/\/www.noticiasradioreflejos.com.ar\/2021\/mil-obras-los-violentos-tiran-piedras-nosotros-tiramos-obras-y-llevamos-vacunas\/","url":"https:\/\/www.noticiasradioreflejos.com.ar\/2021\/mil-obras-los-violentos-tiran-piedras-nosotros-tiramos-obras-y-llevamos-vacunas\/","name":"Mil Obras: \"Los violentos tiran piedras, nosotros tiramos obras y llevamos vacunas\" - Noticias Radio Reflejos","isPartOf":{"@id":"https:\/\/www.noticiasradioreflejos.com.ar\/2021\/#website"},"primaryImageOfPage":{"@id":"https:\/\/www.noticiasradioreflejos.com.ar\/2021\/mil-obras-los-violentos-tiran-piedras-nosotros-tiramos-obras-y-llevamos-vacunas\/#primaryimage"},"image":{"@id":"https:\/\/www.noticiasradioreflejos.com.ar\/2021\/mil-obras-los-violentos-tiran-piedras-nosotros-tiramos-obras-y-llevamos-vacunas\/#primaryimage"},"thumbnailUrl":"https:\/\/www.telam.com.ar\/advf\/imagenes\/2021\/03\/604f87e8778fd_1004x565.jpg","datePublished":"2021-03-15T17:24:47+00:00","author":{"@id":"https:\/\/www.noticiasradioreflejos.com.ar\/2021\/#\/schema\/person\/ad82545263dcc5ec0996818884fd5fb1"},"breadcrumb":{"@id":"https:\/\/www.noticiasradioreflejos.com.ar\/2021\/mil-obras-los-violentos-tiran-piedras-nosotros-tiramos-obras-y-llevamos-vacunas\/#breadcrumb"},"inLanguage":"es","potentialAction":[{"@type":"ReadAction","target":["https:\/\/www.noticiasradioreflejos.com.ar\/2021\/mil-obras-los-violentos-tiran-piedras-nosotros-tiramos-obras-y-llevamos-vacunas\/"]}]},{"@type":"ImageObject","inLanguage":"es","@id":"https:\/\/www.noticiasradioreflejos.com.ar\/2021\/mil-obras-los-violentos-tiran-piedras-nosotros-tiramos-obras-y-llevamos-vacunas\/#primaryimage","url":"https:\/\/www.telam.com.ar\/advf\/imagenes\/2021\/03\/604f87e8778fd_1004x565.jpg","contentUrl":"https:\/\/www.telam.com.ar\/advf\/imagenes\/2021\/03\/604f87e8778fd_1004x565.jpg"},{"@type":"BreadcrumbList","@id":"https:\/\/www.noticiasradioreflejos.com.ar\/2021\/mil-obras-los-violentos-tiran-piedras-nosotros-tiramos-obras-y-llevamos-vacunas\/#breadcrumb","itemListElement":[{"@type":"ListItem","position":1,"name":"Portada","item":"https:\/\/www.noticiasradioreflejos.com.ar\/2021\/"},{"@type":"ListItem","position":2,"name":"Mil Obras: \u00abLos violentos tiran piedras, nosotros tiramos obras y llevamos vacunas\u00bb"}]},{"@type":"WebSite","@id":"https:\/\/www.noticiasradioreflejos.com.ar\/2021\/#website","url":"https:\/\/www.noticiasradioreflejos.com.ar\/2021\/","name":"Noticias Radio Reflejos","description":"Las noticias de mi comarca","potentialAction":[{"@type":"SearchAction","target":{"@type":"EntryPoint","urlTemplate":"https:\/\/www.noticiasradioreflejos.com.ar\/2021\/?s={search_term_string}"},"query-input":{"@type":"PropertyValueSpecification","valueRequired":true,"valueName":"search_term_string"}}],"inLanguage":"es"},{"@type":"Person","@id":"https:\/\/www.noticiasradioreflejos.com.ar\/2021\/#\/schema\/person\/ad82545263dcc5ec0996818884fd5fb1","name":"Arnaldo Botto","image":{"@type":"ImageObject","inLanguage":"es","@id":"https:\/\/www.noticiasradioreflejos.com.ar\/2021\/#\/schema\/person\/image\/","url":"https:\/\/secure.gravatar.com\/avatar\/55cb5e37c1efa326397366e6974cb338056df65cb50e7d64d1cf314e87504837?s=96&d=mm&r=g","contentUrl":"https:\/\/secure.gravatar.com\/avatar\/55cb5e37c1efa326397366e6974cb338056df65cb50e7d64d1cf314e87504837?s=96&d=mm&r=g","caption":"Arnaldo Botto"},"url":"https:\/\/www.noticiasradioreflejos.com.ar\/2021\/author\/arnaldo\/"}]}},"_links":{"self":[{"href":"https:\/\/www.noticiasradioreflejos.com.ar\/2021\/wp-json\/wp\/v2\/posts\/53932","targetHints":{"allow":["GET"]}}],"collection":[{"href":"https:\/\/www.noticiasradioreflejos.com.ar\/2021\/wp-json\/wp\/v2\/posts"}],"about":[{"href":"https:\/\/www.noticiasradioreflejos.com.ar\/2021\/wp-json\/wp\/v2\/types\/post"}],"author":[{"embeddable":true,"href":"https:\/\/www.noticiasradioreflejos.com.ar\/2021\/wp-json\/wp\/v2\/users\/3"}],"replies":[{"embeddable":true,"href":"https:\/\/www.noticiasradioreflejos.com.ar\/2021\/wp-json\/wp\/v2\/comments?post=53932"}],"version-history":[{"count":0,"href":"https:\/\/www.noticiasradioreflejos.com.ar\/2021\/wp-json\/wp\/v2\/posts\/53932\/revisions"}],"wp:attachment":[{"href":"https:\/\/www.noticiasradioreflejos.com.ar\/2021\/wp-json\/wp\/v2\/media?parent=53932"}],"wp:term":[{"taxonomy":"category","embeddable":true,"href":"https:\/\/www.noticiasradioreflejos.com.ar\/2021\/wp-json\/wp\/v2\/categories?post=53932"},{"taxonomy":"post_tag","embeddable":true,"href":"https:\/\/www.noticiasradioreflejos.com.ar\/2021\/wp-json\/wp\/v2\/tags?post=53932"}],"curies":[{"name":"wp","href":"https:\/\/api.w.org\/{rel}","templated":true}]}}