{"id":53926,"date":"2021-03-15T11:35:45","date_gmt":"2021-03-15T14:35:45","guid":{"rendered":"http:\/\/www.noticiasradioreflejos.com.ar\/noticias\/?p=53926"},"modified":"2021-03-15T11:35:45","modified_gmt":"2021-03-15T14:35:45","slug":"incorregible-se-fugo-el-hombre-arana","status":"publish","type":"post","link":"https:\/\/www.noticiasradioreflejos.com.ar\/2021\/incorregible-se-fugo-el-hombre-arana\/","title":{"rendered":"Incorregible: se fug\u00f3 el \u00abhombre ara\u00f1a\u00bb"},"content":{"rendered":"<p>Nicol\u00e1s Hern\u00e1n Lagos Mussotto,\u00a0<a href=\"https:\/\/www.labrujula24.com\/notas\/2021\/01\/28\/arrestan-al-hombre-arana-escalaba-edificios-para-robar-n103825\/\">un sujeto de 27 a\u00f1os que est\u00e1 acusado de haber robado en varios domicilios bajo la modalidad de \u00abhombre ara\u00f1a\u00bb<\/a>, se escap\u00f3 y ahora es intensamente buscado por la polic\u00eda.<!--more--><br \/>\nSeg\u00fan fuentes oficiales,\u00a0Mussotto adujo\u00a0problemas mentales\u00a0a mediados de febrero y fue trasladado al \u00e1rea de Psiquiatr\u00eda del Hospital Penna &#8211;<em>estaba alojado en Tornquist<\/em>-. All\u00ed los m\u00e9dicos decidieron internarlo. Pero evidentemente, \u00e9l ten\u00eda otros planes.<\/p>\n<div class=\"code-block code-block-11\"><\/div>\n<p>Si bien la Polic\u00eda aplic\u00f3 una doble custodia y quiso derivado otra vez a la c\u00e1rcel en m\u00e1s de una oportunidad, los m\u00e9dicos se negaron. Al final, en durante la tarde del domingo Mussotto\u00a0pidi\u00f3 permiso para que lo dejen ir al ba\u00f1o y huy\u00f3 por un ventiluz.<\/p>\n<p>Por estas horas, los uniformados trabajan para dar con el paradero del pr\u00f3fugo, que cuenta con un frondoso prontuario.<\/p>\n<div class=\"code-block code-block-1\"><\/div>\n<figure class=\"wp-block-image size-large\"><img loading=\"lazy\" decoding=\"async\" class=\"wp-image-113958\" src=\"https:\/\/www.labrujula24.com\/wp-content\/uploads\/2021\/03\/24b00f37-250c-48f8-b8ed-e6523baf29eb-2.jpg\" sizes=\"auto, (max-width: 859px) 100vw, 859px\" srcset=\"https:\/\/www.labrujula24.com\/wp-content\/uploads\/2021\/03\/24b00f37-250c-48f8-b8ed-e6523baf29eb-2.jpg 859w, https:\/\/www.labrujula24.com\/wp-content\/uploads\/2021\/03\/24b00f37-250c-48f8-b8ed-e6523baf29eb-2-768x1144.jpg 768w\" alt=\"\" width=\"859\" height=\"1280\" \/><\/figure>\n<h2>\u00abLa gente abr\u00eda las ventanas por el calor y este sujeto se aprovechaba\u00bb<\/h2>\n<p>\u00abHa estado purgando condena por delitos de esas caracter\u00edsticas, de hecho egres\u00f3 del penal el a\u00f1o pasado\u00bb, hab\u00eda contado a fines de enero el comisario Gonzalo Bezos, de la Distrital, cuando lo arrestaron.<\/p>\n<p>Y agreg\u00f3: \u00abNosotros ya hemos tenido hechos en centro y el macrocentro, donde el malviviente ingresaba escalando por los balcones de los edificios. Recordemos que hubo d\u00edas de mucho calor y la gente abr\u00eda las ventanas a la noche para poder ventilar, momento en que este sujeto aprovechaba, entraba y robaba lo que ten\u00eda a mano\u00bb.<\/p>\n","protected":false},"excerpt":{"rendered":"<p>Nicol\u00e1s Hern\u00e1n Lagos Mussotto,\u00a0un sujeto de 27 a\u00f1os que est\u00e1 acusado de haber robado en varios domicilios bajo la modalidad de \u00abhombre ara\u00f1a\u00bb, se escap\u00f3 y ahora es intensamente buscado por la polic\u00eda.<\/p>\n","protected":false},"author":3,"featured_media":0,"comment_status":"closed","ping_status":"open","sticky":false,"template":"","format":"standard","meta":{"footnotes":""},"categories":[29],"tags":[],"class_list":["post-53926","post","type-post","status-publish","format-standard","hentry","category-policiales"],"yoast_head":"<!-- This site is optimized with the Yoast SEO plugin v25.9 - https:\/\/yoast.com\/wordpress\/plugins\/seo\/ -->\n<title>Incorregible: se fug\u00f3 el &quot;hombre ara\u00f1a&quot; - Noticias Radio Reflejos<\/title>\n<meta name=\"robots\" content=\"index, follow, max-snippet:-1, max-image-preview:large, max-video-preview:-1\" \/>\n<link rel=\"canonical\" href=\"https:\/\/www.noticiasradioreflejos.com.ar\/2021\/incorregible-se-fugo-el-hombre-arana\/\" \/>\n<meta property=\"og:locale\" content=\"es_ES\" \/>\n<meta property=\"og:type\" content=\"article\" \/>\n<meta property=\"og:title\" content=\"Incorregible: se fug\u00f3 el &quot;hombre ara\u00f1a&quot; - Noticias Radio Reflejos\" \/>\n<meta property=\"og:description\" content=\"Nicol\u00e1s Hern\u00e1n Lagos Mussotto,\u00a0un sujeto de 27 a\u00f1os que est\u00e1 acusado de haber robado en varios domicilios bajo la modalidad de \u00abhombre ara\u00f1a\u00bb, se escap\u00f3 y ahora es intensamente buscado por la polic\u00eda.\" \/>\n<meta property=\"og:url\" content=\"https:\/\/www.noticiasradioreflejos.com.ar\/2021\/incorregible-se-fugo-el-hombre-arana\/\" \/>\n<meta property=\"og:site_name\" content=\"Noticias Radio Reflejos\" \/>\n<meta property=\"article:published_time\" content=\"2021-03-15T14:35:45+00:00\" \/>\n<meta property=\"og:image\" content=\"https:\/\/www.noticiasradioreflejos.com.ar\/2021\/wp-content\/uploads\/2021\/07\/logosol300x200.png\" \/>\n\t<meta property=\"og:image:width\" content=\"300\" \/>\n\t<meta property=\"og:image:height\" content=\"200\" \/>\n\t<meta property=\"og:image:type\" content=\"image\/png\" \/>\n<meta name=\"author\" content=\"Arnaldo Botto\" \/>\n<meta name=\"twitter:card\" content=\"summary_large_image\" \/>\n<script type=\"application\/ld+json\" class=\"yoast-schema-graph\">{\"@context\":\"https:\/\/schema.org\",\"@graph\":[{\"@type\":\"WebPage\",\"@id\":\"https:\/\/www.noticiasradioreflejos.com.ar\/2021\/incorregible-se-fugo-el-hombre-arana\/\",\"url\":\"https:\/\/www.noticiasradioreflejos.com.ar\/2021\/incorregible-se-fugo-el-hombre-arana\/\",\"name\":\"Incorregible: se fug\u00f3 el \\\"hombre ara\u00f1a\\\" - Noticias Radio Reflejos\",\"isPartOf\":{\"@id\":\"https:\/\/www.noticiasradioreflejos.com.ar\/2021\/#website\"},\"primaryImageOfPage\":{\"@id\":\"https:\/\/www.noticiasradioreflejos.com.ar\/2021\/incorregible-se-fugo-el-hombre-arana\/#primaryimage\"},\"image\":{\"@id\":\"https:\/\/www.noticiasradioreflejos.com.ar\/2021\/incorregible-se-fugo-el-hombre-arana\/#primaryimage\"},\"thumbnailUrl\":\"https:\/\/www.labrujula24.com\/wp-content\/uploads\/2021\/03\/24b00f37-250c-48f8-b8ed-e6523baf29eb-2.jpg\",\"datePublished\":\"2021-03-15T14:35:45+00:00\",\"author\":{\"@id\":\"https:\/\/www.noticiasradioreflejos.com.ar\/2021\/#\/schema\/person\/ad82545263dcc5ec0996818884fd5fb1\"},\"breadcrumb\":{\"@id\":\"https:\/\/www.noticiasradioreflejos.com.ar\/2021\/incorregible-se-fugo-el-hombre-arana\/#breadcrumb\"},\"inLanguage\":\"es\",\"potentialAction\":[{\"@type\":\"ReadAction\",\"target\":[\"https:\/\/www.noticiasradioreflejos.com.ar\/2021\/incorregible-se-fugo-el-hombre-arana\/\"]}]},{\"@type\":\"ImageObject\",\"inLanguage\":\"es\",\"@id\":\"https:\/\/www.noticiasradioreflejos.com.ar\/2021\/incorregible-se-fugo-el-hombre-arana\/#primaryimage\",\"url\":\"https:\/\/www.labrujula24.com\/wp-content\/uploads\/2021\/03\/24b00f37-250c-48f8-b8ed-e6523baf29eb-2.jpg\",\"contentUrl\":\"https:\/\/www.labrujula24.com\/wp-content\/uploads\/2021\/03\/24b00f37-250c-48f8-b8ed-e6523baf29eb-2.jpg\"},{\"@type\":\"BreadcrumbList\",\"@id\":\"https:\/\/www.noticiasradioreflejos.com.ar\/2021\/incorregible-se-fugo-el-hombre-arana\/#breadcrumb\",\"itemListElement\":[{\"@type\":\"ListItem\",\"position\":1,\"name\":\"Portada\",\"item\":\"https:\/\/www.noticiasradioreflejos.com.ar\/2021\/\"},{\"@type\":\"ListItem\",\"position\":2,\"name\":\"Incorregible: se fug\u00f3 el \u00abhombre ara\u00f1a\u00bb\"}]},{\"@type\":\"WebSite\",\"@id\":\"https:\/\/www.noticiasradioreflejos.com.ar\/2021\/#website\",\"url\":\"https:\/\/www.noticiasradioreflejos.com.ar\/2021\/\",\"name\":\"Noticias Radio Reflejos\",\"description\":\"Las noticias de mi comarca\",\"potentialAction\":[{\"@type\":\"SearchAction\",\"target\":{\"@type\":\"EntryPoint\",\"urlTemplate\":\"https:\/\/www.noticiasradioreflejos.com.ar\/2021\/?s={search_term_string}\"},\"query-input\":{\"@type\":\"PropertyValueSpecification\",\"valueRequired\":true,\"valueName\":\"search_term_string\"}}],\"inLanguage\":\"es\"},{\"@type\":\"Person\",\"@id\":\"https:\/\/www.noticiasradioreflejos.com.ar\/2021\/#\/schema\/person\/ad82545263dcc5ec0996818884fd5fb1\",\"name\":\"Arnaldo Botto\",\"image\":{\"@type\":\"ImageObject\",\"inLanguage\":\"es\",\"@id\":\"https:\/\/www.noticiasradioreflejos.com.ar\/2021\/#\/schema\/person\/image\/\",\"url\":\"https:\/\/secure.gravatar.com\/avatar\/55cb5e37c1efa326397366e6974cb338056df65cb50e7d64d1cf314e87504837?s=96&d=mm&r=g\",\"contentUrl\":\"https:\/\/secure.gravatar.com\/avatar\/55cb5e37c1efa326397366e6974cb338056df65cb50e7d64d1cf314e87504837?s=96&d=mm&r=g\",\"caption\":\"Arnaldo Botto\"},\"url\":\"https:\/\/www.noticiasradioreflejos.com.ar\/2021\/author\/arnaldo\/\"}]}<\/script>\n<!-- \/ Yoast SEO plugin. -->","yoast_head_json":{"title":"Incorregible: se fug\u00f3 el \"hombre ara\u00f1a\" - Noticias Radio Reflejos","robots":{"index":"index","follow":"follow","max-snippet":"max-snippet:-1","max-image-preview":"max-image-preview:large","max-video-preview":"max-video-preview:-1"},"canonical":"https:\/\/www.noticiasradioreflejos.com.ar\/2021\/incorregible-se-fugo-el-hombre-arana\/","og_locale":"es_ES","og_type":"article","og_title":"Incorregible: se fug\u00f3 el \"hombre ara\u00f1a\" - Noticias Radio Reflejos","og_description":"Nicol\u00e1s Hern\u00e1n Lagos Mussotto,\u00a0un sujeto de 27 a\u00f1os que est\u00e1 acusado de haber robado en varios domicilios bajo la modalidad de \u00abhombre ara\u00f1a\u00bb, se escap\u00f3 y ahora es intensamente buscado por la polic\u00eda.","og_url":"https:\/\/www.noticiasradioreflejos.com.ar\/2021\/incorregible-se-fugo-el-hombre-arana\/","og_site_name":"Noticias Radio Reflejos","article_published_time":"2021-03-15T14:35:45+00:00","og_image":[{"width":300,"height":200,"url":"https:\/\/www.noticiasradioreflejos.com.ar\/2021\/wp-content\/uploads\/2021\/07\/logosol300x200.png","type":"image\/png"}],"author":"Arnaldo Botto","twitter_card":"summary_large_image","schema":{"@context":"https:\/\/schema.org","@graph":[{"@type":"WebPage","@id":"https:\/\/www.noticiasradioreflejos.com.ar\/2021\/incorregible-se-fugo-el-hombre-arana\/","url":"https:\/\/www.noticiasradioreflejos.com.ar\/2021\/incorregible-se-fugo-el-hombre-arana\/","name":"Incorregible: se fug\u00f3 el \"hombre ara\u00f1a\" - Noticias Radio Reflejos","isPartOf":{"@id":"https:\/\/www.noticiasradioreflejos.com.ar\/2021\/#website"},"primaryImageOfPage":{"@id":"https:\/\/www.noticiasradioreflejos.com.ar\/2021\/incorregible-se-fugo-el-hombre-arana\/#primaryimage"},"image":{"@id":"https:\/\/www.noticiasradioreflejos.com.ar\/2021\/incorregible-se-fugo-el-hombre-arana\/#primaryimage"},"thumbnailUrl":"https:\/\/www.labrujula24.com\/wp-content\/uploads\/2021\/03\/24b00f37-250c-48f8-b8ed-e6523baf29eb-2.jpg","datePublished":"2021-03-15T14:35:45+00:00","author":{"@id":"https:\/\/www.noticiasradioreflejos.com.ar\/2021\/#\/schema\/person\/ad82545263dcc5ec0996818884fd5fb1"},"breadcrumb":{"@id":"https:\/\/www.noticiasradioreflejos.com.ar\/2021\/incorregible-se-fugo-el-hombre-arana\/#breadcrumb"},"inLanguage":"es","potentialAction":[{"@type":"ReadAction","target":["https:\/\/www.noticiasradioreflejos.com.ar\/2021\/incorregible-se-fugo-el-hombre-arana\/"]}]},{"@type":"ImageObject","inLanguage":"es","@id":"https:\/\/www.noticiasradioreflejos.com.ar\/2021\/incorregible-se-fugo-el-hombre-arana\/#primaryimage","url":"https:\/\/www.labrujula24.com\/wp-content\/uploads\/2021\/03\/24b00f37-250c-48f8-b8ed-e6523baf29eb-2.jpg","contentUrl":"https:\/\/www.labrujula24.com\/wp-content\/uploads\/2021\/03\/24b00f37-250c-48f8-b8ed-e6523baf29eb-2.jpg"},{"@type":"BreadcrumbList","@id":"https:\/\/www.noticiasradioreflejos.com.ar\/2021\/incorregible-se-fugo-el-hombre-arana\/#breadcrumb","itemListElement":[{"@type":"ListItem","position":1,"name":"Portada","item":"https:\/\/www.noticiasradioreflejos.com.ar\/2021\/"},{"@type":"ListItem","position":2,"name":"Incorregible: se fug\u00f3 el \u00abhombre ara\u00f1a\u00bb"}]},{"@type":"WebSite","@id":"https:\/\/www.noticiasradioreflejos.com.ar\/2021\/#website","url":"https:\/\/www.noticiasradioreflejos.com.ar\/2021\/","name":"Noticias Radio Reflejos","description":"Las noticias de mi comarca","potentialAction":[{"@type":"SearchAction","target":{"@type":"EntryPoint","urlTemplate":"https:\/\/www.noticiasradioreflejos.com.ar\/2021\/?s={search_term_string}"},"query-input":{"@type":"PropertyValueSpecification","valueRequired":true,"valueName":"search_term_string"}}],"inLanguage":"es"},{"@type":"Person","@id":"https:\/\/www.noticiasradioreflejos.com.ar\/2021\/#\/schema\/person\/ad82545263dcc5ec0996818884fd5fb1","name":"Arnaldo Botto","image":{"@type":"ImageObject","inLanguage":"es","@id":"https:\/\/www.noticiasradioreflejos.com.ar\/2021\/#\/schema\/person\/image\/","url":"https:\/\/secure.gravatar.com\/avatar\/55cb5e37c1efa326397366e6974cb338056df65cb50e7d64d1cf314e87504837?s=96&d=mm&r=g","contentUrl":"https:\/\/secure.gravatar.com\/avatar\/55cb5e37c1efa326397366e6974cb338056df65cb50e7d64d1cf314e87504837?s=96&d=mm&r=g","caption":"Arnaldo Botto"},"url":"https:\/\/www.noticiasradioreflejos.com.ar\/2021\/author\/arnaldo\/"}]}},"_links":{"self":[{"href":"https:\/\/www.noticiasradioreflejos.com.ar\/2021\/wp-json\/wp\/v2\/posts\/53926","targetHints":{"allow":["GET"]}}],"collection":[{"href":"https:\/\/www.noticiasradioreflejos.com.ar\/2021\/wp-json\/wp\/v2\/posts"}],"about":[{"href":"https:\/\/www.noticiasradioreflejos.com.ar\/2021\/wp-json\/wp\/v2\/types\/post"}],"author":[{"embeddable":true,"href":"https:\/\/www.noticiasradioreflejos.com.ar\/2021\/wp-json\/wp\/v2\/users\/3"}],"replies":[{"embeddable":true,"href":"https:\/\/www.noticiasradioreflejos.com.ar\/2021\/wp-json\/wp\/v2\/comments?post=53926"}],"version-history":[{"count":0,"href":"https:\/\/www.noticiasradioreflejos.com.ar\/2021\/wp-json\/wp\/v2\/posts\/53926\/revisions"}],"wp:attachment":[{"href":"https:\/\/www.noticiasradioreflejos.com.ar\/2021\/wp-json\/wp\/v2\/media?parent=53926"}],"wp:term":[{"taxonomy":"category","embeddable":true,"href":"https:\/\/www.noticiasradioreflejos.com.ar\/2021\/wp-json\/wp\/v2\/categories?post=53926"},{"taxonomy":"post_tag","embeddable":true,"href":"https:\/\/www.noticiasradioreflejos.com.ar\/2021\/wp-json\/wp\/v2\/tags?post=53926"}],"curies":[{"name":"wp","href":"https:\/\/api.w.org\/{rel}","templated":true}]}}